{"id":59873,"date":"2022-06-16T16:07:11","date_gmt":"2022-06-16T21:07:11","guid":{"rendered":"https:\/\/pagina10.com\/web\/?p=59873"},"modified":"2022-06-18T22:32:22","modified_gmt":"2022-06-19T03:32:22","slug":"procuraduria-recalco-que-voto-no-es-obligatorio-ante-pedido-de-gobernador-indigena-de-ipiales-de-ipiales-a-sus-comunidades","status":"publish","type":"post","link":"https:\/\/pagina10.com\/web\/procuraduria-recalco-que-voto-no-es-obligatorio-ante-pedido-de-gobernador-indigena-de-ipiales-de-ipiales-a-sus-comunidades\/","title":{"rendered":"Procuradur\u00eda recalc\u00f3 que voto no es obligatorio ante pedido de gobernador ind\u00edgena de Ipiales de Ipiales a sus comunidades"},"content":{"rendered":"<p style=\"text-align: justify;\">Despu\u00e9s de conocerse el comunicado expedido por el gobernador ind\u00edgena de Ipiales, Carlos Hualpa, donde indica que \u201ctoda la comunidad perteneciente al Resguardo Ind\u00edgena de Ipiales, que a partir del 20 de junio del presente a\u00f1o para todo tipo de tr\u00e1mite (\u2026) se deber\u00e1 presentar el certificado de votaci\u00f3n de las elecciones presidenciales del 19 de junio de 2022, de lo contrario NO se expedir\u00e1 ning\u00fan certificado\u201d.<\/p>\n<p style=\"text-align: justify;\">Ante esta determinaci\u00f3n, el procurador regional Francisco Zarama, indic\u00f3 que en defensa de los derechos de todos los ciudadanos, \u201cexpusimos lo ocurrido ante la Oficina de Asuntos \u00c9tnicos del Ministerio del Interior y a la Procuradur\u00eda Delegada para Asuntos \u00c9tnicos. As\u00ed mismo, trasladamos las evidencias a la Fiscal\u00eda General de la Naci\u00f3n para que adelanten lo pertinente frente a un posible hecho que amerite un proceso penal\u201d.<\/p>\n<p style=\"text-align: justify;\">Adem\u00e1s, precis\u00f3: \u201cactuamos en virtud de una acci\u00f3n preventiva desde la Procuradur\u00eda Provincial de Ipiales realizando una visita y recogiendo algunas evidencias. Sin embargo, disciplinariamente los integrantes del cabildo no son disciplinables por esos hechos y por eso se traslad\u00f3 el proceso a la Fiscal\u00eda\u201d.<\/p>\n<p style=\"text-align: justify;\">De igual forma, recalc\u00f3 que constitucionalmente el voto no es obligatorio y en ese orden de ideas, \u201ctendr\u00e1n que adelantarse las acciones que en derecho corresponden\u201d. A\u00f1adi\u00f3, \u201cpor ahora estamos al tanto del asunto y vamos a ver cu\u00e1les ser\u00e1n las actuaciones que se adelanten desde los organismos y las entidades competentes\u201d.<\/p>\n","protected":false},"excerpt":{"rendered":"<p>Despu\u00e9s de conocerse el comunicado expedido por el gobernador ind\u00edgena de Ipiales, Carlos Hualpa, donde indica que \u201ctoda la comunidad perteneciente al Resguardo Ind\u00edgena de Ipiales, que a partir del 20 de junio del presente a\u00f1o para todo tipo de tr\u00e1mite (\u2026) se deber\u00e1 presentar el certificado de votaci\u00f3n de las elecciones presidenciales del 19 [&hellip;]<\/p>\n","protected":false},"author":1,"featured_media":59874,"comment_status":"open","ping_status":"open","sticky":false,"template":"","format":"standard","meta":{"footnotes":""},"categories":[53],"tags":[],"class_list":["post-59873","post","type-post","status-publish","format-standard","has-post-thumbnail","hentry","category-regiones"],"yoast_head":"<!-- This site is optimized with the Yoast SEO plugin v27.1.1 - https:\/\/yoast.com\/product\/yoast-seo-wordpress\/ -->\n<title>Procuradur\u00eda recalc\u00f3 que voto no es obligatorio ante pedido de gobernador ind\u00edgena de Ipiales de Ipiales a sus comunidades | P\u00e1gina10<\/title>\n<meta name=\"robots\" content=\"index, follow, max-snippet:-1, max-image-preview:large, max-video-preview:-1\" \/>\n<link rel=\"canonical\" href=\"https:\/\/pagina10.com\/web\/procuraduria-recalco-que-voto-no-es-obligatorio-ante-pedido-de-gobernador-indigena-de-ipiales-de-ipiales-a-sus-comunidades\/\" \/>\n<meta property=\"og:locale\" content=\"es_ES\" \/>\n<meta property=\"og:type\" content=\"article\" \/>\n<meta property=\"og:title\" content=\"Procuradur\u00eda recalc\u00f3 que voto no es obligatorio ante pedido de gobernador ind\u00edgena de Ipiales de Ipiales a sus comunidades | P\u00e1gina10\" \/>\n<meta property=\"og:description\" content=\"Despu\u00e9s de conocerse el comunicado expedido por el gobernador ind\u00edgena de Ipiales, Carlos Hualpa, donde indica que \u201ctoda la comunidad perteneciente al Resguardo Ind\u00edgena de Ipiales, que a partir del 20 de junio del presente a\u00f1o para todo tipo de tr\u00e1mite (\u2026) se deber\u00e1 presentar el certificado de votaci\u00f3n de las elecciones presidenciales del 19 [&hellip;]\" \/>\n<meta property=\"og:url\" content=\"https:\/\/pagina10.com\/web\/procuraduria-recalco-que-voto-no-es-obligatorio-ante-pedido-de-gobernador-indigena-de-ipiales-de-ipiales-a-sus-comunidades\/\" \/>\n<meta property=\"og:site_name\" content=\"P\u00e1gina10\" \/>\n<meta property=\"article:publisher\" content=\"https:\/\/www.facebook.com\/pag10com\" \/>\n<meta property=\"article:published_time\" content=\"2022-06-16T21:07:11+00:00\" \/>\n<meta property=\"article:modified_time\" content=\"2022-06-19T03:32:22+00:00\" \/>\n<meta property=\"og:image\" content=\"https:\/\/pagina10.com\/web\/wp-content\/uploads\/2022\/06\/62267af4c6d57.jpeg\" \/>\n\t<meta property=\"og:image:width\" content=\"1200\" \/>\n\t<meta property=\"og:image:height\" content=\"800\" \/>\n\t<meta property=\"og:image:type\" content=\"image\/jpeg\" \/>\n<meta name=\"author\" content=\"P\u00e1gina 10\" \/>\n<meta name=\"twitter:card\" content=\"summary_large_image\" \/>\n<meta name=\"twitter:creator\" content=\"@Pag10com\" \/>\n<meta name=\"twitter:site\" content=\"@Pag10com\" \/>\n<meta name=\"twitter:label1\" content=\"Escrito por\" \/>\n\t<meta name=\"twitter:data1\" content=\"P\u00e1gina 10\" \/>\n\t<meta name=\"twitter:label2\" content=\"Tiempo de lectura\" \/>\n\t<meta name=\"twitter:data2\" content=\"1 minuto\" \/>\n<script type=\"application\/ld+json\" class=\"yoast-schema-graph\">{\"@context\":\"https:\/\/schema.org\",\"@graph\":[{\"@type\":\"Article\",\"@id\":\"https:\/\/pagina10.com\/web\/procuraduria-recalco-que-voto-no-es-obligatorio-ante-pedido-de-gobernador-indigena-de-ipiales-de-ipiales-a-sus-comunidades\/#article\",\"isPartOf\":{\"@id\":\"https:\/\/pagina10.com\/web\/procuraduria-recalco-que-voto-no-es-obligatorio-ante-pedido-de-gobernador-indigena-de-ipiales-de-ipiales-a-sus-comunidades\/\"},\"author\":{\"name\":\"P\u00e1gina 10\",\"@id\":\"https:\/\/pagina10.com\/web\/#\/schema\/person\/2efc4a090d25b667d3bc796798a3a81b\"},\"headline\":\"Procuradur\u00eda recalc\u00f3 que voto no es obligatorio ante pedido de gobernador ind\u00edgena de Ipiales de Ipiales a sus comunidades\",\"datePublished\":\"2022-06-16T21:07:11+00:00\",\"dateModified\":\"2022-06-19T03:32:22+00:00\",\"mainEntityOfPage\":{\"@id\":\"https:\/\/pagina10.com\/web\/procuraduria-recalco-que-voto-no-es-obligatorio-ante-pedido-de-gobernador-indigena-de-ipiales-de-ipiales-a-sus-comunidades\/\"},\"wordCount\":267,\"commentCount\":0,\"publisher\":{\"@id\":\"https:\/\/pagina10.com\/web\/#organization\"},\"image\":{\"@id\":\"https:\/\/pagina10.com\/web\/procuraduria-recalco-que-voto-no-es-obligatorio-ante-pedido-de-gobernador-indigena-de-ipiales-de-ipiales-a-sus-comunidades\/#primaryimage\"},\"thumbnailUrl\":\"https:\/\/pagina10.com\/web\/wp-content\/uploads\/2022\/06\/62267af4c6d57.jpeg\",\"articleSection\":[\"Regiones\"],\"inLanguage\":\"es\",\"potentialAction\":[{\"@type\":\"CommentAction\",\"name\":\"Comment\",\"target\":[\"https:\/\/pagina10.com\/web\/procuraduria-recalco-que-voto-no-es-obligatorio-ante-pedido-de-gobernador-indigena-de-ipiales-de-ipiales-a-sus-comunidades\/#respond\"]}]},{\"@type\":\"WebPage\",\"@id\":\"https:\/\/pagina10.com\/web\/procuraduria-recalco-que-voto-no-es-obligatorio-ante-pedido-de-gobernador-indigena-de-ipiales-de-ipiales-a-sus-comunidades\/\",\"url\":\"https:\/\/pagina10.com\/web\/procuraduria-recalco-que-voto-no-es-obligatorio-ante-pedido-de-gobernador-indigena-de-ipiales-de-ipiales-a-sus-comunidades\/\",\"name\":\"Procuradur\u00eda recalc\u00f3 que voto no es obligatorio ante pedido de gobernador ind\u00edgena de Ipiales de Ipiales a sus comunidades | P\u00e1gina10\",\"isPartOf\":{\"@id\":\"https:\/\/pagina10.com\/web\/#website\"},\"primaryImageOfPage\":{\"@id\":\"https:\/\/pagina10.com\/web\/procuraduria-recalco-que-voto-no-es-obligatorio-ante-pedido-de-gobernador-indigena-de-ipiales-de-ipiales-a-sus-comunidades\/#primaryimage\"},\"image\":{\"@id\":\"https:\/\/pagina10.com\/web\/procuraduria-recalco-que-voto-no-es-obligatorio-ante-pedido-de-gobernador-indigena-de-ipiales-de-ipiales-a-sus-comunidades\/#primaryimage\"},\"thumbnailUrl\":\"https:\/\/pagina10.com\/web\/wp-content\/uploads\/2022\/06\/62267af4c6d57.jpeg\",\"datePublished\":\"2022-06-16T21:07:11+00:00\",\"dateModified\":\"2022-06-19T03:32:22+00:00\",\"breadcrumb\":{\"@id\":\"https:\/\/pagina10.com\/web\/procuraduria-recalco-que-voto-no-es-obligatorio-ante-pedido-de-gobernador-indigena-de-ipiales-de-ipiales-a-sus-comunidades\/#breadcrumb\"},\"inLanguage\":\"es\",\"potentialAction\":[{\"@type\":\"ReadAction\",\"target\":[\"https:\/\/pagina10.com\/web\/procuraduria-recalco-que-voto-no-es-obligatorio-ante-pedido-de-gobernador-indigena-de-ipiales-de-ipiales-a-sus-comunidades\/\"]}]},{\"@type\":\"ImageObject\",\"inLanguage\":\"es\",\"@id\":\"https:\/\/pagina10.com\/web\/procuraduria-recalco-que-voto-no-es-obligatorio-ante-pedido-de-gobernador-indigena-de-ipiales-de-ipiales-a-sus-comunidades\/#primaryimage\",\"url\":\"https:\/\/pagina10.com\/web\/wp-content\/uploads\/2022\/06\/62267af4c6d57.jpeg\",\"contentUrl\":\"https:\/\/pagina10.com\/web\/wp-content\/uploads\/2022\/06\/62267af4c6d57.jpeg\",\"width\":1200,\"height\":800},{\"@type\":\"BreadcrumbList\",\"@id\":\"https:\/\/pagina10.com\/web\/procuraduria-recalco-que-voto-no-es-obligatorio-ante-pedido-de-gobernador-indigena-de-ipiales-de-ipiales-a-sus-comunidades\/#breadcrumb\",\"itemListElement\":[{\"@type\":\"ListItem\",\"position\":1,\"name\":\"Portada\",\"item\":\"https:\/\/pagina10.com\/web\/\"},{\"@type\":\"ListItem\",\"position\":2,\"name\":\"Procuradur\u00eda recalc\u00f3 que voto no es obligatorio ante pedido de gobernador ind\u00edgena de Ipiales de Ipiales a sus comunidades\"}]},{\"@type\":\"WebSite\",\"@id\":\"https:\/\/pagina10.com\/web\/#website\",\"url\":\"https:\/\/pagina10.com\/web\/\",\"name\":\"P\u00e1gina10\",\"description\":\"Peri\u00f3dico Regional\",\"publisher\":{\"@id\":\"https:\/\/pagina10.com\/web\/#organization\"},\"alternateName\":\"P\u00e1gina10 Peri\u00f3dico Regional\",\"potentialAction\":[{\"@type\":\"SearchAction\",\"target\":{\"@type\":\"EntryPoint\",\"urlTemplate\":\"https:\/\/pagina10.com\/web\/?s={search_term_string}\"},\"query-input\":{\"@type\":\"PropertyValueSpecification\",\"valueRequired\":true,\"valueName\":\"search_term_string\"}}],\"inLanguage\":\"es\"},{\"@type\":\"Organization\",\"@id\":\"https:\/\/pagina10.com\/web\/#organization\",\"name\":\"P\u00e1gina10\",\"alternateName\":\"P\u00e1gina10 Peri\u00f3dico Regional\",\"url\":\"https:\/\/pagina10.com\/web\/\",\"logo\":{\"@type\":\"ImageObject\",\"inLanguage\":\"es\",\"@id\":\"https:\/\/pagina10.com\/web\/#\/schema\/logo\/image\/\",\"url\":\"https:\/\/pagina10.com\/web\/wp-content\/uploads\/2024\/01\/40-pagina-10-periodico-regional-pasto.jpg\",\"contentUrl\":\"https:\/\/pagina10.com\/web\/wp-content\/uploads\/2024\/01\/40-pagina-10-periodico-regional-pasto.jpg\",\"width\":1280,\"height\":720,\"caption\":\"P\u00e1gina10\"},\"image\":{\"@id\":\"https:\/\/pagina10.com\/web\/#\/schema\/logo\/image\/\"},\"sameAs\":[\"https:\/\/www.facebook.com\/pag10com\",\"https:\/\/x.com\/Pag10com\",\"https:\/\/www.instagram.com\/pagina10col\/\",\"https:\/\/youtube.com\/channel\/pag10\",\"https:\/\/www.tiktok.com\/@p10col\"]},{\"@type\":\"Person\",\"@id\":\"https:\/\/pagina10.com\/web\/#\/schema\/person\/2efc4a090d25b667d3bc796798a3a81b\",\"name\":\"P\u00e1gina 10\",\"description\":\"P\u00e1gina 10 es un peri\u00f3dico regional que nace en Colombia, en el departamento de Nari\u00f1o, con un enfoque global, fundamentado en cuatro pilares esenciales: la libertad, el pluralismo, la inclusi\u00f3n y la independencia. P\u00e1gina 10 hace referencia a Nari\u00f1o como el d\u00e9cimo departamento creado en Colombia, despu\u00e9s de un proceso pol\u00edtico liderado por actores y actrices regionales con el fin de obtener la independencia y autonom\u00eda de nuestros territorios. Con la creaci\u00f3n de P\u00e1gina 10 se pretende abrir un escenario para el dialogo, la reflexi\u00f3n y el debate que se extienda a otras geograf\u00edas de Am\u00e9rica Latina y del planeta, en una apuesta por transformar colectivamente los desaf\u00edos de un mundo contempor\u00e1neo, m\u00e1s all\u00e1 de las fronteras impuestas.\",\"url\":\"https:\/\/pagina10.com\/web\/author\/pdiezadmin\/\"}]}<\/script>\n<!-- \/ Yoast SEO plugin. -->","yoast_head_json":{"title":"Procuradur\u00eda recalc\u00f3 que voto no es obligatorio ante pedido de gobernador ind\u00edgena de Ipiales de Ipiales a sus comunidades | P\u00e1gina10","robots":{"index":"index","follow":"follow","max-snippet":"max-snippet:-1","max-image-preview":"max-image-preview:large","max-video-preview":"max-video-preview:-1"},"canonical":"https:\/\/pagina10.com\/web\/procuraduria-recalco-que-voto-no-es-obligatorio-ante-pedido-de-gobernador-indigena-de-ipiales-de-ipiales-a-sus-comunidades\/","og_locale":"es_ES","og_type":"article","og_title":"Procuradur\u00eda recalc\u00f3 que voto no es obligatorio ante pedido de gobernador ind\u00edgena de Ipiales de Ipiales a sus comunidades | P\u00e1gina10","og_description":"Despu\u00e9s de conocerse el comunicado expedido por el gobernador ind\u00edgena de Ipiales, Carlos Hualpa, donde indica que \u201ctoda la comunidad perteneciente al Resguardo Ind\u00edgena de Ipiales, que a partir del 20 de junio del presente a\u00f1o para todo tipo de tr\u00e1mite (\u2026) se deber\u00e1 presentar el certificado de votaci\u00f3n de las elecciones presidenciales del 19 [&hellip;]","og_url":"https:\/\/pagina10.com\/web\/procuraduria-recalco-que-voto-no-es-obligatorio-ante-pedido-de-gobernador-indigena-de-ipiales-de-ipiales-a-sus-comunidades\/","og_site_name":"P\u00e1gina10","article_publisher":"https:\/\/www.facebook.com\/pag10com","article_published_time":"2022-06-16T21:07:11+00:00","article_modified_time":"2022-06-19T03:32:22+00:00","og_image":[{"width":1200,"height":800,"url":"https:\/\/pagina10.com\/web\/wp-content\/uploads\/2022\/06\/62267af4c6d57.jpeg","type":"image\/jpeg"}],"author":"P\u00e1gina 10","twitter_card":"summary_large_image","twitter_creator":"@Pag10com","twitter_site":"@Pag10com","twitter_misc":{"Escrito por":"P\u00e1gina 10","Tiempo de lectura":"1 minuto"},"schema":{"@context":"https:\/\/schema.org","@graph":[{"@type":"Article","@id":"https:\/\/pagina10.com\/web\/procuraduria-recalco-que-voto-no-es-obligatorio-ante-pedido-de-gobernador-indigena-de-ipiales-de-ipiales-a-sus-comunidades\/#article","isPartOf":{"@id":"https:\/\/pagina10.com\/web\/procuraduria-recalco-que-voto-no-es-obligatorio-ante-pedido-de-gobernador-indigena-de-ipiales-de-ipiales-a-sus-comunidades\/"},"author":{"name":"P\u00e1gina 10","@id":"https:\/\/pagina10.com\/web\/#\/schema\/person\/2efc4a090d25b667d3bc796798a3a81b"},"headline":"Procuradur\u00eda recalc\u00f3 que voto no es obligatorio ante pedido de gobernador ind\u00edgena de Ipiales de Ipiales a sus comunidades","datePublished":"2022-06-16T21:07:11+00:00","dateModified":"2022-06-19T03:32:22+00:00","mainEntityOfPage":{"@id":"https:\/\/pagina10.com\/web\/procuraduria-recalco-que-voto-no-es-obligatorio-ante-pedido-de-gobernador-indigena-de-ipiales-de-ipiales-a-sus-comunidades\/"},"wordCount":267,"commentCount":0,"publisher":{"@id":"https:\/\/pagina10.com\/web\/#organization"},"image":{"@id":"https:\/\/pagina10.com\/web\/procuraduria-recalco-que-voto-no-es-obligatorio-ante-pedido-de-gobernador-indigena-de-ipiales-de-ipiales-a-sus-comunidades\/#primaryimage"},"thumbnailUrl":"https:\/\/pagina10.com\/web\/wp-content\/uploads\/2022\/06\/62267af4c6d57.jpeg","articleSection":["Regiones"],"inLanguage":"es","potentialAction":[{"@type":"CommentAction","name":"Comment","target":["https:\/\/pagina10.com\/web\/procuraduria-recalco-que-voto-no-es-obligatorio-ante-pedido-de-gobernador-indigena-de-ipiales-de-ipiales-a-sus-comunidades\/#respond"]}]},{"@type":"WebPage","@id":"https:\/\/pagina10.com\/web\/procuraduria-recalco-que-voto-no-es-obligatorio-ante-pedido-de-gobernador-indigena-de-ipiales-de-ipiales-a-sus-comunidades\/","url":"https:\/\/pagina10.com\/web\/procuraduria-recalco-que-voto-no-es-obligatorio-ante-pedido-de-gobernador-indigena-de-ipiales-de-ipiales-a-sus-comunidades\/","name":"Procuradur\u00eda recalc\u00f3 que voto no es obligatorio ante pedido de gobernador ind\u00edgena de Ipiales de Ipiales a sus comunidades | P\u00e1gina10","isPartOf":{"@id":"https:\/\/pagina10.com\/web\/#website"},"primaryImageOfPage":{"@id":"https:\/\/pagina10.com\/web\/procuraduria-recalco-que-voto-no-es-obligatorio-ante-pedido-de-gobernador-indigena-de-ipiales-de-ipiales-a-sus-comunidades\/#primaryimage"},"image":{"@id":"https:\/\/pagina10.com\/web\/procuraduria-recalco-que-voto-no-es-obligatorio-ante-pedido-de-gobernador-indigena-de-ipiales-de-ipiales-a-sus-comunidades\/#primaryimage"},"thumbnailUrl":"https:\/\/pagina10.com\/web\/wp-content\/uploads\/2022\/06\/62267af4c6d57.jpeg","datePublished":"2022-06-16T21:07:11+00:00","dateModified":"2022-06-19T03:32:22+00:00","breadcrumb":{"@id":"https:\/\/pagina10.com\/web\/procuraduria-recalco-que-voto-no-es-obligatorio-ante-pedido-de-gobernador-indigena-de-ipiales-de-ipiales-a-sus-comunidades\/#breadcrumb"},"inLanguage":"es","potentialAction":[{"@type":"ReadAction","target":["https:\/\/pagina10.com\/web\/procuraduria-recalco-que-voto-no-es-obligatorio-ante-pedido-de-gobernador-indigena-de-ipiales-de-ipiales-a-sus-comunidades\/"]}]},{"@type":"ImageObject","inLanguage":"es","@id":"https:\/\/pagina10.com\/web\/procuraduria-recalco-que-voto-no-es-obligatorio-ante-pedido-de-gobernador-indigena-de-ipiales-de-ipiales-a-sus-comunidades\/#primaryimage","url":"https:\/\/pagina10.com\/web\/wp-content\/uploads\/2022\/06\/62267af4c6d57.jpeg","contentUrl":"https:\/\/pagina10.com\/web\/wp-content\/uploads\/2022\/06\/62267af4c6d57.jpeg","width":1200,"height":800},{"@type":"BreadcrumbList","@id":"https:\/\/pagina10.com\/web\/procuraduria-recalco-que-voto-no-es-obligatorio-ante-pedido-de-gobernador-indigena-de-ipiales-de-ipiales-a-sus-comunidades\/#breadcrumb","itemListElement":[{"@type":"ListItem","position":1,"name":"Portada","item":"https:\/\/pagina10.com\/web\/"},{"@type":"ListItem","position":2,"name":"Procuradur\u00eda recalc\u00f3 que voto no es obligatorio ante pedido de gobernador ind\u00edgena de Ipiales de Ipiales a sus comunidades"}]},{"@type":"WebSite","@id":"https:\/\/pagina10.com\/web\/#website","url":"https:\/\/pagina10.com\/web\/","name":"P\u00e1gina10","description":"Peri\u00f3dico Regional","publisher":{"@id":"https:\/\/pagina10.com\/web\/#organization"},"alternateName":"P\u00e1gina10 Peri\u00f3dico Regional","potentialAction":[{"@type":"SearchAction","target":{"@type":"EntryPoint","urlTemplate":"https:\/\/pagina10.com\/web\/?s={search_term_string}"},"query-input":{"@type":"PropertyValueSpecification","valueRequired":true,"valueName":"search_term_string"}}],"inLanguage":"es"},{"@type":"Organization","@id":"https:\/\/pagina10.com\/web\/#organization","name":"P\u00e1gina10","alternateName":"P\u00e1gina10 Peri\u00f3dico Regional","url":"https:\/\/pagina10.com\/web\/","logo":{"@type":"ImageObject","inLanguage":"es","@id":"https:\/\/pagina10.com\/web\/#\/schema\/logo\/image\/","url":"https:\/\/pagina10.com\/web\/wp-content\/uploads\/2024\/01\/40-pagina-10-periodico-regional-pasto.jpg","contentUrl":"https:\/\/pagina10.com\/web\/wp-content\/uploads\/2024\/01\/40-pagina-10-periodico-regional-pasto.jpg","width":1280,"height":720,"caption":"P\u00e1gina10"},"image":{"@id":"https:\/\/pagina10.com\/web\/#\/schema\/logo\/image\/"},"sameAs":["https:\/\/www.facebook.com\/pag10com","https:\/\/x.com\/Pag10com","https:\/\/www.instagram.com\/pagina10col\/","https:\/\/youtube.com\/channel\/pag10","https:\/\/www.tiktok.com\/@p10col"]},{"@type":"Person","@id":"https:\/\/pagina10.com\/web\/#\/schema\/person\/2efc4a090d25b667d3bc796798a3a81b","name":"P\u00e1gina 10","description":"P\u00e1gina 10 es un peri\u00f3dico regional que nace en Colombia, en el departamento de Nari\u00f1o, con un enfoque global, fundamentado en cuatro pilares esenciales: la libertad, el pluralismo, la inclusi\u00f3n y la independencia. P\u00e1gina 10 hace referencia a Nari\u00f1o como el d\u00e9cimo departamento creado en Colombia, despu\u00e9s de un proceso pol\u00edtico liderado por actores y actrices regionales con el fin de obtener la independencia y autonom\u00eda de nuestros territorios. Con la creaci\u00f3n de P\u00e1gina 10 se pretende abrir un escenario para el dialogo, la reflexi\u00f3n y el debate que se extienda a otras geograf\u00edas de Am\u00e9rica Latina y del planeta, en una apuesta por transformar colectivamente los desaf\u00edos de un mundo contempor\u00e1neo, m\u00e1s all\u00e1 de las fronteras impuestas.","url":"https:\/\/pagina10.com\/web\/author\/pdiezadmin\/"}]}},"_links":{"self":[{"href":"https:\/\/pagina10.com\/web\/wp-json\/wp\/v2\/posts\/59873","targetHints":{"allow":["GET"]}}],"collection":[{"href":"https:\/\/pagina10.com\/web\/wp-json\/wp\/v2\/posts"}],"about":[{"href":"https:\/\/pagina10.com\/web\/wp-json\/wp\/v2\/types\/post"}],"author":[{"embeddable":true,"href":"https:\/\/pagina10.com\/web\/wp-json\/wp\/v2\/users\/1"}],"replies":[{"embeddable":true,"href":"https:\/\/pagina10.com\/web\/wp-json\/wp\/v2\/comments?post=59873"}],"version-history":[{"count":1,"href":"https:\/\/pagina10.com\/web\/wp-json\/wp\/v2\/posts\/59873\/revisions"}],"predecessor-version":[{"id":59875,"href":"https:\/\/pagina10.com\/web\/wp-json\/wp\/v2\/posts\/59873\/revisions\/59875"}],"wp:featuredmedia":[{"embeddable":true,"href":"https:\/\/pagina10.com\/web\/wp-json\/wp\/v2\/media\/59874"}],"wp:attachment":[{"href":"https:\/\/pagina10.com\/web\/wp-json\/wp\/v2\/media?parent=59873"}],"wp:term":[{"taxonomy":"category","embeddable":true,"href":"https:\/\/pagina10.com\/web\/wp-json\/wp\/v2\/categories?post=59873"},{"taxonomy":"post_tag","embeddable":true,"href":"https:\/\/pagina10.com\/web\/wp-json\/wp\/v2\/tags?post=59873"}],"curies":[{"name":"wp","href":"https:\/\/api.w.org\/{rel}","templated":true}]}}