{"id":59876,"date":"2022-06-16T17:34:01","date_gmt":"2022-06-16T22:34:01","guid":{"rendered":"https:\/\/pagina10.com\/web\/?p=59876"},"modified":"2022-06-16T17:34:01","modified_gmt":"2022-06-16T22:34:01","slug":"comercio-de-ipiales-sufre-consecuencias-por-paro-en-ecuador","status":"publish","type":"post","link":"https:\/\/pagina10.com\/web\/comercio-de-ipiales-sufre-consecuencias-por-paro-en-ecuador\/","title":{"rendered":"Comercio de Ipiales sufre consecuencias por paro en Ecuador"},"content":{"rendered":"<p style=\"text-align: justify;\">Despu\u00e9s de cuatro d\u00edas del estallido social ocurrido en el pa\u00eds vecino por cuenta de las exigencias de la Confederaci\u00f3n de Nacionalidades Ind\u00edgenas (CONAIE), que entre otras cosas pide bajar y congelar el costos de la gasolina, ampliar la cobertura en salud y educaci\u00f3n y controlar precios de productos de consumo b\u00e1sico; el comercio en Ipiales registra graves p\u00e9rdidas econ\u00f3micas.<\/p>\n<p style=\"text-align: justify;\">\nEl concejal de la ciudad fronteriza Manuel Romo, manifest\u00f3 su preocupaci\u00f3n debido a que un 25 o 30 por ciento de la poblaci\u00f3n del municipio, interviene en la cadena log\u00edstica del comercio internacional. En este sentido, dijo que si no hay transporte no habr\u00e1 carga y tampoco abastecimiento, por ende se perjudicar\u00e1n tiendas, restaurantes, talleres, almacenes y dem\u00e1s.<\/p>\n<p style=\"text-align: justify;\">\u201cNos est\u00e1bamos reponiendo de una larga pandemia y un paro de por medio y tenemos que enfrentarnos a esta nueva situaci\u00f3n. Es preocupante porque si bien la movilizaci\u00f3n en el Ecuador estaba anunciada, no se logr\u00f3 despachar la carga m\u00e1s aun cuando hubo restricci\u00f3n vehicular tras la ca\u00edda del puente la Aguada en el municipio de Chachag\u00fc\u00ed lo que disminuy\u00f3 en un 30 por ciento la salida y llegada de los veh\u00edculos\u201d, se\u00f1al\u00f3.<\/p>\n<p style=\"text-align: justify;\">\nRomo indic\u00f3 que en la ciudad fronteriza est\u00e1n a la espera de que el paro termine lo m\u00e1s pronto posible para evitar m\u00e1s p\u00e9rdidas econ\u00f3micas. \u201cEsperamos que pronto mejore la situaci\u00f3n que se vive en el Ecuador para que as\u00ed se reactive la econom\u00eda en nuestro municipio\u201d, concluy\u00f3.<\/p>\n","protected":false},"excerpt":{"rendered":"<p>Despu\u00e9s de cuatro d\u00edas del estallido social ocurrido en el pa\u00eds vecino por cuenta de las exigencias de la Confederaci\u00f3n de Nacionalidades Ind\u00edgenas (CONAIE), que entre otras cosas pide bajar y congelar el costos de la gasolina, ampliar la cobertura en salud y educaci\u00f3n y controlar precios de productos de consumo b\u00e1sico; el comercio en [&hellip;]<\/p>\n","protected":false},"author":1,"featured_media":59877,"comment_status":"open","ping_status":"open","sticky":false,"template":"","format":"standard","meta":{"footnotes":""},"categories":[14],"tags":[],"class_list":["post-59876","post","type-post","status-publish","format-standard","has-post-thumbnail","hentry","category-narino-actual"],"yoast_head":"<!-- This site is optimized with the Yoast SEO plugin v27.1.1 - https:\/\/yoast.com\/product\/yoast-seo-wordpress\/ -->\n<title>Comercio de Ipiales sufre consecuencias por paro en Ecuador | P\u00e1gina10<\/title>\n<meta name=\"robots\" content=\"index, follow, max-snippet:-1, max-image-preview:large, max-video-preview:-1\" \/>\n<link rel=\"canonical\" href=\"https:\/\/pagina10.com\/web\/comercio-de-ipiales-sufre-consecuencias-por-paro-en-ecuador\/\" \/>\n<meta property=\"og:locale\" content=\"es_ES\" \/>\n<meta property=\"og:type\" content=\"article\" \/>\n<meta property=\"og:title\" content=\"Comercio de Ipiales sufre consecuencias por paro en Ecuador | P\u00e1gina10\" \/>\n<meta property=\"og:description\" content=\"Despu\u00e9s de cuatro d\u00edas del estallido social ocurrido en el pa\u00eds vecino por cuenta de las exigencias de la Confederaci\u00f3n de Nacionalidades Ind\u00edgenas (CONAIE), que entre otras cosas pide bajar y congelar el costos de la gasolina, ampliar la cobertura en salud y educaci\u00f3n y controlar precios de productos de consumo b\u00e1sico; el comercio en [&hellip;]\" \/>\n<meta property=\"og:url\" content=\"https:\/\/pagina10.com\/web\/comercio-de-ipiales-sufre-consecuencias-por-paro-en-ecuador\/\" \/>\n<meta property=\"og:site_name\" content=\"P\u00e1gina10\" \/>\n<meta property=\"article:publisher\" content=\"https:\/\/www.facebook.com\/pag10com\" \/>\n<meta property=\"article:published_time\" content=\"2022-06-16T22:34:01+00:00\" \/>\n<meta property=\"og:image\" content=\"https:\/\/pagina10.com\/web\/wp-content\/uploads\/2022\/06\/e5bc56bc-d808-492e-a8d5-8bf04e893da0-800x445-1.jpg\" \/>\n\t<meta property=\"og:image:width\" content=\"800\" \/>\n\t<meta property=\"og:image:height\" content=\"445\" \/>\n\t<meta property=\"og:image:type\" content=\"image\/jpeg\" \/>\n<meta name=\"author\" content=\"P\u00e1gina 10\" \/>\n<meta name=\"twitter:card\" content=\"summary_large_image\" \/>\n<meta name=\"twitter:creator\" content=\"@Pag10com\" \/>\n<meta name=\"twitter:site\" content=\"@Pag10com\" \/>\n<meta name=\"twitter:label1\" content=\"Escrito por\" \/>\n\t<meta name=\"twitter:data1\" content=\"P\u00e1gina 10\" \/>\n\t<meta name=\"twitter:label2\" content=\"Tiempo de lectura\" \/>\n\t<meta name=\"twitter:data2\" content=\"1 minuto\" \/>\n<script type=\"application\/ld+json\" class=\"yoast-schema-graph\">{\"@context\":\"https:\/\/schema.org\",\"@graph\":[{\"@type\":\"Article\",\"@id\":\"https:\/\/pagina10.com\/web\/comercio-de-ipiales-sufre-consecuencias-por-paro-en-ecuador\/#article\",\"isPartOf\":{\"@id\":\"https:\/\/pagina10.com\/web\/comercio-de-ipiales-sufre-consecuencias-por-paro-en-ecuador\/\"},\"author\":{\"name\":\"P\u00e1gina 10\",\"@id\":\"https:\/\/pagina10.com\/web\/#\/schema\/person\/2efc4a090d25b667d3bc796798a3a81b\"},\"headline\":\"Comercio de Ipiales sufre consecuencias por paro en Ecuador\",\"datePublished\":\"2022-06-16T22:34:01+00:00\",\"mainEntityOfPage\":{\"@id\":\"https:\/\/pagina10.com\/web\/comercio-de-ipiales-sufre-consecuencias-por-paro-en-ecuador\/\"},\"wordCount\":274,\"commentCount\":0,\"publisher\":{\"@id\":\"https:\/\/pagina10.com\/web\/#organization\"},\"image\":{\"@id\":\"https:\/\/pagina10.com\/web\/comercio-de-ipiales-sufre-consecuencias-por-paro-en-ecuador\/#primaryimage\"},\"thumbnailUrl\":\"https:\/\/pagina10.com\/web\/wp-content\/uploads\/2022\/06\/e5bc56bc-d808-492e-a8d5-8bf04e893da0-800x445-1.jpg\",\"articleSection\":[\"Nari\u00f1o Actual\"],\"inLanguage\":\"es\",\"potentialAction\":[{\"@type\":\"CommentAction\",\"name\":\"Comment\",\"target\":[\"https:\/\/pagina10.com\/web\/comercio-de-ipiales-sufre-consecuencias-por-paro-en-ecuador\/#respond\"]}]},{\"@type\":\"WebPage\",\"@id\":\"https:\/\/pagina10.com\/web\/comercio-de-ipiales-sufre-consecuencias-por-paro-en-ecuador\/\",\"url\":\"https:\/\/pagina10.com\/web\/comercio-de-ipiales-sufre-consecuencias-por-paro-en-ecuador\/\",\"name\":\"Comercio de Ipiales sufre consecuencias por paro en Ecuador | P\u00e1gina10\",\"isPartOf\":{\"@id\":\"https:\/\/pagina10.com\/web\/#website\"},\"primaryImageOfPage\":{\"@id\":\"https:\/\/pagina10.com\/web\/comercio-de-ipiales-sufre-consecuencias-por-paro-en-ecuador\/#primaryimage\"},\"image\":{\"@id\":\"https:\/\/pagina10.com\/web\/comercio-de-ipiales-sufre-consecuencias-por-paro-en-ecuador\/#primaryimage\"},\"thumbnailUrl\":\"https:\/\/pagina10.com\/web\/wp-content\/uploads\/2022\/06\/e5bc56bc-d808-492e-a8d5-8bf04e893da0-800x445-1.jpg\",\"datePublished\":\"2022-06-16T22:34:01+00:00\",\"breadcrumb\":{\"@id\":\"https:\/\/pagina10.com\/web\/comercio-de-ipiales-sufre-consecuencias-por-paro-en-ecuador\/#breadcrumb\"},\"inLanguage\":\"es\",\"potentialAction\":[{\"@type\":\"ReadAction\",\"target\":[\"https:\/\/pagina10.com\/web\/comercio-de-ipiales-sufre-consecuencias-por-paro-en-ecuador\/\"]}]},{\"@type\":\"ImageObject\",\"inLanguage\":\"es\",\"@id\":\"https:\/\/pagina10.com\/web\/comercio-de-ipiales-sufre-consecuencias-por-paro-en-ecuador\/#primaryimage\",\"url\":\"https:\/\/pagina10.com\/web\/wp-content\/uploads\/2022\/06\/e5bc56bc-d808-492e-a8d5-8bf04e893da0-800x445-1.jpg\",\"contentUrl\":\"https:\/\/pagina10.com\/web\/wp-content\/uploads\/2022\/06\/e5bc56bc-d808-492e-a8d5-8bf04e893da0-800x445-1.jpg\",\"width\":800,\"height\":445},{\"@type\":\"BreadcrumbList\",\"@id\":\"https:\/\/pagina10.com\/web\/comercio-de-ipiales-sufre-consecuencias-por-paro-en-ecuador\/#breadcrumb\",\"itemListElement\":[{\"@type\":\"ListItem\",\"position\":1,\"name\":\"Portada\",\"item\":\"https:\/\/pagina10.com\/web\/\"},{\"@type\":\"ListItem\",\"position\":2,\"name\":\"Comercio de Ipiales sufre consecuencias por paro en Ecuador\"}]},{\"@type\":\"WebSite\",\"@id\":\"https:\/\/pagina10.com\/web\/#website\",\"url\":\"https:\/\/pagina10.com\/web\/\",\"name\":\"P\u00e1gina10\",\"description\":\"Peri\u00f3dico Regional\",\"publisher\":{\"@id\":\"https:\/\/pagina10.com\/web\/#organization\"},\"alternateName\":\"P\u00e1gina10 Peri\u00f3dico Regional\",\"potentialAction\":[{\"@type\":\"SearchAction\",\"target\":{\"@type\":\"EntryPoint\",\"urlTemplate\":\"https:\/\/pagina10.com\/web\/?s={search_term_string}\"},\"query-input\":{\"@type\":\"PropertyValueSpecification\",\"valueRequired\":true,\"valueName\":\"search_term_string\"}}],\"inLanguage\":\"es\"},{\"@type\":\"Organization\",\"@id\":\"https:\/\/pagina10.com\/web\/#organization\",\"name\":\"P\u00e1gina10\",\"alternateName\":\"P\u00e1gina10 Peri\u00f3dico Regional\",\"url\":\"https:\/\/pagina10.com\/web\/\",\"logo\":{\"@type\":\"ImageObject\",\"inLanguage\":\"es\",\"@id\":\"https:\/\/pagina10.com\/web\/#\/schema\/logo\/image\/\",\"url\":\"https:\/\/pagina10.com\/web\/wp-content\/uploads\/2024\/01\/40-pagina-10-periodico-regional-pasto.jpg\",\"contentUrl\":\"https:\/\/pagina10.com\/web\/wp-content\/uploads\/2024\/01\/40-pagina-10-periodico-regional-pasto.jpg\",\"width\":1280,\"height\":720,\"caption\":\"P\u00e1gina10\"},\"image\":{\"@id\":\"https:\/\/pagina10.com\/web\/#\/schema\/logo\/image\/\"},\"sameAs\":[\"https:\/\/www.facebook.com\/pag10com\",\"https:\/\/x.com\/Pag10com\",\"https:\/\/www.instagram.com\/pagina10col\/\",\"https:\/\/youtube.com\/channel\/pag10\",\"https:\/\/www.tiktok.com\/@p10col\"]},{\"@type\":\"Person\",\"@id\":\"https:\/\/pagina10.com\/web\/#\/schema\/person\/2efc4a090d25b667d3bc796798a3a81b\",\"name\":\"P\u00e1gina 10\",\"description\":\"P\u00e1gina 10 es un peri\u00f3dico regional que nace en Colombia, en el departamento de Nari\u00f1o, con un enfoque global, fundamentado en cuatro pilares esenciales: la libertad, el pluralismo, la inclusi\u00f3n y la independencia. P\u00e1gina 10 hace referencia a Nari\u00f1o como el d\u00e9cimo departamento creado en Colombia, despu\u00e9s de un proceso pol\u00edtico liderado por actores y actrices regionales con el fin de obtener la independencia y autonom\u00eda de nuestros territorios. Con la creaci\u00f3n de P\u00e1gina 10 se pretende abrir un escenario para el dialogo, la reflexi\u00f3n y el debate que se extienda a otras geograf\u00edas de Am\u00e9rica Latina y del planeta, en una apuesta por transformar colectivamente los desaf\u00edos de un mundo contempor\u00e1neo, m\u00e1s all\u00e1 de las fronteras impuestas.\",\"url\":\"https:\/\/pagina10.com\/web\/author\/pdiezadmin\/\"}]}<\/script>\n<!-- \/ Yoast SEO plugin. -->","yoast_head_json":{"title":"Comercio de Ipiales sufre consecuencias por paro en Ecuador | P\u00e1gina10","robots":{"index":"index","follow":"follow","max-snippet":"max-snippet:-1","max-image-preview":"max-image-preview:large","max-video-preview":"max-video-preview:-1"},"canonical":"https:\/\/pagina10.com\/web\/comercio-de-ipiales-sufre-consecuencias-por-paro-en-ecuador\/","og_locale":"es_ES","og_type":"article","og_title":"Comercio de Ipiales sufre consecuencias por paro en Ecuador | P\u00e1gina10","og_description":"Despu\u00e9s de cuatro d\u00edas del estallido social ocurrido en el pa\u00eds vecino por cuenta de las exigencias de la Confederaci\u00f3n de Nacionalidades Ind\u00edgenas (CONAIE), que entre otras cosas pide bajar y congelar el costos de la gasolina, ampliar la cobertura en salud y educaci\u00f3n y controlar precios de productos de consumo b\u00e1sico; el comercio en [&hellip;]","og_url":"https:\/\/pagina10.com\/web\/comercio-de-ipiales-sufre-consecuencias-por-paro-en-ecuador\/","og_site_name":"P\u00e1gina10","article_publisher":"https:\/\/www.facebook.com\/pag10com","article_published_time":"2022-06-16T22:34:01+00:00","og_image":[{"width":800,"height":445,"url":"https:\/\/pagina10.com\/web\/wp-content\/uploads\/2022\/06\/e5bc56bc-d808-492e-a8d5-8bf04e893da0-800x445-1.jpg","type":"image\/jpeg"}],"author":"P\u00e1gina 10","twitter_card":"summary_large_image","twitter_creator":"@Pag10com","twitter_site":"@Pag10com","twitter_misc":{"Escrito por":"P\u00e1gina 10","Tiempo de lectura":"1 minuto"},"schema":{"@context":"https:\/\/schema.org","@graph":[{"@type":"Article","@id":"https:\/\/pagina10.com\/web\/comercio-de-ipiales-sufre-consecuencias-por-paro-en-ecuador\/#article","isPartOf":{"@id":"https:\/\/pagina10.com\/web\/comercio-de-ipiales-sufre-consecuencias-por-paro-en-ecuador\/"},"author":{"name":"P\u00e1gina 10","@id":"https:\/\/pagina10.com\/web\/#\/schema\/person\/2efc4a090d25b667d3bc796798a3a81b"},"headline":"Comercio de Ipiales sufre consecuencias por paro en Ecuador","datePublished":"2022-06-16T22:34:01+00:00","mainEntityOfPage":{"@id":"https:\/\/pagina10.com\/web\/comercio-de-ipiales-sufre-consecuencias-por-paro-en-ecuador\/"},"wordCount":274,"commentCount":0,"publisher":{"@id":"https:\/\/pagina10.com\/web\/#organization"},"image":{"@id":"https:\/\/pagina10.com\/web\/comercio-de-ipiales-sufre-consecuencias-por-paro-en-ecuador\/#primaryimage"},"thumbnailUrl":"https:\/\/pagina10.com\/web\/wp-content\/uploads\/2022\/06\/e5bc56bc-d808-492e-a8d5-8bf04e893da0-800x445-1.jpg","articleSection":["Nari\u00f1o Actual"],"inLanguage":"es","potentialAction":[{"@type":"CommentAction","name":"Comment","target":["https:\/\/pagina10.com\/web\/comercio-de-ipiales-sufre-consecuencias-por-paro-en-ecuador\/#respond"]}]},{"@type":"WebPage","@id":"https:\/\/pagina10.com\/web\/comercio-de-ipiales-sufre-consecuencias-por-paro-en-ecuador\/","url":"https:\/\/pagina10.com\/web\/comercio-de-ipiales-sufre-consecuencias-por-paro-en-ecuador\/","name":"Comercio de Ipiales sufre consecuencias por paro en Ecuador | P\u00e1gina10","isPartOf":{"@id":"https:\/\/pagina10.com\/web\/#website"},"primaryImageOfPage":{"@id":"https:\/\/pagina10.com\/web\/comercio-de-ipiales-sufre-consecuencias-por-paro-en-ecuador\/#primaryimage"},"image":{"@id":"https:\/\/pagina10.com\/web\/comercio-de-ipiales-sufre-consecuencias-por-paro-en-ecuador\/#primaryimage"},"thumbnailUrl":"https:\/\/pagina10.com\/web\/wp-content\/uploads\/2022\/06\/e5bc56bc-d808-492e-a8d5-8bf04e893da0-800x445-1.jpg","datePublished":"2022-06-16T22:34:01+00:00","breadcrumb":{"@id":"https:\/\/pagina10.com\/web\/comercio-de-ipiales-sufre-consecuencias-por-paro-en-ecuador\/#breadcrumb"},"inLanguage":"es","potentialAction":[{"@type":"ReadAction","target":["https:\/\/pagina10.com\/web\/comercio-de-ipiales-sufre-consecuencias-por-paro-en-ecuador\/"]}]},{"@type":"ImageObject","inLanguage":"es","@id":"https:\/\/pagina10.com\/web\/comercio-de-ipiales-sufre-consecuencias-por-paro-en-ecuador\/#primaryimage","url":"https:\/\/pagina10.com\/web\/wp-content\/uploads\/2022\/06\/e5bc56bc-d808-492e-a8d5-8bf04e893da0-800x445-1.jpg","contentUrl":"https:\/\/pagina10.com\/web\/wp-content\/uploads\/2022\/06\/e5bc56bc-d808-492e-a8d5-8bf04e893da0-800x445-1.jpg","width":800,"height":445},{"@type":"BreadcrumbList","@id":"https:\/\/pagina10.com\/web\/comercio-de-ipiales-sufre-consecuencias-por-paro-en-ecuador\/#breadcrumb","itemListElement":[{"@type":"ListItem","position":1,"name":"Portada","item":"https:\/\/pagina10.com\/web\/"},{"@type":"ListItem","position":2,"name":"Comercio de Ipiales sufre consecuencias por paro en Ecuador"}]},{"@type":"WebSite","@id":"https:\/\/pagina10.com\/web\/#website","url":"https:\/\/pagina10.com\/web\/","name":"P\u00e1gina10","description":"Peri\u00f3dico Regional","publisher":{"@id":"https:\/\/pagina10.com\/web\/#organization"},"alternateName":"P\u00e1gina10 Peri\u00f3dico Regional","potentialAction":[{"@type":"SearchAction","target":{"@type":"EntryPoint","urlTemplate":"https:\/\/pagina10.com\/web\/?s={search_term_string}"},"query-input":{"@type":"PropertyValueSpecification","valueRequired":true,"valueName":"search_term_string"}}],"inLanguage":"es"},{"@type":"Organization","@id":"https:\/\/pagina10.com\/web\/#organization","name":"P\u00e1gina10","alternateName":"P\u00e1gina10 Peri\u00f3dico Regional","url":"https:\/\/pagina10.com\/web\/","logo":{"@type":"ImageObject","inLanguage":"es","@id":"https:\/\/pagina10.com\/web\/#\/schema\/logo\/image\/","url":"https:\/\/pagina10.com\/web\/wp-content\/uploads\/2024\/01\/40-pagina-10-periodico-regional-pasto.jpg","contentUrl":"https:\/\/pagina10.com\/web\/wp-content\/uploads\/2024\/01\/40-pagina-10-periodico-regional-pasto.jpg","width":1280,"height":720,"caption":"P\u00e1gina10"},"image":{"@id":"https:\/\/pagina10.com\/web\/#\/schema\/logo\/image\/"},"sameAs":["https:\/\/www.facebook.com\/pag10com","https:\/\/x.com\/Pag10com","https:\/\/www.instagram.com\/pagina10col\/","https:\/\/youtube.com\/channel\/pag10","https:\/\/www.tiktok.com\/@p10col"]},{"@type":"Person","@id":"https:\/\/pagina10.com\/web\/#\/schema\/person\/2efc4a090d25b667d3bc796798a3a81b","name":"P\u00e1gina 10","description":"P\u00e1gina 10 es un peri\u00f3dico regional que nace en Colombia, en el departamento de Nari\u00f1o, con un enfoque global, fundamentado en cuatro pilares esenciales: la libertad, el pluralismo, la inclusi\u00f3n y la independencia. P\u00e1gina 10 hace referencia a Nari\u00f1o como el d\u00e9cimo departamento creado en Colombia, despu\u00e9s de un proceso pol\u00edtico liderado por actores y actrices regionales con el fin de obtener la independencia y autonom\u00eda de nuestros territorios. Con la creaci\u00f3n de P\u00e1gina 10 se pretende abrir un escenario para el dialogo, la reflexi\u00f3n y el debate que se extienda a otras geograf\u00edas de Am\u00e9rica Latina y del planeta, en una apuesta por transformar colectivamente los desaf\u00edos de un mundo contempor\u00e1neo, m\u00e1s all\u00e1 de las fronteras impuestas.","url":"https:\/\/pagina10.com\/web\/author\/pdiezadmin\/"}]}},"_links":{"self":[{"href":"https:\/\/pagina10.com\/web\/wp-json\/wp\/v2\/posts\/59876","targetHints":{"allow":["GET"]}}],"collection":[{"href":"https:\/\/pagina10.com\/web\/wp-json\/wp\/v2\/posts"}],"about":[{"href":"https:\/\/pagina10.com\/web\/wp-json\/wp\/v2\/types\/post"}],"author":[{"embeddable":true,"href":"https:\/\/pagina10.com\/web\/wp-json\/wp\/v2\/users\/1"}],"replies":[{"embeddable":true,"href":"https:\/\/pagina10.com\/web\/wp-json\/wp\/v2\/comments?post=59876"}],"version-history":[{"count":2,"href":"https:\/\/pagina10.com\/web\/wp-json\/wp\/v2\/posts\/59876\/revisions"}],"predecessor-version":[{"id":59887,"href":"https:\/\/pagina10.com\/web\/wp-json\/wp\/v2\/posts\/59876\/revisions\/59887"}],"wp:featuredmedia":[{"embeddable":true,"href":"https:\/\/pagina10.com\/web\/wp-json\/wp\/v2\/media\/59877"}],"wp:attachment":[{"href":"https:\/\/pagina10.com\/web\/wp-json\/wp\/v2\/media?parent=59876"}],"wp:term":[{"taxonomy":"category","embeddable":true,"href":"https:\/\/pagina10.com\/web\/wp-json\/wp\/v2\/categories?post=59876"},{"taxonomy":"post_tag","embeddable":true,"href":"https:\/\/pagina10.com\/web\/wp-json\/wp\/v2\/tags?post=59876"}],"curies":[{"name":"wp","href":"https:\/\/api.w.org\/{rel}","templated":true}]}}