{"id":59943,"date":"2022-06-20T16:58:36","date_gmt":"2022-06-20T21:58:36","guid":{"rendered":"https:\/\/pagina10.com\/web\/?p=59943"},"modified":"2022-06-20T16:58:36","modified_gmt":"2022-06-20T21:58:36","slug":"prelanzamiento-feria-binacional-expofronteras","status":"publish","type":"post","link":"https:\/\/pagina10.com\/web\/prelanzamiento-feria-binacional-expofronteras\/","title":{"rendered":"Prelanzamiento Feria Binacional ExpoFronteras"},"content":{"rendered":"<div style=\"text-align: justify;\">La Gobernaci\u00f3n de Nari\u00f1o, a trav\u00e9s de la Direcci\u00f3n Administrativa de Turismo, ha venido adelantando estrategias encaminadas en la reactivaci\u00f3n econ\u00f3mica del departamento de Nari\u00f1o, una de estas es el relacionamiento binacional con el pa\u00eds hermano de Ecuador.<\/div>\n<div style=\"text-align: justify;\"><\/div>\n<div style=\"text-align: justify;\">Por este motivo, se articulan esfuerzos para desarrollar la primera Feria Binacional ExpoFronteras que se llevar\u00e1 a cabo del 28 al 31 de julio de 2022, en las instalaciones del centro comercial Duty Free, ubicado en el Puente Internacional de Rumi chaca. Este evento organizado por Mujeres Empresarias Unidas, en cabeza de Mar\u00eda Victoria Bonilla y Ana Julia Telpud, Directora de Son Latinas de Colombia, Gestora y Embajadora Cultural para Ecuador.<\/div>\n<div style=\"text-align: justify;\">Esta feria tiene como objetivo impactar a m\u00e1s de 50.000 asistentes y contar\u00e1 con m\u00e1s de 100 stands para diferentes clases de expositores como lo son: emprendedores, artesanos y hoteleros.<\/div>\n<div style=\"text-align: justify;\"><\/div>\n<div style=\"text-align: justify;\">Expo Fronteras es la uni\u00f3n de cultura, gastronom\u00eda, turismo, arte, agroindustria y educaci\u00f3n, entre otros componentes \u00a0que comparten nuestra naciones hermanas; teniendo en cuenta lo anteriormente, el 16 de junio en las instalaciones del Hotel Morasurco en la ciudad de Pasto, se realiz\u00f3 el prelanzamiento a este evento con una rueda de prensa y la exposici\u00f3n del desarrollo de la feria, en el evento se cont\u00f3 con la participaci\u00f3n de la Gestora Social del departamento de Nari\u00f1o,Maritza Moncayo Hermosa, \u00a0Fontur, artesanos, prestadores de servicios tur\u00edsticos, entidades gubernamentales y privadas y periodistas, \u00a0todos interesados en hacer parte de este gran evento.<\/div>\n<div style=\"text-align: justify;\"><\/div>\n<div style=\"text-align: justify;\">Asistir a ExpoFronteras es la excusa perfecta para participar de diferentes eventos programados, donde nuestros emprendedores, artesanos y empresarios de ambos pa\u00edses, compartir\u00e1n con amigos y visitantes sus creaciones dentro de los diferentes sectores econ\u00f3micos de la feria, adem\u00e1s, de una pasarela para exhibiciones y presentaciones de shows en vivo.<\/div>\n<div style=\"text-align: justify;\"><\/div>\n<div style=\"text-align: justify;\">Durante la Feria, se llevar\u00e1 a cabo el Primer Certamen Internacional Pasarela Artesanal de la Frontera, el concurso de trajes y accesorios artesanales hechos a mano por las artesanas de la regi\u00f3n, que contar\u00e1 con jurados especializados y premiaci\u00f3n para los primeros lugares.<\/div>\n<div style=\"text-align: justify;\">Aliados asesores y patrocinadores:<\/div>\n<div style=\"text-align: justify;\"><\/div>\n<div style=\"text-align: justify;\">\u2022 Por parte de Ecuador<\/div>\n<div style=\"text-align: justify;\">Centro Comercial Dutty Free de Corporaci\u00f3n Universal Beverage S.A.<\/div>\n<div style=\"text-align: justify;\">Alcald\u00eda de Tulc\u00e1n<\/div>\n<div style=\"text-align: justify;\">Gobernaci\u00f3n del Carchi<\/div>\n<div style=\"text-align: justify;\">Patronato de Tulc\u00e1n<\/div>\n<div style=\"text-align: justify;\">C\u00e1mara de Comercio de Tulc\u00e1n<\/div>\n<div style=\"text-align: justify;\">Consulado de Ecuador en Colombia<\/div>\n<div style=\"text-align: justify;\"><\/div>\n<div style=\"text-align: justify;\">\u2022 Por parte de Colombia<\/div>\n<div style=\"text-align: justify;\">Oficina de Asuntos Binacionales y de Frontera<\/div>\n<div style=\"text-align: justify;\">Gestora Social Departamento de Nari\u00f1o<\/div>\n<div style=\"text-align: justify;\">Embajada de Colombia en Ecuador<\/div>\n<div style=\"text-align: justify;\">Consulados de Colombia y Ecuador<\/div>\n<div style=\"text-align: justify;\">Secretar\u00eda de Turismo de Nari\u00f1o<\/div>\n<div style=\"text-align: justify;\">Procolombia<\/div>\n<div style=\"text-align: justify;\">Proecuador<\/div>\n<div style=\"text-align: justify;\">ACOPI<\/div>\n<div style=\"text-align: justify;\">C\u00e1mara de Comercio de Ipiales<\/div>\n<div style=\"text-align: justify;\">C\u00e1mara de Comercio de Pasto<\/div>\n<div style=\"text-align: justify;\"><\/div>\n<div style=\"text-align: justify;\">\u2022 Agrupaciones Musicales:<\/div>\n<div style=\"text-align: justify;\">Los Kjarkas<\/div>\n<div style=\"text-align: justify;\">Maestro Chucho Vallejo<\/div>\n<div style=\"text-align: justify;\">Son Latinas de Colombia<\/div>\n<div style=\"text-align: justify;\">Hugo Ortega<\/div>\n<div style=\"text-align: justify;\">Julio Cesar Luna<\/div>\n<div style=\"text-align: justify;\">Convocatoria para la participaci\u00f3n de las mejores agrupaciones de m\u00fasica andina y sonsure\u00f1a.<\/div>\n","protected":false},"excerpt":{"rendered":"<p>La Gobernaci\u00f3n de Nari\u00f1o, a trav\u00e9s de la Direcci\u00f3n Administrativa de Turismo, ha venido adelantando estrategias encaminadas en la reactivaci\u00f3n econ\u00f3mica del departamento de Nari\u00f1o, una de estas es el relacionamiento binacional con el pa\u00eds hermano de Ecuador. Por este motivo, se articulan esfuerzos para desarrollar la primera Feria Binacional ExpoFronteras que se llevar\u00e1 a [&hellip;]<\/p>\n","protected":false},"author":1,"featured_media":59944,"comment_status":"open","ping_status":"open","sticky":false,"template":"","format":"standard","meta":{"footnotes":""},"categories":[13],"tags":[],"class_list":["post-59943","post","type-post","status-publish","format-standard","has-post-thumbnail","hentry","category-economia"],"yoast_head":"<!-- This site is optimized with the Yoast SEO plugin v27.1.1 - https:\/\/yoast.com\/product\/yoast-seo-wordpress\/ -->\n<title>Prelanzamiento Feria Binacional ExpoFronteras | P\u00e1gina10<\/title>\n<meta name=\"robots\" content=\"index, follow, max-snippet:-1, max-image-preview:large, max-video-preview:-1\" \/>\n<link rel=\"canonical\" href=\"https:\/\/pagina10.com\/web\/prelanzamiento-feria-binacional-expofronteras\/\" \/>\n<meta property=\"og:locale\" content=\"es_ES\" \/>\n<meta property=\"og:type\" content=\"article\" \/>\n<meta property=\"og:title\" content=\"Prelanzamiento Feria Binacional ExpoFronteras | P\u00e1gina10\" \/>\n<meta property=\"og:description\" content=\"La Gobernaci\u00f3n de Nari\u00f1o, a trav\u00e9s de la Direcci\u00f3n Administrativa de Turismo, ha venido adelantando estrategias encaminadas en la reactivaci\u00f3n econ\u00f3mica del departamento de Nari\u00f1o, una de estas es el relacionamiento binacional con el pa\u00eds hermano de Ecuador. Por este motivo, se articulan esfuerzos para desarrollar la primera Feria Binacional ExpoFronteras que se llevar\u00e1 a [&hellip;]\" \/>\n<meta property=\"og:url\" content=\"https:\/\/pagina10.com\/web\/prelanzamiento-feria-binacional-expofronteras\/\" \/>\n<meta property=\"og:site_name\" content=\"P\u00e1gina10\" \/>\n<meta property=\"article:publisher\" content=\"https:\/\/www.facebook.com\/pag10com\" \/>\n<meta property=\"article:published_time\" content=\"2022-06-20T21:58:36+00:00\" \/>\n<meta property=\"og:image\" content=\"https:\/\/pagina10.com\/web\/wp-content\/uploads\/2022\/06\/Captura-de-Pantalla-2022-06-20-a-las-4.56.07-p.-m..png\" \/>\n\t<meta property=\"og:image:width\" content=\"847\" \/>\n\t<meta property=\"og:image:height\" content=\"537\" \/>\n\t<meta property=\"og:image:type\" content=\"image\/png\" \/>\n<meta name=\"author\" content=\"P\u00e1gina 10\" \/>\n<meta name=\"twitter:card\" content=\"summary_large_image\" \/>\n<meta name=\"twitter:creator\" content=\"@Pag10com\" \/>\n<meta name=\"twitter:site\" content=\"@Pag10com\" \/>\n<meta name=\"twitter:label1\" content=\"Escrito por\" \/>\n\t<meta name=\"twitter:data1\" content=\"P\u00e1gina 10\" \/>\n\t<meta name=\"twitter:label2\" content=\"Tiempo de lectura\" \/>\n\t<meta name=\"twitter:data2\" content=\"2 minutos\" \/>\n<script type=\"application\/ld+json\" class=\"yoast-schema-graph\">{\"@context\":\"https:\/\/schema.org\",\"@graph\":[{\"@type\":\"Article\",\"@id\":\"https:\/\/pagina10.com\/web\/prelanzamiento-feria-binacional-expofronteras\/#article\",\"isPartOf\":{\"@id\":\"https:\/\/pagina10.com\/web\/prelanzamiento-feria-binacional-expofronteras\/\"},\"author\":{\"name\":\"P\u00e1gina 10\",\"@id\":\"https:\/\/pagina10.com\/web\/#\/schema\/person\/2efc4a090d25b667d3bc796798a3a81b\"},\"headline\":\"Prelanzamiento Feria Binacional ExpoFronteras\",\"datePublished\":\"2022-06-20T21:58:36+00:00\",\"mainEntityOfPage\":{\"@id\":\"https:\/\/pagina10.com\/web\/prelanzamiento-feria-binacional-expofronteras\/\"},\"wordCount\":480,\"commentCount\":0,\"publisher\":{\"@id\":\"https:\/\/pagina10.com\/web\/#organization\"},\"image\":{\"@id\":\"https:\/\/pagina10.com\/web\/prelanzamiento-feria-binacional-expofronteras\/#primaryimage\"},\"thumbnailUrl\":\"https:\/\/pagina10.com\/web\/wp-content\/uploads\/2022\/06\/Captura-de-Pantalla-2022-06-20-a-las-4.56.07-p.-m..png\",\"articleSection\":[\"Econom\u00eda\"],\"inLanguage\":\"es\",\"potentialAction\":[{\"@type\":\"CommentAction\",\"name\":\"Comment\",\"target\":[\"https:\/\/pagina10.com\/web\/prelanzamiento-feria-binacional-expofronteras\/#respond\"]}]},{\"@type\":\"WebPage\",\"@id\":\"https:\/\/pagina10.com\/web\/prelanzamiento-feria-binacional-expofronteras\/\",\"url\":\"https:\/\/pagina10.com\/web\/prelanzamiento-feria-binacional-expofronteras\/\",\"name\":\"Prelanzamiento Feria Binacional ExpoFronteras | P\u00e1gina10\",\"isPartOf\":{\"@id\":\"https:\/\/pagina10.com\/web\/#website\"},\"primaryImageOfPage\":{\"@id\":\"https:\/\/pagina10.com\/web\/prelanzamiento-feria-binacional-expofronteras\/#primaryimage\"},\"image\":{\"@id\":\"https:\/\/pagina10.com\/web\/prelanzamiento-feria-binacional-expofronteras\/#primaryimage\"},\"thumbnailUrl\":\"https:\/\/pagina10.com\/web\/wp-content\/uploads\/2022\/06\/Captura-de-Pantalla-2022-06-20-a-las-4.56.07-p.-m..png\",\"datePublished\":\"2022-06-20T21:58:36+00:00\",\"breadcrumb\":{\"@id\":\"https:\/\/pagina10.com\/web\/prelanzamiento-feria-binacional-expofronteras\/#breadcrumb\"},\"inLanguage\":\"es\",\"potentialAction\":[{\"@type\":\"ReadAction\",\"target\":[\"https:\/\/pagina10.com\/web\/prelanzamiento-feria-binacional-expofronteras\/\"]}]},{\"@type\":\"ImageObject\",\"inLanguage\":\"es\",\"@id\":\"https:\/\/pagina10.com\/web\/prelanzamiento-feria-binacional-expofronteras\/#primaryimage\",\"url\":\"https:\/\/pagina10.com\/web\/wp-content\/uploads\/2022\/06\/Captura-de-Pantalla-2022-06-20-a-las-4.56.07-p.-m..png\",\"contentUrl\":\"https:\/\/pagina10.com\/web\/wp-content\/uploads\/2022\/06\/Captura-de-Pantalla-2022-06-20-a-las-4.56.07-p.-m..png\",\"width\":847,\"height\":537},{\"@type\":\"BreadcrumbList\",\"@id\":\"https:\/\/pagina10.com\/web\/prelanzamiento-feria-binacional-expofronteras\/#breadcrumb\",\"itemListElement\":[{\"@type\":\"ListItem\",\"position\":1,\"name\":\"Portada\",\"item\":\"https:\/\/pagina10.com\/web\/\"},{\"@type\":\"ListItem\",\"position\":2,\"name\":\"Prelanzamiento Feria Binacional ExpoFronteras\"}]},{\"@type\":\"WebSite\",\"@id\":\"https:\/\/pagina10.com\/web\/#website\",\"url\":\"https:\/\/pagina10.com\/web\/\",\"name\":\"P\u00e1gina10\",\"description\":\"Peri\u00f3dico Regional\",\"publisher\":{\"@id\":\"https:\/\/pagina10.com\/web\/#organization\"},\"alternateName\":\"P\u00e1gina10 Peri\u00f3dico Regional\",\"potentialAction\":[{\"@type\":\"SearchAction\",\"target\":{\"@type\":\"EntryPoint\",\"urlTemplate\":\"https:\/\/pagina10.com\/web\/?s={search_term_string}\"},\"query-input\":{\"@type\":\"PropertyValueSpecification\",\"valueRequired\":true,\"valueName\":\"search_term_string\"}}],\"inLanguage\":\"es\"},{\"@type\":\"Organization\",\"@id\":\"https:\/\/pagina10.com\/web\/#organization\",\"name\":\"P\u00e1gina10\",\"alternateName\":\"P\u00e1gina10 Peri\u00f3dico Regional\",\"url\":\"https:\/\/pagina10.com\/web\/\",\"logo\":{\"@type\":\"ImageObject\",\"inLanguage\":\"es\",\"@id\":\"https:\/\/pagina10.com\/web\/#\/schema\/logo\/image\/\",\"url\":\"https:\/\/pagina10.com\/web\/wp-content\/uploads\/2024\/01\/40-pagina-10-periodico-regional-pasto.jpg\",\"contentUrl\":\"https:\/\/pagina10.com\/web\/wp-content\/uploads\/2024\/01\/40-pagina-10-periodico-regional-pasto.jpg\",\"width\":1280,\"height\":720,\"caption\":\"P\u00e1gina10\"},\"image\":{\"@id\":\"https:\/\/pagina10.com\/web\/#\/schema\/logo\/image\/\"},\"sameAs\":[\"https:\/\/www.facebook.com\/pag10com\",\"https:\/\/x.com\/Pag10com\",\"https:\/\/www.instagram.com\/pagina10col\/\",\"https:\/\/youtube.com\/channel\/pag10\",\"https:\/\/www.tiktok.com\/@p10col\"]},{\"@type\":\"Person\",\"@id\":\"https:\/\/pagina10.com\/web\/#\/schema\/person\/2efc4a090d25b667d3bc796798a3a81b\",\"name\":\"P\u00e1gina 10\",\"description\":\"P\u00e1gina 10 es un peri\u00f3dico regional que nace en Colombia, en el departamento de Nari\u00f1o, con un enfoque global, fundamentado en cuatro pilares esenciales: la libertad, el pluralismo, la inclusi\u00f3n y la independencia. P\u00e1gina 10 hace referencia a Nari\u00f1o como el d\u00e9cimo departamento creado en Colombia, despu\u00e9s de un proceso pol\u00edtico liderado por actores y actrices regionales con el fin de obtener la independencia y autonom\u00eda de nuestros territorios. Con la creaci\u00f3n de P\u00e1gina 10 se pretende abrir un escenario para el dialogo, la reflexi\u00f3n y el debate que se extienda a otras geograf\u00edas de Am\u00e9rica Latina y del planeta, en una apuesta por transformar colectivamente los desaf\u00edos de un mundo contempor\u00e1neo, m\u00e1s all\u00e1 de las fronteras impuestas.\",\"url\":\"https:\/\/pagina10.com\/web\/author\/pdiezadmin\/\"}]}<\/script>\n<!-- \/ Yoast SEO plugin. -->","yoast_head_json":{"title":"Prelanzamiento Feria Binacional ExpoFronteras | P\u00e1gina10","robots":{"index":"index","follow":"follow","max-snippet":"max-snippet:-1","max-image-preview":"max-image-preview:large","max-video-preview":"max-video-preview:-1"},"canonical":"https:\/\/pagina10.com\/web\/prelanzamiento-feria-binacional-expofronteras\/","og_locale":"es_ES","og_type":"article","og_title":"Prelanzamiento Feria Binacional ExpoFronteras | P\u00e1gina10","og_description":"La Gobernaci\u00f3n de Nari\u00f1o, a trav\u00e9s de la Direcci\u00f3n Administrativa de Turismo, ha venido adelantando estrategias encaminadas en la reactivaci\u00f3n econ\u00f3mica del departamento de Nari\u00f1o, una de estas es el relacionamiento binacional con el pa\u00eds hermano de Ecuador. Por este motivo, se articulan esfuerzos para desarrollar la primera Feria Binacional ExpoFronteras que se llevar\u00e1 a [&hellip;]","og_url":"https:\/\/pagina10.com\/web\/prelanzamiento-feria-binacional-expofronteras\/","og_site_name":"P\u00e1gina10","article_publisher":"https:\/\/www.facebook.com\/pag10com","article_published_time":"2022-06-20T21:58:36+00:00","og_image":[{"width":847,"height":537,"url":"https:\/\/pagina10.com\/web\/wp-content\/uploads\/2022\/06\/Captura-de-Pantalla-2022-06-20-a-las-4.56.07-p.-m..png","type":"image\/png"}],"author":"P\u00e1gina 10","twitter_card":"summary_large_image","twitter_creator":"@Pag10com","twitter_site":"@Pag10com","twitter_misc":{"Escrito por":"P\u00e1gina 10","Tiempo de lectura":"2 minutos"},"schema":{"@context":"https:\/\/schema.org","@graph":[{"@type":"Article","@id":"https:\/\/pagina10.com\/web\/prelanzamiento-feria-binacional-expofronteras\/#article","isPartOf":{"@id":"https:\/\/pagina10.com\/web\/prelanzamiento-feria-binacional-expofronteras\/"},"author":{"name":"P\u00e1gina 10","@id":"https:\/\/pagina10.com\/web\/#\/schema\/person\/2efc4a090d25b667d3bc796798a3a81b"},"headline":"Prelanzamiento Feria Binacional ExpoFronteras","datePublished":"2022-06-20T21:58:36+00:00","mainEntityOfPage":{"@id":"https:\/\/pagina10.com\/web\/prelanzamiento-feria-binacional-expofronteras\/"},"wordCount":480,"commentCount":0,"publisher":{"@id":"https:\/\/pagina10.com\/web\/#organization"},"image":{"@id":"https:\/\/pagina10.com\/web\/prelanzamiento-feria-binacional-expofronteras\/#primaryimage"},"thumbnailUrl":"https:\/\/pagina10.com\/web\/wp-content\/uploads\/2022\/06\/Captura-de-Pantalla-2022-06-20-a-las-4.56.07-p.-m..png","articleSection":["Econom\u00eda"],"inLanguage":"es","potentialAction":[{"@type":"CommentAction","name":"Comment","target":["https:\/\/pagina10.com\/web\/prelanzamiento-feria-binacional-expofronteras\/#respond"]}]},{"@type":"WebPage","@id":"https:\/\/pagina10.com\/web\/prelanzamiento-feria-binacional-expofronteras\/","url":"https:\/\/pagina10.com\/web\/prelanzamiento-feria-binacional-expofronteras\/","name":"Prelanzamiento Feria Binacional ExpoFronteras | P\u00e1gina10","isPartOf":{"@id":"https:\/\/pagina10.com\/web\/#website"},"primaryImageOfPage":{"@id":"https:\/\/pagina10.com\/web\/prelanzamiento-feria-binacional-expofronteras\/#primaryimage"},"image":{"@id":"https:\/\/pagina10.com\/web\/prelanzamiento-feria-binacional-expofronteras\/#primaryimage"},"thumbnailUrl":"https:\/\/pagina10.com\/web\/wp-content\/uploads\/2022\/06\/Captura-de-Pantalla-2022-06-20-a-las-4.56.07-p.-m..png","datePublished":"2022-06-20T21:58:36+00:00","breadcrumb":{"@id":"https:\/\/pagina10.com\/web\/prelanzamiento-feria-binacional-expofronteras\/#breadcrumb"},"inLanguage":"es","potentialAction":[{"@type":"ReadAction","target":["https:\/\/pagina10.com\/web\/prelanzamiento-feria-binacional-expofronteras\/"]}]},{"@type":"ImageObject","inLanguage":"es","@id":"https:\/\/pagina10.com\/web\/prelanzamiento-feria-binacional-expofronteras\/#primaryimage","url":"https:\/\/pagina10.com\/web\/wp-content\/uploads\/2022\/06\/Captura-de-Pantalla-2022-06-20-a-las-4.56.07-p.-m..png","contentUrl":"https:\/\/pagina10.com\/web\/wp-content\/uploads\/2022\/06\/Captura-de-Pantalla-2022-06-20-a-las-4.56.07-p.-m..png","width":847,"height":537},{"@type":"BreadcrumbList","@id":"https:\/\/pagina10.com\/web\/prelanzamiento-feria-binacional-expofronteras\/#breadcrumb","itemListElement":[{"@type":"ListItem","position":1,"name":"Portada","item":"https:\/\/pagina10.com\/web\/"},{"@type":"ListItem","position":2,"name":"Prelanzamiento Feria Binacional ExpoFronteras"}]},{"@type":"WebSite","@id":"https:\/\/pagina10.com\/web\/#website","url":"https:\/\/pagina10.com\/web\/","name":"P\u00e1gina10","description":"Peri\u00f3dico Regional","publisher":{"@id":"https:\/\/pagina10.com\/web\/#organization"},"alternateName":"P\u00e1gina10 Peri\u00f3dico Regional","potentialAction":[{"@type":"SearchAction","target":{"@type":"EntryPoint","urlTemplate":"https:\/\/pagina10.com\/web\/?s={search_term_string}"},"query-input":{"@type":"PropertyValueSpecification","valueRequired":true,"valueName":"search_term_string"}}],"inLanguage":"es"},{"@type":"Organization","@id":"https:\/\/pagina10.com\/web\/#organization","name":"P\u00e1gina10","alternateName":"P\u00e1gina10 Peri\u00f3dico Regional","url":"https:\/\/pagina10.com\/web\/","logo":{"@type":"ImageObject","inLanguage":"es","@id":"https:\/\/pagina10.com\/web\/#\/schema\/logo\/image\/","url":"https:\/\/pagina10.com\/web\/wp-content\/uploads\/2024\/01\/40-pagina-10-periodico-regional-pasto.jpg","contentUrl":"https:\/\/pagina10.com\/web\/wp-content\/uploads\/2024\/01\/40-pagina-10-periodico-regional-pasto.jpg","width":1280,"height":720,"caption":"P\u00e1gina10"},"image":{"@id":"https:\/\/pagina10.com\/web\/#\/schema\/logo\/image\/"},"sameAs":["https:\/\/www.facebook.com\/pag10com","https:\/\/x.com\/Pag10com","https:\/\/www.instagram.com\/pagina10col\/","https:\/\/youtube.com\/channel\/pag10","https:\/\/www.tiktok.com\/@p10col"]},{"@type":"Person","@id":"https:\/\/pagina10.com\/web\/#\/schema\/person\/2efc4a090d25b667d3bc796798a3a81b","name":"P\u00e1gina 10","description":"P\u00e1gina 10 es un peri\u00f3dico regional que nace en Colombia, en el departamento de Nari\u00f1o, con un enfoque global, fundamentado en cuatro pilares esenciales: la libertad, el pluralismo, la inclusi\u00f3n y la independencia. P\u00e1gina 10 hace referencia a Nari\u00f1o como el d\u00e9cimo departamento creado en Colombia, despu\u00e9s de un proceso pol\u00edtico liderado por actores y actrices regionales con el fin de obtener la independencia y autonom\u00eda de nuestros territorios. Con la creaci\u00f3n de P\u00e1gina 10 se pretende abrir un escenario para el dialogo, la reflexi\u00f3n y el debate que se extienda a otras geograf\u00edas de Am\u00e9rica Latina y del planeta, en una apuesta por transformar colectivamente los desaf\u00edos de un mundo contempor\u00e1neo, m\u00e1s all\u00e1 de las fronteras impuestas.","url":"https:\/\/pagina10.com\/web\/author\/pdiezadmin\/"}]}},"_links":{"self":[{"href":"https:\/\/pagina10.com\/web\/wp-json\/wp\/v2\/posts\/59943","targetHints":{"allow":["GET"]}}],"collection":[{"href":"https:\/\/pagina10.com\/web\/wp-json\/wp\/v2\/posts"}],"about":[{"href":"https:\/\/pagina10.com\/web\/wp-json\/wp\/v2\/types\/post"}],"author":[{"embeddable":true,"href":"https:\/\/pagina10.com\/web\/wp-json\/wp\/v2\/users\/1"}],"replies":[{"embeddable":true,"href":"https:\/\/pagina10.com\/web\/wp-json\/wp\/v2\/comments?post=59943"}],"version-history":[{"count":1,"href":"https:\/\/pagina10.com\/web\/wp-json\/wp\/v2\/posts\/59943\/revisions"}],"predecessor-version":[{"id":59945,"href":"https:\/\/pagina10.com\/web\/wp-json\/wp\/v2\/posts\/59943\/revisions\/59945"}],"wp:featuredmedia":[{"embeddable":true,"href":"https:\/\/pagina10.com\/web\/wp-json\/wp\/v2\/media\/59944"}],"wp:attachment":[{"href":"https:\/\/pagina10.com\/web\/wp-json\/wp\/v2\/media?parent=59943"}],"wp:term":[{"taxonomy":"category","embeddable":true,"href":"https:\/\/pagina10.com\/web\/wp-json\/wp\/v2\/categories?post=59943"},{"taxonomy":"post_tag","embeddable":true,"href":"https:\/\/pagina10.com\/web\/wp-json\/wp\/v2\/tags?post=59943"}],"curies":[{"name":"wp","href":"https:\/\/api.w.org\/{rel}","templated":true}]}}