{"id":59958,"date":"2022-06-21T16:28:54","date_gmt":"2022-06-21T21:28:54","guid":{"rendered":"https:\/\/pagina10.com\/web\/?p=59958"},"modified":"2022-06-21T16:28:54","modified_gmt":"2022-06-21T21:28:54","slug":"procuraduria-levanto-suspension-temporal-del-alcalde-de-medellin","status":"publish","type":"post","link":"https:\/\/pagina10.com\/web\/procuraduria-levanto-suspension-temporal-del-alcalde-de-medellin\/","title":{"rendered":"Procuradur\u00eda levant\u00f3 suspensi\u00f3n temporal del alcalde de Medell\u00edn"},"content":{"rendered":"<p style=\"text-align: justify;\">Despu\u00e9s de la jornada de elecciones, la procuradora Margarita Cabello Blanco, determin\u00f3 levantar la medida contra el mandatario de la capital antioque\u00f1a quien habr\u00eda incurrido en participaci\u00f3n pol\u00edtica indebida al demostrar su presunto apoyo al entonces candidato y hoy presidente electo Gustavo Petro.<\/p>\n<p style=\"text-align: justify;\">\u201cEl se\u00f1or Quintero Calle seguir\u00e1 vinculado al proceso de investigaci\u00f3n, como sucede con los alcaldes de Ibagu\u00e9 (Tolima), de San Juan Nepomuceno (Bol\u00edvar) y de Timan\u00e1 (Huila); a quienes la Procuradur\u00eda les suspendi\u00f3 provisionalmente y les levant\u00f3 esta medida el pasado 31 de mayo, una vez concluy\u00f3 la primera vuelta presidencial\u201d, sostuvo la funcionaria.<\/p>\n<p style=\"text-align: justify;\">As\u00ed mismo, indic\u00f3 que la Ley 2094 de 2021 reviste de facultades jurisdiccionales a la Procuradur\u00eda General de la Naci\u00f3n para disciplinar a los servidores p\u00fablicos, incluidos los de elecci\u00f3n popular, y reitera la competencia de esta entidad de suspenderlos de manera provisional cuando se cumplan las causales descritas en la Ley.<\/p>\n<p style=\"text-align: justify;\">Por su parte, el mandatario expres\u00f3 el siguiente mensaje: \u201cSe ha hecho justicia. Procuradur\u00eda ha levantado la suspensi\u00f3n de nuestro cargo. Volveremos a la Alcald\u00eda, Vamos a construir juntos la Medell\u00edn Futuro\u201d. Igualmente, en su discurso emitido desde la sede de la Alcald\u00eda, dijo: \u201cDesde hoy nos ponemos a trabajar, hay muchos proyectos que quedaron pendientes y es momento de ponerlos a avanzar\u201d.<\/p>\n","protected":false},"excerpt":{"rendered":"<p>Despu\u00e9s de la jornada de elecciones, la procuradora Margarita Cabello Blanco, determin\u00f3 levantar la medida contra el mandatario de la capital antioque\u00f1a quien habr\u00eda incurrido en participaci\u00f3n pol\u00edtica indebida al demostrar su presunto apoyo al entonces candidato y hoy presidente electo Gustavo Petro. \u201cEl se\u00f1or Quintero Calle seguir\u00e1 vinculado al proceso de investigaci\u00f3n, como sucede [&hellip;]<\/p>\n","protected":false},"author":1,"featured_media":59959,"comment_status":"open","ping_status":"open","sticky":false,"template":"","format":"standard","meta":{"footnotes":""},"categories":[24],"tags":[],"class_list":["post-59958","post","type-post","status-publish","format-standard","has-post-thumbnail","hentry","category-nacional"],"yoast_head":"<!-- This site is optimized with the Yoast SEO plugin v27.1.1 - https:\/\/yoast.com\/product\/yoast-seo-wordpress\/ -->\n<title>Procuradur\u00eda levant\u00f3 suspensi\u00f3n temporal del alcalde de Medell\u00edn | P\u00e1gina10<\/title>\n<meta name=\"robots\" content=\"index, follow, max-snippet:-1, max-image-preview:large, max-video-preview:-1\" \/>\n<link rel=\"canonical\" href=\"https:\/\/pagina10.com\/web\/procuraduria-levanto-suspension-temporal-del-alcalde-de-medellin\/\" \/>\n<meta property=\"og:locale\" content=\"es_ES\" \/>\n<meta property=\"og:type\" content=\"article\" \/>\n<meta property=\"og:title\" content=\"Procuradur\u00eda levant\u00f3 suspensi\u00f3n temporal del alcalde de Medell\u00edn | P\u00e1gina10\" \/>\n<meta property=\"og:description\" content=\"Despu\u00e9s de la jornada de elecciones, la procuradora Margarita Cabello Blanco, determin\u00f3 levantar la medida contra el mandatario de la capital antioque\u00f1a quien habr\u00eda incurrido en participaci\u00f3n pol\u00edtica indebida al demostrar su presunto apoyo al entonces candidato y hoy presidente electo Gustavo Petro. \u201cEl se\u00f1or Quintero Calle seguir\u00e1 vinculado al proceso de investigaci\u00f3n, como sucede [&hellip;]\" \/>\n<meta property=\"og:url\" content=\"https:\/\/pagina10.com\/web\/procuraduria-levanto-suspension-temporal-del-alcalde-de-medellin\/\" \/>\n<meta property=\"og:site_name\" content=\"P\u00e1gina10\" \/>\n<meta property=\"article:publisher\" content=\"https:\/\/www.facebook.com\/pag10com\" \/>\n<meta property=\"article:published_time\" content=\"2022-06-21T21:28:54+00:00\" \/>\n<meta property=\"og:image\" content=\"https:\/\/pagina10.com\/web\/wp-content\/uploads\/2022\/06\/Piden-que-se-respete-el-fallo-de-la-CIDH-1-758x426-1.jpg\" \/>\n\t<meta property=\"og:image:width\" content=\"758\" \/>\n\t<meta property=\"og:image:height\" content=\"426\" \/>\n\t<meta property=\"og:image:type\" content=\"image\/jpeg\" \/>\n<meta name=\"author\" content=\"P\u00e1gina 10\" \/>\n<meta name=\"twitter:card\" content=\"summary_large_image\" \/>\n<meta name=\"twitter:creator\" content=\"@Pag10com\" \/>\n<meta name=\"twitter:site\" content=\"@Pag10com\" \/>\n<meta name=\"twitter:label1\" content=\"Escrito por\" \/>\n\t<meta name=\"twitter:data1\" content=\"P\u00e1gina 10\" \/>\n\t<meta name=\"twitter:label2\" content=\"Tiempo de lectura\" \/>\n\t<meta name=\"twitter:data2\" content=\"1 minuto\" \/>\n<script type=\"application\/ld+json\" class=\"yoast-schema-graph\">{\"@context\":\"https:\/\/schema.org\",\"@graph\":[{\"@type\":\"Article\",\"@id\":\"https:\/\/pagina10.com\/web\/procuraduria-levanto-suspension-temporal-del-alcalde-de-medellin\/#article\",\"isPartOf\":{\"@id\":\"https:\/\/pagina10.com\/web\/procuraduria-levanto-suspension-temporal-del-alcalde-de-medellin\/\"},\"author\":{\"name\":\"P\u00e1gina 10\",\"@id\":\"https:\/\/pagina10.com\/web\/#\/schema\/person\/2efc4a090d25b667d3bc796798a3a81b\"},\"headline\":\"Procuradur\u00eda levant\u00f3 suspensi\u00f3n temporal del alcalde de Medell\u00edn\",\"datePublished\":\"2022-06-21T21:28:54+00:00\",\"mainEntityOfPage\":{\"@id\":\"https:\/\/pagina10.com\/web\/procuraduria-levanto-suspension-temporal-del-alcalde-de-medellin\/\"},\"wordCount\":238,\"commentCount\":0,\"publisher\":{\"@id\":\"https:\/\/pagina10.com\/web\/#organization\"},\"image\":{\"@id\":\"https:\/\/pagina10.com\/web\/procuraduria-levanto-suspension-temporal-del-alcalde-de-medellin\/#primaryimage\"},\"thumbnailUrl\":\"https:\/\/pagina10.com\/web\/wp-content\/uploads\/2022\/06\/Piden-que-se-respete-el-fallo-de-la-CIDH-1-758x426-1.jpg\",\"articleSection\":[\"Nacional\"],\"inLanguage\":\"es\",\"potentialAction\":[{\"@type\":\"CommentAction\",\"name\":\"Comment\",\"target\":[\"https:\/\/pagina10.com\/web\/procuraduria-levanto-suspension-temporal-del-alcalde-de-medellin\/#respond\"]}]},{\"@type\":\"WebPage\",\"@id\":\"https:\/\/pagina10.com\/web\/procuraduria-levanto-suspension-temporal-del-alcalde-de-medellin\/\",\"url\":\"https:\/\/pagina10.com\/web\/procuraduria-levanto-suspension-temporal-del-alcalde-de-medellin\/\",\"name\":\"Procuradur\u00eda levant\u00f3 suspensi\u00f3n temporal del alcalde de Medell\u00edn | P\u00e1gina10\",\"isPartOf\":{\"@id\":\"https:\/\/pagina10.com\/web\/#website\"},\"primaryImageOfPage\":{\"@id\":\"https:\/\/pagina10.com\/web\/procuraduria-levanto-suspension-temporal-del-alcalde-de-medellin\/#primaryimage\"},\"image\":{\"@id\":\"https:\/\/pagina10.com\/web\/procuraduria-levanto-suspension-temporal-del-alcalde-de-medellin\/#primaryimage\"},\"thumbnailUrl\":\"https:\/\/pagina10.com\/web\/wp-content\/uploads\/2022\/06\/Piden-que-se-respete-el-fallo-de-la-CIDH-1-758x426-1.jpg\",\"datePublished\":\"2022-06-21T21:28:54+00:00\",\"breadcrumb\":{\"@id\":\"https:\/\/pagina10.com\/web\/procuraduria-levanto-suspension-temporal-del-alcalde-de-medellin\/#breadcrumb\"},\"inLanguage\":\"es\",\"potentialAction\":[{\"@type\":\"ReadAction\",\"target\":[\"https:\/\/pagina10.com\/web\/procuraduria-levanto-suspension-temporal-del-alcalde-de-medellin\/\"]}]},{\"@type\":\"ImageObject\",\"inLanguage\":\"es\",\"@id\":\"https:\/\/pagina10.com\/web\/procuraduria-levanto-suspension-temporal-del-alcalde-de-medellin\/#primaryimage\",\"url\":\"https:\/\/pagina10.com\/web\/wp-content\/uploads\/2022\/06\/Piden-que-se-respete-el-fallo-de-la-CIDH-1-758x426-1.jpg\",\"contentUrl\":\"https:\/\/pagina10.com\/web\/wp-content\/uploads\/2022\/06\/Piden-que-se-respete-el-fallo-de-la-CIDH-1-758x426-1.jpg\",\"width\":758,\"height\":426},{\"@type\":\"BreadcrumbList\",\"@id\":\"https:\/\/pagina10.com\/web\/procuraduria-levanto-suspension-temporal-del-alcalde-de-medellin\/#breadcrumb\",\"itemListElement\":[{\"@type\":\"ListItem\",\"position\":1,\"name\":\"Portada\",\"item\":\"https:\/\/pagina10.com\/web\/\"},{\"@type\":\"ListItem\",\"position\":2,\"name\":\"Procuradur\u00eda levant\u00f3 suspensi\u00f3n temporal del alcalde de Medell\u00edn\"}]},{\"@type\":\"WebSite\",\"@id\":\"https:\/\/pagina10.com\/web\/#website\",\"url\":\"https:\/\/pagina10.com\/web\/\",\"name\":\"P\u00e1gina10\",\"description\":\"Peri\u00f3dico Regional\",\"publisher\":{\"@id\":\"https:\/\/pagina10.com\/web\/#organization\"},\"alternateName\":\"P\u00e1gina10 Peri\u00f3dico Regional\",\"potentialAction\":[{\"@type\":\"SearchAction\",\"target\":{\"@type\":\"EntryPoint\",\"urlTemplate\":\"https:\/\/pagina10.com\/web\/?s={search_term_string}\"},\"query-input\":{\"@type\":\"PropertyValueSpecification\",\"valueRequired\":true,\"valueName\":\"search_term_string\"}}],\"inLanguage\":\"es\"},{\"@type\":\"Organization\",\"@id\":\"https:\/\/pagina10.com\/web\/#organization\",\"name\":\"P\u00e1gina10\",\"alternateName\":\"P\u00e1gina10 Peri\u00f3dico Regional\",\"url\":\"https:\/\/pagina10.com\/web\/\",\"logo\":{\"@type\":\"ImageObject\",\"inLanguage\":\"es\",\"@id\":\"https:\/\/pagina10.com\/web\/#\/schema\/logo\/image\/\",\"url\":\"https:\/\/pagina10.com\/web\/wp-content\/uploads\/2024\/01\/40-pagina-10-periodico-regional-pasto.jpg\",\"contentUrl\":\"https:\/\/pagina10.com\/web\/wp-content\/uploads\/2024\/01\/40-pagina-10-periodico-regional-pasto.jpg\",\"width\":1280,\"height\":720,\"caption\":\"P\u00e1gina10\"},\"image\":{\"@id\":\"https:\/\/pagina10.com\/web\/#\/schema\/logo\/image\/\"},\"sameAs\":[\"https:\/\/www.facebook.com\/pag10com\",\"https:\/\/x.com\/Pag10com\",\"https:\/\/www.instagram.com\/pagina10col\/\",\"https:\/\/youtube.com\/channel\/pag10\",\"https:\/\/www.tiktok.com\/@p10col\"]},{\"@type\":\"Person\",\"@id\":\"https:\/\/pagina10.com\/web\/#\/schema\/person\/2efc4a090d25b667d3bc796798a3a81b\",\"name\":\"P\u00e1gina 10\",\"description\":\"P\u00e1gina 10 es un peri\u00f3dico regional que nace en Colombia, en el departamento de Nari\u00f1o, con un enfoque global, fundamentado en cuatro pilares esenciales: la libertad, el pluralismo, la inclusi\u00f3n y la independencia. P\u00e1gina 10 hace referencia a Nari\u00f1o como el d\u00e9cimo departamento creado en Colombia, despu\u00e9s de un proceso pol\u00edtico liderado por actores y actrices regionales con el fin de obtener la independencia y autonom\u00eda de nuestros territorios. Con la creaci\u00f3n de P\u00e1gina 10 se pretende abrir un escenario para el dialogo, la reflexi\u00f3n y el debate que se extienda a otras geograf\u00edas de Am\u00e9rica Latina y del planeta, en una apuesta por transformar colectivamente los desaf\u00edos de un mundo contempor\u00e1neo, m\u00e1s all\u00e1 de las fronteras impuestas.\",\"url\":\"https:\/\/pagina10.com\/web\/author\/pdiezadmin\/\"}]}<\/script>\n<!-- \/ Yoast SEO plugin. -->","yoast_head_json":{"title":"Procuradur\u00eda levant\u00f3 suspensi\u00f3n temporal del alcalde de Medell\u00edn | P\u00e1gina10","robots":{"index":"index","follow":"follow","max-snippet":"max-snippet:-1","max-image-preview":"max-image-preview:large","max-video-preview":"max-video-preview:-1"},"canonical":"https:\/\/pagina10.com\/web\/procuraduria-levanto-suspension-temporal-del-alcalde-de-medellin\/","og_locale":"es_ES","og_type":"article","og_title":"Procuradur\u00eda levant\u00f3 suspensi\u00f3n temporal del alcalde de Medell\u00edn | P\u00e1gina10","og_description":"Despu\u00e9s de la jornada de elecciones, la procuradora Margarita Cabello Blanco, determin\u00f3 levantar la medida contra el mandatario de la capital antioque\u00f1a quien habr\u00eda incurrido en participaci\u00f3n pol\u00edtica indebida al demostrar su presunto apoyo al entonces candidato y hoy presidente electo Gustavo Petro. \u201cEl se\u00f1or Quintero Calle seguir\u00e1 vinculado al proceso de investigaci\u00f3n, como sucede [&hellip;]","og_url":"https:\/\/pagina10.com\/web\/procuraduria-levanto-suspension-temporal-del-alcalde-de-medellin\/","og_site_name":"P\u00e1gina10","article_publisher":"https:\/\/www.facebook.com\/pag10com","article_published_time":"2022-06-21T21:28:54+00:00","og_image":[{"width":758,"height":426,"url":"https:\/\/pagina10.com\/web\/wp-content\/uploads\/2022\/06\/Piden-que-se-respete-el-fallo-de-la-CIDH-1-758x426-1.jpg","type":"image\/jpeg"}],"author":"P\u00e1gina 10","twitter_card":"summary_large_image","twitter_creator":"@Pag10com","twitter_site":"@Pag10com","twitter_misc":{"Escrito por":"P\u00e1gina 10","Tiempo de lectura":"1 minuto"},"schema":{"@context":"https:\/\/schema.org","@graph":[{"@type":"Article","@id":"https:\/\/pagina10.com\/web\/procuraduria-levanto-suspension-temporal-del-alcalde-de-medellin\/#article","isPartOf":{"@id":"https:\/\/pagina10.com\/web\/procuraduria-levanto-suspension-temporal-del-alcalde-de-medellin\/"},"author":{"name":"P\u00e1gina 10","@id":"https:\/\/pagina10.com\/web\/#\/schema\/person\/2efc4a090d25b667d3bc796798a3a81b"},"headline":"Procuradur\u00eda levant\u00f3 suspensi\u00f3n temporal del alcalde de Medell\u00edn","datePublished":"2022-06-21T21:28:54+00:00","mainEntityOfPage":{"@id":"https:\/\/pagina10.com\/web\/procuraduria-levanto-suspension-temporal-del-alcalde-de-medellin\/"},"wordCount":238,"commentCount":0,"publisher":{"@id":"https:\/\/pagina10.com\/web\/#organization"},"image":{"@id":"https:\/\/pagina10.com\/web\/procuraduria-levanto-suspension-temporal-del-alcalde-de-medellin\/#primaryimage"},"thumbnailUrl":"https:\/\/pagina10.com\/web\/wp-content\/uploads\/2022\/06\/Piden-que-se-respete-el-fallo-de-la-CIDH-1-758x426-1.jpg","articleSection":["Nacional"],"inLanguage":"es","potentialAction":[{"@type":"CommentAction","name":"Comment","target":["https:\/\/pagina10.com\/web\/procuraduria-levanto-suspension-temporal-del-alcalde-de-medellin\/#respond"]}]},{"@type":"WebPage","@id":"https:\/\/pagina10.com\/web\/procuraduria-levanto-suspension-temporal-del-alcalde-de-medellin\/","url":"https:\/\/pagina10.com\/web\/procuraduria-levanto-suspension-temporal-del-alcalde-de-medellin\/","name":"Procuradur\u00eda levant\u00f3 suspensi\u00f3n temporal del alcalde de Medell\u00edn | P\u00e1gina10","isPartOf":{"@id":"https:\/\/pagina10.com\/web\/#website"},"primaryImageOfPage":{"@id":"https:\/\/pagina10.com\/web\/procuraduria-levanto-suspension-temporal-del-alcalde-de-medellin\/#primaryimage"},"image":{"@id":"https:\/\/pagina10.com\/web\/procuraduria-levanto-suspension-temporal-del-alcalde-de-medellin\/#primaryimage"},"thumbnailUrl":"https:\/\/pagina10.com\/web\/wp-content\/uploads\/2022\/06\/Piden-que-se-respete-el-fallo-de-la-CIDH-1-758x426-1.jpg","datePublished":"2022-06-21T21:28:54+00:00","breadcrumb":{"@id":"https:\/\/pagina10.com\/web\/procuraduria-levanto-suspension-temporal-del-alcalde-de-medellin\/#breadcrumb"},"inLanguage":"es","potentialAction":[{"@type":"ReadAction","target":["https:\/\/pagina10.com\/web\/procuraduria-levanto-suspension-temporal-del-alcalde-de-medellin\/"]}]},{"@type":"ImageObject","inLanguage":"es","@id":"https:\/\/pagina10.com\/web\/procuraduria-levanto-suspension-temporal-del-alcalde-de-medellin\/#primaryimage","url":"https:\/\/pagina10.com\/web\/wp-content\/uploads\/2022\/06\/Piden-que-se-respete-el-fallo-de-la-CIDH-1-758x426-1.jpg","contentUrl":"https:\/\/pagina10.com\/web\/wp-content\/uploads\/2022\/06\/Piden-que-se-respete-el-fallo-de-la-CIDH-1-758x426-1.jpg","width":758,"height":426},{"@type":"BreadcrumbList","@id":"https:\/\/pagina10.com\/web\/procuraduria-levanto-suspension-temporal-del-alcalde-de-medellin\/#breadcrumb","itemListElement":[{"@type":"ListItem","position":1,"name":"Portada","item":"https:\/\/pagina10.com\/web\/"},{"@type":"ListItem","position":2,"name":"Procuradur\u00eda levant\u00f3 suspensi\u00f3n temporal del alcalde de Medell\u00edn"}]},{"@type":"WebSite","@id":"https:\/\/pagina10.com\/web\/#website","url":"https:\/\/pagina10.com\/web\/","name":"P\u00e1gina10","description":"Peri\u00f3dico Regional","publisher":{"@id":"https:\/\/pagina10.com\/web\/#organization"},"alternateName":"P\u00e1gina10 Peri\u00f3dico Regional","potentialAction":[{"@type":"SearchAction","target":{"@type":"EntryPoint","urlTemplate":"https:\/\/pagina10.com\/web\/?s={search_term_string}"},"query-input":{"@type":"PropertyValueSpecification","valueRequired":true,"valueName":"search_term_string"}}],"inLanguage":"es"},{"@type":"Organization","@id":"https:\/\/pagina10.com\/web\/#organization","name":"P\u00e1gina10","alternateName":"P\u00e1gina10 Peri\u00f3dico Regional","url":"https:\/\/pagina10.com\/web\/","logo":{"@type":"ImageObject","inLanguage":"es","@id":"https:\/\/pagina10.com\/web\/#\/schema\/logo\/image\/","url":"https:\/\/pagina10.com\/web\/wp-content\/uploads\/2024\/01\/40-pagina-10-periodico-regional-pasto.jpg","contentUrl":"https:\/\/pagina10.com\/web\/wp-content\/uploads\/2024\/01\/40-pagina-10-periodico-regional-pasto.jpg","width":1280,"height":720,"caption":"P\u00e1gina10"},"image":{"@id":"https:\/\/pagina10.com\/web\/#\/schema\/logo\/image\/"},"sameAs":["https:\/\/www.facebook.com\/pag10com","https:\/\/x.com\/Pag10com","https:\/\/www.instagram.com\/pagina10col\/","https:\/\/youtube.com\/channel\/pag10","https:\/\/www.tiktok.com\/@p10col"]},{"@type":"Person","@id":"https:\/\/pagina10.com\/web\/#\/schema\/person\/2efc4a090d25b667d3bc796798a3a81b","name":"P\u00e1gina 10","description":"P\u00e1gina 10 es un peri\u00f3dico regional que nace en Colombia, en el departamento de Nari\u00f1o, con un enfoque global, fundamentado en cuatro pilares esenciales: la libertad, el pluralismo, la inclusi\u00f3n y la independencia. P\u00e1gina 10 hace referencia a Nari\u00f1o como el d\u00e9cimo departamento creado en Colombia, despu\u00e9s de un proceso pol\u00edtico liderado por actores y actrices regionales con el fin de obtener la independencia y autonom\u00eda de nuestros territorios. Con la creaci\u00f3n de P\u00e1gina 10 se pretende abrir un escenario para el dialogo, la reflexi\u00f3n y el debate que se extienda a otras geograf\u00edas de Am\u00e9rica Latina y del planeta, en una apuesta por transformar colectivamente los desaf\u00edos de un mundo contempor\u00e1neo, m\u00e1s all\u00e1 de las fronteras impuestas.","url":"https:\/\/pagina10.com\/web\/author\/pdiezadmin\/"}]}},"_links":{"self":[{"href":"https:\/\/pagina10.com\/web\/wp-json\/wp\/v2\/posts\/59958","targetHints":{"allow":["GET"]}}],"collection":[{"href":"https:\/\/pagina10.com\/web\/wp-json\/wp\/v2\/posts"}],"about":[{"href":"https:\/\/pagina10.com\/web\/wp-json\/wp\/v2\/types\/post"}],"author":[{"embeddable":true,"href":"https:\/\/pagina10.com\/web\/wp-json\/wp\/v2\/users\/1"}],"replies":[{"embeddable":true,"href":"https:\/\/pagina10.com\/web\/wp-json\/wp\/v2\/comments?post=59958"}],"version-history":[{"count":1,"href":"https:\/\/pagina10.com\/web\/wp-json\/wp\/v2\/posts\/59958\/revisions"}],"predecessor-version":[{"id":59960,"href":"https:\/\/pagina10.com\/web\/wp-json\/wp\/v2\/posts\/59958\/revisions\/59960"}],"wp:featuredmedia":[{"embeddable":true,"href":"https:\/\/pagina10.com\/web\/wp-json\/wp\/v2\/media\/59959"}],"wp:attachment":[{"href":"https:\/\/pagina10.com\/web\/wp-json\/wp\/v2\/media?parent=59958"}],"wp:term":[{"taxonomy":"category","embeddable":true,"href":"https:\/\/pagina10.com\/web\/wp-json\/wp\/v2\/categories?post=59958"},{"taxonomy":"post_tag","embeddable":true,"href":"https:\/\/pagina10.com\/web\/wp-json\/wp\/v2\/tags?post=59958"}],"curies":[{"name":"wp","href":"https:\/\/api.w.org\/{rel}","templated":true}]}}