{"id":59967,"date":"2022-06-21T17:32:35","date_gmt":"2022-06-21T22:32:35","guid":{"rendered":"https:\/\/pagina10.com\/web\/?p=59967"},"modified":"2022-06-21T17:32:35","modified_gmt":"2022-06-21T22:32:35","slug":"tres-municipios-de-narino-no-incluyeron-en-su-planeacion-territorial-programas-para-prevenir-el-trabajo-infantil","status":"publish","type":"post","link":"https:\/\/pagina10.com\/web\/tres-municipios-de-narino-no-incluyeron-en-su-planeacion-territorial-programas-para-prevenir-el-trabajo-infantil\/","title":{"rendered":"Tres municipios de Nari\u00f1o no incluyeron, en su planeaci\u00f3n territorial, programas para prevenir el trabajo infantil"},"content":{"rendered":"<p style=\"text-align: justify;\">En la lista de 62 municipios, de los 170 priorizados por ser los territorios m\u00e1s afectados por el conflicto armado, que no incluyeron la prevenci\u00f3n y erradicaci\u00f3n de este flagelo en su planeaci\u00f3n territorial se encuentran El Rosario, Francisco Pizarra y La Tola en el departamento de Nari\u00f1o.<\/p>\n<p style=\"text-align: justify;\">El informe sobre \u201cLa prevenci\u00f3n del trabajo infantil en los municipios PDET desde la planeaci\u00f3n territorial 2020 \u2013 2023\u201d, elaborado por la Procuradur\u00eda en vigilancia a los territorios que implementan los Programas de Desarrollo con Enfoque Territorial, revel\u00f3 que 12 de ellos presentan un riesgo alto de incurrir en este flagelo, ya que seg\u00fan el Modelo de Identificaci\u00f3n del Riesgo de Trabajo Infantil MIRTI, presentan un nivel mayor de vulnerabilidad, desigualdad y exclusi\u00f3n.<\/p>\n<p style=\"text-align: justify;\">Se trata de Anor\u00ed, Brice\u00f1o y San Pedro de Urab\u00e1 en Antioquia; Morales en Bol\u00edvar: Cartagena del Chair\u00e1 y Valpara\u00edso en Caquet\u00e1; Mapirip\u00e1n y Puerto Lleras en Meta; El Rosario en Nari\u00f1o; San Calixto y Teorama en Norte de Santander y Ataco en Tolima.<\/p>\n<p style=\"text-align: justify;\">La Procuradur\u00eda record\u00f3 que \u201cel trabajo infantil es una violaci\u00f3n a los derechos humanos de las ni\u00f1as, los ni\u00f1os y los adolescentes, que afecta su proceso de desarrollo, genera condiciones que vulneran el goce de los derechos y complejiza la construcci\u00f3n de proyectos de vida\u201d.<\/p>\n","protected":false},"excerpt":{"rendered":"<p>En la lista de 62 municipios, de los 170 priorizados por ser los territorios m\u00e1s afectados por el conflicto armado, que no incluyeron la prevenci\u00f3n y erradicaci\u00f3n de este flagelo en su planeaci\u00f3n territorial se encuentran El Rosario, Francisco Pizarra y La Tola en el departamento de Nari\u00f1o. El informe sobre \u201cLa prevenci\u00f3n del trabajo [&hellip;]<\/p>\n","protected":false},"author":1,"featured_media":59968,"comment_status":"open","ping_status":"open","sticky":false,"template":"","format":"standard","meta":{"footnotes":""},"categories":[14],"tags":[],"class_list":["post-59967","post","type-post","status-publish","format-standard","has-post-thumbnail","hentry","category-narino-actual"],"yoast_head":"<!-- This site is optimized with the Yoast SEO plugin v27.1.1 - https:\/\/yoast.com\/product\/yoast-seo-wordpress\/ -->\n<title>Tres municipios de Nari\u00f1o no incluyeron, en su planeaci\u00f3n territorial, programas para prevenir el trabajo infantil | P\u00e1gina10<\/title>\n<meta name=\"robots\" content=\"index, follow, max-snippet:-1, max-image-preview:large, max-video-preview:-1\" \/>\n<link rel=\"canonical\" href=\"https:\/\/pagina10.com\/web\/tres-municipios-de-narino-no-incluyeron-en-su-planeacion-territorial-programas-para-prevenir-el-trabajo-infantil\/\" \/>\n<meta property=\"og:locale\" content=\"es_ES\" \/>\n<meta property=\"og:type\" content=\"article\" \/>\n<meta property=\"og:title\" content=\"Tres municipios de Nari\u00f1o no incluyeron, en su planeaci\u00f3n territorial, programas para prevenir el trabajo infantil | P\u00e1gina10\" \/>\n<meta property=\"og:description\" content=\"En la lista de 62 municipios, de los 170 priorizados por ser los territorios m\u00e1s afectados por el conflicto armado, que no incluyeron la prevenci\u00f3n y erradicaci\u00f3n de este flagelo en su planeaci\u00f3n territorial se encuentran El Rosario, Francisco Pizarra y La Tola en el departamento de Nari\u00f1o. El informe sobre \u201cLa prevenci\u00f3n del trabajo [&hellip;]\" \/>\n<meta property=\"og:url\" content=\"https:\/\/pagina10.com\/web\/tres-municipios-de-narino-no-incluyeron-en-su-planeacion-territorial-programas-para-prevenir-el-trabajo-infantil\/\" \/>\n<meta property=\"og:site_name\" content=\"P\u00e1gina10\" \/>\n<meta property=\"article:publisher\" content=\"https:\/\/www.facebook.com\/pag10com\" \/>\n<meta property=\"article:published_time\" content=\"2022-06-21T22:32:35+00:00\" \/>\n<meta property=\"og:image\" content=\"https:\/\/pagina10.com\/web\/wp-content\/uploads\/2022\/06\/QICHBJFHRZCP5CFRXYJ2FDKZEQ.jpg\" \/>\n\t<meta property=\"og:image:width\" content=\"1250\" \/>\n\t<meta property=\"og:image:height\" content=\"735\" \/>\n\t<meta property=\"og:image:type\" content=\"image\/jpeg\" \/>\n<meta name=\"author\" content=\"P\u00e1gina 10\" \/>\n<meta name=\"twitter:card\" content=\"summary_large_image\" \/>\n<meta name=\"twitter:creator\" content=\"@Pag10com\" \/>\n<meta name=\"twitter:site\" content=\"@Pag10com\" \/>\n<meta name=\"twitter:label1\" content=\"Escrito por\" \/>\n\t<meta name=\"twitter:data1\" content=\"P\u00e1gina 10\" \/>\n\t<meta name=\"twitter:label2\" content=\"Tiempo de lectura\" \/>\n\t<meta name=\"twitter:data2\" content=\"1 minuto\" \/>\n<script type=\"application\/ld+json\" class=\"yoast-schema-graph\">{\"@context\":\"https:\/\/schema.org\",\"@graph\":[{\"@type\":\"Article\",\"@id\":\"https:\/\/pagina10.com\/web\/tres-municipios-de-narino-no-incluyeron-en-su-planeacion-territorial-programas-para-prevenir-el-trabajo-infantil\/#article\",\"isPartOf\":{\"@id\":\"https:\/\/pagina10.com\/web\/tres-municipios-de-narino-no-incluyeron-en-su-planeacion-territorial-programas-para-prevenir-el-trabajo-infantil\/\"},\"author\":{\"name\":\"P\u00e1gina 10\",\"@id\":\"https:\/\/pagina10.com\/web\/#\/schema\/person\/2efc4a090d25b667d3bc796798a3a81b\"},\"headline\":\"Tres municipios de Nari\u00f1o no incluyeron, en su planeaci\u00f3n territorial, programas para prevenir el trabajo infantil\",\"datePublished\":\"2022-06-21T22:32:35+00:00\",\"mainEntityOfPage\":{\"@id\":\"https:\/\/pagina10.com\/web\/tres-municipios-de-narino-no-incluyeron-en-su-planeacion-territorial-programas-para-prevenir-el-trabajo-infantil\/\"},\"wordCount\":243,\"commentCount\":0,\"publisher\":{\"@id\":\"https:\/\/pagina10.com\/web\/#organization\"},\"image\":{\"@id\":\"https:\/\/pagina10.com\/web\/tres-municipios-de-narino-no-incluyeron-en-su-planeacion-territorial-programas-para-prevenir-el-trabajo-infantil\/#primaryimage\"},\"thumbnailUrl\":\"https:\/\/pagina10.com\/web\/wp-content\/uploads\/2022\/06\/QICHBJFHRZCP5CFRXYJ2FDKZEQ.jpg\",\"articleSection\":[\"Nari\u00f1o Actual\"],\"inLanguage\":\"es\",\"potentialAction\":[{\"@type\":\"CommentAction\",\"name\":\"Comment\",\"target\":[\"https:\/\/pagina10.com\/web\/tres-municipios-de-narino-no-incluyeron-en-su-planeacion-territorial-programas-para-prevenir-el-trabajo-infantil\/#respond\"]}]},{\"@type\":\"WebPage\",\"@id\":\"https:\/\/pagina10.com\/web\/tres-municipios-de-narino-no-incluyeron-en-su-planeacion-territorial-programas-para-prevenir-el-trabajo-infantil\/\",\"url\":\"https:\/\/pagina10.com\/web\/tres-municipios-de-narino-no-incluyeron-en-su-planeacion-territorial-programas-para-prevenir-el-trabajo-infantil\/\",\"name\":\"Tres municipios de Nari\u00f1o no incluyeron, en su planeaci\u00f3n territorial, programas para prevenir el trabajo infantil | P\u00e1gina10\",\"isPartOf\":{\"@id\":\"https:\/\/pagina10.com\/web\/#website\"},\"primaryImageOfPage\":{\"@id\":\"https:\/\/pagina10.com\/web\/tres-municipios-de-narino-no-incluyeron-en-su-planeacion-territorial-programas-para-prevenir-el-trabajo-infantil\/#primaryimage\"},\"image\":{\"@id\":\"https:\/\/pagina10.com\/web\/tres-municipios-de-narino-no-incluyeron-en-su-planeacion-territorial-programas-para-prevenir-el-trabajo-infantil\/#primaryimage\"},\"thumbnailUrl\":\"https:\/\/pagina10.com\/web\/wp-content\/uploads\/2022\/06\/QICHBJFHRZCP5CFRXYJ2FDKZEQ.jpg\",\"datePublished\":\"2022-06-21T22:32:35+00:00\",\"breadcrumb\":{\"@id\":\"https:\/\/pagina10.com\/web\/tres-municipios-de-narino-no-incluyeron-en-su-planeacion-territorial-programas-para-prevenir-el-trabajo-infantil\/#breadcrumb\"},\"inLanguage\":\"es\",\"potentialAction\":[{\"@type\":\"ReadAction\",\"target\":[\"https:\/\/pagina10.com\/web\/tres-municipios-de-narino-no-incluyeron-en-su-planeacion-territorial-programas-para-prevenir-el-trabajo-infantil\/\"]}]},{\"@type\":\"ImageObject\",\"inLanguage\":\"es\",\"@id\":\"https:\/\/pagina10.com\/web\/tres-municipios-de-narino-no-incluyeron-en-su-planeacion-territorial-programas-para-prevenir-el-trabajo-infantil\/#primaryimage\",\"url\":\"https:\/\/pagina10.com\/web\/wp-content\/uploads\/2022\/06\/QICHBJFHRZCP5CFRXYJ2FDKZEQ.jpg\",\"contentUrl\":\"https:\/\/pagina10.com\/web\/wp-content\/uploads\/2022\/06\/QICHBJFHRZCP5CFRXYJ2FDKZEQ.jpg\",\"width\":1250,\"height\":735},{\"@type\":\"BreadcrumbList\",\"@id\":\"https:\/\/pagina10.com\/web\/tres-municipios-de-narino-no-incluyeron-en-su-planeacion-territorial-programas-para-prevenir-el-trabajo-infantil\/#breadcrumb\",\"itemListElement\":[{\"@type\":\"ListItem\",\"position\":1,\"name\":\"Portada\",\"item\":\"https:\/\/pagina10.com\/web\/\"},{\"@type\":\"ListItem\",\"position\":2,\"name\":\"Tres municipios de Nari\u00f1o no incluyeron, en su planeaci\u00f3n territorial, programas para prevenir el trabajo infantil\"}]},{\"@type\":\"WebSite\",\"@id\":\"https:\/\/pagina10.com\/web\/#website\",\"url\":\"https:\/\/pagina10.com\/web\/\",\"name\":\"P\u00e1gina10\",\"description\":\"Peri\u00f3dico Regional\",\"publisher\":{\"@id\":\"https:\/\/pagina10.com\/web\/#organization\"},\"alternateName\":\"P\u00e1gina10 Peri\u00f3dico Regional\",\"potentialAction\":[{\"@type\":\"SearchAction\",\"target\":{\"@type\":\"EntryPoint\",\"urlTemplate\":\"https:\/\/pagina10.com\/web\/?s={search_term_string}\"},\"query-input\":{\"@type\":\"PropertyValueSpecification\",\"valueRequired\":true,\"valueName\":\"search_term_string\"}}],\"inLanguage\":\"es\"},{\"@type\":\"Organization\",\"@id\":\"https:\/\/pagina10.com\/web\/#organization\",\"name\":\"P\u00e1gina10\",\"alternateName\":\"P\u00e1gina10 Peri\u00f3dico Regional\",\"url\":\"https:\/\/pagina10.com\/web\/\",\"logo\":{\"@type\":\"ImageObject\",\"inLanguage\":\"es\",\"@id\":\"https:\/\/pagina10.com\/web\/#\/schema\/logo\/image\/\",\"url\":\"https:\/\/pagina10.com\/web\/wp-content\/uploads\/2024\/01\/40-pagina-10-periodico-regional-pasto.jpg\",\"contentUrl\":\"https:\/\/pagina10.com\/web\/wp-content\/uploads\/2024\/01\/40-pagina-10-periodico-regional-pasto.jpg\",\"width\":1280,\"height\":720,\"caption\":\"P\u00e1gina10\"},\"image\":{\"@id\":\"https:\/\/pagina10.com\/web\/#\/schema\/logo\/image\/\"},\"sameAs\":[\"https:\/\/www.facebook.com\/pag10com\",\"https:\/\/x.com\/Pag10com\",\"https:\/\/www.instagram.com\/pagina10col\/\",\"https:\/\/youtube.com\/channel\/pag10\",\"https:\/\/www.tiktok.com\/@p10col\"]},{\"@type\":\"Person\",\"@id\":\"https:\/\/pagina10.com\/web\/#\/schema\/person\/2efc4a090d25b667d3bc796798a3a81b\",\"name\":\"P\u00e1gina 10\",\"description\":\"P\u00e1gina 10 es un peri\u00f3dico regional que nace en Colombia, en el departamento de Nari\u00f1o, con un enfoque global, fundamentado en cuatro pilares esenciales: la libertad, el pluralismo, la inclusi\u00f3n y la independencia. P\u00e1gina 10 hace referencia a Nari\u00f1o como el d\u00e9cimo departamento creado en Colombia, despu\u00e9s de un proceso pol\u00edtico liderado por actores y actrices regionales con el fin de obtener la independencia y autonom\u00eda de nuestros territorios. Con la creaci\u00f3n de P\u00e1gina 10 se pretende abrir un escenario para el dialogo, la reflexi\u00f3n y el debate que se extienda a otras geograf\u00edas de Am\u00e9rica Latina y del planeta, en una apuesta por transformar colectivamente los desaf\u00edos de un mundo contempor\u00e1neo, m\u00e1s all\u00e1 de las fronteras impuestas.\",\"url\":\"https:\/\/pagina10.com\/web\/author\/pdiezadmin\/\"}]}<\/script>\n<!-- \/ Yoast SEO plugin. -->","yoast_head_json":{"title":"Tres municipios de Nari\u00f1o no incluyeron, en su planeaci\u00f3n territorial, programas para prevenir el trabajo infantil | P\u00e1gina10","robots":{"index":"index","follow":"follow","max-snippet":"max-snippet:-1","max-image-preview":"max-image-preview:large","max-video-preview":"max-video-preview:-1"},"canonical":"https:\/\/pagina10.com\/web\/tres-municipios-de-narino-no-incluyeron-en-su-planeacion-territorial-programas-para-prevenir-el-trabajo-infantil\/","og_locale":"es_ES","og_type":"article","og_title":"Tres municipios de Nari\u00f1o no incluyeron, en su planeaci\u00f3n territorial, programas para prevenir el trabajo infantil | P\u00e1gina10","og_description":"En la lista de 62 municipios, de los 170 priorizados por ser los territorios m\u00e1s afectados por el conflicto armado, que no incluyeron la prevenci\u00f3n y erradicaci\u00f3n de este flagelo en su planeaci\u00f3n territorial se encuentran El Rosario, Francisco Pizarra y La Tola en el departamento de Nari\u00f1o. El informe sobre \u201cLa prevenci\u00f3n del trabajo [&hellip;]","og_url":"https:\/\/pagina10.com\/web\/tres-municipios-de-narino-no-incluyeron-en-su-planeacion-territorial-programas-para-prevenir-el-trabajo-infantil\/","og_site_name":"P\u00e1gina10","article_publisher":"https:\/\/www.facebook.com\/pag10com","article_published_time":"2022-06-21T22:32:35+00:00","og_image":[{"width":1250,"height":735,"url":"https:\/\/pagina10.com\/web\/wp-content\/uploads\/2022\/06\/QICHBJFHRZCP5CFRXYJ2FDKZEQ.jpg","type":"image\/jpeg"}],"author":"P\u00e1gina 10","twitter_card":"summary_large_image","twitter_creator":"@Pag10com","twitter_site":"@Pag10com","twitter_misc":{"Escrito por":"P\u00e1gina 10","Tiempo de lectura":"1 minuto"},"schema":{"@context":"https:\/\/schema.org","@graph":[{"@type":"Article","@id":"https:\/\/pagina10.com\/web\/tres-municipios-de-narino-no-incluyeron-en-su-planeacion-territorial-programas-para-prevenir-el-trabajo-infantil\/#article","isPartOf":{"@id":"https:\/\/pagina10.com\/web\/tres-municipios-de-narino-no-incluyeron-en-su-planeacion-territorial-programas-para-prevenir-el-trabajo-infantil\/"},"author":{"name":"P\u00e1gina 10","@id":"https:\/\/pagina10.com\/web\/#\/schema\/person\/2efc4a090d25b667d3bc796798a3a81b"},"headline":"Tres municipios de Nari\u00f1o no incluyeron, en su planeaci\u00f3n territorial, programas para prevenir el trabajo infantil","datePublished":"2022-06-21T22:32:35+00:00","mainEntityOfPage":{"@id":"https:\/\/pagina10.com\/web\/tres-municipios-de-narino-no-incluyeron-en-su-planeacion-territorial-programas-para-prevenir-el-trabajo-infantil\/"},"wordCount":243,"commentCount":0,"publisher":{"@id":"https:\/\/pagina10.com\/web\/#organization"},"image":{"@id":"https:\/\/pagina10.com\/web\/tres-municipios-de-narino-no-incluyeron-en-su-planeacion-territorial-programas-para-prevenir-el-trabajo-infantil\/#primaryimage"},"thumbnailUrl":"https:\/\/pagina10.com\/web\/wp-content\/uploads\/2022\/06\/QICHBJFHRZCP5CFRXYJ2FDKZEQ.jpg","articleSection":["Nari\u00f1o Actual"],"inLanguage":"es","potentialAction":[{"@type":"CommentAction","name":"Comment","target":["https:\/\/pagina10.com\/web\/tres-municipios-de-narino-no-incluyeron-en-su-planeacion-territorial-programas-para-prevenir-el-trabajo-infantil\/#respond"]}]},{"@type":"WebPage","@id":"https:\/\/pagina10.com\/web\/tres-municipios-de-narino-no-incluyeron-en-su-planeacion-territorial-programas-para-prevenir-el-trabajo-infantil\/","url":"https:\/\/pagina10.com\/web\/tres-municipios-de-narino-no-incluyeron-en-su-planeacion-territorial-programas-para-prevenir-el-trabajo-infantil\/","name":"Tres municipios de Nari\u00f1o no incluyeron, en su planeaci\u00f3n territorial, programas para prevenir el trabajo infantil | P\u00e1gina10","isPartOf":{"@id":"https:\/\/pagina10.com\/web\/#website"},"primaryImageOfPage":{"@id":"https:\/\/pagina10.com\/web\/tres-municipios-de-narino-no-incluyeron-en-su-planeacion-territorial-programas-para-prevenir-el-trabajo-infantil\/#primaryimage"},"image":{"@id":"https:\/\/pagina10.com\/web\/tres-municipios-de-narino-no-incluyeron-en-su-planeacion-territorial-programas-para-prevenir-el-trabajo-infantil\/#primaryimage"},"thumbnailUrl":"https:\/\/pagina10.com\/web\/wp-content\/uploads\/2022\/06\/QICHBJFHRZCP5CFRXYJ2FDKZEQ.jpg","datePublished":"2022-06-21T22:32:35+00:00","breadcrumb":{"@id":"https:\/\/pagina10.com\/web\/tres-municipios-de-narino-no-incluyeron-en-su-planeacion-territorial-programas-para-prevenir-el-trabajo-infantil\/#breadcrumb"},"inLanguage":"es","potentialAction":[{"@type":"ReadAction","target":["https:\/\/pagina10.com\/web\/tres-municipios-de-narino-no-incluyeron-en-su-planeacion-territorial-programas-para-prevenir-el-trabajo-infantil\/"]}]},{"@type":"ImageObject","inLanguage":"es","@id":"https:\/\/pagina10.com\/web\/tres-municipios-de-narino-no-incluyeron-en-su-planeacion-territorial-programas-para-prevenir-el-trabajo-infantil\/#primaryimage","url":"https:\/\/pagina10.com\/web\/wp-content\/uploads\/2022\/06\/QICHBJFHRZCP5CFRXYJ2FDKZEQ.jpg","contentUrl":"https:\/\/pagina10.com\/web\/wp-content\/uploads\/2022\/06\/QICHBJFHRZCP5CFRXYJ2FDKZEQ.jpg","width":1250,"height":735},{"@type":"BreadcrumbList","@id":"https:\/\/pagina10.com\/web\/tres-municipios-de-narino-no-incluyeron-en-su-planeacion-territorial-programas-para-prevenir-el-trabajo-infantil\/#breadcrumb","itemListElement":[{"@type":"ListItem","position":1,"name":"Portada","item":"https:\/\/pagina10.com\/web\/"},{"@type":"ListItem","position":2,"name":"Tres municipios de Nari\u00f1o no incluyeron, en su planeaci\u00f3n territorial, programas para prevenir el trabajo infantil"}]},{"@type":"WebSite","@id":"https:\/\/pagina10.com\/web\/#website","url":"https:\/\/pagina10.com\/web\/","name":"P\u00e1gina10","description":"Peri\u00f3dico Regional","publisher":{"@id":"https:\/\/pagina10.com\/web\/#organization"},"alternateName":"P\u00e1gina10 Peri\u00f3dico Regional","potentialAction":[{"@type":"SearchAction","target":{"@type":"EntryPoint","urlTemplate":"https:\/\/pagina10.com\/web\/?s={search_term_string}"},"query-input":{"@type":"PropertyValueSpecification","valueRequired":true,"valueName":"search_term_string"}}],"inLanguage":"es"},{"@type":"Organization","@id":"https:\/\/pagina10.com\/web\/#organization","name":"P\u00e1gina10","alternateName":"P\u00e1gina10 Peri\u00f3dico Regional","url":"https:\/\/pagina10.com\/web\/","logo":{"@type":"ImageObject","inLanguage":"es","@id":"https:\/\/pagina10.com\/web\/#\/schema\/logo\/image\/","url":"https:\/\/pagina10.com\/web\/wp-content\/uploads\/2024\/01\/40-pagina-10-periodico-regional-pasto.jpg","contentUrl":"https:\/\/pagina10.com\/web\/wp-content\/uploads\/2024\/01\/40-pagina-10-periodico-regional-pasto.jpg","width":1280,"height":720,"caption":"P\u00e1gina10"},"image":{"@id":"https:\/\/pagina10.com\/web\/#\/schema\/logo\/image\/"},"sameAs":["https:\/\/www.facebook.com\/pag10com","https:\/\/x.com\/Pag10com","https:\/\/www.instagram.com\/pagina10col\/","https:\/\/youtube.com\/channel\/pag10","https:\/\/www.tiktok.com\/@p10col"]},{"@type":"Person","@id":"https:\/\/pagina10.com\/web\/#\/schema\/person\/2efc4a090d25b667d3bc796798a3a81b","name":"P\u00e1gina 10","description":"P\u00e1gina 10 es un peri\u00f3dico regional que nace en Colombia, en el departamento de Nari\u00f1o, con un enfoque global, fundamentado en cuatro pilares esenciales: la libertad, el pluralismo, la inclusi\u00f3n y la independencia. P\u00e1gina 10 hace referencia a Nari\u00f1o como el d\u00e9cimo departamento creado en Colombia, despu\u00e9s de un proceso pol\u00edtico liderado por actores y actrices regionales con el fin de obtener la independencia y autonom\u00eda de nuestros territorios. Con la creaci\u00f3n de P\u00e1gina 10 se pretende abrir un escenario para el dialogo, la reflexi\u00f3n y el debate que se extienda a otras geograf\u00edas de Am\u00e9rica Latina y del planeta, en una apuesta por transformar colectivamente los desaf\u00edos de un mundo contempor\u00e1neo, m\u00e1s all\u00e1 de las fronteras impuestas.","url":"https:\/\/pagina10.com\/web\/author\/pdiezadmin\/"}]}},"_links":{"self":[{"href":"https:\/\/pagina10.com\/web\/wp-json\/wp\/v2\/posts\/59967","targetHints":{"allow":["GET"]}}],"collection":[{"href":"https:\/\/pagina10.com\/web\/wp-json\/wp\/v2\/posts"}],"about":[{"href":"https:\/\/pagina10.com\/web\/wp-json\/wp\/v2\/types\/post"}],"author":[{"embeddable":true,"href":"https:\/\/pagina10.com\/web\/wp-json\/wp\/v2\/users\/1"}],"replies":[{"embeddable":true,"href":"https:\/\/pagina10.com\/web\/wp-json\/wp\/v2\/comments?post=59967"}],"version-history":[{"count":1,"href":"https:\/\/pagina10.com\/web\/wp-json\/wp\/v2\/posts\/59967\/revisions"}],"predecessor-version":[{"id":59969,"href":"https:\/\/pagina10.com\/web\/wp-json\/wp\/v2\/posts\/59967\/revisions\/59969"}],"wp:featuredmedia":[{"embeddable":true,"href":"https:\/\/pagina10.com\/web\/wp-json\/wp\/v2\/media\/59968"}],"wp:attachment":[{"href":"https:\/\/pagina10.com\/web\/wp-json\/wp\/v2\/media?parent=59967"}],"wp:term":[{"taxonomy":"category","embeddable":true,"href":"https:\/\/pagina10.com\/web\/wp-json\/wp\/v2\/categories?post=59967"},{"taxonomy":"post_tag","embeddable":true,"href":"https:\/\/pagina10.com\/web\/wp-json\/wp\/v2\/tags?post=59967"}],"curies":[{"name":"wp","href":"https:\/\/api.w.org\/{rel}","templated":true}]}}