{"id":59970,"date":"2022-06-21T18:47:41","date_gmt":"2022-06-21T23:47:41","guid":{"rendered":"https:\/\/pagina10.com\/web\/?p=59970"},"modified":"2022-06-21T18:47:41","modified_gmt":"2022-06-21T23:47:41","slug":"incautan-120-kilos-de-coca-pertenecientes-a-columna-del-eln","status":"publish","type":"post","link":"https:\/\/pagina10.com\/web\/incautan-120-kilos-de-coca-pertenecientes-a-columna-del-eln\/","title":{"rendered":"Incautan 120 kilos de coca pertenecientes a columna del Eln"},"content":{"rendered":"<p style=\"text-align: justify;\">Los estupefacientes que pertenecer\u00edan a la compa\u00f1\u00eda Jos\u00e9 Luis Cabrera R\u00faales del Eln fueron ubicados en un terreno bald\u00edo en el municipio de Ipiales. All\u00ed, los guerrilleros al percatarse de la presencia de las unidades del Ej\u00e9rcito y la Polic\u00eda Nacional abandonaron los paquetes y posteriormente emprendieron la huida.<\/p>\n<p style=\"text-align: justify;\">Fuentes de inteligencia, pudieron establecer que este alcaloide iba a ser comercializado en el pa\u00eds de Ecuador y con el dinero producto de la venta del estupefaciente se obtendr\u00eda material de guerra para atentar contra la Fuerza P\u00fablica y fortalecer la capacidad log\u00edstica de este grupo armado organizado al margen de la Ley.<\/p>\n<p style=\"text-align: justify;\">Tras el operativo, el material incautado fue puesto a disposici\u00f3n de las autoridades competentes, para realizar su respectiva judicializaci\u00f3n. Entre tanto, los operativos contin\u00faan en el sitio con el fin de identificar a las personas que portaban dichos estupefacientes.<\/p>\n","protected":false},"excerpt":{"rendered":"<p>Los estupefacientes que pertenecer\u00edan a la compa\u00f1\u00eda Jos\u00e9 Luis Cabrera R\u00faales del Eln fueron ubicados en un terreno bald\u00edo en el municipio de Ipiales. All\u00ed, los guerrilleros al percatarse de la presencia de las unidades del Ej\u00e9rcito y la Polic\u00eda Nacional abandonaron los paquetes y posteriormente emprendieron la huida. Fuentes de inteligencia, pudieron establecer que [&hellip;]<\/p>\n","protected":false},"author":1,"featured_media":59971,"comment_status":"open","ping_status":"open","sticky":false,"template":"","format":"standard","meta":{"footnotes":""},"categories":[61],"tags":[],"class_list":["post-59970","post","type-post","status-publish","format-standard","has-post-thumbnail","hentry","category-judicial"],"yoast_head":"<!-- This site is optimized with the Yoast SEO plugin v27.1.1 - https:\/\/yoast.com\/product\/yoast-seo-wordpress\/ -->\n<title>Incautan 120 kilos de coca pertenecientes a columna del Eln | P\u00e1gina10<\/title>\n<meta name=\"robots\" content=\"index, follow, max-snippet:-1, max-image-preview:large, max-video-preview:-1\" \/>\n<link rel=\"canonical\" href=\"https:\/\/pagina10.com\/web\/incautan-120-kilos-de-coca-pertenecientes-a-columna-del-eln\/\" \/>\n<meta property=\"og:locale\" content=\"es_ES\" \/>\n<meta property=\"og:type\" content=\"article\" \/>\n<meta property=\"og:title\" content=\"Incautan 120 kilos de coca pertenecientes a columna del Eln | P\u00e1gina10\" \/>\n<meta property=\"og:description\" content=\"Los estupefacientes que pertenecer\u00edan a la compa\u00f1\u00eda Jos\u00e9 Luis Cabrera R\u00faales del Eln fueron ubicados en un terreno bald\u00edo en el municipio de Ipiales. All\u00ed, los guerrilleros al percatarse de la presencia de las unidades del Ej\u00e9rcito y la Polic\u00eda Nacional abandonaron los paquetes y posteriormente emprendieron la huida. Fuentes de inteligencia, pudieron establecer que [&hellip;]\" \/>\n<meta property=\"og:url\" content=\"https:\/\/pagina10.com\/web\/incautan-120-kilos-de-coca-pertenecientes-a-columna-del-eln\/\" \/>\n<meta property=\"og:site_name\" content=\"P\u00e1gina10\" \/>\n<meta property=\"article:publisher\" content=\"https:\/\/www.facebook.com\/pag10com\" \/>\n<meta property=\"article:published_time\" content=\"2022-06-21T23:47:41+00:00\" \/>\n<meta property=\"og:image\" content=\"https:\/\/pagina10.com\/web\/wp-content\/uploads\/2022\/06\/WhatsApp-Image-2022-06-15-at-3.06.54-PM.jpeg\" \/>\n\t<meta property=\"og:image:width\" content=\"556\" \/>\n\t<meta property=\"og:image:height\" content=\"488\" \/>\n\t<meta property=\"og:image:type\" content=\"image\/jpeg\" \/>\n<meta name=\"author\" content=\"P\u00e1gina 10\" \/>\n<meta name=\"twitter:card\" content=\"summary_large_image\" \/>\n<meta name=\"twitter:creator\" content=\"@Pag10com\" \/>\n<meta name=\"twitter:site\" content=\"@Pag10com\" \/>\n<meta name=\"twitter:label1\" content=\"Escrito por\" \/>\n\t<meta name=\"twitter:data1\" content=\"P\u00e1gina 10\" \/>\n\t<meta name=\"twitter:label2\" content=\"Tiempo de lectura\" \/>\n\t<meta name=\"twitter:data2\" content=\"1 minuto\" \/>\n<script type=\"application\/ld+json\" class=\"yoast-schema-graph\">{\"@context\":\"https:\/\/schema.org\",\"@graph\":[{\"@type\":\"Article\",\"@id\":\"https:\/\/pagina10.com\/web\/incautan-120-kilos-de-coca-pertenecientes-a-columna-del-eln\/#article\",\"isPartOf\":{\"@id\":\"https:\/\/pagina10.com\/web\/incautan-120-kilos-de-coca-pertenecientes-a-columna-del-eln\/\"},\"author\":{\"name\":\"P\u00e1gina 10\",\"@id\":\"https:\/\/pagina10.com\/web\/#\/schema\/person\/2efc4a090d25b667d3bc796798a3a81b\"},\"headline\":\"Incautan 120 kilos de coca pertenecientes a columna del Eln\",\"datePublished\":\"2022-06-21T23:47:41+00:00\",\"mainEntityOfPage\":{\"@id\":\"https:\/\/pagina10.com\/web\/incautan-120-kilos-de-coca-pertenecientes-a-columna-del-eln\/\"},\"wordCount\":163,\"commentCount\":0,\"publisher\":{\"@id\":\"https:\/\/pagina10.com\/web\/#organization\"},\"image\":{\"@id\":\"https:\/\/pagina10.com\/web\/incautan-120-kilos-de-coca-pertenecientes-a-columna-del-eln\/#primaryimage\"},\"thumbnailUrl\":\"https:\/\/pagina10.com\/web\/wp-content\/uploads\/2022\/06\/WhatsApp-Image-2022-06-15-at-3.06.54-PM.jpeg\",\"articleSection\":[\"Judicial\"],\"inLanguage\":\"es\",\"potentialAction\":[{\"@type\":\"CommentAction\",\"name\":\"Comment\",\"target\":[\"https:\/\/pagina10.com\/web\/incautan-120-kilos-de-coca-pertenecientes-a-columna-del-eln\/#respond\"]}]},{\"@type\":\"WebPage\",\"@id\":\"https:\/\/pagina10.com\/web\/incautan-120-kilos-de-coca-pertenecientes-a-columna-del-eln\/\",\"url\":\"https:\/\/pagina10.com\/web\/incautan-120-kilos-de-coca-pertenecientes-a-columna-del-eln\/\",\"name\":\"Incautan 120 kilos de coca pertenecientes a columna del Eln | P\u00e1gina10\",\"isPartOf\":{\"@id\":\"https:\/\/pagina10.com\/web\/#website\"},\"primaryImageOfPage\":{\"@id\":\"https:\/\/pagina10.com\/web\/incautan-120-kilos-de-coca-pertenecientes-a-columna-del-eln\/#primaryimage\"},\"image\":{\"@id\":\"https:\/\/pagina10.com\/web\/incautan-120-kilos-de-coca-pertenecientes-a-columna-del-eln\/#primaryimage\"},\"thumbnailUrl\":\"https:\/\/pagina10.com\/web\/wp-content\/uploads\/2022\/06\/WhatsApp-Image-2022-06-15-at-3.06.54-PM.jpeg\",\"datePublished\":\"2022-06-21T23:47:41+00:00\",\"breadcrumb\":{\"@id\":\"https:\/\/pagina10.com\/web\/incautan-120-kilos-de-coca-pertenecientes-a-columna-del-eln\/#breadcrumb\"},\"inLanguage\":\"es\",\"potentialAction\":[{\"@type\":\"ReadAction\",\"target\":[\"https:\/\/pagina10.com\/web\/incautan-120-kilos-de-coca-pertenecientes-a-columna-del-eln\/\"]}]},{\"@type\":\"ImageObject\",\"inLanguage\":\"es\",\"@id\":\"https:\/\/pagina10.com\/web\/incautan-120-kilos-de-coca-pertenecientes-a-columna-del-eln\/#primaryimage\",\"url\":\"https:\/\/pagina10.com\/web\/wp-content\/uploads\/2022\/06\/WhatsApp-Image-2022-06-15-at-3.06.54-PM.jpeg\",\"contentUrl\":\"https:\/\/pagina10.com\/web\/wp-content\/uploads\/2022\/06\/WhatsApp-Image-2022-06-15-at-3.06.54-PM.jpeg\",\"width\":556,\"height\":488},{\"@type\":\"BreadcrumbList\",\"@id\":\"https:\/\/pagina10.com\/web\/incautan-120-kilos-de-coca-pertenecientes-a-columna-del-eln\/#breadcrumb\",\"itemListElement\":[{\"@type\":\"ListItem\",\"position\":1,\"name\":\"Portada\",\"item\":\"https:\/\/pagina10.com\/web\/\"},{\"@type\":\"ListItem\",\"position\":2,\"name\":\"Incautan 120 kilos de coca pertenecientes a columna del Eln\"}]},{\"@type\":\"WebSite\",\"@id\":\"https:\/\/pagina10.com\/web\/#website\",\"url\":\"https:\/\/pagina10.com\/web\/\",\"name\":\"P\u00e1gina10\",\"description\":\"Peri\u00f3dico Regional\",\"publisher\":{\"@id\":\"https:\/\/pagina10.com\/web\/#organization\"},\"alternateName\":\"P\u00e1gina10 Peri\u00f3dico Regional\",\"potentialAction\":[{\"@type\":\"SearchAction\",\"target\":{\"@type\":\"EntryPoint\",\"urlTemplate\":\"https:\/\/pagina10.com\/web\/?s={search_term_string}\"},\"query-input\":{\"@type\":\"PropertyValueSpecification\",\"valueRequired\":true,\"valueName\":\"search_term_string\"}}],\"inLanguage\":\"es\"},{\"@type\":\"Organization\",\"@id\":\"https:\/\/pagina10.com\/web\/#organization\",\"name\":\"P\u00e1gina10\",\"alternateName\":\"P\u00e1gina10 Peri\u00f3dico Regional\",\"url\":\"https:\/\/pagina10.com\/web\/\",\"logo\":{\"@type\":\"ImageObject\",\"inLanguage\":\"es\",\"@id\":\"https:\/\/pagina10.com\/web\/#\/schema\/logo\/image\/\",\"url\":\"https:\/\/pagina10.com\/web\/wp-content\/uploads\/2024\/01\/40-pagina-10-periodico-regional-pasto.jpg\",\"contentUrl\":\"https:\/\/pagina10.com\/web\/wp-content\/uploads\/2024\/01\/40-pagina-10-periodico-regional-pasto.jpg\",\"width\":1280,\"height\":720,\"caption\":\"P\u00e1gina10\"},\"image\":{\"@id\":\"https:\/\/pagina10.com\/web\/#\/schema\/logo\/image\/\"},\"sameAs\":[\"https:\/\/www.facebook.com\/pag10com\",\"https:\/\/x.com\/Pag10com\",\"https:\/\/www.instagram.com\/pagina10col\/\",\"https:\/\/youtube.com\/channel\/pag10\",\"https:\/\/www.tiktok.com\/@p10col\"]},{\"@type\":\"Person\",\"@id\":\"https:\/\/pagina10.com\/web\/#\/schema\/person\/2efc4a090d25b667d3bc796798a3a81b\",\"name\":\"P\u00e1gina 10\",\"description\":\"P\u00e1gina 10 es un peri\u00f3dico regional que nace en Colombia, en el departamento de Nari\u00f1o, con un enfoque global, fundamentado en cuatro pilares esenciales: la libertad, el pluralismo, la inclusi\u00f3n y la independencia. P\u00e1gina 10 hace referencia a Nari\u00f1o como el d\u00e9cimo departamento creado en Colombia, despu\u00e9s de un proceso pol\u00edtico liderado por actores y actrices regionales con el fin de obtener la independencia y autonom\u00eda de nuestros territorios. Con la creaci\u00f3n de P\u00e1gina 10 se pretende abrir un escenario para el dialogo, la reflexi\u00f3n y el debate que se extienda a otras geograf\u00edas de Am\u00e9rica Latina y del planeta, en una apuesta por transformar colectivamente los desaf\u00edos de un mundo contempor\u00e1neo, m\u00e1s all\u00e1 de las fronteras impuestas.\",\"url\":\"https:\/\/pagina10.com\/web\/author\/pdiezadmin\/\"}]}<\/script>\n<!-- \/ Yoast SEO plugin. -->","yoast_head_json":{"title":"Incautan 120 kilos de coca pertenecientes a columna del Eln | P\u00e1gina10","robots":{"index":"index","follow":"follow","max-snippet":"max-snippet:-1","max-image-preview":"max-image-preview:large","max-video-preview":"max-video-preview:-1"},"canonical":"https:\/\/pagina10.com\/web\/incautan-120-kilos-de-coca-pertenecientes-a-columna-del-eln\/","og_locale":"es_ES","og_type":"article","og_title":"Incautan 120 kilos de coca pertenecientes a columna del Eln | P\u00e1gina10","og_description":"Los estupefacientes que pertenecer\u00edan a la compa\u00f1\u00eda Jos\u00e9 Luis Cabrera R\u00faales del Eln fueron ubicados en un terreno bald\u00edo en el municipio de Ipiales. All\u00ed, los guerrilleros al percatarse de la presencia de las unidades del Ej\u00e9rcito y la Polic\u00eda Nacional abandonaron los paquetes y posteriormente emprendieron la huida. Fuentes de inteligencia, pudieron establecer que [&hellip;]","og_url":"https:\/\/pagina10.com\/web\/incautan-120-kilos-de-coca-pertenecientes-a-columna-del-eln\/","og_site_name":"P\u00e1gina10","article_publisher":"https:\/\/www.facebook.com\/pag10com","article_published_time":"2022-06-21T23:47:41+00:00","og_image":[{"width":556,"height":488,"url":"https:\/\/pagina10.com\/web\/wp-content\/uploads\/2022\/06\/WhatsApp-Image-2022-06-15-at-3.06.54-PM.jpeg","type":"image\/jpeg"}],"author":"P\u00e1gina 10","twitter_card":"summary_large_image","twitter_creator":"@Pag10com","twitter_site":"@Pag10com","twitter_misc":{"Escrito por":"P\u00e1gina 10","Tiempo de lectura":"1 minuto"},"schema":{"@context":"https:\/\/schema.org","@graph":[{"@type":"Article","@id":"https:\/\/pagina10.com\/web\/incautan-120-kilos-de-coca-pertenecientes-a-columna-del-eln\/#article","isPartOf":{"@id":"https:\/\/pagina10.com\/web\/incautan-120-kilos-de-coca-pertenecientes-a-columna-del-eln\/"},"author":{"name":"P\u00e1gina 10","@id":"https:\/\/pagina10.com\/web\/#\/schema\/person\/2efc4a090d25b667d3bc796798a3a81b"},"headline":"Incautan 120 kilos de coca pertenecientes a columna del Eln","datePublished":"2022-06-21T23:47:41+00:00","mainEntityOfPage":{"@id":"https:\/\/pagina10.com\/web\/incautan-120-kilos-de-coca-pertenecientes-a-columna-del-eln\/"},"wordCount":163,"commentCount":0,"publisher":{"@id":"https:\/\/pagina10.com\/web\/#organization"},"image":{"@id":"https:\/\/pagina10.com\/web\/incautan-120-kilos-de-coca-pertenecientes-a-columna-del-eln\/#primaryimage"},"thumbnailUrl":"https:\/\/pagina10.com\/web\/wp-content\/uploads\/2022\/06\/WhatsApp-Image-2022-06-15-at-3.06.54-PM.jpeg","articleSection":["Judicial"],"inLanguage":"es","potentialAction":[{"@type":"CommentAction","name":"Comment","target":["https:\/\/pagina10.com\/web\/incautan-120-kilos-de-coca-pertenecientes-a-columna-del-eln\/#respond"]}]},{"@type":"WebPage","@id":"https:\/\/pagina10.com\/web\/incautan-120-kilos-de-coca-pertenecientes-a-columna-del-eln\/","url":"https:\/\/pagina10.com\/web\/incautan-120-kilos-de-coca-pertenecientes-a-columna-del-eln\/","name":"Incautan 120 kilos de coca pertenecientes a columna del Eln | P\u00e1gina10","isPartOf":{"@id":"https:\/\/pagina10.com\/web\/#website"},"primaryImageOfPage":{"@id":"https:\/\/pagina10.com\/web\/incautan-120-kilos-de-coca-pertenecientes-a-columna-del-eln\/#primaryimage"},"image":{"@id":"https:\/\/pagina10.com\/web\/incautan-120-kilos-de-coca-pertenecientes-a-columna-del-eln\/#primaryimage"},"thumbnailUrl":"https:\/\/pagina10.com\/web\/wp-content\/uploads\/2022\/06\/WhatsApp-Image-2022-06-15-at-3.06.54-PM.jpeg","datePublished":"2022-06-21T23:47:41+00:00","breadcrumb":{"@id":"https:\/\/pagina10.com\/web\/incautan-120-kilos-de-coca-pertenecientes-a-columna-del-eln\/#breadcrumb"},"inLanguage":"es","potentialAction":[{"@type":"ReadAction","target":["https:\/\/pagina10.com\/web\/incautan-120-kilos-de-coca-pertenecientes-a-columna-del-eln\/"]}]},{"@type":"ImageObject","inLanguage":"es","@id":"https:\/\/pagina10.com\/web\/incautan-120-kilos-de-coca-pertenecientes-a-columna-del-eln\/#primaryimage","url":"https:\/\/pagina10.com\/web\/wp-content\/uploads\/2022\/06\/WhatsApp-Image-2022-06-15-at-3.06.54-PM.jpeg","contentUrl":"https:\/\/pagina10.com\/web\/wp-content\/uploads\/2022\/06\/WhatsApp-Image-2022-06-15-at-3.06.54-PM.jpeg","width":556,"height":488},{"@type":"BreadcrumbList","@id":"https:\/\/pagina10.com\/web\/incautan-120-kilos-de-coca-pertenecientes-a-columna-del-eln\/#breadcrumb","itemListElement":[{"@type":"ListItem","position":1,"name":"Portada","item":"https:\/\/pagina10.com\/web\/"},{"@type":"ListItem","position":2,"name":"Incautan 120 kilos de coca pertenecientes a columna del Eln"}]},{"@type":"WebSite","@id":"https:\/\/pagina10.com\/web\/#website","url":"https:\/\/pagina10.com\/web\/","name":"P\u00e1gina10","description":"Peri\u00f3dico Regional","publisher":{"@id":"https:\/\/pagina10.com\/web\/#organization"},"alternateName":"P\u00e1gina10 Peri\u00f3dico Regional","potentialAction":[{"@type":"SearchAction","target":{"@type":"EntryPoint","urlTemplate":"https:\/\/pagina10.com\/web\/?s={search_term_string}"},"query-input":{"@type":"PropertyValueSpecification","valueRequired":true,"valueName":"search_term_string"}}],"inLanguage":"es"},{"@type":"Organization","@id":"https:\/\/pagina10.com\/web\/#organization","name":"P\u00e1gina10","alternateName":"P\u00e1gina10 Peri\u00f3dico Regional","url":"https:\/\/pagina10.com\/web\/","logo":{"@type":"ImageObject","inLanguage":"es","@id":"https:\/\/pagina10.com\/web\/#\/schema\/logo\/image\/","url":"https:\/\/pagina10.com\/web\/wp-content\/uploads\/2024\/01\/40-pagina-10-periodico-regional-pasto.jpg","contentUrl":"https:\/\/pagina10.com\/web\/wp-content\/uploads\/2024\/01\/40-pagina-10-periodico-regional-pasto.jpg","width":1280,"height":720,"caption":"P\u00e1gina10"},"image":{"@id":"https:\/\/pagina10.com\/web\/#\/schema\/logo\/image\/"},"sameAs":["https:\/\/www.facebook.com\/pag10com","https:\/\/x.com\/Pag10com","https:\/\/www.instagram.com\/pagina10col\/","https:\/\/youtube.com\/channel\/pag10","https:\/\/www.tiktok.com\/@p10col"]},{"@type":"Person","@id":"https:\/\/pagina10.com\/web\/#\/schema\/person\/2efc4a090d25b667d3bc796798a3a81b","name":"P\u00e1gina 10","description":"P\u00e1gina 10 es un peri\u00f3dico regional que nace en Colombia, en el departamento de Nari\u00f1o, con un enfoque global, fundamentado en cuatro pilares esenciales: la libertad, el pluralismo, la inclusi\u00f3n y la independencia. P\u00e1gina 10 hace referencia a Nari\u00f1o como el d\u00e9cimo departamento creado en Colombia, despu\u00e9s de un proceso pol\u00edtico liderado por actores y actrices regionales con el fin de obtener la independencia y autonom\u00eda de nuestros territorios. Con la creaci\u00f3n de P\u00e1gina 10 se pretende abrir un escenario para el dialogo, la reflexi\u00f3n y el debate que se extienda a otras geograf\u00edas de Am\u00e9rica Latina y del planeta, en una apuesta por transformar colectivamente los desaf\u00edos de un mundo contempor\u00e1neo, m\u00e1s all\u00e1 de las fronteras impuestas.","url":"https:\/\/pagina10.com\/web\/author\/pdiezadmin\/"}]}},"_links":{"self":[{"href":"https:\/\/pagina10.com\/web\/wp-json\/wp\/v2\/posts\/59970","targetHints":{"allow":["GET"]}}],"collection":[{"href":"https:\/\/pagina10.com\/web\/wp-json\/wp\/v2\/posts"}],"about":[{"href":"https:\/\/pagina10.com\/web\/wp-json\/wp\/v2\/types\/post"}],"author":[{"embeddable":true,"href":"https:\/\/pagina10.com\/web\/wp-json\/wp\/v2\/users\/1"}],"replies":[{"embeddable":true,"href":"https:\/\/pagina10.com\/web\/wp-json\/wp\/v2\/comments?post=59970"}],"version-history":[{"count":1,"href":"https:\/\/pagina10.com\/web\/wp-json\/wp\/v2\/posts\/59970\/revisions"}],"predecessor-version":[{"id":59972,"href":"https:\/\/pagina10.com\/web\/wp-json\/wp\/v2\/posts\/59970\/revisions\/59972"}],"wp:featuredmedia":[{"embeddable":true,"href":"https:\/\/pagina10.com\/web\/wp-json\/wp\/v2\/media\/59971"}],"wp:attachment":[{"href":"https:\/\/pagina10.com\/web\/wp-json\/wp\/v2\/media?parent=59970"}],"wp:term":[{"taxonomy":"category","embeddable":true,"href":"https:\/\/pagina10.com\/web\/wp-json\/wp\/v2\/categories?post=59970"},{"taxonomy":"post_tag","embeddable":true,"href":"https:\/\/pagina10.com\/web\/wp-json\/wp\/v2\/tags?post=59970"}],"curies":[{"name":"wp","href":"https:\/\/api.w.org\/{rel}","templated":true}]}}