{"id":59998,"date":"2022-06-22T14:40:39","date_gmt":"2022-06-22T19:40:39","guid":{"rendered":"https:\/\/pagina10.com\/web\/?p=59998"},"modified":"2022-06-22T14:40:39","modified_gmt":"2022-06-22T19:40:39","slug":"gobierno-levantara-emergencia-sanitaria-por-covid-19-a-partir-del-30-de-junio","status":"publish","type":"post","link":"https:\/\/pagina10.com\/web\/gobierno-levantara-emergencia-sanitaria-por-covid-19-a-partir-del-30-de-junio\/","title":{"rendered":"Gobierno levantar\u00e1 emergencia sanitaria por covid-19 a partir del 30 de junio"},"content":{"rendered":"<p style=\"text-align: justify;\">El Presidente Iv\u00e1n Duque anunci\u00f3 este martes, desde la Casa de Nari\u00f1o, que el Gobierno Nacional levanta, a partir del 30 de junio pr\u00f3ximo, la Emergencia Sanitaria decretada por el Gobierno Nacional para enfrentar la pandemia por covid-19 en el territorio nacional.<\/p>\n<p style=\"text-align: justify;\">\u201cDespu\u00e9s de dialogar con el Ministro (de Salud), Fernando Ruiz, despu\u00e9s de haber hablado con el comit\u00e9 epidemiol\u00f3gico, podemos decir que el pr\u00f3ximo 30 de junio se levanta la Emergencia Sanitaria en Colombia. No existen ya razones epidemiol\u00f3gicas, analizadas cient\u00edficamente por el Comit\u00e9, para mantener la Emergencia Sanitaria m\u00e1s all\u00e1 de esa fecha\u201d, dijo el Jefe de Estado.<\/p>\n<p style=\"text-align: justify;\">El ministerio de salud destac\u00f3 que gracias a las acciones tomadas por el gobierno con el fin de enfrentar la propagaci\u00f3n del covid-19, se logr\u00f3 que m\u00e1s del 83% de los colombianos tenga, al menos, una dosis de vacunas y que m\u00e1s del 70% de la poblaci\u00f3n cuente con el esquema de inmunizaci\u00f3n completo. Adem\u00e1s, cerca del 36% de habitantes han recibido el primer refuerzo y el 5% est\u00e1 con un segundo refuerzo.<\/p>\n<p style=\"text-align: justify;\">As\u00ed mismo, el ministerio aclar\u00f3 que si bien se levanta la emergencia sanitaria, se deben mantener los cuidados y protocolos de bioseguridad debido a que la pandemia a\u00fan no termina y precis\u00f3 que en promedio, se siguen registrando tres muertes al d\u00eda a consecuencia del covid-19.<\/p>\n","protected":false},"excerpt":{"rendered":"<p>El Presidente Iv\u00e1n Duque anunci\u00f3 este martes, desde la Casa de Nari\u00f1o, que el Gobierno Nacional levanta, a partir del 30 de junio pr\u00f3ximo, la Emergencia Sanitaria decretada por el Gobierno Nacional para enfrentar la pandemia por covid-19 en el territorio nacional. \u201cDespu\u00e9s de dialogar con el Ministro (de Salud), Fernando Ruiz, despu\u00e9s de haber [&hellip;]<\/p>\n","protected":false},"author":1,"featured_media":59999,"comment_status":"open","ping_status":"open","sticky":false,"template":"","format":"standard","meta":{"footnotes":""},"categories":[24],"tags":[],"class_list":["post-59998","post","type-post","status-publish","format-standard","has-post-thumbnail","hentry","category-nacional"],"yoast_head":"<!-- This site is optimized with the Yoast SEO plugin v27.1.1 - https:\/\/yoast.com\/product\/yoast-seo-wordpress\/ -->\n<title>Gobierno levantar\u00e1 emergencia sanitaria por covid-19 a partir del 30 de junio | P\u00e1gina10<\/title>\n<meta name=\"robots\" content=\"index, follow, max-snippet:-1, max-image-preview:large, max-video-preview:-1\" \/>\n<link rel=\"canonical\" href=\"https:\/\/pagina10.com\/web\/gobierno-levantara-emergencia-sanitaria-por-covid-19-a-partir-del-30-de-junio\/\" \/>\n<meta property=\"og:locale\" content=\"es_ES\" \/>\n<meta property=\"og:type\" content=\"article\" \/>\n<meta property=\"og:title\" content=\"Gobierno levantar\u00e1 emergencia sanitaria por covid-19 a partir del 30 de junio | P\u00e1gina10\" \/>\n<meta property=\"og:description\" content=\"El Presidente Iv\u00e1n Duque anunci\u00f3 este martes, desde la Casa de Nari\u00f1o, que el Gobierno Nacional levanta, a partir del 30 de junio pr\u00f3ximo, la Emergencia Sanitaria decretada por el Gobierno Nacional para enfrentar la pandemia por covid-19 en el territorio nacional. \u201cDespu\u00e9s de dialogar con el Ministro (de Salud), Fernando Ruiz, despu\u00e9s de haber [&hellip;]\" \/>\n<meta property=\"og:url\" content=\"https:\/\/pagina10.com\/web\/gobierno-levantara-emergencia-sanitaria-por-covid-19-a-partir-del-30-de-junio\/\" \/>\n<meta property=\"og:site_name\" content=\"P\u00e1gina10\" \/>\n<meta property=\"article:publisher\" content=\"https:\/\/www.facebook.com\/pag10com\" \/>\n<meta property=\"article:published_time\" content=\"2022-06-22T19:40:39+00:00\" \/>\n<meta property=\"og:image\" content=\"https:\/\/pagina10.com\/web\/wp-content\/uploads\/2022\/06\/ivan-duque-en-su-mensaje-de-ano-nuevo.jpg\" \/>\n\t<meta property=\"og:image:width\" content=\"1280\" \/>\n\t<meta property=\"og:image:height\" content=\"560\" \/>\n\t<meta property=\"og:image:type\" content=\"image\/jpeg\" \/>\n<meta name=\"author\" content=\"P\u00e1gina 10\" \/>\n<meta name=\"twitter:card\" content=\"summary_large_image\" \/>\n<meta name=\"twitter:creator\" content=\"@Pag10com\" \/>\n<meta name=\"twitter:site\" content=\"@Pag10com\" \/>\n<meta name=\"twitter:label1\" content=\"Escrito por\" \/>\n\t<meta name=\"twitter:data1\" content=\"P\u00e1gina 10\" \/>\n\t<meta name=\"twitter:label2\" content=\"Tiempo de lectura\" \/>\n\t<meta name=\"twitter:data2\" content=\"1 minuto\" \/>\n<script type=\"application\/ld+json\" class=\"yoast-schema-graph\">{\"@context\":\"https:\/\/schema.org\",\"@graph\":[{\"@type\":\"Article\",\"@id\":\"https:\/\/pagina10.com\/web\/gobierno-levantara-emergencia-sanitaria-por-covid-19-a-partir-del-30-de-junio\/#article\",\"isPartOf\":{\"@id\":\"https:\/\/pagina10.com\/web\/gobierno-levantara-emergencia-sanitaria-por-covid-19-a-partir-del-30-de-junio\/\"},\"author\":{\"name\":\"P\u00e1gina 10\",\"@id\":\"https:\/\/pagina10.com\/web\/#\/schema\/person\/2efc4a090d25b667d3bc796798a3a81b\"},\"headline\":\"Gobierno levantar\u00e1 emergencia sanitaria por covid-19 a partir del 30 de junio\",\"datePublished\":\"2022-06-22T19:40:39+00:00\",\"mainEntityOfPage\":{\"@id\":\"https:\/\/pagina10.com\/web\/gobierno-levantara-emergencia-sanitaria-por-covid-19-a-partir-del-30-de-junio\/\"},\"wordCount\":242,\"commentCount\":0,\"publisher\":{\"@id\":\"https:\/\/pagina10.com\/web\/#organization\"},\"image\":{\"@id\":\"https:\/\/pagina10.com\/web\/gobierno-levantara-emergencia-sanitaria-por-covid-19-a-partir-del-30-de-junio\/#primaryimage\"},\"thumbnailUrl\":\"https:\/\/pagina10.com\/web\/wp-content\/uploads\/2022\/06\/ivan-duque-en-su-mensaje-de-ano-nuevo.jpg\",\"articleSection\":[\"Nacional\"],\"inLanguage\":\"es\",\"potentialAction\":[{\"@type\":\"CommentAction\",\"name\":\"Comment\",\"target\":[\"https:\/\/pagina10.com\/web\/gobierno-levantara-emergencia-sanitaria-por-covid-19-a-partir-del-30-de-junio\/#respond\"]}]},{\"@type\":\"WebPage\",\"@id\":\"https:\/\/pagina10.com\/web\/gobierno-levantara-emergencia-sanitaria-por-covid-19-a-partir-del-30-de-junio\/\",\"url\":\"https:\/\/pagina10.com\/web\/gobierno-levantara-emergencia-sanitaria-por-covid-19-a-partir-del-30-de-junio\/\",\"name\":\"Gobierno levantar\u00e1 emergencia sanitaria por covid-19 a partir del 30 de junio | P\u00e1gina10\",\"isPartOf\":{\"@id\":\"https:\/\/pagina10.com\/web\/#website\"},\"primaryImageOfPage\":{\"@id\":\"https:\/\/pagina10.com\/web\/gobierno-levantara-emergencia-sanitaria-por-covid-19-a-partir-del-30-de-junio\/#primaryimage\"},\"image\":{\"@id\":\"https:\/\/pagina10.com\/web\/gobierno-levantara-emergencia-sanitaria-por-covid-19-a-partir-del-30-de-junio\/#primaryimage\"},\"thumbnailUrl\":\"https:\/\/pagina10.com\/web\/wp-content\/uploads\/2022\/06\/ivan-duque-en-su-mensaje-de-ano-nuevo.jpg\",\"datePublished\":\"2022-06-22T19:40:39+00:00\",\"breadcrumb\":{\"@id\":\"https:\/\/pagina10.com\/web\/gobierno-levantara-emergencia-sanitaria-por-covid-19-a-partir-del-30-de-junio\/#breadcrumb\"},\"inLanguage\":\"es\",\"potentialAction\":[{\"@type\":\"ReadAction\",\"target\":[\"https:\/\/pagina10.com\/web\/gobierno-levantara-emergencia-sanitaria-por-covid-19-a-partir-del-30-de-junio\/\"]}]},{\"@type\":\"ImageObject\",\"inLanguage\":\"es\",\"@id\":\"https:\/\/pagina10.com\/web\/gobierno-levantara-emergencia-sanitaria-por-covid-19-a-partir-del-30-de-junio\/#primaryimage\",\"url\":\"https:\/\/pagina10.com\/web\/wp-content\/uploads\/2022\/06\/ivan-duque-en-su-mensaje-de-ano-nuevo.jpg\",\"contentUrl\":\"https:\/\/pagina10.com\/web\/wp-content\/uploads\/2022\/06\/ivan-duque-en-su-mensaje-de-ano-nuevo.jpg\",\"width\":1280,\"height\":560,\"caption\":\"Saludo de A\u00f1o Nuevo del Presidente Iv\u00e1n Duque a los colombianos\"},{\"@type\":\"BreadcrumbList\",\"@id\":\"https:\/\/pagina10.com\/web\/gobierno-levantara-emergencia-sanitaria-por-covid-19-a-partir-del-30-de-junio\/#breadcrumb\",\"itemListElement\":[{\"@type\":\"ListItem\",\"position\":1,\"name\":\"Portada\",\"item\":\"https:\/\/pagina10.com\/web\/\"},{\"@type\":\"ListItem\",\"position\":2,\"name\":\"Gobierno levantar\u00e1 emergencia sanitaria por covid-19 a partir del 30 de junio\"}]},{\"@type\":\"WebSite\",\"@id\":\"https:\/\/pagina10.com\/web\/#website\",\"url\":\"https:\/\/pagina10.com\/web\/\",\"name\":\"P\u00e1gina10\",\"description\":\"Peri\u00f3dico Regional\",\"publisher\":{\"@id\":\"https:\/\/pagina10.com\/web\/#organization\"},\"alternateName\":\"P\u00e1gina10 Peri\u00f3dico Regional\",\"potentialAction\":[{\"@type\":\"SearchAction\",\"target\":{\"@type\":\"EntryPoint\",\"urlTemplate\":\"https:\/\/pagina10.com\/web\/?s={search_term_string}\"},\"query-input\":{\"@type\":\"PropertyValueSpecification\",\"valueRequired\":true,\"valueName\":\"search_term_string\"}}],\"inLanguage\":\"es\"},{\"@type\":\"Organization\",\"@id\":\"https:\/\/pagina10.com\/web\/#organization\",\"name\":\"P\u00e1gina10\",\"alternateName\":\"P\u00e1gina10 Peri\u00f3dico Regional\",\"url\":\"https:\/\/pagina10.com\/web\/\",\"logo\":{\"@type\":\"ImageObject\",\"inLanguage\":\"es\",\"@id\":\"https:\/\/pagina10.com\/web\/#\/schema\/logo\/image\/\",\"url\":\"https:\/\/pagina10.com\/web\/wp-content\/uploads\/2024\/01\/40-pagina-10-periodico-regional-pasto.jpg\",\"contentUrl\":\"https:\/\/pagina10.com\/web\/wp-content\/uploads\/2024\/01\/40-pagina-10-periodico-regional-pasto.jpg\",\"width\":1280,\"height\":720,\"caption\":\"P\u00e1gina10\"},\"image\":{\"@id\":\"https:\/\/pagina10.com\/web\/#\/schema\/logo\/image\/\"},\"sameAs\":[\"https:\/\/www.facebook.com\/pag10com\",\"https:\/\/x.com\/Pag10com\",\"https:\/\/www.instagram.com\/pagina10col\/\",\"https:\/\/youtube.com\/channel\/pag10\",\"https:\/\/www.tiktok.com\/@p10col\"]},{\"@type\":\"Person\",\"@id\":\"https:\/\/pagina10.com\/web\/#\/schema\/person\/2efc4a090d25b667d3bc796798a3a81b\",\"name\":\"P\u00e1gina 10\",\"description\":\"P\u00e1gina 10 es un peri\u00f3dico regional que nace en Colombia, en el departamento de Nari\u00f1o, con un enfoque global, fundamentado en cuatro pilares esenciales: la libertad, el pluralismo, la inclusi\u00f3n y la independencia. P\u00e1gina 10 hace referencia a Nari\u00f1o como el d\u00e9cimo departamento creado en Colombia, despu\u00e9s de un proceso pol\u00edtico liderado por actores y actrices regionales con el fin de obtener la independencia y autonom\u00eda de nuestros territorios. Con la creaci\u00f3n de P\u00e1gina 10 se pretende abrir un escenario para el dialogo, la reflexi\u00f3n y el debate que se extienda a otras geograf\u00edas de Am\u00e9rica Latina y del planeta, en una apuesta por transformar colectivamente los desaf\u00edos de un mundo contempor\u00e1neo, m\u00e1s all\u00e1 de las fronteras impuestas.\",\"url\":\"https:\/\/pagina10.com\/web\/author\/pdiezadmin\/\"}]}<\/script>\n<!-- \/ Yoast SEO plugin. -->","yoast_head_json":{"title":"Gobierno levantar\u00e1 emergencia sanitaria por covid-19 a partir del 30 de junio | P\u00e1gina10","robots":{"index":"index","follow":"follow","max-snippet":"max-snippet:-1","max-image-preview":"max-image-preview:large","max-video-preview":"max-video-preview:-1"},"canonical":"https:\/\/pagina10.com\/web\/gobierno-levantara-emergencia-sanitaria-por-covid-19-a-partir-del-30-de-junio\/","og_locale":"es_ES","og_type":"article","og_title":"Gobierno levantar\u00e1 emergencia sanitaria por covid-19 a partir del 30 de junio | P\u00e1gina10","og_description":"El Presidente Iv\u00e1n Duque anunci\u00f3 este martes, desde la Casa de Nari\u00f1o, que el Gobierno Nacional levanta, a partir del 30 de junio pr\u00f3ximo, la Emergencia Sanitaria decretada por el Gobierno Nacional para enfrentar la pandemia por covid-19 en el territorio nacional. \u201cDespu\u00e9s de dialogar con el Ministro (de Salud), Fernando Ruiz, despu\u00e9s de haber [&hellip;]","og_url":"https:\/\/pagina10.com\/web\/gobierno-levantara-emergencia-sanitaria-por-covid-19-a-partir-del-30-de-junio\/","og_site_name":"P\u00e1gina10","article_publisher":"https:\/\/www.facebook.com\/pag10com","article_published_time":"2022-06-22T19:40:39+00:00","og_image":[{"width":1280,"height":560,"url":"https:\/\/pagina10.com\/web\/wp-content\/uploads\/2022\/06\/ivan-duque-en-su-mensaje-de-ano-nuevo.jpg","type":"image\/jpeg"}],"author":"P\u00e1gina 10","twitter_card":"summary_large_image","twitter_creator":"@Pag10com","twitter_site":"@Pag10com","twitter_misc":{"Escrito por":"P\u00e1gina 10","Tiempo de lectura":"1 minuto"},"schema":{"@context":"https:\/\/schema.org","@graph":[{"@type":"Article","@id":"https:\/\/pagina10.com\/web\/gobierno-levantara-emergencia-sanitaria-por-covid-19-a-partir-del-30-de-junio\/#article","isPartOf":{"@id":"https:\/\/pagina10.com\/web\/gobierno-levantara-emergencia-sanitaria-por-covid-19-a-partir-del-30-de-junio\/"},"author":{"name":"P\u00e1gina 10","@id":"https:\/\/pagina10.com\/web\/#\/schema\/person\/2efc4a090d25b667d3bc796798a3a81b"},"headline":"Gobierno levantar\u00e1 emergencia sanitaria por covid-19 a partir del 30 de junio","datePublished":"2022-06-22T19:40:39+00:00","mainEntityOfPage":{"@id":"https:\/\/pagina10.com\/web\/gobierno-levantara-emergencia-sanitaria-por-covid-19-a-partir-del-30-de-junio\/"},"wordCount":242,"commentCount":0,"publisher":{"@id":"https:\/\/pagina10.com\/web\/#organization"},"image":{"@id":"https:\/\/pagina10.com\/web\/gobierno-levantara-emergencia-sanitaria-por-covid-19-a-partir-del-30-de-junio\/#primaryimage"},"thumbnailUrl":"https:\/\/pagina10.com\/web\/wp-content\/uploads\/2022\/06\/ivan-duque-en-su-mensaje-de-ano-nuevo.jpg","articleSection":["Nacional"],"inLanguage":"es","potentialAction":[{"@type":"CommentAction","name":"Comment","target":["https:\/\/pagina10.com\/web\/gobierno-levantara-emergencia-sanitaria-por-covid-19-a-partir-del-30-de-junio\/#respond"]}]},{"@type":"WebPage","@id":"https:\/\/pagina10.com\/web\/gobierno-levantara-emergencia-sanitaria-por-covid-19-a-partir-del-30-de-junio\/","url":"https:\/\/pagina10.com\/web\/gobierno-levantara-emergencia-sanitaria-por-covid-19-a-partir-del-30-de-junio\/","name":"Gobierno levantar\u00e1 emergencia sanitaria por covid-19 a partir del 30 de junio | P\u00e1gina10","isPartOf":{"@id":"https:\/\/pagina10.com\/web\/#website"},"primaryImageOfPage":{"@id":"https:\/\/pagina10.com\/web\/gobierno-levantara-emergencia-sanitaria-por-covid-19-a-partir-del-30-de-junio\/#primaryimage"},"image":{"@id":"https:\/\/pagina10.com\/web\/gobierno-levantara-emergencia-sanitaria-por-covid-19-a-partir-del-30-de-junio\/#primaryimage"},"thumbnailUrl":"https:\/\/pagina10.com\/web\/wp-content\/uploads\/2022\/06\/ivan-duque-en-su-mensaje-de-ano-nuevo.jpg","datePublished":"2022-06-22T19:40:39+00:00","breadcrumb":{"@id":"https:\/\/pagina10.com\/web\/gobierno-levantara-emergencia-sanitaria-por-covid-19-a-partir-del-30-de-junio\/#breadcrumb"},"inLanguage":"es","potentialAction":[{"@type":"ReadAction","target":["https:\/\/pagina10.com\/web\/gobierno-levantara-emergencia-sanitaria-por-covid-19-a-partir-del-30-de-junio\/"]}]},{"@type":"ImageObject","inLanguage":"es","@id":"https:\/\/pagina10.com\/web\/gobierno-levantara-emergencia-sanitaria-por-covid-19-a-partir-del-30-de-junio\/#primaryimage","url":"https:\/\/pagina10.com\/web\/wp-content\/uploads\/2022\/06\/ivan-duque-en-su-mensaje-de-ano-nuevo.jpg","contentUrl":"https:\/\/pagina10.com\/web\/wp-content\/uploads\/2022\/06\/ivan-duque-en-su-mensaje-de-ano-nuevo.jpg","width":1280,"height":560,"caption":"Saludo de A\u00f1o Nuevo del Presidente Iv\u00e1n Duque a los colombianos"},{"@type":"BreadcrumbList","@id":"https:\/\/pagina10.com\/web\/gobierno-levantara-emergencia-sanitaria-por-covid-19-a-partir-del-30-de-junio\/#breadcrumb","itemListElement":[{"@type":"ListItem","position":1,"name":"Portada","item":"https:\/\/pagina10.com\/web\/"},{"@type":"ListItem","position":2,"name":"Gobierno levantar\u00e1 emergencia sanitaria por covid-19 a partir del 30 de junio"}]},{"@type":"WebSite","@id":"https:\/\/pagina10.com\/web\/#website","url":"https:\/\/pagina10.com\/web\/","name":"P\u00e1gina10","description":"Peri\u00f3dico Regional","publisher":{"@id":"https:\/\/pagina10.com\/web\/#organization"},"alternateName":"P\u00e1gina10 Peri\u00f3dico Regional","potentialAction":[{"@type":"SearchAction","target":{"@type":"EntryPoint","urlTemplate":"https:\/\/pagina10.com\/web\/?s={search_term_string}"},"query-input":{"@type":"PropertyValueSpecification","valueRequired":true,"valueName":"search_term_string"}}],"inLanguage":"es"},{"@type":"Organization","@id":"https:\/\/pagina10.com\/web\/#organization","name":"P\u00e1gina10","alternateName":"P\u00e1gina10 Peri\u00f3dico Regional","url":"https:\/\/pagina10.com\/web\/","logo":{"@type":"ImageObject","inLanguage":"es","@id":"https:\/\/pagina10.com\/web\/#\/schema\/logo\/image\/","url":"https:\/\/pagina10.com\/web\/wp-content\/uploads\/2024\/01\/40-pagina-10-periodico-regional-pasto.jpg","contentUrl":"https:\/\/pagina10.com\/web\/wp-content\/uploads\/2024\/01\/40-pagina-10-periodico-regional-pasto.jpg","width":1280,"height":720,"caption":"P\u00e1gina10"},"image":{"@id":"https:\/\/pagina10.com\/web\/#\/schema\/logo\/image\/"},"sameAs":["https:\/\/www.facebook.com\/pag10com","https:\/\/x.com\/Pag10com","https:\/\/www.instagram.com\/pagina10col\/","https:\/\/youtube.com\/channel\/pag10","https:\/\/www.tiktok.com\/@p10col"]},{"@type":"Person","@id":"https:\/\/pagina10.com\/web\/#\/schema\/person\/2efc4a090d25b667d3bc796798a3a81b","name":"P\u00e1gina 10","description":"P\u00e1gina 10 es un peri\u00f3dico regional que nace en Colombia, en el departamento de Nari\u00f1o, con un enfoque global, fundamentado en cuatro pilares esenciales: la libertad, el pluralismo, la inclusi\u00f3n y la independencia. P\u00e1gina 10 hace referencia a Nari\u00f1o como el d\u00e9cimo departamento creado en Colombia, despu\u00e9s de un proceso pol\u00edtico liderado por actores y actrices regionales con el fin de obtener la independencia y autonom\u00eda de nuestros territorios. Con la creaci\u00f3n de P\u00e1gina 10 se pretende abrir un escenario para el dialogo, la reflexi\u00f3n y el debate que se extienda a otras geograf\u00edas de Am\u00e9rica Latina y del planeta, en una apuesta por transformar colectivamente los desaf\u00edos de un mundo contempor\u00e1neo, m\u00e1s all\u00e1 de las fronteras impuestas.","url":"https:\/\/pagina10.com\/web\/author\/pdiezadmin\/"}]}},"_links":{"self":[{"href":"https:\/\/pagina10.com\/web\/wp-json\/wp\/v2\/posts\/59998","targetHints":{"allow":["GET"]}}],"collection":[{"href":"https:\/\/pagina10.com\/web\/wp-json\/wp\/v2\/posts"}],"about":[{"href":"https:\/\/pagina10.com\/web\/wp-json\/wp\/v2\/types\/post"}],"author":[{"embeddable":true,"href":"https:\/\/pagina10.com\/web\/wp-json\/wp\/v2\/users\/1"}],"replies":[{"embeddable":true,"href":"https:\/\/pagina10.com\/web\/wp-json\/wp\/v2\/comments?post=59998"}],"version-history":[{"count":1,"href":"https:\/\/pagina10.com\/web\/wp-json\/wp\/v2\/posts\/59998\/revisions"}],"predecessor-version":[{"id":60000,"href":"https:\/\/pagina10.com\/web\/wp-json\/wp\/v2\/posts\/59998\/revisions\/60000"}],"wp:featuredmedia":[{"embeddable":true,"href":"https:\/\/pagina10.com\/web\/wp-json\/wp\/v2\/media\/59999"}],"wp:attachment":[{"href":"https:\/\/pagina10.com\/web\/wp-json\/wp\/v2\/media?parent=59998"}],"wp:term":[{"taxonomy":"category","embeddable":true,"href":"https:\/\/pagina10.com\/web\/wp-json\/wp\/v2\/categories?post=59998"},{"taxonomy":"post_tag","embeddable":true,"href":"https:\/\/pagina10.com\/web\/wp-json\/wp\/v2\/tags?post=59998"}],"curies":[{"name":"wp","href":"https:\/\/api.w.org\/{rel}","templated":true}]}}