{"id":60004,"date":"2022-06-22T19:21:39","date_gmt":"2022-06-23T00:21:39","guid":{"rendered":"https:\/\/pagina10.com\/web\/?p=60004"},"modified":"2022-06-22T19:21:39","modified_gmt":"2022-06-23T00:21:39","slug":"duque-y-petro-se-reuniran-manana-para-comenzar-proceso-de-empalme","status":"publish","type":"post","link":"https:\/\/pagina10.com\/web\/duque-y-petro-se-reuniran-manana-para-comenzar-proceso-de-empalme\/","title":{"rendered":"Duque y Petro se reunir\u00e1n ma\u00f1ana para comenzar proceso de empalme"},"content":{"rendered":"<p style=\"text-align: justify;\">\n<p style=\"text-align: justify;\">El encuentro entre los dirigentes se realizar\u00e1 a las 5:30 de la tarde en la Casa de Nari\u00f1o despu\u00e9s de que la Registradur\u00eda y el Consejo Nacional Electoral hagan entrega de la credencial que certifica al l\u00edder del Pacto Hist\u00f3rico, Gustavo Petro, como presidente electo y a Francia M\u00e1rquez como su f\u00f3rmula vicepresidencial.<\/p>\n<p style=\"text-align: justify;\">Despu\u00e9s de este primer acercamiento, el viernes se reunir\u00e1n los equipos de empalme. Por el lado del mandatario entrante fueron designados los funcionarios Daniel Rojas, jefe program\u00e1tico de la campa\u00f1a presidencial del Pacto Hist\u00f3rico; Mauricio Lizcano, expresidente del Congreso y Carolina Corcho, psiquiatra, para integrar la comisi\u00f3n de empalme.<\/p>\n<p style=\"text-align: justify;\">El equipo del presidente Duque estar\u00e1 conformado por el ministro de Hacienda, Jos\u00e9 Manuel Restrepo, Mar\u00eda Paula Correa, V\u00edctor Mu\u00f1oz y Alejandra Botero, directora del Departamento Nacional de Planeaci\u00f3n.<\/p>\n<p style=\"text-align: justify;\">Sobre este proceso, el presidente saliente indic\u00f3 que \u201ctodos los documentos e informes de gesti\u00f3n los vamos a hacer p\u00fablicos, y en la medida que se vayan adelantando las mesas t\u00e9cnicas de empalmes, tambi\u00e9n las haremos p\u00fablicas. Yo quiero que el pueblo colombiano vea con claridad lo que se est\u00e1 entregando\u201d.<\/p>\n","protected":false},"excerpt":{"rendered":"<p>El encuentro entre los dirigentes se realizar\u00e1 a las 5:30 de la tarde en la Casa de Nari\u00f1o despu\u00e9s de que la Registradur\u00eda y el Consejo Nacional Electoral hagan entrega de la credencial que certifica al l\u00edder del Pacto Hist\u00f3rico, Gustavo Petro, como presidente electo y a Francia M\u00e1rquez como su f\u00f3rmula vicepresidencial. Despu\u00e9s de [&hellip;]<\/p>\n","protected":false},"author":1,"featured_media":60006,"comment_status":"open","ping_status":"open","sticky":false,"template":"","format":"standard","meta":{"footnotes":""},"categories":[24],"tags":[],"class_list":["post-60004","post","type-post","status-publish","format-standard","has-post-thumbnail","hentry","category-nacional"],"yoast_head":"<!-- This site is optimized with the Yoast SEO plugin v27.1.1 - https:\/\/yoast.com\/product\/yoast-seo-wordpress\/ -->\n<title>Duque y Petro se reunir\u00e1n ma\u00f1ana para comenzar proceso de empalme | P\u00e1gina10<\/title>\n<meta name=\"robots\" content=\"index, follow, max-snippet:-1, max-image-preview:large, max-video-preview:-1\" \/>\n<link rel=\"canonical\" href=\"https:\/\/pagina10.com\/web\/duque-y-petro-se-reuniran-manana-para-comenzar-proceso-de-empalme\/\" \/>\n<meta property=\"og:locale\" content=\"es_ES\" \/>\n<meta property=\"og:type\" content=\"article\" \/>\n<meta property=\"og:title\" content=\"Duque y Petro se reunir\u00e1n ma\u00f1ana para comenzar proceso de empalme | P\u00e1gina10\" \/>\n<meta property=\"og:description\" content=\"El encuentro entre los dirigentes se realizar\u00e1 a las 5:30 de la tarde en la Casa de Nari\u00f1o despu\u00e9s de que la Registradur\u00eda y el Consejo Nacional Electoral hagan entrega de la credencial que certifica al l\u00edder del Pacto Hist\u00f3rico, Gustavo Petro, como presidente electo y a Francia M\u00e1rquez como su f\u00f3rmula vicepresidencial. Despu\u00e9s de [&hellip;]\" \/>\n<meta property=\"og:url\" content=\"https:\/\/pagina10.com\/web\/duque-y-petro-se-reuniran-manana-para-comenzar-proceso-de-empalme\/\" \/>\n<meta property=\"og:site_name\" content=\"P\u00e1gina10\" \/>\n<meta property=\"article:publisher\" content=\"https:\/\/www.facebook.com\/pag10com\" \/>\n<meta property=\"article:published_time\" content=\"2022-06-23T00:21:39+00:00\" \/>\n<meta property=\"og:image\" content=\"https:\/\/pagina10.com\/web\/wp-content\/uploads\/2022\/06\/Ivan-Duque-Petro-_-Fotos_-Getty-Images-1.jpg\" \/>\n\t<meta property=\"og:image:width\" content=\"1200\" \/>\n\t<meta property=\"og:image:height\" content=\"675\" \/>\n\t<meta property=\"og:image:type\" content=\"image\/jpeg\" \/>\n<meta name=\"author\" content=\"P\u00e1gina 10\" \/>\n<meta name=\"twitter:card\" content=\"summary_large_image\" \/>\n<meta name=\"twitter:creator\" content=\"@Pag10com\" \/>\n<meta name=\"twitter:site\" content=\"@Pag10com\" \/>\n<meta name=\"twitter:label1\" content=\"Escrito por\" \/>\n\t<meta name=\"twitter:data1\" content=\"P\u00e1gina 10\" \/>\n\t<meta name=\"twitter:label2\" content=\"Tiempo de lectura\" \/>\n\t<meta name=\"twitter:data2\" content=\"1 minuto\" \/>\n<script type=\"application\/ld+json\" class=\"yoast-schema-graph\">{\"@context\":\"https:\/\/schema.org\",\"@graph\":[{\"@type\":\"Article\",\"@id\":\"https:\/\/pagina10.com\/web\/duque-y-petro-se-reuniran-manana-para-comenzar-proceso-de-empalme\/#article\",\"isPartOf\":{\"@id\":\"https:\/\/pagina10.com\/web\/duque-y-petro-se-reuniran-manana-para-comenzar-proceso-de-empalme\/\"},\"author\":{\"name\":\"P\u00e1gina 10\",\"@id\":\"https:\/\/pagina10.com\/web\/#\/schema\/person\/2efc4a090d25b667d3bc796798a3a81b\"},\"headline\":\"Duque y Petro se reunir\u00e1n ma\u00f1ana para comenzar proceso de empalme\",\"datePublished\":\"2022-06-23T00:21:39+00:00\",\"mainEntityOfPage\":{\"@id\":\"https:\/\/pagina10.com\/web\/duque-y-petro-se-reuniran-manana-para-comenzar-proceso-de-empalme\/\"},\"wordCount\":216,\"commentCount\":0,\"publisher\":{\"@id\":\"https:\/\/pagina10.com\/web\/#organization\"},\"image\":{\"@id\":\"https:\/\/pagina10.com\/web\/duque-y-petro-se-reuniran-manana-para-comenzar-proceso-de-empalme\/#primaryimage\"},\"thumbnailUrl\":\"https:\/\/pagina10.com\/web\/wp-content\/uploads\/2022\/06\/Ivan-Duque-Petro-_-Fotos_-Getty-Images-1.jpg\",\"articleSection\":[\"Nacional\"],\"inLanguage\":\"es\",\"potentialAction\":[{\"@type\":\"CommentAction\",\"name\":\"Comment\",\"target\":[\"https:\/\/pagina10.com\/web\/duque-y-petro-se-reuniran-manana-para-comenzar-proceso-de-empalme\/#respond\"]}]},{\"@type\":\"WebPage\",\"@id\":\"https:\/\/pagina10.com\/web\/duque-y-petro-se-reuniran-manana-para-comenzar-proceso-de-empalme\/\",\"url\":\"https:\/\/pagina10.com\/web\/duque-y-petro-se-reuniran-manana-para-comenzar-proceso-de-empalme\/\",\"name\":\"Duque y Petro se reunir\u00e1n ma\u00f1ana para comenzar proceso de empalme | P\u00e1gina10\",\"isPartOf\":{\"@id\":\"https:\/\/pagina10.com\/web\/#website\"},\"primaryImageOfPage\":{\"@id\":\"https:\/\/pagina10.com\/web\/duque-y-petro-se-reuniran-manana-para-comenzar-proceso-de-empalme\/#primaryimage\"},\"image\":{\"@id\":\"https:\/\/pagina10.com\/web\/duque-y-petro-se-reuniran-manana-para-comenzar-proceso-de-empalme\/#primaryimage\"},\"thumbnailUrl\":\"https:\/\/pagina10.com\/web\/wp-content\/uploads\/2022\/06\/Ivan-Duque-Petro-_-Fotos_-Getty-Images-1.jpg\",\"datePublished\":\"2022-06-23T00:21:39+00:00\",\"breadcrumb\":{\"@id\":\"https:\/\/pagina10.com\/web\/duque-y-petro-se-reuniran-manana-para-comenzar-proceso-de-empalme\/#breadcrumb\"},\"inLanguage\":\"es\",\"potentialAction\":[{\"@type\":\"ReadAction\",\"target\":[\"https:\/\/pagina10.com\/web\/duque-y-petro-se-reuniran-manana-para-comenzar-proceso-de-empalme\/\"]}]},{\"@type\":\"ImageObject\",\"inLanguage\":\"es\",\"@id\":\"https:\/\/pagina10.com\/web\/duque-y-petro-se-reuniran-manana-para-comenzar-proceso-de-empalme\/#primaryimage\",\"url\":\"https:\/\/pagina10.com\/web\/wp-content\/uploads\/2022\/06\/Ivan-Duque-Petro-_-Fotos_-Getty-Images-1.jpg\",\"contentUrl\":\"https:\/\/pagina10.com\/web\/wp-content\/uploads\/2022\/06\/Ivan-Duque-Petro-_-Fotos_-Getty-Images-1.jpg\",\"width\":1200,\"height\":675},{\"@type\":\"BreadcrumbList\",\"@id\":\"https:\/\/pagina10.com\/web\/duque-y-petro-se-reuniran-manana-para-comenzar-proceso-de-empalme\/#breadcrumb\",\"itemListElement\":[{\"@type\":\"ListItem\",\"position\":1,\"name\":\"Portada\",\"item\":\"https:\/\/pagina10.com\/web\/\"},{\"@type\":\"ListItem\",\"position\":2,\"name\":\"Duque y Petro se reunir\u00e1n ma\u00f1ana para comenzar proceso de empalme\"}]},{\"@type\":\"WebSite\",\"@id\":\"https:\/\/pagina10.com\/web\/#website\",\"url\":\"https:\/\/pagina10.com\/web\/\",\"name\":\"P\u00e1gina10\",\"description\":\"Peri\u00f3dico Regional\",\"publisher\":{\"@id\":\"https:\/\/pagina10.com\/web\/#organization\"},\"alternateName\":\"P\u00e1gina10 Peri\u00f3dico Regional\",\"potentialAction\":[{\"@type\":\"SearchAction\",\"target\":{\"@type\":\"EntryPoint\",\"urlTemplate\":\"https:\/\/pagina10.com\/web\/?s={search_term_string}\"},\"query-input\":{\"@type\":\"PropertyValueSpecification\",\"valueRequired\":true,\"valueName\":\"search_term_string\"}}],\"inLanguage\":\"es\"},{\"@type\":\"Organization\",\"@id\":\"https:\/\/pagina10.com\/web\/#organization\",\"name\":\"P\u00e1gina10\",\"alternateName\":\"P\u00e1gina10 Peri\u00f3dico Regional\",\"url\":\"https:\/\/pagina10.com\/web\/\",\"logo\":{\"@type\":\"ImageObject\",\"inLanguage\":\"es\",\"@id\":\"https:\/\/pagina10.com\/web\/#\/schema\/logo\/image\/\",\"url\":\"https:\/\/pagina10.com\/web\/wp-content\/uploads\/2024\/01\/40-pagina-10-periodico-regional-pasto.jpg\",\"contentUrl\":\"https:\/\/pagina10.com\/web\/wp-content\/uploads\/2024\/01\/40-pagina-10-periodico-regional-pasto.jpg\",\"width\":1280,\"height\":720,\"caption\":\"P\u00e1gina10\"},\"image\":{\"@id\":\"https:\/\/pagina10.com\/web\/#\/schema\/logo\/image\/\"},\"sameAs\":[\"https:\/\/www.facebook.com\/pag10com\",\"https:\/\/x.com\/Pag10com\",\"https:\/\/www.instagram.com\/pagina10col\/\",\"https:\/\/youtube.com\/channel\/pag10\",\"https:\/\/www.tiktok.com\/@p10col\"]},{\"@type\":\"Person\",\"@id\":\"https:\/\/pagina10.com\/web\/#\/schema\/person\/2efc4a090d25b667d3bc796798a3a81b\",\"name\":\"P\u00e1gina 10\",\"description\":\"P\u00e1gina 10 es un peri\u00f3dico regional que nace en Colombia, en el departamento de Nari\u00f1o, con un enfoque global, fundamentado en cuatro pilares esenciales: la libertad, el pluralismo, la inclusi\u00f3n y la independencia. P\u00e1gina 10 hace referencia a Nari\u00f1o como el d\u00e9cimo departamento creado en Colombia, despu\u00e9s de un proceso pol\u00edtico liderado por actores y actrices regionales con el fin de obtener la independencia y autonom\u00eda de nuestros territorios. Con la creaci\u00f3n de P\u00e1gina 10 se pretende abrir un escenario para el dialogo, la reflexi\u00f3n y el debate que se extienda a otras geograf\u00edas de Am\u00e9rica Latina y del planeta, en una apuesta por transformar colectivamente los desaf\u00edos de un mundo contempor\u00e1neo, m\u00e1s all\u00e1 de las fronteras impuestas.\",\"url\":\"https:\/\/pagina10.com\/web\/author\/pdiezadmin\/\"}]}<\/script>\n<!-- \/ Yoast SEO plugin. -->","yoast_head_json":{"title":"Duque y Petro se reunir\u00e1n ma\u00f1ana para comenzar proceso de empalme | P\u00e1gina10","robots":{"index":"index","follow":"follow","max-snippet":"max-snippet:-1","max-image-preview":"max-image-preview:large","max-video-preview":"max-video-preview:-1"},"canonical":"https:\/\/pagina10.com\/web\/duque-y-petro-se-reuniran-manana-para-comenzar-proceso-de-empalme\/","og_locale":"es_ES","og_type":"article","og_title":"Duque y Petro se reunir\u00e1n ma\u00f1ana para comenzar proceso de empalme | P\u00e1gina10","og_description":"El encuentro entre los dirigentes se realizar\u00e1 a las 5:30 de la tarde en la Casa de Nari\u00f1o despu\u00e9s de que la Registradur\u00eda y el Consejo Nacional Electoral hagan entrega de la credencial que certifica al l\u00edder del Pacto Hist\u00f3rico, Gustavo Petro, como presidente electo y a Francia M\u00e1rquez como su f\u00f3rmula vicepresidencial. Despu\u00e9s de [&hellip;]","og_url":"https:\/\/pagina10.com\/web\/duque-y-petro-se-reuniran-manana-para-comenzar-proceso-de-empalme\/","og_site_name":"P\u00e1gina10","article_publisher":"https:\/\/www.facebook.com\/pag10com","article_published_time":"2022-06-23T00:21:39+00:00","og_image":[{"width":1200,"height":675,"url":"https:\/\/pagina10.com\/web\/wp-content\/uploads\/2022\/06\/Ivan-Duque-Petro-_-Fotos_-Getty-Images-1.jpg","type":"image\/jpeg"}],"author":"P\u00e1gina 10","twitter_card":"summary_large_image","twitter_creator":"@Pag10com","twitter_site":"@Pag10com","twitter_misc":{"Escrito por":"P\u00e1gina 10","Tiempo de lectura":"1 minuto"},"schema":{"@context":"https:\/\/schema.org","@graph":[{"@type":"Article","@id":"https:\/\/pagina10.com\/web\/duque-y-petro-se-reuniran-manana-para-comenzar-proceso-de-empalme\/#article","isPartOf":{"@id":"https:\/\/pagina10.com\/web\/duque-y-petro-se-reuniran-manana-para-comenzar-proceso-de-empalme\/"},"author":{"name":"P\u00e1gina 10","@id":"https:\/\/pagina10.com\/web\/#\/schema\/person\/2efc4a090d25b667d3bc796798a3a81b"},"headline":"Duque y Petro se reunir\u00e1n ma\u00f1ana para comenzar proceso de empalme","datePublished":"2022-06-23T00:21:39+00:00","mainEntityOfPage":{"@id":"https:\/\/pagina10.com\/web\/duque-y-petro-se-reuniran-manana-para-comenzar-proceso-de-empalme\/"},"wordCount":216,"commentCount":0,"publisher":{"@id":"https:\/\/pagina10.com\/web\/#organization"},"image":{"@id":"https:\/\/pagina10.com\/web\/duque-y-petro-se-reuniran-manana-para-comenzar-proceso-de-empalme\/#primaryimage"},"thumbnailUrl":"https:\/\/pagina10.com\/web\/wp-content\/uploads\/2022\/06\/Ivan-Duque-Petro-_-Fotos_-Getty-Images-1.jpg","articleSection":["Nacional"],"inLanguage":"es","potentialAction":[{"@type":"CommentAction","name":"Comment","target":["https:\/\/pagina10.com\/web\/duque-y-petro-se-reuniran-manana-para-comenzar-proceso-de-empalme\/#respond"]}]},{"@type":"WebPage","@id":"https:\/\/pagina10.com\/web\/duque-y-petro-se-reuniran-manana-para-comenzar-proceso-de-empalme\/","url":"https:\/\/pagina10.com\/web\/duque-y-petro-se-reuniran-manana-para-comenzar-proceso-de-empalme\/","name":"Duque y Petro se reunir\u00e1n ma\u00f1ana para comenzar proceso de empalme | P\u00e1gina10","isPartOf":{"@id":"https:\/\/pagina10.com\/web\/#website"},"primaryImageOfPage":{"@id":"https:\/\/pagina10.com\/web\/duque-y-petro-se-reuniran-manana-para-comenzar-proceso-de-empalme\/#primaryimage"},"image":{"@id":"https:\/\/pagina10.com\/web\/duque-y-petro-se-reuniran-manana-para-comenzar-proceso-de-empalme\/#primaryimage"},"thumbnailUrl":"https:\/\/pagina10.com\/web\/wp-content\/uploads\/2022\/06\/Ivan-Duque-Petro-_-Fotos_-Getty-Images-1.jpg","datePublished":"2022-06-23T00:21:39+00:00","breadcrumb":{"@id":"https:\/\/pagina10.com\/web\/duque-y-petro-se-reuniran-manana-para-comenzar-proceso-de-empalme\/#breadcrumb"},"inLanguage":"es","potentialAction":[{"@type":"ReadAction","target":["https:\/\/pagina10.com\/web\/duque-y-petro-se-reuniran-manana-para-comenzar-proceso-de-empalme\/"]}]},{"@type":"ImageObject","inLanguage":"es","@id":"https:\/\/pagina10.com\/web\/duque-y-petro-se-reuniran-manana-para-comenzar-proceso-de-empalme\/#primaryimage","url":"https:\/\/pagina10.com\/web\/wp-content\/uploads\/2022\/06\/Ivan-Duque-Petro-_-Fotos_-Getty-Images-1.jpg","contentUrl":"https:\/\/pagina10.com\/web\/wp-content\/uploads\/2022\/06\/Ivan-Duque-Petro-_-Fotos_-Getty-Images-1.jpg","width":1200,"height":675},{"@type":"BreadcrumbList","@id":"https:\/\/pagina10.com\/web\/duque-y-petro-se-reuniran-manana-para-comenzar-proceso-de-empalme\/#breadcrumb","itemListElement":[{"@type":"ListItem","position":1,"name":"Portada","item":"https:\/\/pagina10.com\/web\/"},{"@type":"ListItem","position":2,"name":"Duque y Petro se reunir\u00e1n ma\u00f1ana para comenzar proceso de empalme"}]},{"@type":"WebSite","@id":"https:\/\/pagina10.com\/web\/#website","url":"https:\/\/pagina10.com\/web\/","name":"P\u00e1gina10","description":"Peri\u00f3dico Regional","publisher":{"@id":"https:\/\/pagina10.com\/web\/#organization"},"alternateName":"P\u00e1gina10 Peri\u00f3dico Regional","potentialAction":[{"@type":"SearchAction","target":{"@type":"EntryPoint","urlTemplate":"https:\/\/pagina10.com\/web\/?s={search_term_string}"},"query-input":{"@type":"PropertyValueSpecification","valueRequired":true,"valueName":"search_term_string"}}],"inLanguage":"es"},{"@type":"Organization","@id":"https:\/\/pagina10.com\/web\/#organization","name":"P\u00e1gina10","alternateName":"P\u00e1gina10 Peri\u00f3dico Regional","url":"https:\/\/pagina10.com\/web\/","logo":{"@type":"ImageObject","inLanguage":"es","@id":"https:\/\/pagina10.com\/web\/#\/schema\/logo\/image\/","url":"https:\/\/pagina10.com\/web\/wp-content\/uploads\/2024\/01\/40-pagina-10-periodico-regional-pasto.jpg","contentUrl":"https:\/\/pagina10.com\/web\/wp-content\/uploads\/2024\/01\/40-pagina-10-periodico-regional-pasto.jpg","width":1280,"height":720,"caption":"P\u00e1gina10"},"image":{"@id":"https:\/\/pagina10.com\/web\/#\/schema\/logo\/image\/"},"sameAs":["https:\/\/www.facebook.com\/pag10com","https:\/\/x.com\/Pag10com","https:\/\/www.instagram.com\/pagina10col\/","https:\/\/youtube.com\/channel\/pag10","https:\/\/www.tiktok.com\/@p10col"]},{"@type":"Person","@id":"https:\/\/pagina10.com\/web\/#\/schema\/person\/2efc4a090d25b667d3bc796798a3a81b","name":"P\u00e1gina 10","description":"P\u00e1gina 10 es un peri\u00f3dico regional que nace en Colombia, en el departamento de Nari\u00f1o, con un enfoque global, fundamentado en cuatro pilares esenciales: la libertad, el pluralismo, la inclusi\u00f3n y la independencia. P\u00e1gina 10 hace referencia a Nari\u00f1o como el d\u00e9cimo departamento creado en Colombia, despu\u00e9s de un proceso pol\u00edtico liderado por actores y actrices regionales con el fin de obtener la independencia y autonom\u00eda de nuestros territorios. Con la creaci\u00f3n de P\u00e1gina 10 se pretende abrir un escenario para el dialogo, la reflexi\u00f3n y el debate que se extienda a otras geograf\u00edas de Am\u00e9rica Latina y del planeta, en una apuesta por transformar colectivamente los desaf\u00edos de un mundo contempor\u00e1neo, m\u00e1s all\u00e1 de las fronteras impuestas.","url":"https:\/\/pagina10.com\/web\/author\/pdiezadmin\/"}]}},"_links":{"self":[{"href":"https:\/\/pagina10.com\/web\/wp-json\/wp\/v2\/posts\/60004","targetHints":{"allow":["GET"]}}],"collection":[{"href":"https:\/\/pagina10.com\/web\/wp-json\/wp\/v2\/posts"}],"about":[{"href":"https:\/\/pagina10.com\/web\/wp-json\/wp\/v2\/types\/post"}],"author":[{"embeddable":true,"href":"https:\/\/pagina10.com\/web\/wp-json\/wp\/v2\/users\/1"}],"replies":[{"embeddable":true,"href":"https:\/\/pagina10.com\/web\/wp-json\/wp\/v2\/comments?post=60004"}],"version-history":[{"count":1,"href":"https:\/\/pagina10.com\/web\/wp-json\/wp\/v2\/posts\/60004\/revisions"}],"predecessor-version":[{"id":60007,"href":"https:\/\/pagina10.com\/web\/wp-json\/wp\/v2\/posts\/60004\/revisions\/60007"}],"wp:featuredmedia":[{"embeddable":true,"href":"https:\/\/pagina10.com\/web\/wp-json\/wp\/v2\/media\/60006"}],"wp:attachment":[{"href":"https:\/\/pagina10.com\/web\/wp-json\/wp\/v2\/media?parent=60004"}],"wp:term":[{"taxonomy":"category","embeddable":true,"href":"https:\/\/pagina10.com\/web\/wp-json\/wp\/v2\/categories?post=60004"},{"taxonomy":"post_tag","embeddable":true,"href":"https:\/\/pagina10.com\/web\/wp-json\/wp\/v2\/tags?post=60004"}],"curies":[{"name":"wp","href":"https:\/\/api.w.org\/{rel}","templated":true}]}}