{"id":60076,"date":"2022-06-27T14:32:21","date_gmt":"2022-06-27T19:32:21","guid":{"rendered":"https:\/\/pagina10.com\/web\/?p=60076"},"modified":"2022-06-27T14:39:24","modified_gmt":"2022-06-27T19:39:24","slug":"violo-a-menor-de-edad-la-grabo-y-vendio-los-videos-a-paginas-web-de-pornografia-infantil","status":"publish","type":"post","link":"https:\/\/pagina10.com\/web\/violo-a-menor-de-edad-la-grabo-y-vendio-los-videos-a-paginas-web-de-pornografia-infantil\/","title":{"rendered":"Viol\u00f3 a menor de edad, la grab\u00f3 y vendi\u00f3 los videos a p\u00e1ginas web de pornograf\u00eda infantil"},"content":{"rendered":"<p>Seg\u00fan el material probatorio recaudado por la Fiscal\u00eda, Alfonso Herney Palacios se hab\u00eda ganado la confianza de una familia para ayudar a una menor con sus tareas y, al parecer, aprovech\u00f3 esa condici\u00f3n y que se encontraba solo en su inmueble con ella, para tocarle sus partes \u00edntimas, desnudarla y accederla sexualmente.<\/p>\n<p>Luego le habr\u00eda tomado fotos y le grab\u00f3, presuntamente, videos desnuda y teniendo relaciones con \u00e9l, material que subi\u00f3 a Internet y a p\u00e1ginas de pornograf\u00eda infantil. Alertada la madre sobre las fotos que estaban circulando por redes, instaur\u00f3 una denuncia penal contra el hombre en la Unidad de Reacci\u00f3n Inmediata de la Fiscal\u00eda.<\/p>\n<p>Con ello logr\u00f3 que un juez penal emitiera una orden de captura en su contra el pasado 23 de mayo, la cual fue hecha efectiva por agentes de la Polic\u00eda Nacional en la ciudad de Popay\u00e1n (Cauca), donde se hab\u00eda refugiado el presunto agresor sexual.<\/p>\n<p>La Fiscal\u00eda lo imput\u00f3 por los delitos de acceso carnal violento agravado en concurso heterog\u00e9neo con acto sexual violento agravado y pornograf\u00eda con menor de 18 a\u00f1os. Luego de avalar el material probatorio de la Fiscal\u00eda durante las audiencias concentradas, un juez Promiscuo Penal de La Cruz (Nari\u00f1o) le impuso medida de aseguramiento en establecimiento carcelario.<\/p>\n","protected":false},"excerpt":{"rendered":"<p>Seg\u00fan el material probatorio recaudado por la Fiscal\u00eda, Alfonso Herney Palacios se hab\u00eda ganado la confianza de una familia para ayudar a una menor con sus tareas y, al parecer, aprovech\u00f3 esa condici\u00f3n y que se encontraba solo en su inmueble con ella, para tocarle sus partes \u00edntimas, desnudarla y accederla sexualmente. Luego le habr\u00eda [&hellip;]<\/p>\n","protected":false},"author":1,"featured_media":60077,"comment_status":"open","ping_status":"open","sticky":false,"template":"","format":"standard","meta":{"footnotes":""},"categories":[61],"tags":[],"class_list":["post-60076","post","type-post","status-publish","format-standard","has-post-thumbnail","hentry","category-judicial"],"yoast_head":"<!-- This site is optimized with the Yoast SEO plugin v27.1.1 - https:\/\/yoast.com\/product\/yoast-seo-wordpress\/ -->\n<title>Viol\u00f3 a menor de edad, la grab\u00f3 y vendi\u00f3 los videos a p\u00e1ginas web de pornograf\u00eda infantil | P\u00e1gina10<\/title>\n<meta name=\"robots\" content=\"index, follow, max-snippet:-1, max-image-preview:large, max-video-preview:-1\" \/>\n<link rel=\"canonical\" href=\"https:\/\/pagina10.com\/web\/violo-a-menor-de-edad-la-grabo-y-vendio-los-videos-a-paginas-web-de-pornografia-infantil\/\" \/>\n<meta property=\"og:locale\" content=\"es_ES\" \/>\n<meta property=\"og:type\" content=\"article\" \/>\n<meta property=\"og:title\" content=\"Viol\u00f3 a menor de edad, la grab\u00f3 y vendi\u00f3 los videos a p\u00e1ginas web de pornograf\u00eda infantil | P\u00e1gina10\" \/>\n<meta property=\"og:description\" content=\"Seg\u00fan el material probatorio recaudado por la Fiscal\u00eda, Alfonso Herney Palacios se hab\u00eda ganado la confianza de una familia para ayudar a una menor con sus tareas y, al parecer, aprovech\u00f3 esa condici\u00f3n y que se encontraba solo en su inmueble con ella, para tocarle sus partes \u00edntimas, desnudarla y accederla sexualmente. Luego le habr\u00eda [&hellip;]\" \/>\n<meta property=\"og:url\" content=\"https:\/\/pagina10.com\/web\/violo-a-menor-de-edad-la-grabo-y-vendio-los-videos-a-paginas-web-de-pornografia-infantil\/\" \/>\n<meta property=\"og:site_name\" content=\"P\u00e1gina10\" \/>\n<meta property=\"article:publisher\" content=\"https:\/\/www.facebook.com\/pag10com\" \/>\n<meta property=\"article:published_time\" content=\"2022-06-27T19:32:21+00:00\" \/>\n<meta property=\"article:modified_time\" content=\"2022-06-27T19:39:24+00:00\" \/>\n<meta property=\"og:image\" content=\"https:\/\/pagina10.com\/web\/wp-content\/uploads\/2022\/06\/IMG-20220623-WA0029-e1656358630807.jpg\" \/>\n\t<meta property=\"og:image:width\" content=\"931\" \/>\n\t<meta property=\"og:image:height\" content=\"700\" \/>\n\t<meta property=\"og:image:type\" content=\"image\/jpeg\" \/>\n<meta name=\"author\" content=\"P\u00e1gina 10\" \/>\n<meta name=\"twitter:card\" content=\"summary_large_image\" \/>\n<meta name=\"twitter:creator\" content=\"@Pag10com\" \/>\n<meta name=\"twitter:site\" content=\"@Pag10com\" \/>\n<meta name=\"twitter:label1\" content=\"Escrito por\" \/>\n\t<meta name=\"twitter:data1\" content=\"P\u00e1gina 10\" \/>\n\t<meta name=\"twitter:label2\" content=\"Tiempo de lectura\" \/>\n\t<meta name=\"twitter:data2\" content=\"1 minuto\" \/>\n<script type=\"application\/ld+json\" class=\"yoast-schema-graph\">{\"@context\":\"https:\/\/schema.org\",\"@graph\":[{\"@type\":\"Article\",\"@id\":\"https:\/\/pagina10.com\/web\/violo-a-menor-de-edad-la-grabo-y-vendio-los-videos-a-paginas-web-de-pornografia-infantil\/#article\",\"isPartOf\":{\"@id\":\"https:\/\/pagina10.com\/web\/violo-a-menor-de-edad-la-grabo-y-vendio-los-videos-a-paginas-web-de-pornografia-infantil\/\"},\"author\":{\"name\":\"P\u00e1gina 10\",\"@id\":\"https:\/\/pagina10.com\/web\/#\/schema\/person\/2efc4a090d25b667d3bc796798a3a81b\"},\"headline\":\"Viol\u00f3 a menor de edad, la grab\u00f3 y vendi\u00f3 los videos a p\u00e1ginas web de pornograf\u00eda infantil\",\"datePublished\":\"2022-06-27T19:32:21+00:00\",\"dateModified\":\"2022-06-27T19:39:24+00:00\",\"mainEntityOfPage\":{\"@id\":\"https:\/\/pagina10.com\/web\/violo-a-menor-de-edad-la-grabo-y-vendio-los-videos-a-paginas-web-de-pornografia-infantil\/\"},\"wordCount\":242,\"commentCount\":0,\"publisher\":{\"@id\":\"https:\/\/pagina10.com\/web\/#organization\"},\"image\":{\"@id\":\"https:\/\/pagina10.com\/web\/violo-a-menor-de-edad-la-grabo-y-vendio-los-videos-a-paginas-web-de-pornografia-infantil\/#primaryimage\"},\"thumbnailUrl\":\"https:\/\/pagina10.com\/web\/wp-content\/uploads\/2022\/06\/IMG-20220623-WA0029-e1656358630807.jpg\",\"articleSection\":[\"Judicial\"],\"inLanguage\":\"es\",\"potentialAction\":[{\"@type\":\"CommentAction\",\"name\":\"Comment\",\"target\":[\"https:\/\/pagina10.com\/web\/violo-a-menor-de-edad-la-grabo-y-vendio-los-videos-a-paginas-web-de-pornografia-infantil\/#respond\"]}]},{\"@type\":\"WebPage\",\"@id\":\"https:\/\/pagina10.com\/web\/violo-a-menor-de-edad-la-grabo-y-vendio-los-videos-a-paginas-web-de-pornografia-infantil\/\",\"url\":\"https:\/\/pagina10.com\/web\/violo-a-menor-de-edad-la-grabo-y-vendio-los-videos-a-paginas-web-de-pornografia-infantil\/\",\"name\":\"Viol\u00f3 a menor de edad, la grab\u00f3 y vendi\u00f3 los videos a p\u00e1ginas web de pornograf\u00eda infantil | P\u00e1gina10\",\"isPartOf\":{\"@id\":\"https:\/\/pagina10.com\/web\/#website\"},\"primaryImageOfPage\":{\"@id\":\"https:\/\/pagina10.com\/web\/violo-a-menor-de-edad-la-grabo-y-vendio-los-videos-a-paginas-web-de-pornografia-infantil\/#primaryimage\"},\"image\":{\"@id\":\"https:\/\/pagina10.com\/web\/violo-a-menor-de-edad-la-grabo-y-vendio-los-videos-a-paginas-web-de-pornografia-infantil\/#primaryimage\"},\"thumbnailUrl\":\"https:\/\/pagina10.com\/web\/wp-content\/uploads\/2022\/06\/IMG-20220623-WA0029-e1656358630807.jpg\",\"datePublished\":\"2022-06-27T19:32:21+00:00\",\"dateModified\":\"2022-06-27T19:39:24+00:00\",\"breadcrumb\":{\"@id\":\"https:\/\/pagina10.com\/web\/violo-a-menor-de-edad-la-grabo-y-vendio-los-videos-a-paginas-web-de-pornografia-infantil\/#breadcrumb\"},\"inLanguage\":\"es\",\"potentialAction\":[{\"@type\":\"ReadAction\",\"target\":[\"https:\/\/pagina10.com\/web\/violo-a-menor-de-edad-la-grabo-y-vendio-los-videos-a-paginas-web-de-pornografia-infantil\/\"]}]},{\"@type\":\"ImageObject\",\"inLanguage\":\"es\",\"@id\":\"https:\/\/pagina10.com\/web\/violo-a-menor-de-edad-la-grabo-y-vendio-los-videos-a-paginas-web-de-pornografia-infantil\/#primaryimage\",\"url\":\"https:\/\/pagina10.com\/web\/wp-content\/uploads\/2022\/06\/IMG-20220623-WA0029-e1656358630807.jpg\",\"contentUrl\":\"https:\/\/pagina10.com\/web\/wp-content\/uploads\/2022\/06\/IMG-20220623-WA0029-e1656358630807.jpg\",\"width\":931,\"height\":700},{\"@type\":\"BreadcrumbList\",\"@id\":\"https:\/\/pagina10.com\/web\/violo-a-menor-de-edad-la-grabo-y-vendio-los-videos-a-paginas-web-de-pornografia-infantil\/#breadcrumb\",\"itemListElement\":[{\"@type\":\"ListItem\",\"position\":1,\"name\":\"Portada\",\"item\":\"https:\/\/pagina10.com\/web\/\"},{\"@type\":\"ListItem\",\"position\":2,\"name\":\"Viol\u00f3 a menor de edad, la grab\u00f3 y vendi\u00f3 los videos a p\u00e1ginas web de pornograf\u00eda infantil\"}]},{\"@type\":\"WebSite\",\"@id\":\"https:\/\/pagina10.com\/web\/#website\",\"url\":\"https:\/\/pagina10.com\/web\/\",\"name\":\"P\u00e1gina10\",\"description\":\"Peri\u00f3dico Regional\",\"publisher\":{\"@id\":\"https:\/\/pagina10.com\/web\/#organization\"},\"alternateName\":\"P\u00e1gina10 Peri\u00f3dico Regional\",\"potentialAction\":[{\"@type\":\"SearchAction\",\"target\":{\"@type\":\"EntryPoint\",\"urlTemplate\":\"https:\/\/pagina10.com\/web\/?s={search_term_string}\"},\"query-input\":{\"@type\":\"PropertyValueSpecification\",\"valueRequired\":true,\"valueName\":\"search_term_string\"}}],\"inLanguage\":\"es\"},{\"@type\":\"Organization\",\"@id\":\"https:\/\/pagina10.com\/web\/#organization\",\"name\":\"P\u00e1gina10\",\"alternateName\":\"P\u00e1gina10 Peri\u00f3dico Regional\",\"url\":\"https:\/\/pagina10.com\/web\/\",\"logo\":{\"@type\":\"ImageObject\",\"inLanguage\":\"es\",\"@id\":\"https:\/\/pagina10.com\/web\/#\/schema\/logo\/image\/\",\"url\":\"https:\/\/pagina10.com\/web\/wp-content\/uploads\/2024\/01\/40-pagina-10-periodico-regional-pasto.jpg\",\"contentUrl\":\"https:\/\/pagina10.com\/web\/wp-content\/uploads\/2024\/01\/40-pagina-10-periodico-regional-pasto.jpg\",\"width\":1280,\"height\":720,\"caption\":\"P\u00e1gina10\"},\"image\":{\"@id\":\"https:\/\/pagina10.com\/web\/#\/schema\/logo\/image\/\"},\"sameAs\":[\"https:\/\/www.facebook.com\/pag10com\",\"https:\/\/x.com\/Pag10com\",\"https:\/\/www.instagram.com\/pagina10col\/\",\"https:\/\/youtube.com\/channel\/pag10\",\"https:\/\/www.tiktok.com\/@p10col\"]},{\"@type\":\"Person\",\"@id\":\"https:\/\/pagina10.com\/web\/#\/schema\/person\/2efc4a090d25b667d3bc796798a3a81b\",\"name\":\"P\u00e1gina 10\",\"description\":\"P\u00e1gina 10 es un peri\u00f3dico regional que nace en Colombia, en el departamento de Nari\u00f1o, con un enfoque global, fundamentado en cuatro pilares esenciales: la libertad, el pluralismo, la inclusi\u00f3n y la independencia. P\u00e1gina 10 hace referencia a Nari\u00f1o como el d\u00e9cimo departamento creado en Colombia, despu\u00e9s de un proceso pol\u00edtico liderado por actores y actrices regionales con el fin de obtener la independencia y autonom\u00eda de nuestros territorios. Con la creaci\u00f3n de P\u00e1gina 10 se pretende abrir un escenario para el dialogo, la reflexi\u00f3n y el debate que se extienda a otras geograf\u00edas de Am\u00e9rica Latina y del planeta, en una apuesta por transformar colectivamente los desaf\u00edos de un mundo contempor\u00e1neo, m\u00e1s all\u00e1 de las fronteras impuestas.\",\"url\":\"https:\/\/pagina10.com\/web\/author\/pdiezadmin\/\"}]}<\/script>\n<!-- \/ Yoast SEO plugin. -->","yoast_head_json":{"title":"Viol\u00f3 a menor de edad, la grab\u00f3 y vendi\u00f3 los videos a p\u00e1ginas web de pornograf\u00eda infantil | P\u00e1gina10","robots":{"index":"index","follow":"follow","max-snippet":"max-snippet:-1","max-image-preview":"max-image-preview:large","max-video-preview":"max-video-preview:-1"},"canonical":"https:\/\/pagina10.com\/web\/violo-a-menor-de-edad-la-grabo-y-vendio-los-videos-a-paginas-web-de-pornografia-infantil\/","og_locale":"es_ES","og_type":"article","og_title":"Viol\u00f3 a menor de edad, la grab\u00f3 y vendi\u00f3 los videos a p\u00e1ginas web de pornograf\u00eda infantil | P\u00e1gina10","og_description":"Seg\u00fan el material probatorio recaudado por la Fiscal\u00eda, Alfonso Herney Palacios se hab\u00eda ganado la confianza de una familia para ayudar a una menor con sus tareas y, al parecer, aprovech\u00f3 esa condici\u00f3n y que se encontraba solo en su inmueble con ella, para tocarle sus partes \u00edntimas, desnudarla y accederla sexualmente. Luego le habr\u00eda [&hellip;]","og_url":"https:\/\/pagina10.com\/web\/violo-a-menor-de-edad-la-grabo-y-vendio-los-videos-a-paginas-web-de-pornografia-infantil\/","og_site_name":"P\u00e1gina10","article_publisher":"https:\/\/www.facebook.com\/pag10com","article_published_time":"2022-06-27T19:32:21+00:00","article_modified_time":"2022-06-27T19:39:24+00:00","og_image":[{"width":931,"height":700,"url":"https:\/\/pagina10.com\/web\/wp-content\/uploads\/2022\/06\/IMG-20220623-WA0029-e1656358630807.jpg","type":"image\/jpeg"}],"author":"P\u00e1gina 10","twitter_card":"summary_large_image","twitter_creator":"@Pag10com","twitter_site":"@Pag10com","twitter_misc":{"Escrito por":"P\u00e1gina 10","Tiempo de lectura":"1 minuto"},"schema":{"@context":"https:\/\/schema.org","@graph":[{"@type":"Article","@id":"https:\/\/pagina10.com\/web\/violo-a-menor-de-edad-la-grabo-y-vendio-los-videos-a-paginas-web-de-pornografia-infantil\/#article","isPartOf":{"@id":"https:\/\/pagina10.com\/web\/violo-a-menor-de-edad-la-grabo-y-vendio-los-videos-a-paginas-web-de-pornografia-infantil\/"},"author":{"name":"P\u00e1gina 10","@id":"https:\/\/pagina10.com\/web\/#\/schema\/person\/2efc4a090d25b667d3bc796798a3a81b"},"headline":"Viol\u00f3 a menor de edad, la grab\u00f3 y vendi\u00f3 los videos a p\u00e1ginas web de pornograf\u00eda infantil","datePublished":"2022-06-27T19:32:21+00:00","dateModified":"2022-06-27T19:39:24+00:00","mainEntityOfPage":{"@id":"https:\/\/pagina10.com\/web\/violo-a-menor-de-edad-la-grabo-y-vendio-los-videos-a-paginas-web-de-pornografia-infantil\/"},"wordCount":242,"commentCount":0,"publisher":{"@id":"https:\/\/pagina10.com\/web\/#organization"},"image":{"@id":"https:\/\/pagina10.com\/web\/violo-a-menor-de-edad-la-grabo-y-vendio-los-videos-a-paginas-web-de-pornografia-infantil\/#primaryimage"},"thumbnailUrl":"https:\/\/pagina10.com\/web\/wp-content\/uploads\/2022\/06\/IMG-20220623-WA0029-e1656358630807.jpg","articleSection":["Judicial"],"inLanguage":"es","potentialAction":[{"@type":"CommentAction","name":"Comment","target":["https:\/\/pagina10.com\/web\/violo-a-menor-de-edad-la-grabo-y-vendio-los-videos-a-paginas-web-de-pornografia-infantil\/#respond"]}]},{"@type":"WebPage","@id":"https:\/\/pagina10.com\/web\/violo-a-menor-de-edad-la-grabo-y-vendio-los-videos-a-paginas-web-de-pornografia-infantil\/","url":"https:\/\/pagina10.com\/web\/violo-a-menor-de-edad-la-grabo-y-vendio-los-videos-a-paginas-web-de-pornografia-infantil\/","name":"Viol\u00f3 a menor de edad, la grab\u00f3 y vendi\u00f3 los videos a p\u00e1ginas web de pornograf\u00eda infantil | P\u00e1gina10","isPartOf":{"@id":"https:\/\/pagina10.com\/web\/#website"},"primaryImageOfPage":{"@id":"https:\/\/pagina10.com\/web\/violo-a-menor-de-edad-la-grabo-y-vendio-los-videos-a-paginas-web-de-pornografia-infantil\/#primaryimage"},"image":{"@id":"https:\/\/pagina10.com\/web\/violo-a-menor-de-edad-la-grabo-y-vendio-los-videos-a-paginas-web-de-pornografia-infantil\/#primaryimage"},"thumbnailUrl":"https:\/\/pagina10.com\/web\/wp-content\/uploads\/2022\/06\/IMG-20220623-WA0029-e1656358630807.jpg","datePublished":"2022-06-27T19:32:21+00:00","dateModified":"2022-06-27T19:39:24+00:00","breadcrumb":{"@id":"https:\/\/pagina10.com\/web\/violo-a-menor-de-edad-la-grabo-y-vendio-los-videos-a-paginas-web-de-pornografia-infantil\/#breadcrumb"},"inLanguage":"es","potentialAction":[{"@type":"ReadAction","target":["https:\/\/pagina10.com\/web\/violo-a-menor-de-edad-la-grabo-y-vendio-los-videos-a-paginas-web-de-pornografia-infantil\/"]}]},{"@type":"ImageObject","inLanguage":"es","@id":"https:\/\/pagina10.com\/web\/violo-a-menor-de-edad-la-grabo-y-vendio-los-videos-a-paginas-web-de-pornografia-infantil\/#primaryimage","url":"https:\/\/pagina10.com\/web\/wp-content\/uploads\/2022\/06\/IMG-20220623-WA0029-e1656358630807.jpg","contentUrl":"https:\/\/pagina10.com\/web\/wp-content\/uploads\/2022\/06\/IMG-20220623-WA0029-e1656358630807.jpg","width":931,"height":700},{"@type":"BreadcrumbList","@id":"https:\/\/pagina10.com\/web\/violo-a-menor-de-edad-la-grabo-y-vendio-los-videos-a-paginas-web-de-pornografia-infantil\/#breadcrumb","itemListElement":[{"@type":"ListItem","position":1,"name":"Portada","item":"https:\/\/pagina10.com\/web\/"},{"@type":"ListItem","position":2,"name":"Viol\u00f3 a menor de edad, la grab\u00f3 y vendi\u00f3 los videos a p\u00e1ginas web de pornograf\u00eda infantil"}]},{"@type":"WebSite","@id":"https:\/\/pagina10.com\/web\/#website","url":"https:\/\/pagina10.com\/web\/","name":"P\u00e1gina10","description":"Peri\u00f3dico Regional","publisher":{"@id":"https:\/\/pagina10.com\/web\/#organization"},"alternateName":"P\u00e1gina10 Peri\u00f3dico Regional","potentialAction":[{"@type":"SearchAction","target":{"@type":"EntryPoint","urlTemplate":"https:\/\/pagina10.com\/web\/?s={search_term_string}"},"query-input":{"@type":"PropertyValueSpecification","valueRequired":true,"valueName":"search_term_string"}}],"inLanguage":"es"},{"@type":"Organization","@id":"https:\/\/pagina10.com\/web\/#organization","name":"P\u00e1gina10","alternateName":"P\u00e1gina10 Peri\u00f3dico Regional","url":"https:\/\/pagina10.com\/web\/","logo":{"@type":"ImageObject","inLanguage":"es","@id":"https:\/\/pagina10.com\/web\/#\/schema\/logo\/image\/","url":"https:\/\/pagina10.com\/web\/wp-content\/uploads\/2024\/01\/40-pagina-10-periodico-regional-pasto.jpg","contentUrl":"https:\/\/pagina10.com\/web\/wp-content\/uploads\/2024\/01\/40-pagina-10-periodico-regional-pasto.jpg","width":1280,"height":720,"caption":"P\u00e1gina10"},"image":{"@id":"https:\/\/pagina10.com\/web\/#\/schema\/logo\/image\/"},"sameAs":["https:\/\/www.facebook.com\/pag10com","https:\/\/x.com\/Pag10com","https:\/\/www.instagram.com\/pagina10col\/","https:\/\/youtube.com\/channel\/pag10","https:\/\/www.tiktok.com\/@p10col"]},{"@type":"Person","@id":"https:\/\/pagina10.com\/web\/#\/schema\/person\/2efc4a090d25b667d3bc796798a3a81b","name":"P\u00e1gina 10","description":"P\u00e1gina 10 es un peri\u00f3dico regional que nace en Colombia, en el departamento de Nari\u00f1o, con un enfoque global, fundamentado en cuatro pilares esenciales: la libertad, el pluralismo, la inclusi\u00f3n y la independencia. P\u00e1gina 10 hace referencia a Nari\u00f1o como el d\u00e9cimo departamento creado en Colombia, despu\u00e9s de un proceso pol\u00edtico liderado por actores y actrices regionales con el fin de obtener la independencia y autonom\u00eda de nuestros territorios. Con la creaci\u00f3n de P\u00e1gina 10 se pretende abrir un escenario para el dialogo, la reflexi\u00f3n y el debate que se extienda a otras geograf\u00edas de Am\u00e9rica Latina y del planeta, en una apuesta por transformar colectivamente los desaf\u00edos de un mundo contempor\u00e1neo, m\u00e1s all\u00e1 de las fronteras impuestas.","url":"https:\/\/pagina10.com\/web\/author\/pdiezadmin\/"}]}},"_links":{"self":[{"href":"https:\/\/pagina10.com\/web\/wp-json\/wp\/v2\/posts\/60076","targetHints":{"allow":["GET"]}}],"collection":[{"href":"https:\/\/pagina10.com\/web\/wp-json\/wp\/v2\/posts"}],"about":[{"href":"https:\/\/pagina10.com\/web\/wp-json\/wp\/v2\/types\/post"}],"author":[{"embeddable":true,"href":"https:\/\/pagina10.com\/web\/wp-json\/wp\/v2\/users\/1"}],"replies":[{"embeddable":true,"href":"https:\/\/pagina10.com\/web\/wp-json\/wp\/v2\/comments?post=60076"}],"version-history":[{"count":1,"href":"https:\/\/pagina10.com\/web\/wp-json\/wp\/v2\/posts\/60076\/revisions"}],"predecessor-version":[{"id":60078,"href":"https:\/\/pagina10.com\/web\/wp-json\/wp\/v2\/posts\/60076\/revisions\/60078"}],"wp:featuredmedia":[{"embeddable":true,"href":"https:\/\/pagina10.com\/web\/wp-json\/wp\/v2\/media\/60077"}],"wp:attachment":[{"href":"https:\/\/pagina10.com\/web\/wp-json\/wp\/v2\/media?parent=60076"}],"wp:term":[{"taxonomy":"category","embeddable":true,"href":"https:\/\/pagina10.com\/web\/wp-json\/wp\/v2\/categories?post=60076"},{"taxonomy":"post_tag","embeddable":true,"href":"https:\/\/pagina10.com\/web\/wp-json\/wp\/v2\/tags?post=60076"}],"curies":[{"name":"wp","href":"https:\/\/api.w.org\/{rel}","templated":true}]}}