{"id":60082,"date":"2022-06-27T23:42:26","date_gmt":"2022-06-28T04:42:26","guid":{"rendered":"https:\/\/pagina10.com\/web\/?p=60082"},"modified":"2022-06-27T23:42:26","modified_gmt":"2022-06-28T04:42:26","slug":"en-el-corregimiento-de-la-laguna-en-pasto-capturan-a-presunto-abusador-sexual","status":"publish","type":"post","link":"https:\/\/pagina10.com\/web\/en-el-corregimiento-de-la-laguna-en-pasto-capturan-a-presunto-abusador-sexual\/","title":{"rendered":"En el corregimiento de La Laguna en Pasto, capturan a presunto abusador sexual"},"content":{"rendered":"<p style=\"text-align: justify;\">Con el apoyo de funcionarios del CTI y en cumplimiento a una orden de captura emitida por la Fiscal\u00eda 15 Seccional, personal uniformado de la Polic\u00eda Metropolitana de Pasto captur\u00f3, en zona rural del oriente de la capital de Nari\u00f1o, a un presunto abusador sexual.<\/p>\n<p style=\"text-align: justify;\">La detenci\u00f3n se produjo en la vereda Alto San Pedro del corregimiento de La Laguna hasta donde llegaron las autoridades para materializar la captura de Jaime Gonzales, solicitado por la justicia desde el mes de mayo.<\/p>\n<p style=\"text-align: justify;\">El capturado era requerido por el delito de acceso carnal violento agravado en concurso homog\u00e9neo y sucesivo, raz\u00f3n por la cual fue entregado a las autoridades judiciales competentes.<\/p>\n","protected":false},"excerpt":{"rendered":"<p>Con el apoyo de funcionarios del CTI y en cumplimiento a una orden de captura emitida por la Fiscal\u00eda 15 Seccional, personal uniformado de la Polic\u00eda Metropolitana de Pasto captur\u00f3, en zona rural del oriente de la capital de Nari\u00f1o, a un presunto abusador sexual. La detenci\u00f3n se produjo en la vereda Alto San Pedro [&hellip;]<\/p>\n","protected":false},"author":1,"featured_media":60083,"comment_status":"open","ping_status":"open","sticky":false,"template":"","format":"standard","meta":{"footnotes":""},"categories":[61],"tags":[],"class_list":["post-60082","post","type-post","status-publish","format-standard","has-post-thumbnail","hentry","category-judicial"],"yoast_head":"<!-- This site is optimized with the Yoast SEO plugin v27.1.1 - https:\/\/yoast.com\/product\/yoast-seo-wordpress\/ -->\n<title>En el corregimiento de La Laguna en Pasto, capturan a presunto abusador sexual | P\u00e1gina10<\/title>\n<meta name=\"robots\" content=\"index, follow, max-snippet:-1, max-image-preview:large, max-video-preview:-1\" \/>\n<link rel=\"canonical\" href=\"https:\/\/pagina10.com\/web\/en-el-corregimiento-de-la-laguna-en-pasto-capturan-a-presunto-abusador-sexual\/\" \/>\n<meta property=\"og:locale\" content=\"es_ES\" \/>\n<meta property=\"og:type\" content=\"article\" \/>\n<meta property=\"og:title\" content=\"En el corregimiento de La Laguna en Pasto, capturan a presunto abusador sexual | P\u00e1gina10\" \/>\n<meta property=\"og:description\" content=\"Con el apoyo de funcionarios del CTI y en cumplimiento a una orden de captura emitida por la Fiscal\u00eda 15 Seccional, personal uniformado de la Polic\u00eda Metropolitana de Pasto captur\u00f3, en zona rural del oriente de la capital de Nari\u00f1o, a un presunto abusador sexual. La detenci\u00f3n se produjo en la vereda Alto San Pedro [&hellip;]\" \/>\n<meta property=\"og:url\" content=\"https:\/\/pagina10.com\/web\/en-el-corregimiento-de-la-laguna-en-pasto-capturan-a-presunto-abusador-sexual\/\" \/>\n<meta property=\"og:site_name\" content=\"P\u00e1gina10\" \/>\n<meta property=\"article:publisher\" content=\"https:\/\/www.facebook.com\/pag10com\" \/>\n<meta property=\"article:published_time\" content=\"2022-06-28T04:42:26+00:00\" \/>\n<meta property=\"og:image\" content=\"https:\/\/pagina10.com\/web\/wp-content\/uploads\/2022\/06\/WhatsApp-Image-2022-06-26-at-12.09.00-PM-e1656391337656.jpeg\" \/>\n\t<meta property=\"og:image:width\" content=\"1342\" \/>\n\t<meta property=\"og:image:height\" content=\"808\" \/>\n\t<meta property=\"og:image:type\" content=\"image\/jpeg\" \/>\n<meta name=\"author\" content=\"P\u00e1gina 10\" \/>\n<meta name=\"twitter:card\" content=\"summary_large_image\" \/>\n<meta name=\"twitter:creator\" content=\"@Pag10com\" \/>\n<meta name=\"twitter:site\" content=\"@Pag10com\" \/>\n<meta name=\"twitter:label1\" content=\"Escrito por\" \/>\n\t<meta name=\"twitter:data1\" content=\"P\u00e1gina 10\" \/>\n\t<meta name=\"twitter:label2\" content=\"Tiempo de lectura\" \/>\n\t<meta name=\"twitter:data2\" content=\"1 minuto\" \/>\n<script type=\"application\/ld+json\" class=\"yoast-schema-graph\">{\"@context\":\"https:\/\/schema.org\",\"@graph\":[{\"@type\":\"Article\",\"@id\":\"https:\/\/pagina10.com\/web\/en-el-corregimiento-de-la-laguna-en-pasto-capturan-a-presunto-abusador-sexual\/#article\",\"isPartOf\":{\"@id\":\"https:\/\/pagina10.com\/web\/en-el-corregimiento-de-la-laguna-en-pasto-capturan-a-presunto-abusador-sexual\/\"},\"author\":{\"name\":\"P\u00e1gina 10\",\"@id\":\"https:\/\/pagina10.com\/web\/#\/schema\/person\/2efc4a090d25b667d3bc796798a3a81b\"},\"headline\":\"En el corregimiento de La Laguna en Pasto, capturan a presunto abusador sexual\",\"datePublished\":\"2022-06-28T04:42:26+00:00\",\"mainEntityOfPage\":{\"@id\":\"https:\/\/pagina10.com\/web\/en-el-corregimiento-de-la-laguna-en-pasto-capturan-a-presunto-abusador-sexual\/\"},\"wordCount\":127,\"commentCount\":0,\"publisher\":{\"@id\":\"https:\/\/pagina10.com\/web\/#organization\"},\"image\":{\"@id\":\"https:\/\/pagina10.com\/web\/en-el-corregimiento-de-la-laguna-en-pasto-capturan-a-presunto-abusador-sexual\/#primaryimage\"},\"thumbnailUrl\":\"https:\/\/pagina10.com\/web\/wp-content\/uploads\/2022\/06\/WhatsApp-Image-2022-06-26-at-12.09.00-PM-e1656391337656.jpeg\",\"articleSection\":[\"Judicial\"],\"inLanguage\":\"es\",\"potentialAction\":[{\"@type\":\"CommentAction\",\"name\":\"Comment\",\"target\":[\"https:\/\/pagina10.com\/web\/en-el-corregimiento-de-la-laguna-en-pasto-capturan-a-presunto-abusador-sexual\/#respond\"]}]},{\"@type\":\"WebPage\",\"@id\":\"https:\/\/pagina10.com\/web\/en-el-corregimiento-de-la-laguna-en-pasto-capturan-a-presunto-abusador-sexual\/\",\"url\":\"https:\/\/pagina10.com\/web\/en-el-corregimiento-de-la-laguna-en-pasto-capturan-a-presunto-abusador-sexual\/\",\"name\":\"En el corregimiento de La Laguna en Pasto, capturan a presunto abusador sexual | P\u00e1gina10\",\"isPartOf\":{\"@id\":\"https:\/\/pagina10.com\/web\/#website\"},\"primaryImageOfPage\":{\"@id\":\"https:\/\/pagina10.com\/web\/en-el-corregimiento-de-la-laguna-en-pasto-capturan-a-presunto-abusador-sexual\/#primaryimage\"},\"image\":{\"@id\":\"https:\/\/pagina10.com\/web\/en-el-corregimiento-de-la-laguna-en-pasto-capturan-a-presunto-abusador-sexual\/#primaryimage\"},\"thumbnailUrl\":\"https:\/\/pagina10.com\/web\/wp-content\/uploads\/2022\/06\/WhatsApp-Image-2022-06-26-at-12.09.00-PM-e1656391337656.jpeg\",\"datePublished\":\"2022-06-28T04:42:26+00:00\",\"breadcrumb\":{\"@id\":\"https:\/\/pagina10.com\/web\/en-el-corregimiento-de-la-laguna-en-pasto-capturan-a-presunto-abusador-sexual\/#breadcrumb\"},\"inLanguage\":\"es\",\"potentialAction\":[{\"@type\":\"ReadAction\",\"target\":[\"https:\/\/pagina10.com\/web\/en-el-corregimiento-de-la-laguna-en-pasto-capturan-a-presunto-abusador-sexual\/\"]}]},{\"@type\":\"ImageObject\",\"inLanguage\":\"es\",\"@id\":\"https:\/\/pagina10.com\/web\/en-el-corregimiento-de-la-laguna-en-pasto-capturan-a-presunto-abusador-sexual\/#primaryimage\",\"url\":\"https:\/\/pagina10.com\/web\/wp-content\/uploads\/2022\/06\/WhatsApp-Image-2022-06-26-at-12.09.00-PM-e1656391337656.jpeg\",\"contentUrl\":\"https:\/\/pagina10.com\/web\/wp-content\/uploads\/2022\/06\/WhatsApp-Image-2022-06-26-at-12.09.00-PM-e1656391337656.jpeg\",\"width\":1342,\"height\":808},{\"@type\":\"BreadcrumbList\",\"@id\":\"https:\/\/pagina10.com\/web\/en-el-corregimiento-de-la-laguna-en-pasto-capturan-a-presunto-abusador-sexual\/#breadcrumb\",\"itemListElement\":[{\"@type\":\"ListItem\",\"position\":1,\"name\":\"Portada\",\"item\":\"https:\/\/pagina10.com\/web\/\"},{\"@type\":\"ListItem\",\"position\":2,\"name\":\"En el corregimiento de La Laguna en Pasto, capturan a presunto abusador sexual\"}]},{\"@type\":\"WebSite\",\"@id\":\"https:\/\/pagina10.com\/web\/#website\",\"url\":\"https:\/\/pagina10.com\/web\/\",\"name\":\"P\u00e1gina10\",\"description\":\"Peri\u00f3dico Regional\",\"publisher\":{\"@id\":\"https:\/\/pagina10.com\/web\/#organization\"},\"alternateName\":\"P\u00e1gina10 Peri\u00f3dico Regional\",\"potentialAction\":[{\"@type\":\"SearchAction\",\"target\":{\"@type\":\"EntryPoint\",\"urlTemplate\":\"https:\/\/pagina10.com\/web\/?s={search_term_string}\"},\"query-input\":{\"@type\":\"PropertyValueSpecification\",\"valueRequired\":true,\"valueName\":\"search_term_string\"}}],\"inLanguage\":\"es\"},{\"@type\":\"Organization\",\"@id\":\"https:\/\/pagina10.com\/web\/#organization\",\"name\":\"P\u00e1gina10\",\"alternateName\":\"P\u00e1gina10 Peri\u00f3dico Regional\",\"url\":\"https:\/\/pagina10.com\/web\/\",\"logo\":{\"@type\":\"ImageObject\",\"inLanguage\":\"es\",\"@id\":\"https:\/\/pagina10.com\/web\/#\/schema\/logo\/image\/\",\"url\":\"https:\/\/pagina10.com\/web\/wp-content\/uploads\/2024\/01\/40-pagina-10-periodico-regional-pasto.jpg\",\"contentUrl\":\"https:\/\/pagina10.com\/web\/wp-content\/uploads\/2024\/01\/40-pagina-10-periodico-regional-pasto.jpg\",\"width\":1280,\"height\":720,\"caption\":\"P\u00e1gina10\"},\"image\":{\"@id\":\"https:\/\/pagina10.com\/web\/#\/schema\/logo\/image\/\"},\"sameAs\":[\"https:\/\/www.facebook.com\/pag10com\",\"https:\/\/x.com\/Pag10com\",\"https:\/\/www.instagram.com\/pagina10col\/\",\"https:\/\/youtube.com\/channel\/pag10\",\"https:\/\/www.tiktok.com\/@p10col\"]},{\"@type\":\"Person\",\"@id\":\"https:\/\/pagina10.com\/web\/#\/schema\/person\/2efc4a090d25b667d3bc796798a3a81b\",\"name\":\"P\u00e1gina 10\",\"description\":\"P\u00e1gina 10 es un peri\u00f3dico regional que nace en Colombia, en el departamento de Nari\u00f1o, con un enfoque global, fundamentado en cuatro pilares esenciales: la libertad, el pluralismo, la inclusi\u00f3n y la independencia. P\u00e1gina 10 hace referencia a Nari\u00f1o como el d\u00e9cimo departamento creado en Colombia, despu\u00e9s de un proceso pol\u00edtico liderado por actores y actrices regionales con el fin de obtener la independencia y autonom\u00eda de nuestros territorios. Con la creaci\u00f3n de P\u00e1gina 10 se pretende abrir un escenario para el dialogo, la reflexi\u00f3n y el debate que se extienda a otras geograf\u00edas de Am\u00e9rica Latina y del planeta, en una apuesta por transformar colectivamente los desaf\u00edos de un mundo contempor\u00e1neo, m\u00e1s all\u00e1 de las fronteras impuestas.\",\"url\":\"https:\/\/pagina10.com\/web\/author\/pdiezadmin\/\"}]}<\/script>\n<!-- \/ Yoast SEO plugin. -->","yoast_head_json":{"title":"En el corregimiento de La Laguna en Pasto, capturan a presunto abusador sexual | P\u00e1gina10","robots":{"index":"index","follow":"follow","max-snippet":"max-snippet:-1","max-image-preview":"max-image-preview:large","max-video-preview":"max-video-preview:-1"},"canonical":"https:\/\/pagina10.com\/web\/en-el-corregimiento-de-la-laguna-en-pasto-capturan-a-presunto-abusador-sexual\/","og_locale":"es_ES","og_type":"article","og_title":"En el corregimiento de La Laguna en Pasto, capturan a presunto abusador sexual | P\u00e1gina10","og_description":"Con el apoyo de funcionarios del CTI y en cumplimiento a una orden de captura emitida por la Fiscal\u00eda 15 Seccional, personal uniformado de la Polic\u00eda Metropolitana de Pasto captur\u00f3, en zona rural del oriente de la capital de Nari\u00f1o, a un presunto abusador sexual. La detenci\u00f3n se produjo en la vereda Alto San Pedro [&hellip;]","og_url":"https:\/\/pagina10.com\/web\/en-el-corregimiento-de-la-laguna-en-pasto-capturan-a-presunto-abusador-sexual\/","og_site_name":"P\u00e1gina10","article_publisher":"https:\/\/www.facebook.com\/pag10com","article_published_time":"2022-06-28T04:42:26+00:00","og_image":[{"width":1342,"height":808,"url":"https:\/\/pagina10.com\/web\/wp-content\/uploads\/2022\/06\/WhatsApp-Image-2022-06-26-at-12.09.00-PM-e1656391337656.jpeg","type":"image\/jpeg"}],"author":"P\u00e1gina 10","twitter_card":"summary_large_image","twitter_creator":"@Pag10com","twitter_site":"@Pag10com","twitter_misc":{"Escrito por":"P\u00e1gina 10","Tiempo de lectura":"1 minuto"},"schema":{"@context":"https:\/\/schema.org","@graph":[{"@type":"Article","@id":"https:\/\/pagina10.com\/web\/en-el-corregimiento-de-la-laguna-en-pasto-capturan-a-presunto-abusador-sexual\/#article","isPartOf":{"@id":"https:\/\/pagina10.com\/web\/en-el-corregimiento-de-la-laguna-en-pasto-capturan-a-presunto-abusador-sexual\/"},"author":{"name":"P\u00e1gina 10","@id":"https:\/\/pagina10.com\/web\/#\/schema\/person\/2efc4a090d25b667d3bc796798a3a81b"},"headline":"En el corregimiento de La Laguna en Pasto, capturan a presunto abusador sexual","datePublished":"2022-06-28T04:42:26+00:00","mainEntityOfPage":{"@id":"https:\/\/pagina10.com\/web\/en-el-corregimiento-de-la-laguna-en-pasto-capturan-a-presunto-abusador-sexual\/"},"wordCount":127,"commentCount":0,"publisher":{"@id":"https:\/\/pagina10.com\/web\/#organization"},"image":{"@id":"https:\/\/pagina10.com\/web\/en-el-corregimiento-de-la-laguna-en-pasto-capturan-a-presunto-abusador-sexual\/#primaryimage"},"thumbnailUrl":"https:\/\/pagina10.com\/web\/wp-content\/uploads\/2022\/06\/WhatsApp-Image-2022-06-26-at-12.09.00-PM-e1656391337656.jpeg","articleSection":["Judicial"],"inLanguage":"es","potentialAction":[{"@type":"CommentAction","name":"Comment","target":["https:\/\/pagina10.com\/web\/en-el-corregimiento-de-la-laguna-en-pasto-capturan-a-presunto-abusador-sexual\/#respond"]}]},{"@type":"WebPage","@id":"https:\/\/pagina10.com\/web\/en-el-corregimiento-de-la-laguna-en-pasto-capturan-a-presunto-abusador-sexual\/","url":"https:\/\/pagina10.com\/web\/en-el-corregimiento-de-la-laguna-en-pasto-capturan-a-presunto-abusador-sexual\/","name":"En el corregimiento de La Laguna en Pasto, capturan a presunto abusador sexual | P\u00e1gina10","isPartOf":{"@id":"https:\/\/pagina10.com\/web\/#website"},"primaryImageOfPage":{"@id":"https:\/\/pagina10.com\/web\/en-el-corregimiento-de-la-laguna-en-pasto-capturan-a-presunto-abusador-sexual\/#primaryimage"},"image":{"@id":"https:\/\/pagina10.com\/web\/en-el-corregimiento-de-la-laguna-en-pasto-capturan-a-presunto-abusador-sexual\/#primaryimage"},"thumbnailUrl":"https:\/\/pagina10.com\/web\/wp-content\/uploads\/2022\/06\/WhatsApp-Image-2022-06-26-at-12.09.00-PM-e1656391337656.jpeg","datePublished":"2022-06-28T04:42:26+00:00","breadcrumb":{"@id":"https:\/\/pagina10.com\/web\/en-el-corregimiento-de-la-laguna-en-pasto-capturan-a-presunto-abusador-sexual\/#breadcrumb"},"inLanguage":"es","potentialAction":[{"@type":"ReadAction","target":["https:\/\/pagina10.com\/web\/en-el-corregimiento-de-la-laguna-en-pasto-capturan-a-presunto-abusador-sexual\/"]}]},{"@type":"ImageObject","inLanguage":"es","@id":"https:\/\/pagina10.com\/web\/en-el-corregimiento-de-la-laguna-en-pasto-capturan-a-presunto-abusador-sexual\/#primaryimage","url":"https:\/\/pagina10.com\/web\/wp-content\/uploads\/2022\/06\/WhatsApp-Image-2022-06-26-at-12.09.00-PM-e1656391337656.jpeg","contentUrl":"https:\/\/pagina10.com\/web\/wp-content\/uploads\/2022\/06\/WhatsApp-Image-2022-06-26-at-12.09.00-PM-e1656391337656.jpeg","width":1342,"height":808},{"@type":"BreadcrumbList","@id":"https:\/\/pagina10.com\/web\/en-el-corregimiento-de-la-laguna-en-pasto-capturan-a-presunto-abusador-sexual\/#breadcrumb","itemListElement":[{"@type":"ListItem","position":1,"name":"Portada","item":"https:\/\/pagina10.com\/web\/"},{"@type":"ListItem","position":2,"name":"En el corregimiento de La Laguna en Pasto, capturan a presunto abusador sexual"}]},{"@type":"WebSite","@id":"https:\/\/pagina10.com\/web\/#website","url":"https:\/\/pagina10.com\/web\/","name":"P\u00e1gina10","description":"Peri\u00f3dico Regional","publisher":{"@id":"https:\/\/pagina10.com\/web\/#organization"},"alternateName":"P\u00e1gina10 Peri\u00f3dico Regional","potentialAction":[{"@type":"SearchAction","target":{"@type":"EntryPoint","urlTemplate":"https:\/\/pagina10.com\/web\/?s={search_term_string}"},"query-input":{"@type":"PropertyValueSpecification","valueRequired":true,"valueName":"search_term_string"}}],"inLanguage":"es"},{"@type":"Organization","@id":"https:\/\/pagina10.com\/web\/#organization","name":"P\u00e1gina10","alternateName":"P\u00e1gina10 Peri\u00f3dico Regional","url":"https:\/\/pagina10.com\/web\/","logo":{"@type":"ImageObject","inLanguage":"es","@id":"https:\/\/pagina10.com\/web\/#\/schema\/logo\/image\/","url":"https:\/\/pagina10.com\/web\/wp-content\/uploads\/2024\/01\/40-pagina-10-periodico-regional-pasto.jpg","contentUrl":"https:\/\/pagina10.com\/web\/wp-content\/uploads\/2024\/01\/40-pagina-10-periodico-regional-pasto.jpg","width":1280,"height":720,"caption":"P\u00e1gina10"},"image":{"@id":"https:\/\/pagina10.com\/web\/#\/schema\/logo\/image\/"},"sameAs":["https:\/\/www.facebook.com\/pag10com","https:\/\/x.com\/Pag10com","https:\/\/www.instagram.com\/pagina10col\/","https:\/\/youtube.com\/channel\/pag10","https:\/\/www.tiktok.com\/@p10col"]},{"@type":"Person","@id":"https:\/\/pagina10.com\/web\/#\/schema\/person\/2efc4a090d25b667d3bc796798a3a81b","name":"P\u00e1gina 10","description":"P\u00e1gina 10 es un peri\u00f3dico regional que nace en Colombia, en el departamento de Nari\u00f1o, con un enfoque global, fundamentado en cuatro pilares esenciales: la libertad, el pluralismo, la inclusi\u00f3n y la independencia. P\u00e1gina 10 hace referencia a Nari\u00f1o como el d\u00e9cimo departamento creado en Colombia, despu\u00e9s de un proceso pol\u00edtico liderado por actores y actrices regionales con el fin de obtener la independencia y autonom\u00eda de nuestros territorios. Con la creaci\u00f3n de P\u00e1gina 10 se pretende abrir un escenario para el dialogo, la reflexi\u00f3n y el debate que se extienda a otras geograf\u00edas de Am\u00e9rica Latina y del planeta, en una apuesta por transformar colectivamente los desaf\u00edos de un mundo contempor\u00e1neo, m\u00e1s all\u00e1 de las fronteras impuestas.","url":"https:\/\/pagina10.com\/web\/author\/pdiezadmin\/"}]}},"_links":{"self":[{"href":"https:\/\/pagina10.com\/web\/wp-json\/wp\/v2\/posts\/60082","targetHints":{"allow":["GET"]}}],"collection":[{"href":"https:\/\/pagina10.com\/web\/wp-json\/wp\/v2\/posts"}],"about":[{"href":"https:\/\/pagina10.com\/web\/wp-json\/wp\/v2\/types\/post"}],"author":[{"embeddable":true,"href":"https:\/\/pagina10.com\/web\/wp-json\/wp\/v2\/users\/1"}],"replies":[{"embeddable":true,"href":"https:\/\/pagina10.com\/web\/wp-json\/wp\/v2\/comments?post=60082"}],"version-history":[{"count":2,"href":"https:\/\/pagina10.com\/web\/wp-json\/wp\/v2\/posts\/60082\/revisions"}],"predecessor-version":[{"id":60085,"href":"https:\/\/pagina10.com\/web\/wp-json\/wp\/v2\/posts\/60082\/revisions\/60085"}],"wp:featuredmedia":[{"embeddable":true,"href":"https:\/\/pagina10.com\/web\/wp-json\/wp\/v2\/media\/60083"}],"wp:attachment":[{"href":"https:\/\/pagina10.com\/web\/wp-json\/wp\/v2\/media?parent=60082"}],"wp:term":[{"taxonomy":"category","embeddable":true,"href":"https:\/\/pagina10.com\/web\/wp-json\/wp\/v2\/categories?post=60082"},{"taxonomy":"post_tag","embeddable":true,"href":"https:\/\/pagina10.com\/web\/wp-json\/wp\/v2\/tags?post=60082"}],"curies":[{"name":"wp","href":"https:\/\/api.w.org\/{rel}","templated":true}]}}