{"id":60121,"date":"2022-06-29T14:35:33","date_gmt":"2022-06-29T19:35:33","guid":{"rendered":"https:\/\/pagina10.com\/web\/?p=60121"},"modified":"2022-06-29T14:35:33","modified_gmt":"2022-06-29T19:35:33","slug":"hondureno-reforzara-el-ataque-del-deportivo-pasto-en-el-segundo-semestre-de-la-liga","status":"publish","type":"post","link":"https:\/\/pagina10.com\/web\/hondureno-reforzara-el-ataque-del-deportivo-pasto-en-el-segundo-semestre-de-la-liga\/","title":{"rendered":"Hondure\u00f1o reforzar\u00e1 el ataque del Deportivo Pasto en el segundo semestre de la liga"},"content":{"rendered":"<p style=\"text-align: justify;\">Rubilio Castillo fue confirmado como nuevo refuerzo del conjunto nari\u00f1ense. El centroamericano llega procedente del Comunicaciones de Guatemala y ostenta 158 goles en sus 359 partidos disputados durante su carrera profesional.<\/p>\n<p style=\"text-align: justify;\">Esta es la primera vez que el hondure\u00f1o juega en Colombia, sumando nueve clubes seis de los cuales han sido en el extranjero. Castillo tuvo paso por el Vida, Deportes Savio y Motagua en su pa\u00eds, Correcaminos de M\u00e9xico, luego fue al Saprissa de Costa Rica, en 2019 lleg\u00f3 al Tondela de Portugal y el a\u00f1o pasado estuvo en el Royal Pari de Bolivia.<\/p>\n<p style=\"text-align: justify;\">Su \u00faltimo club en el extranjero fue el Comunicaciones de Guatemala, club con el que gan\u00f3 el t\u00edtulo de campe\u00f3n. De esta manera, el delantero que reemplazar\u00e1 a Duvier Riascos, busca marcar su propia historia en el futbol colombiano vistiendo precisamente, la camiseta del tricolor pastuso.<\/p>\n","protected":false},"excerpt":{"rendered":"<p>Rubilio Castillo fue confirmado como nuevo refuerzo del conjunto nari\u00f1ense. El centroamericano llega procedente del Comunicaciones de Guatemala y ostenta 158 goles en sus 359 partidos disputados durante su carrera profesional. Esta es la primera vez que el hondure\u00f1o juega en Colombia, sumando nueve clubes seis de los cuales han sido en el extranjero. Castillo [&hellip;]<\/p>\n","protected":false},"author":1,"featured_media":60122,"comment_status":"open","ping_status":"open","sticky":false,"template":"","format":"standard","meta":{"footnotes":""},"categories":[86],"tags":[],"class_list":["post-60121","post","type-post","status-publish","format-standard","has-post-thumbnail","hentry","category-deportes-2"],"yoast_head":"<!-- This site is optimized with the Yoast SEO plugin v27.1.1 - https:\/\/yoast.com\/product\/yoast-seo-wordpress\/ -->\n<title>Hondure\u00f1o reforzar\u00e1 el ataque del Deportivo Pasto en el segundo semestre de la liga | P\u00e1gina10<\/title>\n<meta name=\"robots\" content=\"index, follow, max-snippet:-1, max-image-preview:large, max-video-preview:-1\" \/>\n<link rel=\"canonical\" href=\"https:\/\/pagina10.com\/web\/hondureno-reforzara-el-ataque-del-deportivo-pasto-en-el-segundo-semestre-de-la-liga\/\" \/>\n<meta property=\"og:locale\" content=\"es_ES\" \/>\n<meta property=\"og:type\" content=\"article\" \/>\n<meta property=\"og:title\" content=\"Hondure\u00f1o reforzar\u00e1 el ataque del Deportivo Pasto en el segundo semestre de la liga | P\u00e1gina10\" \/>\n<meta property=\"og:description\" content=\"Rubilio Castillo fue confirmado como nuevo refuerzo del conjunto nari\u00f1ense. El centroamericano llega procedente del Comunicaciones de Guatemala y ostenta 158 goles en sus 359 partidos disputados durante su carrera profesional. Esta es la primera vez que el hondure\u00f1o juega en Colombia, sumando nueve clubes seis de los cuales han sido en el extranjero. Castillo [&hellip;]\" \/>\n<meta property=\"og:url\" content=\"https:\/\/pagina10.com\/web\/hondureno-reforzara-el-ataque-del-deportivo-pasto-en-el-segundo-semestre-de-la-liga\/\" \/>\n<meta property=\"og:site_name\" content=\"P\u00e1gina10\" \/>\n<meta property=\"article:publisher\" content=\"https:\/\/www.facebook.com\/pag10com\" \/>\n<meta property=\"article:published_time\" content=\"2022-06-29T19:35:33+00:00\" \/>\n<meta property=\"og:image\" content=\"https:\/\/pagina10.com\/web\/wp-content\/uploads\/2022\/06\/befunky-collage-2022-04-06t224239_1284432_20220406224434.jpg\" \/>\n\t<meta property=\"og:image:width\" content=\"1020\" \/>\n\t<meta property=\"og:image:height\" content=\"580\" \/>\n\t<meta property=\"og:image:type\" content=\"image\/jpeg\" \/>\n<meta name=\"author\" content=\"P\u00e1gina 10\" \/>\n<meta name=\"twitter:card\" content=\"summary_large_image\" \/>\n<meta name=\"twitter:creator\" content=\"@Pag10com\" \/>\n<meta name=\"twitter:site\" content=\"@Pag10com\" \/>\n<meta name=\"twitter:label1\" content=\"Escrito por\" \/>\n\t<meta name=\"twitter:data1\" content=\"P\u00e1gina 10\" \/>\n\t<meta name=\"twitter:label2\" content=\"Tiempo de lectura\" \/>\n\t<meta name=\"twitter:data2\" content=\"1 minuto\" \/>\n<script type=\"application\/ld+json\" class=\"yoast-schema-graph\">{\"@context\":\"https:\/\/schema.org\",\"@graph\":[{\"@type\":\"Article\",\"@id\":\"https:\/\/pagina10.com\/web\/hondureno-reforzara-el-ataque-del-deportivo-pasto-en-el-segundo-semestre-de-la-liga\/#article\",\"isPartOf\":{\"@id\":\"https:\/\/pagina10.com\/web\/hondureno-reforzara-el-ataque-del-deportivo-pasto-en-el-segundo-semestre-de-la-liga\/\"},\"author\":{\"name\":\"P\u00e1gina 10\",\"@id\":\"https:\/\/pagina10.com\/web\/#\/schema\/person\/2efc4a090d25b667d3bc796798a3a81b\"},\"headline\":\"Hondure\u00f1o reforzar\u00e1 el ataque del Deportivo Pasto en el segundo semestre de la liga\",\"datePublished\":\"2022-06-29T19:35:33+00:00\",\"mainEntityOfPage\":{\"@id\":\"https:\/\/pagina10.com\/web\/hondureno-reforzara-el-ataque-del-deportivo-pasto-en-el-segundo-semestre-de-la-liga\/\"},\"wordCount\":160,\"commentCount\":0,\"publisher\":{\"@id\":\"https:\/\/pagina10.com\/web\/#organization\"},\"image\":{\"@id\":\"https:\/\/pagina10.com\/web\/hondureno-reforzara-el-ataque-del-deportivo-pasto-en-el-segundo-semestre-de-la-liga\/#primaryimage\"},\"thumbnailUrl\":\"https:\/\/pagina10.com\/web\/wp-content\/uploads\/2022\/06\/befunky-collage-2022-04-06t224239_1284432_20220406224434.jpg\",\"articleSection\":[\"Deportes\"],\"inLanguage\":\"es\",\"potentialAction\":[{\"@type\":\"CommentAction\",\"name\":\"Comment\",\"target\":[\"https:\/\/pagina10.com\/web\/hondureno-reforzara-el-ataque-del-deportivo-pasto-en-el-segundo-semestre-de-la-liga\/#respond\"]}]},{\"@type\":\"WebPage\",\"@id\":\"https:\/\/pagina10.com\/web\/hondureno-reforzara-el-ataque-del-deportivo-pasto-en-el-segundo-semestre-de-la-liga\/\",\"url\":\"https:\/\/pagina10.com\/web\/hondureno-reforzara-el-ataque-del-deportivo-pasto-en-el-segundo-semestre-de-la-liga\/\",\"name\":\"Hondure\u00f1o reforzar\u00e1 el ataque del Deportivo Pasto en el segundo semestre de la liga | P\u00e1gina10\",\"isPartOf\":{\"@id\":\"https:\/\/pagina10.com\/web\/#website\"},\"primaryImageOfPage\":{\"@id\":\"https:\/\/pagina10.com\/web\/hondureno-reforzara-el-ataque-del-deportivo-pasto-en-el-segundo-semestre-de-la-liga\/#primaryimage\"},\"image\":{\"@id\":\"https:\/\/pagina10.com\/web\/hondureno-reforzara-el-ataque-del-deportivo-pasto-en-el-segundo-semestre-de-la-liga\/#primaryimage\"},\"thumbnailUrl\":\"https:\/\/pagina10.com\/web\/wp-content\/uploads\/2022\/06\/befunky-collage-2022-04-06t224239_1284432_20220406224434.jpg\",\"datePublished\":\"2022-06-29T19:35:33+00:00\",\"breadcrumb\":{\"@id\":\"https:\/\/pagina10.com\/web\/hondureno-reforzara-el-ataque-del-deportivo-pasto-en-el-segundo-semestre-de-la-liga\/#breadcrumb\"},\"inLanguage\":\"es\",\"potentialAction\":[{\"@type\":\"ReadAction\",\"target\":[\"https:\/\/pagina10.com\/web\/hondureno-reforzara-el-ataque-del-deportivo-pasto-en-el-segundo-semestre-de-la-liga\/\"]}]},{\"@type\":\"ImageObject\",\"inLanguage\":\"es\",\"@id\":\"https:\/\/pagina10.com\/web\/hondureno-reforzara-el-ataque-del-deportivo-pasto-en-el-segundo-semestre-de-la-liga\/#primaryimage\",\"url\":\"https:\/\/pagina10.com\/web\/wp-content\/uploads\/2022\/06\/befunky-collage-2022-04-06t224239_1284432_20220406224434.jpg\",\"contentUrl\":\"https:\/\/pagina10.com\/web\/wp-content\/uploads\/2022\/06\/befunky-collage-2022-04-06t224239_1284432_20220406224434.jpg\",\"width\":1020,\"height\":580},{\"@type\":\"BreadcrumbList\",\"@id\":\"https:\/\/pagina10.com\/web\/hondureno-reforzara-el-ataque-del-deportivo-pasto-en-el-segundo-semestre-de-la-liga\/#breadcrumb\",\"itemListElement\":[{\"@type\":\"ListItem\",\"position\":1,\"name\":\"Portada\",\"item\":\"https:\/\/pagina10.com\/web\/\"},{\"@type\":\"ListItem\",\"position\":2,\"name\":\"Hondure\u00f1o reforzar\u00e1 el ataque del Deportivo Pasto en el segundo semestre de la liga\"}]},{\"@type\":\"WebSite\",\"@id\":\"https:\/\/pagina10.com\/web\/#website\",\"url\":\"https:\/\/pagina10.com\/web\/\",\"name\":\"P\u00e1gina10\",\"description\":\"Peri\u00f3dico Regional\",\"publisher\":{\"@id\":\"https:\/\/pagina10.com\/web\/#organization\"},\"alternateName\":\"P\u00e1gina10 Peri\u00f3dico Regional\",\"potentialAction\":[{\"@type\":\"SearchAction\",\"target\":{\"@type\":\"EntryPoint\",\"urlTemplate\":\"https:\/\/pagina10.com\/web\/?s={search_term_string}\"},\"query-input\":{\"@type\":\"PropertyValueSpecification\",\"valueRequired\":true,\"valueName\":\"search_term_string\"}}],\"inLanguage\":\"es\"},{\"@type\":\"Organization\",\"@id\":\"https:\/\/pagina10.com\/web\/#organization\",\"name\":\"P\u00e1gina10\",\"alternateName\":\"P\u00e1gina10 Peri\u00f3dico Regional\",\"url\":\"https:\/\/pagina10.com\/web\/\",\"logo\":{\"@type\":\"ImageObject\",\"inLanguage\":\"es\",\"@id\":\"https:\/\/pagina10.com\/web\/#\/schema\/logo\/image\/\",\"url\":\"https:\/\/pagina10.com\/web\/wp-content\/uploads\/2024\/01\/40-pagina-10-periodico-regional-pasto.jpg\",\"contentUrl\":\"https:\/\/pagina10.com\/web\/wp-content\/uploads\/2024\/01\/40-pagina-10-periodico-regional-pasto.jpg\",\"width\":1280,\"height\":720,\"caption\":\"P\u00e1gina10\"},\"image\":{\"@id\":\"https:\/\/pagina10.com\/web\/#\/schema\/logo\/image\/\"},\"sameAs\":[\"https:\/\/www.facebook.com\/pag10com\",\"https:\/\/x.com\/Pag10com\",\"https:\/\/www.instagram.com\/pagina10col\/\",\"https:\/\/youtube.com\/channel\/pag10\",\"https:\/\/www.tiktok.com\/@p10col\"]},{\"@type\":\"Person\",\"@id\":\"https:\/\/pagina10.com\/web\/#\/schema\/person\/2efc4a090d25b667d3bc796798a3a81b\",\"name\":\"P\u00e1gina 10\",\"description\":\"P\u00e1gina 10 es un peri\u00f3dico regional que nace en Colombia, en el departamento de Nari\u00f1o, con un enfoque global, fundamentado en cuatro pilares esenciales: la libertad, el pluralismo, la inclusi\u00f3n y la independencia. P\u00e1gina 10 hace referencia a Nari\u00f1o como el d\u00e9cimo departamento creado en Colombia, despu\u00e9s de un proceso pol\u00edtico liderado por actores y actrices regionales con el fin de obtener la independencia y autonom\u00eda de nuestros territorios. Con la creaci\u00f3n de P\u00e1gina 10 se pretende abrir un escenario para el dialogo, la reflexi\u00f3n y el debate que se extienda a otras geograf\u00edas de Am\u00e9rica Latina y del planeta, en una apuesta por transformar colectivamente los desaf\u00edos de un mundo contempor\u00e1neo, m\u00e1s all\u00e1 de las fronteras impuestas.\",\"url\":\"https:\/\/pagina10.com\/web\/author\/pdiezadmin\/\"}]}<\/script>\n<!-- \/ Yoast SEO plugin. -->","yoast_head_json":{"title":"Hondure\u00f1o reforzar\u00e1 el ataque del Deportivo Pasto en el segundo semestre de la liga | P\u00e1gina10","robots":{"index":"index","follow":"follow","max-snippet":"max-snippet:-1","max-image-preview":"max-image-preview:large","max-video-preview":"max-video-preview:-1"},"canonical":"https:\/\/pagina10.com\/web\/hondureno-reforzara-el-ataque-del-deportivo-pasto-en-el-segundo-semestre-de-la-liga\/","og_locale":"es_ES","og_type":"article","og_title":"Hondure\u00f1o reforzar\u00e1 el ataque del Deportivo Pasto en el segundo semestre de la liga | P\u00e1gina10","og_description":"Rubilio Castillo fue confirmado como nuevo refuerzo del conjunto nari\u00f1ense. El centroamericano llega procedente del Comunicaciones de Guatemala y ostenta 158 goles en sus 359 partidos disputados durante su carrera profesional. Esta es la primera vez que el hondure\u00f1o juega en Colombia, sumando nueve clubes seis de los cuales han sido en el extranjero. Castillo [&hellip;]","og_url":"https:\/\/pagina10.com\/web\/hondureno-reforzara-el-ataque-del-deportivo-pasto-en-el-segundo-semestre-de-la-liga\/","og_site_name":"P\u00e1gina10","article_publisher":"https:\/\/www.facebook.com\/pag10com","article_published_time":"2022-06-29T19:35:33+00:00","og_image":[{"width":1020,"height":580,"url":"https:\/\/pagina10.com\/web\/wp-content\/uploads\/2022\/06\/befunky-collage-2022-04-06t224239_1284432_20220406224434.jpg","type":"image\/jpeg"}],"author":"P\u00e1gina 10","twitter_card":"summary_large_image","twitter_creator":"@Pag10com","twitter_site":"@Pag10com","twitter_misc":{"Escrito por":"P\u00e1gina 10","Tiempo de lectura":"1 minuto"},"schema":{"@context":"https:\/\/schema.org","@graph":[{"@type":"Article","@id":"https:\/\/pagina10.com\/web\/hondureno-reforzara-el-ataque-del-deportivo-pasto-en-el-segundo-semestre-de-la-liga\/#article","isPartOf":{"@id":"https:\/\/pagina10.com\/web\/hondureno-reforzara-el-ataque-del-deportivo-pasto-en-el-segundo-semestre-de-la-liga\/"},"author":{"name":"P\u00e1gina 10","@id":"https:\/\/pagina10.com\/web\/#\/schema\/person\/2efc4a090d25b667d3bc796798a3a81b"},"headline":"Hondure\u00f1o reforzar\u00e1 el ataque del Deportivo Pasto en el segundo semestre de la liga","datePublished":"2022-06-29T19:35:33+00:00","mainEntityOfPage":{"@id":"https:\/\/pagina10.com\/web\/hondureno-reforzara-el-ataque-del-deportivo-pasto-en-el-segundo-semestre-de-la-liga\/"},"wordCount":160,"commentCount":0,"publisher":{"@id":"https:\/\/pagina10.com\/web\/#organization"},"image":{"@id":"https:\/\/pagina10.com\/web\/hondureno-reforzara-el-ataque-del-deportivo-pasto-en-el-segundo-semestre-de-la-liga\/#primaryimage"},"thumbnailUrl":"https:\/\/pagina10.com\/web\/wp-content\/uploads\/2022\/06\/befunky-collage-2022-04-06t224239_1284432_20220406224434.jpg","articleSection":["Deportes"],"inLanguage":"es","potentialAction":[{"@type":"CommentAction","name":"Comment","target":["https:\/\/pagina10.com\/web\/hondureno-reforzara-el-ataque-del-deportivo-pasto-en-el-segundo-semestre-de-la-liga\/#respond"]}]},{"@type":"WebPage","@id":"https:\/\/pagina10.com\/web\/hondureno-reforzara-el-ataque-del-deportivo-pasto-en-el-segundo-semestre-de-la-liga\/","url":"https:\/\/pagina10.com\/web\/hondureno-reforzara-el-ataque-del-deportivo-pasto-en-el-segundo-semestre-de-la-liga\/","name":"Hondure\u00f1o reforzar\u00e1 el ataque del Deportivo Pasto en el segundo semestre de la liga | P\u00e1gina10","isPartOf":{"@id":"https:\/\/pagina10.com\/web\/#website"},"primaryImageOfPage":{"@id":"https:\/\/pagina10.com\/web\/hondureno-reforzara-el-ataque-del-deportivo-pasto-en-el-segundo-semestre-de-la-liga\/#primaryimage"},"image":{"@id":"https:\/\/pagina10.com\/web\/hondureno-reforzara-el-ataque-del-deportivo-pasto-en-el-segundo-semestre-de-la-liga\/#primaryimage"},"thumbnailUrl":"https:\/\/pagina10.com\/web\/wp-content\/uploads\/2022\/06\/befunky-collage-2022-04-06t224239_1284432_20220406224434.jpg","datePublished":"2022-06-29T19:35:33+00:00","breadcrumb":{"@id":"https:\/\/pagina10.com\/web\/hondureno-reforzara-el-ataque-del-deportivo-pasto-en-el-segundo-semestre-de-la-liga\/#breadcrumb"},"inLanguage":"es","potentialAction":[{"@type":"ReadAction","target":["https:\/\/pagina10.com\/web\/hondureno-reforzara-el-ataque-del-deportivo-pasto-en-el-segundo-semestre-de-la-liga\/"]}]},{"@type":"ImageObject","inLanguage":"es","@id":"https:\/\/pagina10.com\/web\/hondureno-reforzara-el-ataque-del-deportivo-pasto-en-el-segundo-semestre-de-la-liga\/#primaryimage","url":"https:\/\/pagina10.com\/web\/wp-content\/uploads\/2022\/06\/befunky-collage-2022-04-06t224239_1284432_20220406224434.jpg","contentUrl":"https:\/\/pagina10.com\/web\/wp-content\/uploads\/2022\/06\/befunky-collage-2022-04-06t224239_1284432_20220406224434.jpg","width":1020,"height":580},{"@type":"BreadcrumbList","@id":"https:\/\/pagina10.com\/web\/hondureno-reforzara-el-ataque-del-deportivo-pasto-en-el-segundo-semestre-de-la-liga\/#breadcrumb","itemListElement":[{"@type":"ListItem","position":1,"name":"Portada","item":"https:\/\/pagina10.com\/web\/"},{"@type":"ListItem","position":2,"name":"Hondure\u00f1o reforzar\u00e1 el ataque del Deportivo Pasto en el segundo semestre de la liga"}]},{"@type":"WebSite","@id":"https:\/\/pagina10.com\/web\/#website","url":"https:\/\/pagina10.com\/web\/","name":"P\u00e1gina10","description":"Peri\u00f3dico Regional","publisher":{"@id":"https:\/\/pagina10.com\/web\/#organization"},"alternateName":"P\u00e1gina10 Peri\u00f3dico Regional","potentialAction":[{"@type":"SearchAction","target":{"@type":"EntryPoint","urlTemplate":"https:\/\/pagina10.com\/web\/?s={search_term_string}"},"query-input":{"@type":"PropertyValueSpecification","valueRequired":true,"valueName":"search_term_string"}}],"inLanguage":"es"},{"@type":"Organization","@id":"https:\/\/pagina10.com\/web\/#organization","name":"P\u00e1gina10","alternateName":"P\u00e1gina10 Peri\u00f3dico Regional","url":"https:\/\/pagina10.com\/web\/","logo":{"@type":"ImageObject","inLanguage":"es","@id":"https:\/\/pagina10.com\/web\/#\/schema\/logo\/image\/","url":"https:\/\/pagina10.com\/web\/wp-content\/uploads\/2024\/01\/40-pagina-10-periodico-regional-pasto.jpg","contentUrl":"https:\/\/pagina10.com\/web\/wp-content\/uploads\/2024\/01\/40-pagina-10-periodico-regional-pasto.jpg","width":1280,"height":720,"caption":"P\u00e1gina10"},"image":{"@id":"https:\/\/pagina10.com\/web\/#\/schema\/logo\/image\/"},"sameAs":["https:\/\/www.facebook.com\/pag10com","https:\/\/x.com\/Pag10com","https:\/\/www.instagram.com\/pagina10col\/","https:\/\/youtube.com\/channel\/pag10","https:\/\/www.tiktok.com\/@p10col"]},{"@type":"Person","@id":"https:\/\/pagina10.com\/web\/#\/schema\/person\/2efc4a090d25b667d3bc796798a3a81b","name":"P\u00e1gina 10","description":"P\u00e1gina 10 es un peri\u00f3dico regional que nace en Colombia, en el departamento de Nari\u00f1o, con un enfoque global, fundamentado en cuatro pilares esenciales: la libertad, el pluralismo, la inclusi\u00f3n y la independencia. P\u00e1gina 10 hace referencia a Nari\u00f1o como el d\u00e9cimo departamento creado en Colombia, despu\u00e9s de un proceso pol\u00edtico liderado por actores y actrices regionales con el fin de obtener la independencia y autonom\u00eda de nuestros territorios. Con la creaci\u00f3n de P\u00e1gina 10 se pretende abrir un escenario para el dialogo, la reflexi\u00f3n y el debate que se extienda a otras geograf\u00edas de Am\u00e9rica Latina y del planeta, en una apuesta por transformar colectivamente los desaf\u00edos de un mundo contempor\u00e1neo, m\u00e1s all\u00e1 de las fronteras impuestas.","url":"https:\/\/pagina10.com\/web\/author\/pdiezadmin\/"}]}},"_links":{"self":[{"href":"https:\/\/pagina10.com\/web\/wp-json\/wp\/v2\/posts\/60121","targetHints":{"allow":["GET"]}}],"collection":[{"href":"https:\/\/pagina10.com\/web\/wp-json\/wp\/v2\/posts"}],"about":[{"href":"https:\/\/pagina10.com\/web\/wp-json\/wp\/v2\/types\/post"}],"author":[{"embeddable":true,"href":"https:\/\/pagina10.com\/web\/wp-json\/wp\/v2\/users\/1"}],"replies":[{"embeddable":true,"href":"https:\/\/pagina10.com\/web\/wp-json\/wp\/v2\/comments?post=60121"}],"version-history":[{"count":1,"href":"https:\/\/pagina10.com\/web\/wp-json\/wp\/v2\/posts\/60121\/revisions"}],"predecessor-version":[{"id":60123,"href":"https:\/\/pagina10.com\/web\/wp-json\/wp\/v2\/posts\/60121\/revisions\/60123"}],"wp:featuredmedia":[{"embeddable":true,"href":"https:\/\/pagina10.com\/web\/wp-json\/wp\/v2\/media\/60122"}],"wp:attachment":[{"href":"https:\/\/pagina10.com\/web\/wp-json\/wp\/v2\/media?parent=60121"}],"wp:term":[{"taxonomy":"category","embeddable":true,"href":"https:\/\/pagina10.com\/web\/wp-json\/wp\/v2\/categories?post=60121"},{"taxonomy":"post_tag","embeddable":true,"href":"https:\/\/pagina10.com\/web\/wp-json\/wp\/v2\/tags?post=60121"}],"curies":[{"name":"wp","href":"https:\/\/api.w.org\/{rel}","templated":true}]}}