{"id":6015,"date":"2014-01-07T00:21:37","date_gmt":"2014-01-07T00:21:37","guid":{"rendered":"https:\/\/pagina10.com\/web\/a-partir-del-8-de-enero-se-normaliza-el-transito-para-motocicletas\/"},"modified":"2014-01-07T00:21:37","modified_gmt":"2014-01-07T00:21:37","slug":"a-partir-del-8-de-enero-se-normaliza-el-transito-para-motocicletas","status":"publish","type":"post","link":"https:\/\/pagina10.com\/web\/a-partir-del-8-de-enero-se-normaliza-el-transito-para-motocicletas\/","title":{"rendered":"A partir del 8 de enero se normaliza el tr\u00e1nsito para motocicletas"},"content":{"rendered":"<p><img fetchpriority=\"high\" decoding=\"async\" class=\" size-full wp-image-6014\" src=\"https:\/\/pagina10.com\/web\/wp-content\/uploads\/2014\/01\/8b250ef2780d0ed9a740bd6b2eedb8cd.jpg\" alt=\"\" width=\"600\" height=\"400\" srcset=\"https:\/\/pagina10.com\/web\/wp-content\/uploads\/2014\/01\/8b250ef2780d0ed9a740bd6b2eedb8cd.jpg 600w, https:\/\/pagina10.com\/web\/wp-content\/uploads\/2014\/01\/8b250ef2780d0ed9a740bd6b2eedb8cd-300x200.jpg 300w, https:\/\/pagina10.com\/web\/wp-content\/uploads\/2014\/01\/8b250ef2780d0ed9a740bd6b2eedb8cd-450x300.jpg 450w\" sizes=\"(max-width: 600px) 100vw, 600px\" \/><\/p>\n<p style=\"text-align: justify;\">A partir del 8 de enero de 2014, desde las 6:00 la tarde, las condiciones de movilidad en lo que respecta al tr\u00e1nsito de motocicletas ser\u00e1 normal, manifest\u00f3 el secretario de Tr\u00e1nsito Municipal Guillermo Villota G\u00f3mez, quien agreg\u00f3 que a partir del s\u00e1bado 25 de enero del a\u00f1o en curso se hace el levantamiento de la medida pico y placa que se hab\u00eda implementado como plan de contingencia para los \u00faltimos dos s\u00e1bados del mes de diciembre de 2013 y los primeros s\u00e1bados del mes de enero del a\u00f1o 2014.<\/p>\n<p>El funcionario resalt\u00f3 la colaboraci\u00f3n de toda la ciudadan\u00eda que acat\u00f3 el decreto de restricci\u00f3n; ya que facilit\u00f3 el tr\u00e1nsito mejorando en m\u00e1s del 90 por ciento los desplazamientos de salida y destino dentro del municipio y sobre todo en el \u00e1rea urbana.<\/p>\n<p>De otra parte el secretario de Tr\u00e1nsito de Pasto, explic\u00f3 que en cuanto a las cifras registradas en el presente a\u00f1o, se ha disminuido en m\u00e1s del 50 por ciento los conductores en estado de embriaguez, comparadas con las estad\u00edsticas del \u00faltimo trimestre del 2013, que dejan m\u00e1s de 26 personas entre hombres y mujeres que fueron sorprendidas conduciendo con ingesta de alcohol de 1, 2 y 3 grados.<\/p>\n<p>Seg\u00fan el funcionario desde el d\u00eda primero de enero de 2014 a la fecha, el n\u00famero de conductores en estado de embriaguez llega a 12 personas de ambos g\u00e9neros y de diferentes edades que fueron sancionados con la nueva Ley que endurece las penas y sanciones para este tipo de conductores.<\/p>\n<p style=\"text-align: justify;\">&nbsp;<\/p>\n<p>Fuente: Alcald\u00eda de Pasto<\/p>\n","protected":false},"excerpt":{"rendered":"<p>A partir del 8 de enero de 2014, desde las 6:00 la tarde, las condiciones de movilidad en lo que respecta al tr\u00e1nsito de motocicletas ser\u00e1 normal, manifest\u00f3 el secretario de Tr\u00e1nsito Municipal Guillermo Villota G\u00f3mez, quien agreg\u00f3 que a partir del s\u00e1bado 25 de enero del a\u00f1o en curso se hace el levantamiento de [&hellip;]<\/p>\n","protected":false},"author":29,"featured_media":6014,"comment_status":"open","ping_status":"open","sticky":false,"template":"","format":"standard","meta":{"footnotes":""},"categories":[82],"tags":[],"class_list":["post-6015","post","type-post","status-publish","format-standard","has-post-thumbnail","hentry","category-ciudad-2"],"yoast_head":"<!-- This site is optimized with the Yoast SEO plugin v27.1.1 - https:\/\/yoast.com\/product\/yoast-seo-wordpress\/ -->\n<title>A partir del 8 de enero se normaliza el tr\u00e1nsito para motocicletas | P\u00e1gina10<\/title>\n<meta name=\"robots\" content=\"index, follow, max-snippet:-1, max-image-preview:large, max-video-preview:-1\" \/>\n<link rel=\"canonical\" href=\"https:\/\/pagina10.com\/web\/a-partir-del-8-de-enero-se-normaliza-el-transito-para-motocicletas\/\" \/>\n<meta property=\"og:locale\" content=\"es_ES\" \/>\n<meta property=\"og:type\" content=\"article\" \/>\n<meta property=\"og:title\" content=\"A partir del 8 de enero se normaliza el tr\u00e1nsito para motocicletas | P\u00e1gina10\" \/>\n<meta property=\"og:description\" content=\"A partir del 8 de enero de 2014, desde las 6:00 la tarde, las condiciones de movilidad en lo que respecta al tr\u00e1nsito de motocicletas ser\u00e1 normal, manifest\u00f3 el secretario de Tr\u00e1nsito Municipal Guillermo Villota G\u00f3mez, quien agreg\u00f3 que a partir del s\u00e1bado 25 de enero del a\u00f1o en curso se hace el levantamiento de [&hellip;]\" \/>\n<meta property=\"og:url\" content=\"https:\/\/pagina10.com\/web\/a-partir-del-8-de-enero-se-normaliza-el-transito-para-motocicletas\/\" \/>\n<meta property=\"og:site_name\" content=\"P\u00e1gina10\" \/>\n<meta property=\"article:publisher\" content=\"https:\/\/www.facebook.com\/pag10com\" \/>\n<meta property=\"article:published_time\" content=\"2014-01-07T00:21:37+00:00\" \/>\n<meta property=\"og:image\" content=\"https:\/\/pagina10.com\/web\/wp-content\/uploads\/2014\/01\/8b250ef2780d0ed9a740bd6b2eedb8cd.jpg\" \/>\n\t<meta property=\"og:image:width\" content=\"600\" \/>\n\t<meta property=\"og:image:height\" content=\"400\" \/>\n\t<meta property=\"og:image:type\" content=\"image\/jpeg\" \/>\n<meta name=\"author\" content=\"P\u00e1gina 10\" \/>\n<meta name=\"twitter:card\" content=\"summary_large_image\" \/>\n<meta name=\"twitter:creator\" content=\"@Pag10com\" \/>\n<meta name=\"twitter:site\" content=\"@Pag10com\" \/>\n<meta name=\"twitter:label1\" content=\"Escrito por\" \/>\n\t<meta name=\"twitter:data1\" content=\"P\u00e1gina 10\" \/>\n\t<meta name=\"twitter:label2\" content=\"Tiempo de lectura\" \/>\n\t<meta name=\"twitter:data2\" content=\"1 minuto\" \/>\n<script type=\"application\/ld+json\" class=\"yoast-schema-graph\">{\"@context\":\"https:\/\/schema.org\",\"@graph\":[{\"@type\":\"Article\",\"@id\":\"https:\/\/pagina10.com\/web\/a-partir-del-8-de-enero-se-normaliza-el-transito-para-motocicletas\/#article\",\"isPartOf\":{\"@id\":\"https:\/\/pagina10.com\/web\/a-partir-del-8-de-enero-se-normaliza-el-transito-para-motocicletas\/\"},\"author\":{\"name\":\"P\u00e1gina 10\",\"@id\":\"https:\/\/pagina10.com\/web\/#\/schema\/person\/a7a5d38f0629dfc107f619fbae4f6cc3\"},\"headline\":\"A partir del 8 de enero se normaliza el tr\u00e1nsito para motocicletas\",\"datePublished\":\"2014-01-07T00:21:37+00:00\",\"mainEntityOfPage\":{\"@id\":\"https:\/\/pagina10.com\/web\/a-partir-del-8-de-enero-se-normaliza-el-transito-para-motocicletas\/\"},\"wordCount\":279,\"commentCount\":0,\"publisher\":{\"@id\":\"https:\/\/pagina10.com\/web\/#organization\"},\"image\":{\"@id\":\"https:\/\/pagina10.com\/web\/a-partir-del-8-de-enero-se-normaliza-el-transito-para-motocicletas\/#primaryimage\"},\"thumbnailUrl\":\"https:\/\/pagina10.com\/web\/wp-content\/uploads\/2014\/01\/8b250ef2780d0ed9a740bd6b2eedb8cd.jpg\",\"articleSection\":[\"Ciudad\"],\"inLanguage\":\"es\",\"potentialAction\":[{\"@type\":\"CommentAction\",\"name\":\"Comment\",\"target\":[\"https:\/\/pagina10.com\/web\/a-partir-del-8-de-enero-se-normaliza-el-transito-para-motocicletas\/#respond\"]}]},{\"@type\":\"WebPage\",\"@id\":\"https:\/\/pagina10.com\/web\/a-partir-del-8-de-enero-se-normaliza-el-transito-para-motocicletas\/\",\"url\":\"https:\/\/pagina10.com\/web\/a-partir-del-8-de-enero-se-normaliza-el-transito-para-motocicletas\/\",\"name\":\"A partir del 8 de enero se normaliza el tr\u00e1nsito para motocicletas | P\u00e1gina10\",\"isPartOf\":{\"@id\":\"https:\/\/pagina10.com\/web\/#website\"},\"primaryImageOfPage\":{\"@id\":\"https:\/\/pagina10.com\/web\/a-partir-del-8-de-enero-se-normaliza-el-transito-para-motocicletas\/#primaryimage\"},\"image\":{\"@id\":\"https:\/\/pagina10.com\/web\/a-partir-del-8-de-enero-se-normaliza-el-transito-para-motocicletas\/#primaryimage\"},\"thumbnailUrl\":\"https:\/\/pagina10.com\/web\/wp-content\/uploads\/2014\/01\/8b250ef2780d0ed9a740bd6b2eedb8cd.jpg\",\"datePublished\":\"2014-01-07T00:21:37+00:00\",\"breadcrumb\":{\"@id\":\"https:\/\/pagina10.com\/web\/a-partir-del-8-de-enero-se-normaliza-el-transito-para-motocicletas\/#breadcrumb\"},\"inLanguage\":\"es\",\"potentialAction\":[{\"@type\":\"ReadAction\",\"target\":[\"https:\/\/pagina10.com\/web\/a-partir-del-8-de-enero-se-normaliza-el-transito-para-motocicletas\/\"]}]},{\"@type\":\"ImageObject\",\"inLanguage\":\"es\",\"@id\":\"https:\/\/pagina10.com\/web\/a-partir-del-8-de-enero-se-normaliza-el-transito-para-motocicletas\/#primaryimage\",\"url\":\"https:\/\/pagina10.com\/web\/wp-content\/uploads\/2014\/01\/8b250ef2780d0ed9a740bd6b2eedb8cd.jpg\",\"contentUrl\":\"https:\/\/pagina10.com\/web\/wp-content\/uploads\/2014\/01\/8b250ef2780d0ed9a740bd6b2eedb8cd.jpg\",\"width\":600,\"height\":400},{\"@type\":\"BreadcrumbList\",\"@id\":\"https:\/\/pagina10.com\/web\/a-partir-del-8-de-enero-se-normaliza-el-transito-para-motocicletas\/#breadcrumb\",\"itemListElement\":[{\"@type\":\"ListItem\",\"position\":1,\"name\":\"Portada\",\"item\":\"https:\/\/pagina10.com\/web\/\"},{\"@type\":\"ListItem\",\"position\":2,\"name\":\"A partir del 8 de enero se normaliza el tr\u00e1nsito para motocicletas\"}]},{\"@type\":\"WebSite\",\"@id\":\"https:\/\/pagina10.com\/web\/#website\",\"url\":\"https:\/\/pagina10.com\/web\/\",\"name\":\"P\u00e1gina10\",\"description\":\"Peri\u00f3dico Regional\",\"publisher\":{\"@id\":\"https:\/\/pagina10.com\/web\/#organization\"},\"alternateName\":\"P\u00e1gina10 Peri\u00f3dico Regional\",\"potentialAction\":[{\"@type\":\"SearchAction\",\"target\":{\"@type\":\"EntryPoint\",\"urlTemplate\":\"https:\/\/pagina10.com\/web\/?s={search_term_string}\"},\"query-input\":{\"@type\":\"PropertyValueSpecification\",\"valueRequired\":true,\"valueName\":\"search_term_string\"}}],\"inLanguage\":\"es\"},{\"@type\":\"Organization\",\"@id\":\"https:\/\/pagina10.com\/web\/#organization\",\"name\":\"P\u00e1gina10\",\"alternateName\":\"P\u00e1gina10 Peri\u00f3dico Regional\",\"url\":\"https:\/\/pagina10.com\/web\/\",\"logo\":{\"@type\":\"ImageObject\",\"inLanguage\":\"es\",\"@id\":\"https:\/\/pagina10.com\/web\/#\/schema\/logo\/image\/\",\"url\":\"https:\/\/pagina10.com\/web\/wp-content\/uploads\/2024\/01\/40-pagina-10-periodico-regional-pasto.jpg\",\"contentUrl\":\"https:\/\/pagina10.com\/web\/wp-content\/uploads\/2024\/01\/40-pagina-10-periodico-regional-pasto.jpg\",\"width\":1280,\"height\":720,\"caption\":\"P\u00e1gina10\"},\"image\":{\"@id\":\"https:\/\/pagina10.com\/web\/#\/schema\/logo\/image\/\"},\"sameAs\":[\"https:\/\/www.facebook.com\/pag10com\",\"https:\/\/x.com\/Pag10com\",\"https:\/\/www.instagram.com\/pagina10col\/\",\"https:\/\/youtube.com\/channel\/pag10\",\"https:\/\/www.tiktok.com\/@p10col\"]},{\"@type\":\"Person\",\"@id\":\"https:\/\/pagina10.com\/web\/#\/schema\/person\/a7a5d38f0629dfc107f619fbae4f6cc3\",\"name\":\"P\u00e1gina 10\",\"description\":\"P\u00e1gina10.com es un peri\u00f3dico digital que nace en Colombia, en el departamento de Nari\u00f1o, con un enfoque global, fundamentado en cuatro pilares esenciales: la libertad, el pluralismo, la inclusi\u00f3n y la independencia. P\u00e1gina10.com hace referencia a Nari\u00f1o como el d\u00e9cimo departamento creado en Colombia, despu\u00e9s de un proceso pol\u00edtico liderado por actores y actrices regionales con el fin de obtener la independencia y autonom\u00eda de nuestros territorios. Con la creaci\u00f3n de P\u00e1gina10.com se pretende abrir un escenario para el dialogo, la reflexi\u00f3n y el debate que se extienda a otras geograf\u00edas de Am\u00e9rica Latina y del planeta, en una apuesta por transformar colectivamente los desaf\u00edos de un mundo contempor\u00e1neo, m\u00e1s all\u00e1 de las fronteras impuestas.\",\"url\":\"https:\/\/pagina10.com\/web\/author\/mcepeda\/\"}]}<\/script>\n<!-- \/ Yoast SEO plugin. -->","yoast_head_json":{"title":"A partir del 8 de enero se normaliza el tr\u00e1nsito para motocicletas | P\u00e1gina10","robots":{"index":"index","follow":"follow","max-snippet":"max-snippet:-1","max-image-preview":"max-image-preview:large","max-video-preview":"max-video-preview:-1"},"canonical":"https:\/\/pagina10.com\/web\/a-partir-del-8-de-enero-se-normaliza-el-transito-para-motocicletas\/","og_locale":"es_ES","og_type":"article","og_title":"A partir del 8 de enero se normaliza el tr\u00e1nsito para motocicletas | P\u00e1gina10","og_description":"A partir del 8 de enero de 2014, desde las 6:00 la tarde, las condiciones de movilidad en lo que respecta al tr\u00e1nsito de motocicletas ser\u00e1 normal, manifest\u00f3 el secretario de Tr\u00e1nsito Municipal Guillermo Villota G\u00f3mez, quien agreg\u00f3 que a partir del s\u00e1bado 25 de enero del a\u00f1o en curso se hace el levantamiento de [&hellip;]","og_url":"https:\/\/pagina10.com\/web\/a-partir-del-8-de-enero-se-normaliza-el-transito-para-motocicletas\/","og_site_name":"P\u00e1gina10","article_publisher":"https:\/\/www.facebook.com\/pag10com","article_published_time":"2014-01-07T00:21:37+00:00","og_image":[{"width":600,"height":400,"url":"https:\/\/pagina10.com\/web\/wp-content\/uploads\/2014\/01\/8b250ef2780d0ed9a740bd6b2eedb8cd.jpg","type":"image\/jpeg"}],"author":"P\u00e1gina 10","twitter_card":"summary_large_image","twitter_creator":"@Pag10com","twitter_site":"@Pag10com","twitter_misc":{"Escrito por":"P\u00e1gina 10","Tiempo de lectura":"1 minuto"},"schema":{"@context":"https:\/\/schema.org","@graph":[{"@type":"Article","@id":"https:\/\/pagina10.com\/web\/a-partir-del-8-de-enero-se-normaliza-el-transito-para-motocicletas\/#article","isPartOf":{"@id":"https:\/\/pagina10.com\/web\/a-partir-del-8-de-enero-se-normaliza-el-transito-para-motocicletas\/"},"author":{"name":"P\u00e1gina 10","@id":"https:\/\/pagina10.com\/web\/#\/schema\/person\/a7a5d38f0629dfc107f619fbae4f6cc3"},"headline":"A partir del 8 de enero se normaliza el tr\u00e1nsito para motocicletas","datePublished":"2014-01-07T00:21:37+00:00","mainEntityOfPage":{"@id":"https:\/\/pagina10.com\/web\/a-partir-del-8-de-enero-se-normaliza-el-transito-para-motocicletas\/"},"wordCount":279,"commentCount":0,"publisher":{"@id":"https:\/\/pagina10.com\/web\/#organization"},"image":{"@id":"https:\/\/pagina10.com\/web\/a-partir-del-8-de-enero-se-normaliza-el-transito-para-motocicletas\/#primaryimage"},"thumbnailUrl":"https:\/\/pagina10.com\/web\/wp-content\/uploads\/2014\/01\/8b250ef2780d0ed9a740bd6b2eedb8cd.jpg","articleSection":["Ciudad"],"inLanguage":"es","potentialAction":[{"@type":"CommentAction","name":"Comment","target":["https:\/\/pagina10.com\/web\/a-partir-del-8-de-enero-se-normaliza-el-transito-para-motocicletas\/#respond"]}]},{"@type":"WebPage","@id":"https:\/\/pagina10.com\/web\/a-partir-del-8-de-enero-se-normaliza-el-transito-para-motocicletas\/","url":"https:\/\/pagina10.com\/web\/a-partir-del-8-de-enero-se-normaliza-el-transito-para-motocicletas\/","name":"A partir del 8 de enero se normaliza el tr\u00e1nsito para motocicletas | P\u00e1gina10","isPartOf":{"@id":"https:\/\/pagina10.com\/web\/#website"},"primaryImageOfPage":{"@id":"https:\/\/pagina10.com\/web\/a-partir-del-8-de-enero-se-normaliza-el-transito-para-motocicletas\/#primaryimage"},"image":{"@id":"https:\/\/pagina10.com\/web\/a-partir-del-8-de-enero-se-normaliza-el-transito-para-motocicletas\/#primaryimage"},"thumbnailUrl":"https:\/\/pagina10.com\/web\/wp-content\/uploads\/2014\/01\/8b250ef2780d0ed9a740bd6b2eedb8cd.jpg","datePublished":"2014-01-07T00:21:37+00:00","breadcrumb":{"@id":"https:\/\/pagina10.com\/web\/a-partir-del-8-de-enero-se-normaliza-el-transito-para-motocicletas\/#breadcrumb"},"inLanguage":"es","potentialAction":[{"@type":"ReadAction","target":["https:\/\/pagina10.com\/web\/a-partir-del-8-de-enero-se-normaliza-el-transito-para-motocicletas\/"]}]},{"@type":"ImageObject","inLanguage":"es","@id":"https:\/\/pagina10.com\/web\/a-partir-del-8-de-enero-se-normaliza-el-transito-para-motocicletas\/#primaryimage","url":"https:\/\/pagina10.com\/web\/wp-content\/uploads\/2014\/01\/8b250ef2780d0ed9a740bd6b2eedb8cd.jpg","contentUrl":"https:\/\/pagina10.com\/web\/wp-content\/uploads\/2014\/01\/8b250ef2780d0ed9a740bd6b2eedb8cd.jpg","width":600,"height":400},{"@type":"BreadcrumbList","@id":"https:\/\/pagina10.com\/web\/a-partir-del-8-de-enero-se-normaliza-el-transito-para-motocicletas\/#breadcrumb","itemListElement":[{"@type":"ListItem","position":1,"name":"Portada","item":"https:\/\/pagina10.com\/web\/"},{"@type":"ListItem","position":2,"name":"A partir del 8 de enero se normaliza el tr\u00e1nsito para motocicletas"}]},{"@type":"WebSite","@id":"https:\/\/pagina10.com\/web\/#website","url":"https:\/\/pagina10.com\/web\/","name":"P\u00e1gina10","description":"Peri\u00f3dico Regional","publisher":{"@id":"https:\/\/pagina10.com\/web\/#organization"},"alternateName":"P\u00e1gina10 Peri\u00f3dico Regional","potentialAction":[{"@type":"SearchAction","target":{"@type":"EntryPoint","urlTemplate":"https:\/\/pagina10.com\/web\/?s={search_term_string}"},"query-input":{"@type":"PropertyValueSpecification","valueRequired":true,"valueName":"search_term_string"}}],"inLanguage":"es"},{"@type":"Organization","@id":"https:\/\/pagina10.com\/web\/#organization","name":"P\u00e1gina10","alternateName":"P\u00e1gina10 Peri\u00f3dico Regional","url":"https:\/\/pagina10.com\/web\/","logo":{"@type":"ImageObject","inLanguage":"es","@id":"https:\/\/pagina10.com\/web\/#\/schema\/logo\/image\/","url":"https:\/\/pagina10.com\/web\/wp-content\/uploads\/2024\/01\/40-pagina-10-periodico-regional-pasto.jpg","contentUrl":"https:\/\/pagina10.com\/web\/wp-content\/uploads\/2024\/01\/40-pagina-10-periodico-regional-pasto.jpg","width":1280,"height":720,"caption":"P\u00e1gina10"},"image":{"@id":"https:\/\/pagina10.com\/web\/#\/schema\/logo\/image\/"},"sameAs":["https:\/\/www.facebook.com\/pag10com","https:\/\/x.com\/Pag10com","https:\/\/www.instagram.com\/pagina10col\/","https:\/\/youtube.com\/channel\/pag10","https:\/\/www.tiktok.com\/@p10col"]},{"@type":"Person","@id":"https:\/\/pagina10.com\/web\/#\/schema\/person\/a7a5d38f0629dfc107f619fbae4f6cc3","name":"P\u00e1gina 10","description":"P\u00e1gina10.com es un peri\u00f3dico digital que nace en Colombia, en el departamento de Nari\u00f1o, con un enfoque global, fundamentado en cuatro pilares esenciales: la libertad, el pluralismo, la inclusi\u00f3n y la independencia. P\u00e1gina10.com hace referencia a Nari\u00f1o como el d\u00e9cimo departamento creado en Colombia, despu\u00e9s de un proceso pol\u00edtico liderado por actores y actrices regionales con el fin de obtener la independencia y autonom\u00eda de nuestros territorios. Con la creaci\u00f3n de P\u00e1gina10.com se pretende abrir un escenario para el dialogo, la reflexi\u00f3n y el debate que se extienda a otras geograf\u00edas de Am\u00e9rica Latina y del planeta, en una apuesta por transformar colectivamente los desaf\u00edos de un mundo contempor\u00e1neo, m\u00e1s all\u00e1 de las fronteras impuestas.","url":"https:\/\/pagina10.com\/web\/author\/mcepeda\/"}]}},"_links":{"self":[{"href":"https:\/\/pagina10.com\/web\/wp-json\/wp\/v2\/posts\/6015","targetHints":{"allow":["GET"]}}],"collection":[{"href":"https:\/\/pagina10.com\/web\/wp-json\/wp\/v2\/posts"}],"about":[{"href":"https:\/\/pagina10.com\/web\/wp-json\/wp\/v2\/types\/post"}],"author":[{"embeddable":true,"href":"https:\/\/pagina10.com\/web\/wp-json\/wp\/v2\/users\/29"}],"replies":[{"embeddable":true,"href":"https:\/\/pagina10.com\/web\/wp-json\/wp\/v2\/comments?post=6015"}],"version-history":[{"count":0,"href":"https:\/\/pagina10.com\/web\/wp-json\/wp\/v2\/posts\/6015\/revisions"}],"wp:featuredmedia":[{"embeddable":true,"href":"https:\/\/pagina10.com\/web\/wp-json\/wp\/v2\/media\/6014"}],"wp:attachment":[{"href":"https:\/\/pagina10.com\/web\/wp-json\/wp\/v2\/media?parent=6015"}],"wp:term":[{"taxonomy":"category","embeddable":true,"href":"https:\/\/pagina10.com\/web\/wp-json\/wp\/v2\/categories?post=6015"},{"taxonomy":"post_tag","embeddable":true,"href":"https:\/\/pagina10.com\/web\/wp-json\/wp\/v2\/tags?post=6015"}],"curies":[{"name":"wp","href":"https:\/\/api.w.org\/{rel}","templated":true}]}}