{"id":60179,"date":"2022-06-30T15:50:22","date_gmt":"2022-06-30T20:50:22","guid":{"rendered":"https:\/\/pagina10.com\/web\/?p=60179"},"modified":"2022-06-30T15:26:23","modified_gmt":"2022-06-30T20:26:23","slug":"solicitan-rendicion-de-cuentas-y-gastos-de-campana-a-enlace-de-gustavo-petro-en-narino","status":"publish","type":"post","link":"https:\/\/pagina10.com\/web\/solicitan-rendicion-de-cuentas-y-gastos-de-campana-a-enlace-de-gustavo-petro-en-narino\/","title":{"rendered":"Solicitan rendici\u00f3n de cuentas y gastos de campa\u00f1a a enlace de Gustavo Petro en Nari\u00f1o"},"content":{"rendered":"<p style=\"text-align: justify;\">A trav\u00e9s de una carta firmada por el senador electo del Pacto Hist\u00f3rico Robert Daza, representantes de los partidos Colombia Humana y Polo Democr\u00e1tico, adem\u00e1s de organizaciones y movimientos tanto sociales como comunitarios, le fue exigido una rendici\u00f3n de cuentas y gastos de campa\u00f1a al enlace departamental de la campa\u00f1a presidencial de Gustavo Petro, Pablo Pardo Velazco.<\/p>\n<p style=\"text-align: justify;\">En la misiva solicitaron convocar en una hora, sitio y fecha adecuada para dar la informaci\u00f3n relacionada tanto de la primera como de la segunda vuelta. Igualmente, pidieron invitar a representantes de las Organizaciones pol\u00edticas y movimientos sociales sin excepci\u00f3n y habilitar un canal virtual v\u00eda Zoom o Microsofteams para presencia de delegados de los municipios.<\/p>\n<p style=\"text-align: justify;\">En el punto tres, exigieron la relaci\u00f3n de las personas a quienes se les giro municipio por municipio, sugiriendo que ellos tambi\u00e9n rindan cuenta por municipio y finalmente un libro contable que est\u00e9 disponible para la revisi\u00f3n de las personas que lo soliciten, donde est\u00e9n los soportes de recibos, comprobantes de pago, el origen de los recursos de la campa\u00f1a y el n\u00famero de la cuenta bancaria donde fueron depositados para su ejecuci\u00f3n.<\/p>\n<p style=\"text-align: justify;\">Esta petici\u00f3n se hizo con base a las campa\u00f1as del entonces candidato presidencial Carlos Gaviria y en la primera aspiraci\u00f3n de Gustavo Petro a nombre del Polo Democr\u00e1tico Alternativo, donde sus respectivos gerentes realizaron unas Audiencias P\u00fablicas para rendir cuentas tal y como lo mencionan en el documento.<\/p>\n","protected":false},"excerpt":{"rendered":"<p>A trav\u00e9s de una carta firmada por el senador electo del Pacto Hist\u00f3rico Robert Daza, representantes de los partidos Colombia Humana y Polo Democr\u00e1tico, adem\u00e1s de organizaciones y movimientos tanto sociales como comunitarios, le fue exigido una rendici\u00f3n de cuentas y gastos de campa\u00f1a al enlace departamental de la campa\u00f1a presidencial de Gustavo Petro, Pablo [&hellip;]<\/p>\n","protected":false},"author":1,"featured_media":60180,"comment_status":"open","ping_status":"open","sticky":false,"template":"","format":"standard","meta":{"footnotes":""},"categories":[94],"tags":[],"class_list":["post-60179","post","type-post","status-publish","format-standard","has-post-thumbnail","hentry","category-nacional-global-2"],"yoast_head":"<!-- This site is optimized with the Yoast SEO plugin v27.1.1 - https:\/\/yoast.com\/product\/yoast-seo-wordpress\/ -->\n<title>Solicitan rendici\u00f3n de cuentas y gastos de campa\u00f1a a enlace de Gustavo Petro en Nari\u00f1o | P\u00e1gina10<\/title>\n<meta name=\"robots\" content=\"index, follow, max-snippet:-1, max-image-preview:large, max-video-preview:-1\" \/>\n<link rel=\"canonical\" href=\"https:\/\/pagina10.com\/web\/solicitan-rendicion-de-cuentas-y-gastos-de-campana-a-enlace-de-gustavo-petro-en-narino\/\" \/>\n<meta property=\"og:locale\" content=\"es_ES\" \/>\n<meta property=\"og:type\" content=\"article\" \/>\n<meta property=\"og:title\" content=\"Solicitan rendici\u00f3n de cuentas y gastos de campa\u00f1a a enlace de Gustavo Petro en Nari\u00f1o | P\u00e1gina10\" \/>\n<meta property=\"og:description\" content=\"A trav\u00e9s de una carta firmada por el senador electo del Pacto Hist\u00f3rico Robert Daza, representantes de los partidos Colombia Humana y Polo Democr\u00e1tico, adem\u00e1s de organizaciones y movimientos tanto sociales como comunitarios, le fue exigido una rendici\u00f3n de cuentas y gastos de campa\u00f1a al enlace departamental de la campa\u00f1a presidencial de Gustavo Petro, Pablo [&hellip;]\" \/>\n<meta property=\"og:url\" content=\"https:\/\/pagina10.com\/web\/solicitan-rendicion-de-cuentas-y-gastos-de-campana-a-enlace-de-gustavo-petro-en-narino\/\" \/>\n<meta property=\"og:site_name\" content=\"P\u00e1gina10\" \/>\n<meta property=\"article:publisher\" content=\"https:\/\/www.facebook.com\/pag10com\" \/>\n<meta property=\"article:published_time\" content=\"2022-06-30T20:50:22+00:00\" \/>\n<meta property=\"og:image\" content=\"https:\/\/pagina10.com\/web\/wp-content\/uploads\/2022\/06\/DV8xPOpXkAAyVzg.jpg\" \/>\n\t<meta property=\"og:image:width\" content=\"1200\" \/>\n\t<meta property=\"og:image:height\" content=\"584\" \/>\n\t<meta property=\"og:image:type\" content=\"image\/jpeg\" \/>\n<meta name=\"author\" content=\"P\u00e1gina 10\" \/>\n<meta name=\"twitter:card\" content=\"summary_large_image\" \/>\n<meta name=\"twitter:creator\" content=\"@Pag10com\" \/>\n<meta name=\"twitter:site\" content=\"@Pag10com\" \/>\n<meta name=\"twitter:label1\" content=\"Escrito por\" \/>\n\t<meta name=\"twitter:data1\" content=\"P\u00e1gina 10\" \/>\n\t<meta name=\"twitter:label2\" content=\"Tiempo de lectura\" \/>\n\t<meta name=\"twitter:data2\" content=\"1 minuto\" \/>\n<script type=\"application\/ld+json\" class=\"yoast-schema-graph\">{\"@context\":\"https:\/\/schema.org\",\"@graph\":[{\"@type\":\"Article\",\"@id\":\"https:\/\/pagina10.com\/web\/solicitan-rendicion-de-cuentas-y-gastos-de-campana-a-enlace-de-gustavo-petro-en-narino\/#article\",\"isPartOf\":{\"@id\":\"https:\/\/pagina10.com\/web\/solicitan-rendicion-de-cuentas-y-gastos-de-campana-a-enlace-de-gustavo-petro-en-narino\/\"},\"author\":{\"name\":\"P\u00e1gina 10\",\"@id\":\"https:\/\/pagina10.com\/web\/#\/schema\/person\/2efc4a090d25b667d3bc796798a3a81b\"},\"headline\":\"Solicitan rendici\u00f3n de cuentas y gastos de campa\u00f1a a enlace de Gustavo Petro en Nari\u00f1o\",\"datePublished\":\"2022-06-30T20:50:22+00:00\",\"mainEntityOfPage\":{\"@id\":\"https:\/\/pagina10.com\/web\/solicitan-rendicion-de-cuentas-y-gastos-de-campana-a-enlace-de-gustavo-petro-en-narino\/\"},\"wordCount\":275,\"commentCount\":0,\"publisher\":{\"@id\":\"https:\/\/pagina10.com\/web\/#organization\"},\"image\":{\"@id\":\"https:\/\/pagina10.com\/web\/solicitan-rendicion-de-cuentas-y-gastos-de-campana-a-enlace-de-gustavo-petro-en-narino\/#primaryimage\"},\"thumbnailUrl\":\"https:\/\/pagina10.com\/web\/wp-content\/uploads\/2022\/06\/DV8xPOpXkAAyVzg.jpg\",\"articleSection\":[\"Nacional\"],\"inLanguage\":\"es\",\"potentialAction\":[{\"@type\":\"CommentAction\",\"name\":\"Comment\",\"target\":[\"https:\/\/pagina10.com\/web\/solicitan-rendicion-de-cuentas-y-gastos-de-campana-a-enlace-de-gustavo-petro-en-narino\/#respond\"]}]},{\"@type\":\"WebPage\",\"@id\":\"https:\/\/pagina10.com\/web\/solicitan-rendicion-de-cuentas-y-gastos-de-campana-a-enlace-de-gustavo-petro-en-narino\/\",\"url\":\"https:\/\/pagina10.com\/web\/solicitan-rendicion-de-cuentas-y-gastos-de-campana-a-enlace-de-gustavo-petro-en-narino\/\",\"name\":\"Solicitan rendici\u00f3n de cuentas y gastos de campa\u00f1a a enlace de Gustavo Petro en Nari\u00f1o | P\u00e1gina10\",\"isPartOf\":{\"@id\":\"https:\/\/pagina10.com\/web\/#website\"},\"primaryImageOfPage\":{\"@id\":\"https:\/\/pagina10.com\/web\/solicitan-rendicion-de-cuentas-y-gastos-de-campana-a-enlace-de-gustavo-petro-en-narino\/#primaryimage\"},\"image\":{\"@id\":\"https:\/\/pagina10.com\/web\/solicitan-rendicion-de-cuentas-y-gastos-de-campana-a-enlace-de-gustavo-petro-en-narino\/#primaryimage\"},\"thumbnailUrl\":\"https:\/\/pagina10.com\/web\/wp-content\/uploads\/2022\/06\/DV8xPOpXkAAyVzg.jpg\",\"datePublished\":\"2022-06-30T20:50:22+00:00\",\"breadcrumb\":{\"@id\":\"https:\/\/pagina10.com\/web\/solicitan-rendicion-de-cuentas-y-gastos-de-campana-a-enlace-de-gustavo-petro-en-narino\/#breadcrumb\"},\"inLanguage\":\"es\",\"potentialAction\":[{\"@type\":\"ReadAction\",\"target\":[\"https:\/\/pagina10.com\/web\/solicitan-rendicion-de-cuentas-y-gastos-de-campana-a-enlace-de-gustavo-petro-en-narino\/\"]}]},{\"@type\":\"ImageObject\",\"inLanguage\":\"es\",\"@id\":\"https:\/\/pagina10.com\/web\/solicitan-rendicion-de-cuentas-y-gastos-de-campana-a-enlace-de-gustavo-petro-en-narino\/#primaryimage\",\"url\":\"https:\/\/pagina10.com\/web\/wp-content\/uploads\/2022\/06\/DV8xPOpXkAAyVzg.jpg\",\"contentUrl\":\"https:\/\/pagina10.com\/web\/wp-content\/uploads\/2022\/06\/DV8xPOpXkAAyVzg.jpg\",\"width\":1200,\"height\":584},{\"@type\":\"BreadcrumbList\",\"@id\":\"https:\/\/pagina10.com\/web\/solicitan-rendicion-de-cuentas-y-gastos-de-campana-a-enlace-de-gustavo-petro-en-narino\/#breadcrumb\",\"itemListElement\":[{\"@type\":\"ListItem\",\"position\":1,\"name\":\"Portada\",\"item\":\"https:\/\/pagina10.com\/web\/\"},{\"@type\":\"ListItem\",\"position\":2,\"name\":\"Solicitan rendici\u00f3n de cuentas y gastos de campa\u00f1a a enlace de Gustavo Petro en Nari\u00f1o\"}]},{\"@type\":\"WebSite\",\"@id\":\"https:\/\/pagina10.com\/web\/#website\",\"url\":\"https:\/\/pagina10.com\/web\/\",\"name\":\"P\u00e1gina10\",\"description\":\"Peri\u00f3dico Regional\",\"publisher\":{\"@id\":\"https:\/\/pagina10.com\/web\/#organization\"},\"alternateName\":\"P\u00e1gina10 Peri\u00f3dico Regional\",\"potentialAction\":[{\"@type\":\"SearchAction\",\"target\":{\"@type\":\"EntryPoint\",\"urlTemplate\":\"https:\/\/pagina10.com\/web\/?s={search_term_string}\"},\"query-input\":{\"@type\":\"PropertyValueSpecification\",\"valueRequired\":true,\"valueName\":\"search_term_string\"}}],\"inLanguage\":\"es\"},{\"@type\":\"Organization\",\"@id\":\"https:\/\/pagina10.com\/web\/#organization\",\"name\":\"P\u00e1gina10\",\"alternateName\":\"P\u00e1gina10 Peri\u00f3dico Regional\",\"url\":\"https:\/\/pagina10.com\/web\/\",\"logo\":{\"@type\":\"ImageObject\",\"inLanguage\":\"es\",\"@id\":\"https:\/\/pagina10.com\/web\/#\/schema\/logo\/image\/\",\"url\":\"https:\/\/pagina10.com\/web\/wp-content\/uploads\/2024\/01\/40-pagina-10-periodico-regional-pasto.jpg\",\"contentUrl\":\"https:\/\/pagina10.com\/web\/wp-content\/uploads\/2024\/01\/40-pagina-10-periodico-regional-pasto.jpg\",\"width\":1280,\"height\":720,\"caption\":\"P\u00e1gina10\"},\"image\":{\"@id\":\"https:\/\/pagina10.com\/web\/#\/schema\/logo\/image\/\"},\"sameAs\":[\"https:\/\/www.facebook.com\/pag10com\",\"https:\/\/x.com\/Pag10com\",\"https:\/\/www.instagram.com\/pagina10col\/\",\"https:\/\/youtube.com\/channel\/pag10\",\"https:\/\/www.tiktok.com\/@p10col\"]},{\"@type\":\"Person\",\"@id\":\"https:\/\/pagina10.com\/web\/#\/schema\/person\/2efc4a090d25b667d3bc796798a3a81b\",\"name\":\"P\u00e1gina 10\",\"description\":\"P\u00e1gina 10 es un peri\u00f3dico regional que nace en Colombia, en el departamento de Nari\u00f1o, con un enfoque global, fundamentado en cuatro pilares esenciales: la libertad, el pluralismo, la inclusi\u00f3n y la independencia. P\u00e1gina 10 hace referencia a Nari\u00f1o como el d\u00e9cimo departamento creado en Colombia, despu\u00e9s de un proceso pol\u00edtico liderado por actores y actrices regionales con el fin de obtener la independencia y autonom\u00eda de nuestros territorios. Con la creaci\u00f3n de P\u00e1gina 10 se pretende abrir un escenario para el dialogo, la reflexi\u00f3n y el debate que se extienda a otras geograf\u00edas de Am\u00e9rica Latina y del planeta, en una apuesta por transformar colectivamente los desaf\u00edos de un mundo contempor\u00e1neo, m\u00e1s all\u00e1 de las fronteras impuestas.\",\"url\":\"https:\/\/pagina10.com\/web\/author\/pdiezadmin\/\"}]}<\/script>\n<!-- \/ Yoast SEO plugin. -->","yoast_head_json":{"title":"Solicitan rendici\u00f3n de cuentas y gastos de campa\u00f1a a enlace de Gustavo Petro en Nari\u00f1o | P\u00e1gina10","robots":{"index":"index","follow":"follow","max-snippet":"max-snippet:-1","max-image-preview":"max-image-preview:large","max-video-preview":"max-video-preview:-1"},"canonical":"https:\/\/pagina10.com\/web\/solicitan-rendicion-de-cuentas-y-gastos-de-campana-a-enlace-de-gustavo-petro-en-narino\/","og_locale":"es_ES","og_type":"article","og_title":"Solicitan rendici\u00f3n de cuentas y gastos de campa\u00f1a a enlace de Gustavo Petro en Nari\u00f1o | P\u00e1gina10","og_description":"A trav\u00e9s de una carta firmada por el senador electo del Pacto Hist\u00f3rico Robert Daza, representantes de los partidos Colombia Humana y Polo Democr\u00e1tico, adem\u00e1s de organizaciones y movimientos tanto sociales como comunitarios, le fue exigido una rendici\u00f3n de cuentas y gastos de campa\u00f1a al enlace departamental de la campa\u00f1a presidencial de Gustavo Petro, Pablo [&hellip;]","og_url":"https:\/\/pagina10.com\/web\/solicitan-rendicion-de-cuentas-y-gastos-de-campana-a-enlace-de-gustavo-petro-en-narino\/","og_site_name":"P\u00e1gina10","article_publisher":"https:\/\/www.facebook.com\/pag10com","article_published_time":"2022-06-30T20:50:22+00:00","og_image":[{"width":1200,"height":584,"url":"https:\/\/pagina10.com\/web\/wp-content\/uploads\/2022\/06\/DV8xPOpXkAAyVzg.jpg","type":"image\/jpeg"}],"author":"P\u00e1gina 10","twitter_card":"summary_large_image","twitter_creator":"@Pag10com","twitter_site":"@Pag10com","twitter_misc":{"Escrito por":"P\u00e1gina 10","Tiempo de lectura":"1 minuto"},"schema":{"@context":"https:\/\/schema.org","@graph":[{"@type":"Article","@id":"https:\/\/pagina10.com\/web\/solicitan-rendicion-de-cuentas-y-gastos-de-campana-a-enlace-de-gustavo-petro-en-narino\/#article","isPartOf":{"@id":"https:\/\/pagina10.com\/web\/solicitan-rendicion-de-cuentas-y-gastos-de-campana-a-enlace-de-gustavo-petro-en-narino\/"},"author":{"name":"P\u00e1gina 10","@id":"https:\/\/pagina10.com\/web\/#\/schema\/person\/2efc4a090d25b667d3bc796798a3a81b"},"headline":"Solicitan rendici\u00f3n de cuentas y gastos de campa\u00f1a a enlace de Gustavo Petro en Nari\u00f1o","datePublished":"2022-06-30T20:50:22+00:00","mainEntityOfPage":{"@id":"https:\/\/pagina10.com\/web\/solicitan-rendicion-de-cuentas-y-gastos-de-campana-a-enlace-de-gustavo-petro-en-narino\/"},"wordCount":275,"commentCount":0,"publisher":{"@id":"https:\/\/pagina10.com\/web\/#organization"},"image":{"@id":"https:\/\/pagina10.com\/web\/solicitan-rendicion-de-cuentas-y-gastos-de-campana-a-enlace-de-gustavo-petro-en-narino\/#primaryimage"},"thumbnailUrl":"https:\/\/pagina10.com\/web\/wp-content\/uploads\/2022\/06\/DV8xPOpXkAAyVzg.jpg","articleSection":["Nacional"],"inLanguage":"es","potentialAction":[{"@type":"CommentAction","name":"Comment","target":["https:\/\/pagina10.com\/web\/solicitan-rendicion-de-cuentas-y-gastos-de-campana-a-enlace-de-gustavo-petro-en-narino\/#respond"]}]},{"@type":"WebPage","@id":"https:\/\/pagina10.com\/web\/solicitan-rendicion-de-cuentas-y-gastos-de-campana-a-enlace-de-gustavo-petro-en-narino\/","url":"https:\/\/pagina10.com\/web\/solicitan-rendicion-de-cuentas-y-gastos-de-campana-a-enlace-de-gustavo-petro-en-narino\/","name":"Solicitan rendici\u00f3n de cuentas y gastos de campa\u00f1a a enlace de Gustavo Petro en Nari\u00f1o | P\u00e1gina10","isPartOf":{"@id":"https:\/\/pagina10.com\/web\/#website"},"primaryImageOfPage":{"@id":"https:\/\/pagina10.com\/web\/solicitan-rendicion-de-cuentas-y-gastos-de-campana-a-enlace-de-gustavo-petro-en-narino\/#primaryimage"},"image":{"@id":"https:\/\/pagina10.com\/web\/solicitan-rendicion-de-cuentas-y-gastos-de-campana-a-enlace-de-gustavo-petro-en-narino\/#primaryimage"},"thumbnailUrl":"https:\/\/pagina10.com\/web\/wp-content\/uploads\/2022\/06\/DV8xPOpXkAAyVzg.jpg","datePublished":"2022-06-30T20:50:22+00:00","breadcrumb":{"@id":"https:\/\/pagina10.com\/web\/solicitan-rendicion-de-cuentas-y-gastos-de-campana-a-enlace-de-gustavo-petro-en-narino\/#breadcrumb"},"inLanguage":"es","potentialAction":[{"@type":"ReadAction","target":["https:\/\/pagina10.com\/web\/solicitan-rendicion-de-cuentas-y-gastos-de-campana-a-enlace-de-gustavo-petro-en-narino\/"]}]},{"@type":"ImageObject","inLanguage":"es","@id":"https:\/\/pagina10.com\/web\/solicitan-rendicion-de-cuentas-y-gastos-de-campana-a-enlace-de-gustavo-petro-en-narino\/#primaryimage","url":"https:\/\/pagina10.com\/web\/wp-content\/uploads\/2022\/06\/DV8xPOpXkAAyVzg.jpg","contentUrl":"https:\/\/pagina10.com\/web\/wp-content\/uploads\/2022\/06\/DV8xPOpXkAAyVzg.jpg","width":1200,"height":584},{"@type":"BreadcrumbList","@id":"https:\/\/pagina10.com\/web\/solicitan-rendicion-de-cuentas-y-gastos-de-campana-a-enlace-de-gustavo-petro-en-narino\/#breadcrumb","itemListElement":[{"@type":"ListItem","position":1,"name":"Portada","item":"https:\/\/pagina10.com\/web\/"},{"@type":"ListItem","position":2,"name":"Solicitan rendici\u00f3n de cuentas y gastos de campa\u00f1a a enlace de Gustavo Petro en Nari\u00f1o"}]},{"@type":"WebSite","@id":"https:\/\/pagina10.com\/web\/#website","url":"https:\/\/pagina10.com\/web\/","name":"P\u00e1gina10","description":"Peri\u00f3dico Regional","publisher":{"@id":"https:\/\/pagina10.com\/web\/#organization"},"alternateName":"P\u00e1gina10 Peri\u00f3dico Regional","potentialAction":[{"@type":"SearchAction","target":{"@type":"EntryPoint","urlTemplate":"https:\/\/pagina10.com\/web\/?s={search_term_string}"},"query-input":{"@type":"PropertyValueSpecification","valueRequired":true,"valueName":"search_term_string"}}],"inLanguage":"es"},{"@type":"Organization","@id":"https:\/\/pagina10.com\/web\/#organization","name":"P\u00e1gina10","alternateName":"P\u00e1gina10 Peri\u00f3dico Regional","url":"https:\/\/pagina10.com\/web\/","logo":{"@type":"ImageObject","inLanguage":"es","@id":"https:\/\/pagina10.com\/web\/#\/schema\/logo\/image\/","url":"https:\/\/pagina10.com\/web\/wp-content\/uploads\/2024\/01\/40-pagina-10-periodico-regional-pasto.jpg","contentUrl":"https:\/\/pagina10.com\/web\/wp-content\/uploads\/2024\/01\/40-pagina-10-periodico-regional-pasto.jpg","width":1280,"height":720,"caption":"P\u00e1gina10"},"image":{"@id":"https:\/\/pagina10.com\/web\/#\/schema\/logo\/image\/"},"sameAs":["https:\/\/www.facebook.com\/pag10com","https:\/\/x.com\/Pag10com","https:\/\/www.instagram.com\/pagina10col\/","https:\/\/youtube.com\/channel\/pag10","https:\/\/www.tiktok.com\/@p10col"]},{"@type":"Person","@id":"https:\/\/pagina10.com\/web\/#\/schema\/person\/2efc4a090d25b667d3bc796798a3a81b","name":"P\u00e1gina 10","description":"P\u00e1gina 10 es un peri\u00f3dico regional que nace en Colombia, en el departamento de Nari\u00f1o, con un enfoque global, fundamentado en cuatro pilares esenciales: la libertad, el pluralismo, la inclusi\u00f3n y la independencia. P\u00e1gina 10 hace referencia a Nari\u00f1o como el d\u00e9cimo departamento creado en Colombia, despu\u00e9s de un proceso pol\u00edtico liderado por actores y actrices regionales con el fin de obtener la independencia y autonom\u00eda de nuestros territorios. Con la creaci\u00f3n de P\u00e1gina 10 se pretende abrir un escenario para el dialogo, la reflexi\u00f3n y el debate que se extienda a otras geograf\u00edas de Am\u00e9rica Latina y del planeta, en una apuesta por transformar colectivamente los desaf\u00edos de un mundo contempor\u00e1neo, m\u00e1s all\u00e1 de las fronteras impuestas.","url":"https:\/\/pagina10.com\/web\/author\/pdiezadmin\/"}]}},"_links":{"self":[{"href":"https:\/\/pagina10.com\/web\/wp-json\/wp\/v2\/posts\/60179","targetHints":{"allow":["GET"]}}],"collection":[{"href":"https:\/\/pagina10.com\/web\/wp-json\/wp\/v2\/posts"}],"about":[{"href":"https:\/\/pagina10.com\/web\/wp-json\/wp\/v2\/types\/post"}],"author":[{"embeddable":true,"href":"https:\/\/pagina10.com\/web\/wp-json\/wp\/v2\/users\/1"}],"replies":[{"embeddable":true,"href":"https:\/\/pagina10.com\/web\/wp-json\/wp\/v2\/comments?post=60179"}],"version-history":[{"count":1,"href":"https:\/\/pagina10.com\/web\/wp-json\/wp\/v2\/posts\/60179\/revisions"}],"predecessor-version":[{"id":60181,"href":"https:\/\/pagina10.com\/web\/wp-json\/wp\/v2\/posts\/60179\/revisions\/60181"}],"wp:featuredmedia":[{"embeddable":true,"href":"https:\/\/pagina10.com\/web\/wp-json\/wp\/v2\/media\/60180"}],"wp:attachment":[{"href":"https:\/\/pagina10.com\/web\/wp-json\/wp\/v2\/media?parent=60179"}],"wp:term":[{"taxonomy":"category","embeddable":true,"href":"https:\/\/pagina10.com\/web\/wp-json\/wp\/v2\/categories?post=60179"},{"taxonomy":"post_tag","embeddable":true,"href":"https:\/\/pagina10.com\/web\/wp-json\/wp\/v2\/tags?post=60179"}],"curies":[{"name":"wp","href":"https:\/\/api.w.org\/{rel}","templated":true}]}}