{"id":60219,"date":"2022-07-02T21:24:37","date_gmt":"2022-07-03T02:24:37","guid":{"rendered":"https:\/\/pagina10.com\/web\/?p=60219"},"modified":"2022-07-02T21:24:37","modified_gmt":"2022-07-03T02:24:37","slug":"navarro-ya-no-acompanara-equipo-de-empalme-de-gustavo-petro","status":"publish","type":"post","link":"https:\/\/pagina10.com\/web\/navarro-ya-no-acompanara-equipo-de-empalme-de-gustavo-petro\/","title":{"rendered":"Navarro ya no acompa\u00f1ar\u00e1 equipo de empalme de Gustavo Petro"},"content":{"rendered":"<p style=\"text-align: justify;\">Con el siguiente trino: \u201cConfirmo que por razones de salud, no hago parte del empalme. Gracias por tantas voces de aliento\u201d, el exalcalde de Pasto, exgobernador de Nari\u00f1o y exsenador de la Rep\u00fablica, Antonio Navarro Wolff, declar\u00f3 oficialmente que no asumir\u00e1 el nombramiento del presidente electo Gustavo Petro, quien lo asign\u00f3 en su equipo de empalme para el Ministerio de Minas y Energ\u00eda.<\/p>\n<p style=\"text-align: justify;\">El co-presidente y vocero del partido Alianza Verde, hab\u00eda declarado a trav\u00e9s de la misma red social, su apoyo por el entonces candidato del Pacto Hist\u00f3rico. As\u00ed mismo, anunci\u00f3 la decisi\u00f3n mayoritaria, tomada en las toldas verdes, de convertir a su movimiento pol\u00edtico en partido de Gobierno de Petro.<\/p>\n<p style=\"text-align: justify;\">Esto habr\u00eda significado su llamamiento a conformar el equipo del nuevo mandatario de los colombianos, dejando as\u00ed una clara posibilidad para que Nari\u00f1o tuviera dos miembros de gabinete presidencial, (contando la eventual designaci\u00f3n de Camilo Romero en el Ministerio de Minas y Energ\u00eda o las Tecnolog\u00edas y la Comunicaci\u00f3n) en este periodo de gobierno. Sin embargo, ese escenario se diluy\u00f3 con lo manifestado por Navarro en las \u00faltimas horas.<\/p>\n","protected":false},"excerpt":{"rendered":"<p>Con el siguiente trino: \u201cConfirmo que por razones de salud, no hago parte del empalme. Gracias por tantas voces de aliento\u201d, el exalcalde de Pasto, exgobernador de Nari\u00f1o y exsenador de la Rep\u00fablica, Antonio Navarro Wolff, declar\u00f3 oficialmente que no asumir\u00e1 el nombramiento del presidente electo Gustavo Petro, quien lo asign\u00f3 en su equipo de [&hellip;]<\/p>\n","protected":false},"author":1,"featured_media":60220,"comment_status":"open","ping_status":"open","sticky":false,"template":"","format":"standard","meta":{"footnotes":""},"categories":[94],"tags":[],"class_list":["post-60219","post","type-post","status-publish","format-standard","has-post-thumbnail","hentry","category-nacional-global-2"],"yoast_head":"<!-- This site is optimized with the Yoast SEO plugin v27.1.1 - https:\/\/yoast.com\/product\/yoast-seo-wordpress\/ -->\n<title>Navarro ya no acompa\u00f1ar\u00e1 equipo de empalme de Gustavo Petro | P\u00e1gina10<\/title>\n<meta name=\"robots\" content=\"index, follow, max-snippet:-1, max-image-preview:large, max-video-preview:-1\" \/>\n<link rel=\"canonical\" href=\"https:\/\/pagina10.com\/web\/navarro-ya-no-acompanara-equipo-de-empalme-de-gustavo-petro\/\" \/>\n<meta property=\"og:locale\" content=\"es_ES\" \/>\n<meta property=\"og:type\" content=\"article\" \/>\n<meta property=\"og:title\" content=\"Navarro ya no acompa\u00f1ar\u00e1 equipo de empalme de Gustavo Petro | P\u00e1gina10\" \/>\n<meta property=\"og:description\" content=\"Con el siguiente trino: \u201cConfirmo que por razones de salud, no hago parte del empalme. Gracias por tantas voces de aliento\u201d, el exalcalde de Pasto, exgobernador de Nari\u00f1o y exsenador de la Rep\u00fablica, Antonio Navarro Wolff, declar\u00f3 oficialmente que no asumir\u00e1 el nombramiento del presidente electo Gustavo Petro, quien lo asign\u00f3 en su equipo de [&hellip;]\" \/>\n<meta property=\"og:url\" content=\"https:\/\/pagina10.com\/web\/navarro-ya-no-acompanara-equipo-de-empalme-de-gustavo-petro\/\" \/>\n<meta property=\"og:site_name\" content=\"P\u00e1gina10\" \/>\n<meta property=\"article:publisher\" content=\"https:\/\/www.facebook.com\/pag10com\" \/>\n<meta property=\"article:published_time\" content=\"2022-07-03T02:24:37+00:00\" \/>\n<meta property=\"og:image\" content=\"https:\/\/pagina10.com\/web\/wp-content\/uploads\/2022\/07\/1613044314_397939_1613044494_miniatura_normal.jpg\" \/>\n\t<meta property=\"og:image:width\" content=\"1080\" \/>\n\t<meta property=\"og:image:height\" content=\"607\" \/>\n\t<meta property=\"og:image:type\" content=\"image\/jpeg\" \/>\n<meta name=\"author\" content=\"P\u00e1gina 10\" \/>\n<meta name=\"twitter:card\" content=\"summary_large_image\" \/>\n<meta name=\"twitter:creator\" content=\"@Pag10com\" \/>\n<meta name=\"twitter:site\" content=\"@Pag10com\" \/>\n<meta name=\"twitter:label1\" content=\"Escrito por\" \/>\n\t<meta name=\"twitter:data1\" content=\"P\u00e1gina 10\" \/>\n\t<meta name=\"twitter:label2\" content=\"Tiempo de lectura\" \/>\n\t<meta name=\"twitter:data2\" content=\"1 minuto\" \/>\n<script type=\"application\/ld+json\" class=\"yoast-schema-graph\">{\"@context\":\"https:\/\/schema.org\",\"@graph\":[{\"@type\":\"Article\",\"@id\":\"https:\/\/pagina10.com\/web\/navarro-ya-no-acompanara-equipo-de-empalme-de-gustavo-petro\/#article\",\"isPartOf\":{\"@id\":\"https:\/\/pagina10.com\/web\/navarro-ya-no-acompanara-equipo-de-empalme-de-gustavo-petro\/\"},\"author\":{\"name\":\"P\u00e1gina 10\",\"@id\":\"https:\/\/pagina10.com\/web\/#\/schema\/person\/2efc4a090d25b667d3bc796798a3a81b\"},\"headline\":\"Navarro ya no acompa\u00f1ar\u00e1 equipo de empalme de Gustavo Petro\",\"datePublished\":\"2022-07-03T02:24:37+00:00\",\"mainEntityOfPage\":{\"@id\":\"https:\/\/pagina10.com\/web\/navarro-ya-no-acompanara-equipo-de-empalme-de-gustavo-petro\/\"},\"wordCount\":206,\"commentCount\":0,\"publisher\":{\"@id\":\"https:\/\/pagina10.com\/web\/#organization\"},\"image\":{\"@id\":\"https:\/\/pagina10.com\/web\/navarro-ya-no-acompanara-equipo-de-empalme-de-gustavo-petro\/#primaryimage\"},\"thumbnailUrl\":\"https:\/\/pagina10.com\/web\/wp-content\/uploads\/2022\/07\/1613044314_397939_1613044494_miniatura_normal.jpg\",\"articleSection\":[\"Nacional\"],\"inLanguage\":\"es\",\"potentialAction\":[{\"@type\":\"CommentAction\",\"name\":\"Comment\",\"target\":[\"https:\/\/pagina10.com\/web\/navarro-ya-no-acompanara-equipo-de-empalme-de-gustavo-petro\/#respond\"]}]},{\"@type\":\"WebPage\",\"@id\":\"https:\/\/pagina10.com\/web\/navarro-ya-no-acompanara-equipo-de-empalme-de-gustavo-petro\/\",\"url\":\"https:\/\/pagina10.com\/web\/navarro-ya-no-acompanara-equipo-de-empalme-de-gustavo-petro\/\",\"name\":\"Navarro ya no acompa\u00f1ar\u00e1 equipo de empalme de Gustavo Petro | P\u00e1gina10\",\"isPartOf\":{\"@id\":\"https:\/\/pagina10.com\/web\/#website\"},\"primaryImageOfPage\":{\"@id\":\"https:\/\/pagina10.com\/web\/navarro-ya-no-acompanara-equipo-de-empalme-de-gustavo-petro\/#primaryimage\"},\"image\":{\"@id\":\"https:\/\/pagina10.com\/web\/navarro-ya-no-acompanara-equipo-de-empalme-de-gustavo-petro\/#primaryimage\"},\"thumbnailUrl\":\"https:\/\/pagina10.com\/web\/wp-content\/uploads\/2022\/07\/1613044314_397939_1613044494_miniatura_normal.jpg\",\"datePublished\":\"2022-07-03T02:24:37+00:00\",\"breadcrumb\":{\"@id\":\"https:\/\/pagina10.com\/web\/navarro-ya-no-acompanara-equipo-de-empalme-de-gustavo-petro\/#breadcrumb\"},\"inLanguage\":\"es\",\"potentialAction\":[{\"@type\":\"ReadAction\",\"target\":[\"https:\/\/pagina10.com\/web\/navarro-ya-no-acompanara-equipo-de-empalme-de-gustavo-petro\/\"]}]},{\"@type\":\"ImageObject\",\"inLanguage\":\"es\",\"@id\":\"https:\/\/pagina10.com\/web\/navarro-ya-no-acompanara-equipo-de-empalme-de-gustavo-petro\/#primaryimage\",\"url\":\"https:\/\/pagina10.com\/web\/wp-content\/uploads\/2022\/07\/1613044314_397939_1613044494_miniatura_normal.jpg\",\"contentUrl\":\"https:\/\/pagina10.com\/web\/wp-content\/uploads\/2022\/07\/1613044314_397939_1613044494_miniatura_normal.jpg\",\"width\":1080,\"height\":607},{\"@type\":\"BreadcrumbList\",\"@id\":\"https:\/\/pagina10.com\/web\/navarro-ya-no-acompanara-equipo-de-empalme-de-gustavo-petro\/#breadcrumb\",\"itemListElement\":[{\"@type\":\"ListItem\",\"position\":1,\"name\":\"Portada\",\"item\":\"https:\/\/pagina10.com\/web\/\"},{\"@type\":\"ListItem\",\"position\":2,\"name\":\"Navarro ya no acompa\u00f1ar\u00e1 equipo de empalme de Gustavo Petro\"}]},{\"@type\":\"WebSite\",\"@id\":\"https:\/\/pagina10.com\/web\/#website\",\"url\":\"https:\/\/pagina10.com\/web\/\",\"name\":\"P\u00e1gina10\",\"description\":\"Peri\u00f3dico Regional\",\"publisher\":{\"@id\":\"https:\/\/pagina10.com\/web\/#organization\"},\"alternateName\":\"P\u00e1gina10 Peri\u00f3dico Regional\",\"potentialAction\":[{\"@type\":\"SearchAction\",\"target\":{\"@type\":\"EntryPoint\",\"urlTemplate\":\"https:\/\/pagina10.com\/web\/?s={search_term_string}\"},\"query-input\":{\"@type\":\"PropertyValueSpecification\",\"valueRequired\":true,\"valueName\":\"search_term_string\"}}],\"inLanguage\":\"es\"},{\"@type\":\"Organization\",\"@id\":\"https:\/\/pagina10.com\/web\/#organization\",\"name\":\"P\u00e1gina10\",\"alternateName\":\"P\u00e1gina10 Peri\u00f3dico Regional\",\"url\":\"https:\/\/pagina10.com\/web\/\",\"logo\":{\"@type\":\"ImageObject\",\"inLanguage\":\"es\",\"@id\":\"https:\/\/pagina10.com\/web\/#\/schema\/logo\/image\/\",\"url\":\"https:\/\/pagina10.com\/web\/wp-content\/uploads\/2024\/01\/40-pagina-10-periodico-regional-pasto.jpg\",\"contentUrl\":\"https:\/\/pagina10.com\/web\/wp-content\/uploads\/2024\/01\/40-pagina-10-periodico-regional-pasto.jpg\",\"width\":1280,\"height\":720,\"caption\":\"P\u00e1gina10\"},\"image\":{\"@id\":\"https:\/\/pagina10.com\/web\/#\/schema\/logo\/image\/\"},\"sameAs\":[\"https:\/\/www.facebook.com\/pag10com\",\"https:\/\/x.com\/Pag10com\",\"https:\/\/www.instagram.com\/pagina10col\/\",\"https:\/\/youtube.com\/channel\/pag10\",\"https:\/\/www.tiktok.com\/@p10col\"]},{\"@type\":\"Person\",\"@id\":\"https:\/\/pagina10.com\/web\/#\/schema\/person\/2efc4a090d25b667d3bc796798a3a81b\",\"name\":\"P\u00e1gina 10\",\"description\":\"P\u00e1gina 10 es un peri\u00f3dico regional que nace en Colombia, en el departamento de Nari\u00f1o, con un enfoque global, fundamentado en cuatro pilares esenciales: la libertad, el pluralismo, la inclusi\u00f3n y la independencia. P\u00e1gina 10 hace referencia a Nari\u00f1o como el d\u00e9cimo departamento creado en Colombia, despu\u00e9s de un proceso pol\u00edtico liderado por actores y actrices regionales con el fin de obtener la independencia y autonom\u00eda de nuestros territorios. Con la creaci\u00f3n de P\u00e1gina 10 se pretende abrir un escenario para el dialogo, la reflexi\u00f3n y el debate que se extienda a otras geograf\u00edas de Am\u00e9rica Latina y del planeta, en una apuesta por transformar colectivamente los desaf\u00edos de un mundo contempor\u00e1neo, m\u00e1s all\u00e1 de las fronteras impuestas.\",\"url\":\"https:\/\/pagina10.com\/web\/author\/pdiezadmin\/\"}]}<\/script>\n<!-- \/ Yoast SEO plugin. -->","yoast_head_json":{"title":"Navarro ya no acompa\u00f1ar\u00e1 equipo de empalme de Gustavo Petro | P\u00e1gina10","robots":{"index":"index","follow":"follow","max-snippet":"max-snippet:-1","max-image-preview":"max-image-preview:large","max-video-preview":"max-video-preview:-1"},"canonical":"https:\/\/pagina10.com\/web\/navarro-ya-no-acompanara-equipo-de-empalme-de-gustavo-petro\/","og_locale":"es_ES","og_type":"article","og_title":"Navarro ya no acompa\u00f1ar\u00e1 equipo de empalme de Gustavo Petro | P\u00e1gina10","og_description":"Con el siguiente trino: \u201cConfirmo que por razones de salud, no hago parte del empalme. Gracias por tantas voces de aliento\u201d, el exalcalde de Pasto, exgobernador de Nari\u00f1o y exsenador de la Rep\u00fablica, Antonio Navarro Wolff, declar\u00f3 oficialmente que no asumir\u00e1 el nombramiento del presidente electo Gustavo Petro, quien lo asign\u00f3 en su equipo de [&hellip;]","og_url":"https:\/\/pagina10.com\/web\/navarro-ya-no-acompanara-equipo-de-empalme-de-gustavo-petro\/","og_site_name":"P\u00e1gina10","article_publisher":"https:\/\/www.facebook.com\/pag10com","article_published_time":"2022-07-03T02:24:37+00:00","og_image":[{"width":1080,"height":607,"url":"https:\/\/pagina10.com\/web\/wp-content\/uploads\/2022\/07\/1613044314_397939_1613044494_miniatura_normal.jpg","type":"image\/jpeg"}],"author":"P\u00e1gina 10","twitter_card":"summary_large_image","twitter_creator":"@Pag10com","twitter_site":"@Pag10com","twitter_misc":{"Escrito por":"P\u00e1gina 10","Tiempo de lectura":"1 minuto"},"schema":{"@context":"https:\/\/schema.org","@graph":[{"@type":"Article","@id":"https:\/\/pagina10.com\/web\/navarro-ya-no-acompanara-equipo-de-empalme-de-gustavo-petro\/#article","isPartOf":{"@id":"https:\/\/pagina10.com\/web\/navarro-ya-no-acompanara-equipo-de-empalme-de-gustavo-petro\/"},"author":{"name":"P\u00e1gina 10","@id":"https:\/\/pagina10.com\/web\/#\/schema\/person\/2efc4a090d25b667d3bc796798a3a81b"},"headline":"Navarro ya no acompa\u00f1ar\u00e1 equipo de empalme de Gustavo Petro","datePublished":"2022-07-03T02:24:37+00:00","mainEntityOfPage":{"@id":"https:\/\/pagina10.com\/web\/navarro-ya-no-acompanara-equipo-de-empalme-de-gustavo-petro\/"},"wordCount":206,"commentCount":0,"publisher":{"@id":"https:\/\/pagina10.com\/web\/#organization"},"image":{"@id":"https:\/\/pagina10.com\/web\/navarro-ya-no-acompanara-equipo-de-empalme-de-gustavo-petro\/#primaryimage"},"thumbnailUrl":"https:\/\/pagina10.com\/web\/wp-content\/uploads\/2022\/07\/1613044314_397939_1613044494_miniatura_normal.jpg","articleSection":["Nacional"],"inLanguage":"es","potentialAction":[{"@type":"CommentAction","name":"Comment","target":["https:\/\/pagina10.com\/web\/navarro-ya-no-acompanara-equipo-de-empalme-de-gustavo-petro\/#respond"]}]},{"@type":"WebPage","@id":"https:\/\/pagina10.com\/web\/navarro-ya-no-acompanara-equipo-de-empalme-de-gustavo-petro\/","url":"https:\/\/pagina10.com\/web\/navarro-ya-no-acompanara-equipo-de-empalme-de-gustavo-petro\/","name":"Navarro ya no acompa\u00f1ar\u00e1 equipo de empalme de Gustavo Petro | P\u00e1gina10","isPartOf":{"@id":"https:\/\/pagina10.com\/web\/#website"},"primaryImageOfPage":{"@id":"https:\/\/pagina10.com\/web\/navarro-ya-no-acompanara-equipo-de-empalme-de-gustavo-petro\/#primaryimage"},"image":{"@id":"https:\/\/pagina10.com\/web\/navarro-ya-no-acompanara-equipo-de-empalme-de-gustavo-petro\/#primaryimage"},"thumbnailUrl":"https:\/\/pagina10.com\/web\/wp-content\/uploads\/2022\/07\/1613044314_397939_1613044494_miniatura_normal.jpg","datePublished":"2022-07-03T02:24:37+00:00","breadcrumb":{"@id":"https:\/\/pagina10.com\/web\/navarro-ya-no-acompanara-equipo-de-empalme-de-gustavo-petro\/#breadcrumb"},"inLanguage":"es","potentialAction":[{"@type":"ReadAction","target":["https:\/\/pagina10.com\/web\/navarro-ya-no-acompanara-equipo-de-empalme-de-gustavo-petro\/"]}]},{"@type":"ImageObject","inLanguage":"es","@id":"https:\/\/pagina10.com\/web\/navarro-ya-no-acompanara-equipo-de-empalme-de-gustavo-petro\/#primaryimage","url":"https:\/\/pagina10.com\/web\/wp-content\/uploads\/2022\/07\/1613044314_397939_1613044494_miniatura_normal.jpg","contentUrl":"https:\/\/pagina10.com\/web\/wp-content\/uploads\/2022\/07\/1613044314_397939_1613044494_miniatura_normal.jpg","width":1080,"height":607},{"@type":"BreadcrumbList","@id":"https:\/\/pagina10.com\/web\/navarro-ya-no-acompanara-equipo-de-empalme-de-gustavo-petro\/#breadcrumb","itemListElement":[{"@type":"ListItem","position":1,"name":"Portada","item":"https:\/\/pagina10.com\/web\/"},{"@type":"ListItem","position":2,"name":"Navarro ya no acompa\u00f1ar\u00e1 equipo de empalme de Gustavo Petro"}]},{"@type":"WebSite","@id":"https:\/\/pagina10.com\/web\/#website","url":"https:\/\/pagina10.com\/web\/","name":"P\u00e1gina10","description":"Peri\u00f3dico Regional","publisher":{"@id":"https:\/\/pagina10.com\/web\/#organization"},"alternateName":"P\u00e1gina10 Peri\u00f3dico Regional","potentialAction":[{"@type":"SearchAction","target":{"@type":"EntryPoint","urlTemplate":"https:\/\/pagina10.com\/web\/?s={search_term_string}"},"query-input":{"@type":"PropertyValueSpecification","valueRequired":true,"valueName":"search_term_string"}}],"inLanguage":"es"},{"@type":"Organization","@id":"https:\/\/pagina10.com\/web\/#organization","name":"P\u00e1gina10","alternateName":"P\u00e1gina10 Peri\u00f3dico Regional","url":"https:\/\/pagina10.com\/web\/","logo":{"@type":"ImageObject","inLanguage":"es","@id":"https:\/\/pagina10.com\/web\/#\/schema\/logo\/image\/","url":"https:\/\/pagina10.com\/web\/wp-content\/uploads\/2024\/01\/40-pagina-10-periodico-regional-pasto.jpg","contentUrl":"https:\/\/pagina10.com\/web\/wp-content\/uploads\/2024\/01\/40-pagina-10-periodico-regional-pasto.jpg","width":1280,"height":720,"caption":"P\u00e1gina10"},"image":{"@id":"https:\/\/pagina10.com\/web\/#\/schema\/logo\/image\/"},"sameAs":["https:\/\/www.facebook.com\/pag10com","https:\/\/x.com\/Pag10com","https:\/\/www.instagram.com\/pagina10col\/","https:\/\/youtube.com\/channel\/pag10","https:\/\/www.tiktok.com\/@p10col"]},{"@type":"Person","@id":"https:\/\/pagina10.com\/web\/#\/schema\/person\/2efc4a090d25b667d3bc796798a3a81b","name":"P\u00e1gina 10","description":"P\u00e1gina 10 es un peri\u00f3dico regional que nace en Colombia, en el departamento de Nari\u00f1o, con un enfoque global, fundamentado en cuatro pilares esenciales: la libertad, el pluralismo, la inclusi\u00f3n y la independencia. P\u00e1gina 10 hace referencia a Nari\u00f1o como el d\u00e9cimo departamento creado en Colombia, despu\u00e9s de un proceso pol\u00edtico liderado por actores y actrices regionales con el fin de obtener la independencia y autonom\u00eda de nuestros territorios. Con la creaci\u00f3n de P\u00e1gina 10 se pretende abrir un escenario para el dialogo, la reflexi\u00f3n y el debate que se extienda a otras geograf\u00edas de Am\u00e9rica Latina y del planeta, en una apuesta por transformar colectivamente los desaf\u00edos de un mundo contempor\u00e1neo, m\u00e1s all\u00e1 de las fronteras impuestas.","url":"https:\/\/pagina10.com\/web\/author\/pdiezadmin\/"}]}},"_links":{"self":[{"href":"https:\/\/pagina10.com\/web\/wp-json\/wp\/v2\/posts\/60219","targetHints":{"allow":["GET"]}}],"collection":[{"href":"https:\/\/pagina10.com\/web\/wp-json\/wp\/v2\/posts"}],"about":[{"href":"https:\/\/pagina10.com\/web\/wp-json\/wp\/v2\/types\/post"}],"author":[{"embeddable":true,"href":"https:\/\/pagina10.com\/web\/wp-json\/wp\/v2\/users\/1"}],"replies":[{"embeddable":true,"href":"https:\/\/pagina10.com\/web\/wp-json\/wp\/v2\/comments?post=60219"}],"version-history":[{"count":1,"href":"https:\/\/pagina10.com\/web\/wp-json\/wp\/v2\/posts\/60219\/revisions"}],"predecessor-version":[{"id":60221,"href":"https:\/\/pagina10.com\/web\/wp-json\/wp\/v2\/posts\/60219\/revisions\/60221"}],"wp:featuredmedia":[{"embeddable":true,"href":"https:\/\/pagina10.com\/web\/wp-json\/wp\/v2\/media\/60220"}],"wp:attachment":[{"href":"https:\/\/pagina10.com\/web\/wp-json\/wp\/v2\/media?parent=60219"}],"wp:term":[{"taxonomy":"category","embeddable":true,"href":"https:\/\/pagina10.com\/web\/wp-json\/wp\/v2\/categories?post=60219"},{"taxonomy":"post_tag","embeddable":true,"href":"https:\/\/pagina10.com\/web\/wp-json\/wp\/v2\/tags?post=60219"}],"curies":[{"name":"wp","href":"https:\/\/api.w.org\/{rel}","templated":true}]}}