{"id":60227,"date":"2022-07-03T16:16:15","date_gmt":"2022-07-03T21:16:15","guid":{"rendered":"https:\/\/pagina10.com\/web\/?p=60227"},"modified":"2022-07-03T16:16:15","modified_gmt":"2022-07-03T21:16:15","slug":"el-cambio-que-ya-llego","status":"publish","type":"post","link":"https:\/\/pagina10.com\/web\/el-cambio-que-ya-llego\/","title":{"rendered":"El cambio que ya lleg\u00f3"},"content":{"rendered":"<p style=\"text-align: justify;\">Todas las especulaciones que se tej\u00edan de llegar Petro a la Presidencia quedaron en eso: especulaciones. Hay tranquilidad total en todo el pa\u00eds y, por el contrario, la gente se siente muy esperanzada porque sea un buen gobierno. Ya todas las mentiras y los ataques rastreros deben quedar atr\u00e1s. Ahora es el momento de que todos seamos gobierno mediante los mecanismos de participaci\u00f3n popular. Se debe implementar nuevas f\u00f3rmulas para escoger a quienes van participar en las elecciones locales y regionales.<\/p>\n<p style=\"text-align: justify;\">\n<p style=\"text-align: justify;\">Sabemos que hay unos pol\u00edticos por profesi\u00f3n que buscan la manera de adue\u00f1arse del poder popular, ellos deben entender que este triunfo no les pertenece a unos pocos oportunistas. Este trabajo se hizo en colectivo, y, por ello, no hay derecho que quienes no hicieron el m\u00ednimo esfuerzo por el triunfo del Pacto hist\u00f3rico, ahora vengan a asomar sus narices. Es m\u00e1s, veo que hay personajes que formaban parte de la contra campa\u00f1a y ahora se muestran como parte del triunfo. Bien dicen que de los fracasos nadie quiere reconocer su paternidad, pero de los triunfos todos quieren ser padres.<\/p>\n<p style=\"text-align: justify;\">\n<p style=\"text-align: justify;\">En varios municipios ya se empieza a escuchar quejas de que el alcalde y concejales, elegidos por partidos tradicionales, ahora son parte del gran cambio. El oportunismo est\u00e1 saltando a flor de piel. Aqu\u00ed no tenemos la f\u00f3rmula precisa para dar una soluci\u00f3n a lo que se ve\u00eda venir despu\u00e9s del triunfo de Gustavo Petro y Francia M\u00e1rquez. Ahora todos son Pacto Hist\u00f3rico, hasta los m\u00e1s recalcitrantes que, en otra oportunidad, tildaron de la peor manera a Petro. Los hay en todas la instancias y niveles; unos vinculados a partidos o instancias gubernamentales, pero ahora se silenciaron.<\/p>\n<p style=\"text-align: justify;\">\n<p style=\"text-align: justify;\">Desde esta columna invito a quienes apoyaron a Gustavo Petro y Francia M\u00e1rquez o no lo hicieron, a actuar con toda la sensatez. Lo primero que hay que hacer es desenmascarar a los oportunistas; para ello es necesario organizarse en juntas de barrios, veredas, municipios para implementar estrategias para apoyar al gobierno popular. Promover foros, espacios de an\u00e1lisis, estudio del plan de desarrollo que va a implementar el nuevo gobierno; evitar al m\u00e1ximo las fricciones. Cualquier discusi\u00f3n malsana puede conducir al fraccionamiento del movimiento.<\/p>\n<p style=\"text-align: justify;\">\n<p style=\"text-align: justify;\">Pero claro, como ya se vio, hay diversas tendencias originadas de los partidos alternativos y los tradicionales. Eso no impedir\u00e1 la unidad. El gobierno liderado por Gustavo Petro est\u00e1 adelantando di\u00e1logos con todos los sectores y partidos; y conociendo su gran capacidad persuasiva, ha empezado a obtener muchos \u00e9xitos que otrora eran impensables.<\/p>\n<p style=\"text-align: justify;\">\n<p style=\"text-align: justify;\">Por encima de todo est\u00e1 gestar un Acuerdo Nacional, como lo viene planteando el presidente electo, basado en los argumentos que en su tiempo plasmar\u00eda \u00c1lvaro G\u00f3mez Hurtado: \u201cun acuerdo sobre lo fundamental\u201d, consistente en que se deber\u00eda buscar la manera de evitar la violencia; que el pa\u00eds se pudiera dedicar a un debate ideol\u00f3gico en el que no fueran los cargos burocr\u00e1ticos el objetivo fundamental. Propugn\u00f3 siempre por el desarrollo de la naci\u00f3n, la universalidad de la educaci\u00f3n y la defensa de la ley y la familia.<\/p>\n<p style=\"text-align: justify;\">Es por ello que ya es tiempo de abandonar viejos sectarismos que nos permita avanzar en equidad, tomando en cuenta que se debe incluir a las minor\u00edas \u00e9tnicas, a la mujer, a las orientaciones sexuales diversas. Pero para ello es necesario abrir espacios de debate p\u00fablico, donde se analice la problem\u00e1tica regional, nacional y latinoamericana. Solo con base en estos foros podemos avanzar.<\/p>\n<p style=\"text-align: justify;\">\n<p style=\"text-align: justify;\">De otra manera es estar sometidos a los mandados de los caciques pol\u00edticos, donde ellos mandan y los dem\u00e1s obedecen. Esta vez todos tenemos la opci\u00f3n de participar en la pol\u00edtica electoral. El dinero proveniente de las mafias para comprar conciencias debe ser sustituido por la argumentaci\u00f3n. La desviaci\u00f3n del presupuesto para fines sociales tiene que acabar. Ahora estamos en el tiempo en que todos somos gobierno y garantes de la transparencia y la eficiencia en la ejecuci\u00f3n de los recursos p\u00fablicos.<\/p>\n<p style=\"text-align: justify;\">\n<p style=\"text-align: justify;\">Ha llegado el tiempo del cambio, se empieza a construir una sociedad del conocimiento, y para ello se prioriza la educaci\u00f3n como el mayor patrimonio que contribuye para que avancemos como sociedad. Ya lo dec\u00eda Gustavo Petro: se va a construir una sociedad capitalista, que nos permita salir del feudalismo en que nos tienen sometidos los latifundistas y due\u00f1os la riqueza que no permiten que el pobre llegue a tener su propia empresa. La tenencia de la tierra se convirti\u00f3 en una forma de poder. Es por ello, que se debe democratizar el latifundio improductivo para producir comida y facilitar el emprendimiento entre los m\u00e1s pobres.\u00a0 Estamos en el gobierno del cambio.<\/p>\n<p style=\"text-align: justify;\">\n","protected":false},"excerpt":{"rendered":"<p>Todas las especulaciones que se tej\u00edan de llegar Petro a la Presidencia quedaron en eso: especulaciones. Hay tranquilidad total en todo el pa\u00eds y, por el contrario, la gente se siente muy esperanzada porque sea un buen gobierno. Ya todas las mentiras y los ataques rastreros deben quedar atr\u00e1s. Ahora es el momento de que [&hellip;]<\/p>\n","protected":false},"author":65,"featured_media":60228,"comment_status":"open","ping_status":"open","sticky":false,"template":"","format":"standard","meta":{"footnotes":""},"categories":[94],"tags":[],"class_list":["post-60227","post","type-post","status-publish","format-standard","has-post-thumbnail","hentry","category-nacional-global-2"],"yoast_head":"<!-- This site is optimized with the Yoast SEO plugin v27.1.1 - https:\/\/yoast.com\/product\/yoast-seo-wordpress\/ -->\n<title>El cambio que ya lleg\u00f3 | P\u00e1gina10<\/title>\n<meta name=\"robots\" content=\"index, follow, max-snippet:-1, max-image-preview:large, max-video-preview:-1\" \/>\n<link rel=\"canonical\" href=\"https:\/\/pagina10.com\/web\/el-cambio-que-ya-llego\/\" \/>\n<meta property=\"og:locale\" content=\"es_ES\" \/>\n<meta property=\"og:type\" content=\"article\" \/>\n<meta property=\"og:title\" content=\"El cambio que ya lleg\u00f3 | P\u00e1gina10\" \/>\n<meta property=\"og:description\" content=\"Todas las especulaciones que se tej\u00edan de llegar Petro a la Presidencia quedaron en eso: especulaciones. Hay tranquilidad total en todo el pa\u00eds y, por el contrario, la gente se siente muy esperanzada porque sea un buen gobierno. Ya todas las mentiras y los ataques rastreros deben quedar atr\u00e1s. Ahora es el momento de que [&hellip;]\" \/>\n<meta property=\"og:url\" content=\"https:\/\/pagina10.com\/web\/el-cambio-que-ya-llego\/\" \/>\n<meta property=\"og:site_name\" content=\"P\u00e1gina10\" \/>\n<meta property=\"article:publisher\" content=\"https:\/\/www.facebook.com\/pag10com\" \/>\n<meta property=\"article:published_time\" content=\"2022-07-03T21:16:15+00:00\" \/>\n<meta property=\"og:image\" content=\"https:\/\/pagina10.com\/web\/wp-content\/uploads\/2022\/07\/reunion-entre-uribe-y-petro-jpg.jpg\" \/>\n\t<meta property=\"og:image:width\" content=\"780\" \/>\n\t<meta property=\"og:image:height\" content=\"565\" \/>\n\t<meta property=\"og:image:type\" content=\"image\/jpeg\" \/>\n<meta name=\"author\" content=\"Anibal Ar\u00e9valo Rosero\" \/>\n<meta name=\"twitter:card\" content=\"summary_large_image\" \/>\n<meta name=\"twitter:creator\" content=\"@Pag10com\" \/>\n<meta name=\"twitter:site\" content=\"@Pag10com\" \/>\n<meta name=\"twitter:label1\" content=\"Escrito por\" \/>\n\t<meta name=\"twitter:data1\" content=\"Anibal Ar\u00e9valo Rosero\" \/>\n\t<meta name=\"twitter:label2\" content=\"Tiempo de lectura\" \/>\n\t<meta name=\"twitter:data2\" content=\"4 minutos\" \/>\n<script type=\"application\/ld+json\" class=\"yoast-schema-graph\">{\"@context\":\"https:\/\/schema.org\",\"@graph\":[{\"@type\":\"Article\",\"@id\":\"https:\/\/pagina10.com\/web\/el-cambio-que-ya-llego\/#article\",\"isPartOf\":{\"@id\":\"https:\/\/pagina10.com\/web\/el-cambio-que-ya-llego\/\"},\"author\":{\"name\":\"Anibal Ar\u00e9valo Rosero\",\"@id\":\"https:\/\/pagina10.com\/web\/#\/schema\/person\/9ec3e2b432363a195d2d01bf820c66fe\"},\"headline\":\"El cambio que ya lleg\u00f3\",\"datePublished\":\"2022-07-03T21:16:15+00:00\",\"mainEntityOfPage\":{\"@id\":\"https:\/\/pagina10.com\/web\/el-cambio-que-ya-llego\/\"},\"wordCount\":812,\"commentCount\":0,\"publisher\":{\"@id\":\"https:\/\/pagina10.com\/web\/#organization\"},\"image\":{\"@id\":\"https:\/\/pagina10.com\/web\/el-cambio-que-ya-llego\/#primaryimage\"},\"thumbnailUrl\":\"https:\/\/pagina10.com\/web\/wp-content\/uploads\/2022\/07\/reunion-entre-uribe-y-petro-jpg.jpg\",\"articleSection\":[\"Nacional\"],\"inLanguage\":\"es\",\"potentialAction\":[{\"@type\":\"CommentAction\",\"name\":\"Comment\",\"target\":[\"https:\/\/pagina10.com\/web\/el-cambio-que-ya-llego\/#respond\"]}]},{\"@type\":\"WebPage\",\"@id\":\"https:\/\/pagina10.com\/web\/el-cambio-que-ya-llego\/\",\"url\":\"https:\/\/pagina10.com\/web\/el-cambio-que-ya-llego\/\",\"name\":\"El cambio que ya lleg\u00f3 | P\u00e1gina10\",\"isPartOf\":{\"@id\":\"https:\/\/pagina10.com\/web\/#website\"},\"primaryImageOfPage\":{\"@id\":\"https:\/\/pagina10.com\/web\/el-cambio-que-ya-llego\/#primaryimage\"},\"image\":{\"@id\":\"https:\/\/pagina10.com\/web\/el-cambio-que-ya-llego\/#primaryimage\"},\"thumbnailUrl\":\"https:\/\/pagina10.com\/web\/wp-content\/uploads\/2022\/07\/reunion-entre-uribe-y-petro-jpg.jpg\",\"datePublished\":\"2022-07-03T21:16:15+00:00\",\"breadcrumb\":{\"@id\":\"https:\/\/pagina10.com\/web\/el-cambio-que-ya-llego\/#breadcrumb\"},\"inLanguage\":\"es\",\"potentialAction\":[{\"@type\":\"ReadAction\",\"target\":[\"https:\/\/pagina10.com\/web\/el-cambio-que-ya-llego\/\"]}]},{\"@type\":\"ImageObject\",\"inLanguage\":\"es\",\"@id\":\"https:\/\/pagina10.com\/web\/el-cambio-que-ya-llego\/#primaryimage\",\"url\":\"https:\/\/pagina10.com\/web\/wp-content\/uploads\/2022\/07\/reunion-entre-uribe-y-petro-jpg.jpg\",\"contentUrl\":\"https:\/\/pagina10.com\/web\/wp-content\/uploads\/2022\/07\/reunion-entre-uribe-y-petro-jpg.jpg\",\"width\":780,\"height\":565},{\"@type\":\"BreadcrumbList\",\"@id\":\"https:\/\/pagina10.com\/web\/el-cambio-que-ya-llego\/#breadcrumb\",\"itemListElement\":[{\"@type\":\"ListItem\",\"position\":1,\"name\":\"Portada\",\"item\":\"https:\/\/pagina10.com\/web\/\"},{\"@type\":\"ListItem\",\"position\":2,\"name\":\"El cambio que ya lleg\u00f3\"}]},{\"@type\":\"WebSite\",\"@id\":\"https:\/\/pagina10.com\/web\/#website\",\"url\":\"https:\/\/pagina10.com\/web\/\",\"name\":\"P\u00e1gina10\",\"description\":\"Peri\u00f3dico Regional\",\"publisher\":{\"@id\":\"https:\/\/pagina10.com\/web\/#organization\"},\"alternateName\":\"P\u00e1gina10 Peri\u00f3dico Regional\",\"potentialAction\":[{\"@type\":\"SearchAction\",\"target\":{\"@type\":\"EntryPoint\",\"urlTemplate\":\"https:\/\/pagina10.com\/web\/?s={search_term_string}\"},\"query-input\":{\"@type\":\"PropertyValueSpecification\",\"valueRequired\":true,\"valueName\":\"search_term_string\"}}],\"inLanguage\":\"es\"},{\"@type\":\"Organization\",\"@id\":\"https:\/\/pagina10.com\/web\/#organization\",\"name\":\"P\u00e1gina10\",\"alternateName\":\"P\u00e1gina10 Peri\u00f3dico Regional\",\"url\":\"https:\/\/pagina10.com\/web\/\",\"logo\":{\"@type\":\"ImageObject\",\"inLanguage\":\"es\",\"@id\":\"https:\/\/pagina10.com\/web\/#\/schema\/logo\/image\/\",\"url\":\"https:\/\/pagina10.com\/web\/wp-content\/uploads\/2024\/01\/40-pagina-10-periodico-regional-pasto.jpg\",\"contentUrl\":\"https:\/\/pagina10.com\/web\/wp-content\/uploads\/2024\/01\/40-pagina-10-periodico-regional-pasto.jpg\",\"width\":1280,\"height\":720,\"caption\":\"P\u00e1gina10\"},\"image\":{\"@id\":\"https:\/\/pagina10.com\/web\/#\/schema\/logo\/image\/\"},\"sameAs\":[\"https:\/\/www.facebook.com\/pag10com\",\"https:\/\/x.com\/Pag10com\",\"https:\/\/www.instagram.com\/pagina10col\/\",\"https:\/\/youtube.com\/channel\/pag10\",\"https:\/\/www.tiktok.com\/@p10col\"]},{\"@type\":\"Person\",\"@id\":\"https:\/\/pagina10.com\/web\/#\/schema\/person\/9ec3e2b432363a195d2d01bf820c66fe\",\"name\":\"Anibal Ar\u00e9valo Rosero\",\"description\":\"An\u00edbal Ar\u00e9valo Rosero a trav\u00e9s de su vida ha realizado diversas actividades tendientes a reivindicar al ser humano en su conciencia plena. Durante su vida ha hecho teatro, a escrito poes\u00eda y en sus tiempos de universitario realiz\u00f3 varias publicaciones entre las que se recuerda la revista Quinde. Junto con otros compa\u00f1eros fund\u00f3 el Taller Cultural El Cueche, equipo con el que se hicieron varias publicaciones. De este mismo grupo hay que resaltar que se hizo un trabajo pionero en la difusi\u00f3n de la m\u00fasica andina, latinoamericana y del caribe. Despu\u00e9s de terminar sus estudios de biolog\u00eda en la Universidad de Nari\u00f1o entr\u00f3 a laborar en emisoras de la ciudad de Pasto como en RCN, donde se desempe\u00f1aba como locutor de planta. Dirigi\u00f3 programas en la extinta Ondas del Mayo, en varias oportunidades; tambi\u00e9n en Ecos de Pasto. Fue colaborador de el Noticias RCN y dirigi\u00f3 el programa Simana al D\u00eda, del Sindicato del Magisterio de Nari\u00f1o, en dos \u00e9pocas. En el a\u00f1o de 1992 funda el Comit\u00e9 de Solidaridad con Cuba Jos\u00e9 Mart\u00ed, cuyo objetivo era divulgar la realidad cubana y expresar apoyo moral, pol\u00edtico y material al pa\u00eds caribe\u00f1o. Ante la mala interpretaci\u00f3n que la gente le daba a este tipo de acciones, se decide promover viajes de solidad a Cuba para participar en la Brigada Latinoamericana de Trabajo Voluntario, en el Festival Cuba Vive y, de manera especia,l en el 14 Festival Mundial de la Juventud y los Estudiantes, que se desarroll\u00f3 en la isla en el a\u00f1o de 1997. Con esta experiencia impulsa el turismo al pa\u00eds caribe\u00f1o con el resultado de que miles de personas han participado de las excursiones organizadas por Ar\u00e9valo Rosero. Asimismo ha venido impulsando las Brigadas de Salud en Cuba, tendiente a llevar pacientes de c\u00e1ncer a ese destino con el fin de que reciban atenci\u00f3n m\u00e9dica, teniendo en cuenta que la experiencia cubana en el tema ha sido bastante favorable. Veinte a\u00f1os despu\u00e9s de estas nutritivas experiencias, le permiten impulsar excursiones adem\u00e1s a M\u00e9xico, Machu Picchu, Argentina, Ecuador, Panam\u00e1 y Tierra Santa. En cuanto al desempe\u00f1o period\u00edstico, adem\u00e1s de los medios radiales y de televisi\u00f3n, en los canales de la universidades de Nari\u00f1o y Mariana, se ha desempe\u00f1ado como columnista en Diario del Sur durante 6 a\u00f1os y en algunos medios virtuales. Tambi\u00e9n es colaborador de el Diario del Cauca. Considera que la pr\u00e1ctica de la lectura es beber de la fuente nutricia que permite apropiarse de manera consciente del ejercicio de la democracia; y la posibilidad de escribir y ser le\u00eddo, acceder al poder, por que considera la palabra como el mayor instrumento de acci\u00f3n cuando est\u00e1 bien encamina al leg\u00edtimo servicio social. En la actualidad adem\u00e1s de so\u00f1ar con viajar por el mundo se desempe\u00f1a como docente del departamento de ciencias de Inem Luis Delf\u00edn Insuasty de Pasto. Correo: Esta direcci\u00f3n de correo electr\u00f3nico est\u00e1 protegida contra spambots. Usted necesita tener Javascript activado para poder verla.\\\" target=\\\"_blank\\\" style=\\\"color: #1155cc; text-align: justify; font-family: arial, sans-serif; font-size: 13px; line-height: normal;\\\"&gt;fundacionecosofia@gmail.com\",\"url\":\"https:\/\/pagina10.com\/web\/author\/anibal\/\"}]}<\/script>\n<!-- \/ Yoast SEO plugin. -->","yoast_head_json":{"title":"El cambio que ya lleg\u00f3 | P\u00e1gina10","robots":{"index":"index","follow":"follow","max-snippet":"max-snippet:-1","max-image-preview":"max-image-preview:large","max-video-preview":"max-video-preview:-1"},"canonical":"https:\/\/pagina10.com\/web\/el-cambio-que-ya-llego\/","og_locale":"es_ES","og_type":"article","og_title":"El cambio que ya lleg\u00f3 | P\u00e1gina10","og_description":"Todas las especulaciones que se tej\u00edan de llegar Petro a la Presidencia quedaron en eso: especulaciones. Hay tranquilidad total en todo el pa\u00eds y, por el contrario, la gente se siente muy esperanzada porque sea un buen gobierno. Ya todas las mentiras y los ataques rastreros deben quedar atr\u00e1s. Ahora es el momento de que [&hellip;]","og_url":"https:\/\/pagina10.com\/web\/el-cambio-que-ya-llego\/","og_site_name":"P\u00e1gina10","article_publisher":"https:\/\/www.facebook.com\/pag10com","article_published_time":"2022-07-03T21:16:15+00:00","og_image":[{"width":780,"height":565,"url":"https:\/\/pagina10.com\/web\/wp-content\/uploads\/2022\/07\/reunion-entre-uribe-y-petro-jpg.jpg","type":"image\/jpeg"}],"author":"Anibal Ar\u00e9valo Rosero","twitter_card":"summary_large_image","twitter_creator":"@Pag10com","twitter_site":"@Pag10com","twitter_misc":{"Escrito por":"Anibal Ar\u00e9valo Rosero","Tiempo de lectura":"4 minutos"},"schema":{"@context":"https:\/\/schema.org","@graph":[{"@type":"Article","@id":"https:\/\/pagina10.com\/web\/el-cambio-que-ya-llego\/#article","isPartOf":{"@id":"https:\/\/pagina10.com\/web\/el-cambio-que-ya-llego\/"},"author":{"name":"Anibal Ar\u00e9valo Rosero","@id":"https:\/\/pagina10.com\/web\/#\/schema\/person\/9ec3e2b432363a195d2d01bf820c66fe"},"headline":"El cambio que ya lleg\u00f3","datePublished":"2022-07-03T21:16:15+00:00","mainEntityOfPage":{"@id":"https:\/\/pagina10.com\/web\/el-cambio-que-ya-llego\/"},"wordCount":812,"commentCount":0,"publisher":{"@id":"https:\/\/pagina10.com\/web\/#organization"},"image":{"@id":"https:\/\/pagina10.com\/web\/el-cambio-que-ya-llego\/#primaryimage"},"thumbnailUrl":"https:\/\/pagina10.com\/web\/wp-content\/uploads\/2022\/07\/reunion-entre-uribe-y-petro-jpg.jpg","articleSection":["Nacional"],"inLanguage":"es","potentialAction":[{"@type":"CommentAction","name":"Comment","target":["https:\/\/pagina10.com\/web\/el-cambio-que-ya-llego\/#respond"]}]},{"@type":"WebPage","@id":"https:\/\/pagina10.com\/web\/el-cambio-que-ya-llego\/","url":"https:\/\/pagina10.com\/web\/el-cambio-que-ya-llego\/","name":"El cambio que ya lleg\u00f3 | P\u00e1gina10","isPartOf":{"@id":"https:\/\/pagina10.com\/web\/#website"},"primaryImageOfPage":{"@id":"https:\/\/pagina10.com\/web\/el-cambio-que-ya-llego\/#primaryimage"},"image":{"@id":"https:\/\/pagina10.com\/web\/el-cambio-que-ya-llego\/#primaryimage"},"thumbnailUrl":"https:\/\/pagina10.com\/web\/wp-content\/uploads\/2022\/07\/reunion-entre-uribe-y-petro-jpg.jpg","datePublished":"2022-07-03T21:16:15+00:00","breadcrumb":{"@id":"https:\/\/pagina10.com\/web\/el-cambio-que-ya-llego\/#breadcrumb"},"inLanguage":"es","potentialAction":[{"@type":"ReadAction","target":["https:\/\/pagina10.com\/web\/el-cambio-que-ya-llego\/"]}]},{"@type":"ImageObject","inLanguage":"es","@id":"https:\/\/pagina10.com\/web\/el-cambio-que-ya-llego\/#primaryimage","url":"https:\/\/pagina10.com\/web\/wp-content\/uploads\/2022\/07\/reunion-entre-uribe-y-petro-jpg.jpg","contentUrl":"https:\/\/pagina10.com\/web\/wp-content\/uploads\/2022\/07\/reunion-entre-uribe-y-petro-jpg.jpg","width":780,"height":565},{"@type":"BreadcrumbList","@id":"https:\/\/pagina10.com\/web\/el-cambio-que-ya-llego\/#breadcrumb","itemListElement":[{"@type":"ListItem","position":1,"name":"Portada","item":"https:\/\/pagina10.com\/web\/"},{"@type":"ListItem","position":2,"name":"El cambio que ya lleg\u00f3"}]},{"@type":"WebSite","@id":"https:\/\/pagina10.com\/web\/#website","url":"https:\/\/pagina10.com\/web\/","name":"P\u00e1gina10","description":"Peri\u00f3dico Regional","publisher":{"@id":"https:\/\/pagina10.com\/web\/#organization"},"alternateName":"P\u00e1gina10 Peri\u00f3dico Regional","potentialAction":[{"@type":"SearchAction","target":{"@type":"EntryPoint","urlTemplate":"https:\/\/pagina10.com\/web\/?s={search_term_string}"},"query-input":{"@type":"PropertyValueSpecification","valueRequired":true,"valueName":"search_term_string"}}],"inLanguage":"es"},{"@type":"Organization","@id":"https:\/\/pagina10.com\/web\/#organization","name":"P\u00e1gina10","alternateName":"P\u00e1gina10 Peri\u00f3dico Regional","url":"https:\/\/pagina10.com\/web\/","logo":{"@type":"ImageObject","inLanguage":"es","@id":"https:\/\/pagina10.com\/web\/#\/schema\/logo\/image\/","url":"https:\/\/pagina10.com\/web\/wp-content\/uploads\/2024\/01\/40-pagina-10-periodico-regional-pasto.jpg","contentUrl":"https:\/\/pagina10.com\/web\/wp-content\/uploads\/2024\/01\/40-pagina-10-periodico-regional-pasto.jpg","width":1280,"height":720,"caption":"P\u00e1gina10"},"image":{"@id":"https:\/\/pagina10.com\/web\/#\/schema\/logo\/image\/"},"sameAs":["https:\/\/www.facebook.com\/pag10com","https:\/\/x.com\/Pag10com","https:\/\/www.instagram.com\/pagina10col\/","https:\/\/youtube.com\/channel\/pag10","https:\/\/www.tiktok.com\/@p10col"]},{"@type":"Person","@id":"https:\/\/pagina10.com\/web\/#\/schema\/person\/9ec3e2b432363a195d2d01bf820c66fe","name":"Anibal Ar\u00e9valo Rosero","description":"An\u00edbal Ar\u00e9valo Rosero a trav\u00e9s de su vida ha realizado diversas actividades tendientes a reivindicar al ser humano en su conciencia plena. Durante su vida ha hecho teatro, a escrito poes\u00eda y en sus tiempos de universitario realiz\u00f3 varias publicaciones entre las que se recuerda la revista Quinde. Junto con otros compa\u00f1eros fund\u00f3 el Taller Cultural El Cueche, equipo con el que se hicieron varias publicaciones. De este mismo grupo hay que resaltar que se hizo un trabajo pionero en la difusi\u00f3n de la m\u00fasica andina, latinoamericana y del caribe. Despu\u00e9s de terminar sus estudios de biolog\u00eda en la Universidad de Nari\u00f1o entr\u00f3 a laborar en emisoras de la ciudad de Pasto como en RCN, donde se desempe\u00f1aba como locutor de planta. Dirigi\u00f3 programas en la extinta Ondas del Mayo, en varias oportunidades; tambi\u00e9n en Ecos de Pasto. Fue colaborador de el Noticias RCN y dirigi\u00f3 el programa Simana al D\u00eda, del Sindicato del Magisterio de Nari\u00f1o, en dos \u00e9pocas. En el a\u00f1o de 1992 funda el Comit\u00e9 de Solidaridad con Cuba Jos\u00e9 Mart\u00ed, cuyo objetivo era divulgar la realidad cubana y expresar apoyo moral, pol\u00edtico y material al pa\u00eds caribe\u00f1o. Ante la mala interpretaci\u00f3n que la gente le daba a este tipo de acciones, se decide promover viajes de solidad a Cuba para participar en la Brigada Latinoamericana de Trabajo Voluntario, en el Festival Cuba Vive y, de manera especia,l en el 14 Festival Mundial de la Juventud y los Estudiantes, que se desarroll\u00f3 en la isla en el a\u00f1o de 1997. Con esta experiencia impulsa el turismo al pa\u00eds caribe\u00f1o con el resultado de que miles de personas han participado de las excursiones organizadas por Ar\u00e9valo Rosero. Asimismo ha venido impulsando las Brigadas de Salud en Cuba, tendiente a llevar pacientes de c\u00e1ncer a ese destino con el fin de que reciban atenci\u00f3n m\u00e9dica, teniendo en cuenta que la experiencia cubana en el tema ha sido bastante favorable. Veinte a\u00f1os despu\u00e9s de estas nutritivas experiencias, le permiten impulsar excursiones adem\u00e1s a M\u00e9xico, Machu Picchu, Argentina, Ecuador, Panam\u00e1 y Tierra Santa. En cuanto al desempe\u00f1o period\u00edstico, adem\u00e1s de los medios radiales y de televisi\u00f3n, en los canales de la universidades de Nari\u00f1o y Mariana, se ha desempe\u00f1ado como columnista en Diario del Sur durante 6 a\u00f1os y en algunos medios virtuales. Tambi\u00e9n es colaborador de el Diario del Cauca. Considera que la pr\u00e1ctica de la lectura es beber de la fuente nutricia que permite apropiarse de manera consciente del ejercicio de la democracia; y la posibilidad de escribir y ser le\u00eddo, acceder al poder, por que considera la palabra como el mayor instrumento de acci\u00f3n cuando est\u00e1 bien encamina al leg\u00edtimo servicio social. En la actualidad adem\u00e1s de so\u00f1ar con viajar por el mundo se desempe\u00f1a como docente del departamento de ciencias de Inem Luis Delf\u00edn Insuasty de Pasto. Correo: Esta direcci\u00f3n de correo electr\u00f3nico est\u00e1 protegida contra spambots. Usted necesita tener Javascript activado para poder verla.\" target=\"_blank\" style=\"color: #1155cc; text-align: justify; font-family: arial, sans-serif; font-size: 13px; line-height: normal;\"&gt;fundacionecosofia@gmail.com","url":"https:\/\/pagina10.com\/web\/author\/anibal\/"}]}},"_links":{"self":[{"href":"https:\/\/pagina10.com\/web\/wp-json\/wp\/v2\/posts\/60227","targetHints":{"allow":["GET"]}}],"collection":[{"href":"https:\/\/pagina10.com\/web\/wp-json\/wp\/v2\/posts"}],"about":[{"href":"https:\/\/pagina10.com\/web\/wp-json\/wp\/v2\/types\/post"}],"author":[{"embeddable":true,"href":"https:\/\/pagina10.com\/web\/wp-json\/wp\/v2\/users\/65"}],"replies":[{"embeddable":true,"href":"https:\/\/pagina10.com\/web\/wp-json\/wp\/v2\/comments?post=60227"}],"version-history":[{"count":1,"href":"https:\/\/pagina10.com\/web\/wp-json\/wp\/v2\/posts\/60227\/revisions"}],"predecessor-version":[{"id":60229,"href":"https:\/\/pagina10.com\/web\/wp-json\/wp\/v2\/posts\/60227\/revisions\/60229"}],"wp:featuredmedia":[{"embeddable":true,"href":"https:\/\/pagina10.com\/web\/wp-json\/wp\/v2\/media\/60228"}],"wp:attachment":[{"href":"https:\/\/pagina10.com\/web\/wp-json\/wp\/v2\/media?parent=60227"}],"wp:term":[{"taxonomy":"category","embeddable":true,"href":"https:\/\/pagina10.com\/web\/wp-json\/wp\/v2\/categories?post=60227"},{"taxonomy":"post_tag","embeddable":true,"href":"https:\/\/pagina10.com\/web\/wp-json\/wp\/v2\/tags?post=60227"}],"curies":[{"name":"wp","href":"https:\/\/api.w.org\/{rel}","templated":true}]}}