{"id":60264,"date":"2022-07-05T13:34:36","date_gmt":"2022-07-05T18:34:36","guid":{"rendered":"https:\/\/pagina10.com\/web\/?p=60264"},"modified":"2022-07-05T13:34:56","modified_gmt":"2022-07-05T18:34:56","slug":"a-base-de-coimas-habrian-aprobado-proyectos-del-ocad-paz","status":"publish","type":"post","link":"https:\/\/pagina10.com\/web\/a-base-de-coimas-habrian-aprobado-proyectos-del-ocad-paz\/","title":{"rendered":"A base de coimas habr\u00edan aprobado proyectos del Ocad Paz"},"content":{"rendered":"<p style=\"text-align: justify;\">La investigaci\u00f3n adelantada por periodistas de BLU Radio indica que funcionarios de la Direcci\u00f3n Nacional de Planeaci\u00f3n, Contralor\u00eda General, congresistas, mandatarios locales y contratistas en toda Colombia, cobraban coimas para aprobar los proyectos de beneficio para sus regiones. En caso de no hacerlo, los proyectos eran rechazados aun cumpliendo con todos los requisitos.<\/p>\n<p style=\"text-align: justify;\">De acuerdo con el documento, proyectos de Nari\u00f1o y departamentos como Putumayo, Antioquia, C\u00f3rdoba, Risaralda, Casanare, Sucre, Cundinamarca, Arauca, Magdalena, Santander, Boyac\u00e1 y otras zonas, fueron aprobados sin cumplir con la totalidad de los requisitos y, en otros casos, las certificaciones se expidieron seis meses despu\u00e9s de que se les hubiera dado v\u00eda libre, por lo que se concluye que certific\u00f3 cuando el hecho ya estaba cumplido.<\/p>\n<p style=\"text-align: justify;\">Como dato el Ocad Paz aprob\u00f3 para Nari\u00f1o desde el a\u00f1o 2019 hasta el 30 de abril del 2022 un total de 36 proyectos por un valor de 599.599 millones de pesos destinados a los sectores de transporte, agricultura, desarrollo rural y minas y energ\u00eda. Este es el segundo \u00f3rgano colegiado con mayor cantidad de proyectos aprobados despu\u00e9s del OCAD del departamento del C\u00e9sar que aparece con un total de 58 proyectos con un valor de $652.825 millones.<\/p>\n","protected":false},"excerpt":{"rendered":"<p>La investigaci\u00f3n adelantada por periodistas de BLU Radio indica que funcionarios de la Direcci\u00f3n Nacional de Planeaci\u00f3n, Contralor\u00eda General, congresistas, mandatarios locales y contratistas en toda Colombia, cobraban coimas para aprobar los proyectos de beneficio para sus regiones. En caso de no hacerlo, los proyectos eran rechazados aun cumpliendo con todos los requisitos. De acuerdo [&hellip;]<\/p>\n","protected":false},"author":1,"featured_media":60265,"comment_status":"open","ping_status":"open","sticky":false,"template":"","format":"standard","meta":{"footnotes":""},"categories":[94,1528],"tags":[],"class_list":["post-60264","post","type-post","status-publish","format-standard","has-post-thumbnail","hentry","category-nacional-global-2","category-titulares"],"yoast_head":"<!-- This site is optimized with the Yoast SEO plugin v27.1.1 - https:\/\/yoast.com\/product\/yoast-seo-wordpress\/ -->\n<title>A base de coimas habr\u00edan aprobado proyectos del Ocad Paz | P\u00e1gina10<\/title>\n<meta name=\"robots\" content=\"index, follow, max-snippet:-1, max-image-preview:large, max-video-preview:-1\" \/>\n<link rel=\"canonical\" href=\"https:\/\/pagina10.com\/web\/a-base-de-coimas-habrian-aprobado-proyectos-del-ocad-paz\/\" \/>\n<meta property=\"og:locale\" content=\"es_ES\" \/>\n<meta property=\"og:type\" content=\"article\" \/>\n<meta property=\"og:title\" content=\"A base de coimas habr\u00edan aprobado proyectos del Ocad Paz | P\u00e1gina10\" \/>\n<meta property=\"og:description\" content=\"La investigaci\u00f3n adelantada por periodistas de BLU Radio indica que funcionarios de la Direcci\u00f3n Nacional de Planeaci\u00f3n, Contralor\u00eda General, congresistas, mandatarios locales y contratistas en toda Colombia, cobraban coimas para aprobar los proyectos de beneficio para sus regiones. En caso de no hacerlo, los proyectos eran rechazados aun cumpliendo con todos los requisitos. De acuerdo [&hellip;]\" \/>\n<meta property=\"og:url\" content=\"https:\/\/pagina10.com\/web\/a-base-de-coimas-habrian-aprobado-proyectos-del-ocad-paz\/\" \/>\n<meta property=\"og:site_name\" content=\"P\u00e1gina10\" \/>\n<meta property=\"article:publisher\" content=\"https:\/\/www.facebook.com\/pag10com\" \/>\n<meta property=\"article:published_time\" content=\"2022-07-05T18:34:36+00:00\" \/>\n<meta property=\"article:modified_time\" content=\"2022-07-05T18:34:56+00:00\" \/>\n<meta property=\"og:image\" content=\"https:\/\/pagina10.com\/web\/wp-content\/uploads\/2022\/07\/pubInt231827.jpg\" \/>\n\t<meta property=\"og:image:width\" content=\"630\" \/>\n\t<meta property=\"og:image:height\" content=\"320\" \/>\n\t<meta property=\"og:image:type\" content=\"image\/jpeg\" \/>\n<meta name=\"author\" content=\"P\u00e1gina 10\" \/>\n<meta name=\"twitter:card\" content=\"summary_large_image\" \/>\n<meta name=\"twitter:creator\" content=\"@Pag10com\" \/>\n<meta name=\"twitter:site\" content=\"@Pag10com\" \/>\n<meta name=\"twitter:label1\" content=\"Escrito por\" \/>\n\t<meta name=\"twitter:data1\" content=\"P\u00e1gina 10\" \/>\n\t<meta name=\"twitter:label2\" content=\"Tiempo de lectura\" \/>\n\t<meta name=\"twitter:data2\" content=\"1 minuto\" \/>\n<script type=\"application\/ld+json\" class=\"yoast-schema-graph\">{\"@context\":\"https:\/\/schema.org\",\"@graph\":[{\"@type\":\"Article\",\"@id\":\"https:\/\/pagina10.com\/web\/a-base-de-coimas-habrian-aprobado-proyectos-del-ocad-paz\/#article\",\"isPartOf\":{\"@id\":\"https:\/\/pagina10.com\/web\/a-base-de-coimas-habrian-aprobado-proyectos-del-ocad-paz\/\"},\"author\":{\"name\":\"P\u00e1gina 10\",\"@id\":\"https:\/\/pagina10.com\/web\/#\/schema\/person\/2efc4a090d25b667d3bc796798a3a81b\"},\"headline\":\"A base de coimas habr\u00edan aprobado proyectos del Ocad Paz\",\"datePublished\":\"2022-07-05T18:34:36+00:00\",\"dateModified\":\"2022-07-05T18:34:56+00:00\",\"mainEntityOfPage\":{\"@id\":\"https:\/\/pagina10.com\/web\/a-base-de-coimas-habrian-aprobado-proyectos-del-ocad-paz\/\"},\"wordCount\":215,\"commentCount\":0,\"publisher\":{\"@id\":\"https:\/\/pagina10.com\/web\/#organization\"},\"image\":{\"@id\":\"https:\/\/pagina10.com\/web\/a-base-de-coimas-habrian-aprobado-proyectos-del-ocad-paz\/#primaryimage\"},\"thumbnailUrl\":\"https:\/\/pagina10.com\/web\/wp-content\/uploads\/2022\/07\/pubInt231827.jpg\",\"articleSection\":[\"Nacional\",\"Titulares\"],\"inLanguage\":\"es\",\"potentialAction\":[{\"@type\":\"CommentAction\",\"name\":\"Comment\",\"target\":[\"https:\/\/pagina10.com\/web\/a-base-de-coimas-habrian-aprobado-proyectos-del-ocad-paz\/#respond\"]}]},{\"@type\":\"WebPage\",\"@id\":\"https:\/\/pagina10.com\/web\/a-base-de-coimas-habrian-aprobado-proyectos-del-ocad-paz\/\",\"url\":\"https:\/\/pagina10.com\/web\/a-base-de-coimas-habrian-aprobado-proyectos-del-ocad-paz\/\",\"name\":\"A base de coimas habr\u00edan aprobado proyectos del Ocad Paz | P\u00e1gina10\",\"isPartOf\":{\"@id\":\"https:\/\/pagina10.com\/web\/#website\"},\"primaryImageOfPage\":{\"@id\":\"https:\/\/pagina10.com\/web\/a-base-de-coimas-habrian-aprobado-proyectos-del-ocad-paz\/#primaryimage\"},\"image\":{\"@id\":\"https:\/\/pagina10.com\/web\/a-base-de-coimas-habrian-aprobado-proyectos-del-ocad-paz\/#primaryimage\"},\"thumbnailUrl\":\"https:\/\/pagina10.com\/web\/wp-content\/uploads\/2022\/07\/pubInt231827.jpg\",\"datePublished\":\"2022-07-05T18:34:36+00:00\",\"dateModified\":\"2022-07-05T18:34:56+00:00\",\"breadcrumb\":{\"@id\":\"https:\/\/pagina10.com\/web\/a-base-de-coimas-habrian-aprobado-proyectos-del-ocad-paz\/#breadcrumb\"},\"inLanguage\":\"es\",\"potentialAction\":[{\"@type\":\"ReadAction\",\"target\":[\"https:\/\/pagina10.com\/web\/a-base-de-coimas-habrian-aprobado-proyectos-del-ocad-paz\/\"]}]},{\"@type\":\"ImageObject\",\"inLanguage\":\"es\",\"@id\":\"https:\/\/pagina10.com\/web\/a-base-de-coimas-habrian-aprobado-proyectos-del-ocad-paz\/#primaryimage\",\"url\":\"https:\/\/pagina10.com\/web\/wp-content\/uploads\/2022\/07\/pubInt231827.jpg\",\"contentUrl\":\"https:\/\/pagina10.com\/web\/wp-content\/uploads\/2022\/07\/pubInt231827.jpg\",\"width\":630,\"height\":320},{\"@type\":\"BreadcrumbList\",\"@id\":\"https:\/\/pagina10.com\/web\/a-base-de-coimas-habrian-aprobado-proyectos-del-ocad-paz\/#breadcrumb\",\"itemListElement\":[{\"@type\":\"ListItem\",\"position\":1,\"name\":\"Portada\",\"item\":\"https:\/\/pagina10.com\/web\/\"},{\"@type\":\"ListItem\",\"position\":2,\"name\":\"A base de coimas habr\u00edan aprobado proyectos del Ocad Paz\"}]},{\"@type\":\"WebSite\",\"@id\":\"https:\/\/pagina10.com\/web\/#website\",\"url\":\"https:\/\/pagina10.com\/web\/\",\"name\":\"P\u00e1gina10\",\"description\":\"Peri\u00f3dico Regional\",\"publisher\":{\"@id\":\"https:\/\/pagina10.com\/web\/#organization\"},\"alternateName\":\"P\u00e1gina10 Peri\u00f3dico Regional\",\"potentialAction\":[{\"@type\":\"SearchAction\",\"target\":{\"@type\":\"EntryPoint\",\"urlTemplate\":\"https:\/\/pagina10.com\/web\/?s={search_term_string}\"},\"query-input\":{\"@type\":\"PropertyValueSpecification\",\"valueRequired\":true,\"valueName\":\"search_term_string\"}}],\"inLanguage\":\"es\"},{\"@type\":\"Organization\",\"@id\":\"https:\/\/pagina10.com\/web\/#organization\",\"name\":\"P\u00e1gina10\",\"alternateName\":\"P\u00e1gina10 Peri\u00f3dico Regional\",\"url\":\"https:\/\/pagina10.com\/web\/\",\"logo\":{\"@type\":\"ImageObject\",\"inLanguage\":\"es\",\"@id\":\"https:\/\/pagina10.com\/web\/#\/schema\/logo\/image\/\",\"url\":\"https:\/\/pagina10.com\/web\/wp-content\/uploads\/2024\/01\/40-pagina-10-periodico-regional-pasto.jpg\",\"contentUrl\":\"https:\/\/pagina10.com\/web\/wp-content\/uploads\/2024\/01\/40-pagina-10-periodico-regional-pasto.jpg\",\"width\":1280,\"height\":720,\"caption\":\"P\u00e1gina10\"},\"image\":{\"@id\":\"https:\/\/pagina10.com\/web\/#\/schema\/logo\/image\/\"},\"sameAs\":[\"https:\/\/www.facebook.com\/pag10com\",\"https:\/\/x.com\/Pag10com\",\"https:\/\/www.instagram.com\/pagina10col\/\",\"https:\/\/youtube.com\/channel\/pag10\",\"https:\/\/www.tiktok.com\/@p10col\"]},{\"@type\":\"Person\",\"@id\":\"https:\/\/pagina10.com\/web\/#\/schema\/person\/2efc4a090d25b667d3bc796798a3a81b\",\"name\":\"P\u00e1gina 10\",\"description\":\"P\u00e1gina 10 es un peri\u00f3dico regional que nace en Colombia, en el departamento de Nari\u00f1o, con un enfoque global, fundamentado en cuatro pilares esenciales: la libertad, el pluralismo, la inclusi\u00f3n y la independencia. P\u00e1gina 10 hace referencia a Nari\u00f1o como el d\u00e9cimo departamento creado en Colombia, despu\u00e9s de un proceso pol\u00edtico liderado por actores y actrices regionales con el fin de obtener la independencia y autonom\u00eda de nuestros territorios. Con la creaci\u00f3n de P\u00e1gina 10 se pretende abrir un escenario para el dialogo, la reflexi\u00f3n y el debate que se extienda a otras geograf\u00edas de Am\u00e9rica Latina y del planeta, en una apuesta por transformar colectivamente los desaf\u00edos de un mundo contempor\u00e1neo, m\u00e1s all\u00e1 de las fronteras impuestas.\",\"url\":\"https:\/\/pagina10.com\/web\/author\/pdiezadmin\/\"}]}<\/script>\n<!-- \/ Yoast SEO plugin. -->","yoast_head_json":{"title":"A base de coimas habr\u00edan aprobado proyectos del Ocad Paz | P\u00e1gina10","robots":{"index":"index","follow":"follow","max-snippet":"max-snippet:-1","max-image-preview":"max-image-preview:large","max-video-preview":"max-video-preview:-1"},"canonical":"https:\/\/pagina10.com\/web\/a-base-de-coimas-habrian-aprobado-proyectos-del-ocad-paz\/","og_locale":"es_ES","og_type":"article","og_title":"A base de coimas habr\u00edan aprobado proyectos del Ocad Paz | P\u00e1gina10","og_description":"La investigaci\u00f3n adelantada por periodistas de BLU Radio indica que funcionarios de la Direcci\u00f3n Nacional de Planeaci\u00f3n, Contralor\u00eda General, congresistas, mandatarios locales y contratistas en toda Colombia, cobraban coimas para aprobar los proyectos de beneficio para sus regiones. En caso de no hacerlo, los proyectos eran rechazados aun cumpliendo con todos los requisitos. De acuerdo [&hellip;]","og_url":"https:\/\/pagina10.com\/web\/a-base-de-coimas-habrian-aprobado-proyectos-del-ocad-paz\/","og_site_name":"P\u00e1gina10","article_publisher":"https:\/\/www.facebook.com\/pag10com","article_published_time":"2022-07-05T18:34:36+00:00","article_modified_time":"2022-07-05T18:34:56+00:00","og_image":[{"width":630,"height":320,"url":"https:\/\/pagina10.com\/web\/wp-content\/uploads\/2022\/07\/pubInt231827.jpg","type":"image\/jpeg"}],"author":"P\u00e1gina 10","twitter_card":"summary_large_image","twitter_creator":"@Pag10com","twitter_site":"@Pag10com","twitter_misc":{"Escrito por":"P\u00e1gina 10","Tiempo de lectura":"1 minuto"},"schema":{"@context":"https:\/\/schema.org","@graph":[{"@type":"Article","@id":"https:\/\/pagina10.com\/web\/a-base-de-coimas-habrian-aprobado-proyectos-del-ocad-paz\/#article","isPartOf":{"@id":"https:\/\/pagina10.com\/web\/a-base-de-coimas-habrian-aprobado-proyectos-del-ocad-paz\/"},"author":{"name":"P\u00e1gina 10","@id":"https:\/\/pagina10.com\/web\/#\/schema\/person\/2efc4a090d25b667d3bc796798a3a81b"},"headline":"A base de coimas habr\u00edan aprobado proyectos del Ocad Paz","datePublished":"2022-07-05T18:34:36+00:00","dateModified":"2022-07-05T18:34:56+00:00","mainEntityOfPage":{"@id":"https:\/\/pagina10.com\/web\/a-base-de-coimas-habrian-aprobado-proyectos-del-ocad-paz\/"},"wordCount":215,"commentCount":0,"publisher":{"@id":"https:\/\/pagina10.com\/web\/#organization"},"image":{"@id":"https:\/\/pagina10.com\/web\/a-base-de-coimas-habrian-aprobado-proyectos-del-ocad-paz\/#primaryimage"},"thumbnailUrl":"https:\/\/pagina10.com\/web\/wp-content\/uploads\/2022\/07\/pubInt231827.jpg","articleSection":["Nacional","Titulares"],"inLanguage":"es","potentialAction":[{"@type":"CommentAction","name":"Comment","target":["https:\/\/pagina10.com\/web\/a-base-de-coimas-habrian-aprobado-proyectos-del-ocad-paz\/#respond"]}]},{"@type":"WebPage","@id":"https:\/\/pagina10.com\/web\/a-base-de-coimas-habrian-aprobado-proyectos-del-ocad-paz\/","url":"https:\/\/pagina10.com\/web\/a-base-de-coimas-habrian-aprobado-proyectos-del-ocad-paz\/","name":"A base de coimas habr\u00edan aprobado proyectos del Ocad Paz | P\u00e1gina10","isPartOf":{"@id":"https:\/\/pagina10.com\/web\/#website"},"primaryImageOfPage":{"@id":"https:\/\/pagina10.com\/web\/a-base-de-coimas-habrian-aprobado-proyectos-del-ocad-paz\/#primaryimage"},"image":{"@id":"https:\/\/pagina10.com\/web\/a-base-de-coimas-habrian-aprobado-proyectos-del-ocad-paz\/#primaryimage"},"thumbnailUrl":"https:\/\/pagina10.com\/web\/wp-content\/uploads\/2022\/07\/pubInt231827.jpg","datePublished":"2022-07-05T18:34:36+00:00","dateModified":"2022-07-05T18:34:56+00:00","breadcrumb":{"@id":"https:\/\/pagina10.com\/web\/a-base-de-coimas-habrian-aprobado-proyectos-del-ocad-paz\/#breadcrumb"},"inLanguage":"es","potentialAction":[{"@type":"ReadAction","target":["https:\/\/pagina10.com\/web\/a-base-de-coimas-habrian-aprobado-proyectos-del-ocad-paz\/"]}]},{"@type":"ImageObject","inLanguage":"es","@id":"https:\/\/pagina10.com\/web\/a-base-de-coimas-habrian-aprobado-proyectos-del-ocad-paz\/#primaryimage","url":"https:\/\/pagina10.com\/web\/wp-content\/uploads\/2022\/07\/pubInt231827.jpg","contentUrl":"https:\/\/pagina10.com\/web\/wp-content\/uploads\/2022\/07\/pubInt231827.jpg","width":630,"height":320},{"@type":"BreadcrumbList","@id":"https:\/\/pagina10.com\/web\/a-base-de-coimas-habrian-aprobado-proyectos-del-ocad-paz\/#breadcrumb","itemListElement":[{"@type":"ListItem","position":1,"name":"Portada","item":"https:\/\/pagina10.com\/web\/"},{"@type":"ListItem","position":2,"name":"A base de coimas habr\u00edan aprobado proyectos del Ocad Paz"}]},{"@type":"WebSite","@id":"https:\/\/pagina10.com\/web\/#website","url":"https:\/\/pagina10.com\/web\/","name":"P\u00e1gina10","description":"Peri\u00f3dico Regional","publisher":{"@id":"https:\/\/pagina10.com\/web\/#organization"},"alternateName":"P\u00e1gina10 Peri\u00f3dico Regional","potentialAction":[{"@type":"SearchAction","target":{"@type":"EntryPoint","urlTemplate":"https:\/\/pagina10.com\/web\/?s={search_term_string}"},"query-input":{"@type":"PropertyValueSpecification","valueRequired":true,"valueName":"search_term_string"}}],"inLanguage":"es"},{"@type":"Organization","@id":"https:\/\/pagina10.com\/web\/#organization","name":"P\u00e1gina10","alternateName":"P\u00e1gina10 Peri\u00f3dico Regional","url":"https:\/\/pagina10.com\/web\/","logo":{"@type":"ImageObject","inLanguage":"es","@id":"https:\/\/pagina10.com\/web\/#\/schema\/logo\/image\/","url":"https:\/\/pagina10.com\/web\/wp-content\/uploads\/2024\/01\/40-pagina-10-periodico-regional-pasto.jpg","contentUrl":"https:\/\/pagina10.com\/web\/wp-content\/uploads\/2024\/01\/40-pagina-10-periodico-regional-pasto.jpg","width":1280,"height":720,"caption":"P\u00e1gina10"},"image":{"@id":"https:\/\/pagina10.com\/web\/#\/schema\/logo\/image\/"},"sameAs":["https:\/\/www.facebook.com\/pag10com","https:\/\/x.com\/Pag10com","https:\/\/www.instagram.com\/pagina10col\/","https:\/\/youtube.com\/channel\/pag10","https:\/\/www.tiktok.com\/@p10col"]},{"@type":"Person","@id":"https:\/\/pagina10.com\/web\/#\/schema\/person\/2efc4a090d25b667d3bc796798a3a81b","name":"P\u00e1gina 10","description":"P\u00e1gina 10 es un peri\u00f3dico regional que nace en Colombia, en el departamento de Nari\u00f1o, con un enfoque global, fundamentado en cuatro pilares esenciales: la libertad, el pluralismo, la inclusi\u00f3n y la independencia. P\u00e1gina 10 hace referencia a Nari\u00f1o como el d\u00e9cimo departamento creado en Colombia, despu\u00e9s de un proceso pol\u00edtico liderado por actores y actrices regionales con el fin de obtener la independencia y autonom\u00eda de nuestros territorios. Con la creaci\u00f3n de P\u00e1gina 10 se pretende abrir un escenario para el dialogo, la reflexi\u00f3n y el debate que se extienda a otras geograf\u00edas de Am\u00e9rica Latina y del planeta, en una apuesta por transformar colectivamente los desaf\u00edos de un mundo contempor\u00e1neo, m\u00e1s all\u00e1 de las fronteras impuestas.","url":"https:\/\/pagina10.com\/web\/author\/pdiezadmin\/"}]}},"_links":{"self":[{"href":"https:\/\/pagina10.com\/web\/wp-json\/wp\/v2\/posts\/60264","targetHints":{"allow":["GET"]}}],"collection":[{"href":"https:\/\/pagina10.com\/web\/wp-json\/wp\/v2\/posts"}],"about":[{"href":"https:\/\/pagina10.com\/web\/wp-json\/wp\/v2\/types\/post"}],"author":[{"embeddable":true,"href":"https:\/\/pagina10.com\/web\/wp-json\/wp\/v2\/users\/1"}],"replies":[{"embeddable":true,"href":"https:\/\/pagina10.com\/web\/wp-json\/wp\/v2\/comments?post=60264"}],"version-history":[{"count":2,"href":"https:\/\/pagina10.com\/web\/wp-json\/wp\/v2\/posts\/60264\/revisions"}],"predecessor-version":[{"id":60267,"href":"https:\/\/pagina10.com\/web\/wp-json\/wp\/v2\/posts\/60264\/revisions\/60267"}],"wp:featuredmedia":[{"embeddable":true,"href":"https:\/\/pagina10.com\/web\/wp-json\/wp\/v2\/media\/60265"}],"wp:attachment":[{"href":"https:\/\/pagina10.com\/web\/wp-json\/wp\/v2\/media?parent=60264"}],"wp:term":[{"taxonomy":"category","embeddable":true,"href":"https:\/\/pagina10.com\/web\/wp-json\/wp\/v2\/categories?post=60264"},{"taxonomy":"post_tag","embeddable":true,"href":"https:\/\/pagina10.com\/web\/wp-json\/wp\/v2\/tags?post=60264"}],"curies":[{"name":"wp","href":"https:\/\/api.w.org\/{rel}","templated":true}]}}