{"id":60268,"date":"2022-07-05T19:40:15","date_gmt":"2022-07-06T00:40:15","guid":{"rendered":"https:\/\/pagina10.com\/web\/?p=60268"},"modified":"2022-07-05T19:40:15","modified_gmt":"2022-07-06T00:40:15","slug":"cuatro-nuevas-ministras-fueron-designadas-por-petro","status":"publish","type":"post","link":"https:\/\/pagina10.com\/web\/cuatro-nuevas-ministras-fueron-designadas-por-petro\/","title":{"rendered":"Cuatro nuevas ministras fueron designadas por Petro"},"content":{"rendered":"<p style=\"text-align: justify;\">Tras la designaci\u00f3n de \u00c1lvaro Leyva Dur\u00e1n como ministro de Relaciones Exteriores y Jos\u00e9 Antonio Ocampo como ministro de Hacienda y cr\u00e9dito p\u00fablico, se confirm\u00f3 la designaci\u00f3n de cuatro mujeres que acompa\u00f1ar\u00e1n al presidente Gustavo Petro en su gabinete.<\/p>\n<p style=\"text-align: justify;\">Se trata de Cecilia L\u00f3pez Monta\u00f1o, ministra de Agricultura y Desarrollo Social; Carolina Corcho Mej\u00eda, ministra de Salud y Protecci\u00f3n Social; Susana Muhamad, ministra de Ambiente y Desarrollo Sostenible y Patricia Ariza, ministra de Cultura.<\/p>\n<p style=\"text-align: justify;\">L\u00f3pez Monta\u00f1o es economista, fue senadora y naci\u00f3 en Barranquilla. Adem\u00e1s, fue ministra de Agricultura durante el gobierno de Ernesto Samper (1994-1998). Tambi\u00e9n fue ministra de Ambiente y embajadora de Colombia en los Pa\u00edses Bajos.<\/p>\n<p style=\"text-align: justify;\">Corcho es m\u00e9dica, psiquiatra y polit\u00f3loga. Estudi\u00f3 Medicina en la Universidad Nacional de Colombia. Naci\u00f3 en Medell\u00edn, Antioquia, y se desempe\u00f1a como investigadora en Salud P\u00fablica y temas sociales. Es vicepresidenta de la Federaci\u00f3n M\u00e9dica Colombiana.<\/p>\n<p style=\"text-align: justify;\">Muhamad es activista ambiental y actual concejala de Bogot\u00e1. Fue secretaria de Ambiente durante la Alcald\u00eda de Petro (2012-2015). Es directora de Planificaci\u00f3n Clim\u00e1tica para que 9 ciudades de Latinoam\u00e9rica cumplan el Acuerdo de Par\u00eds. Igualmente, hace parte del equipo del empalme de Petro en el sector ambiental.<\/p>\n<p style=\"text-align: justify;\">Ariza tiene 76 a\u00f1os, naci\u00f3 en Santander, es poeta, artista, actriz y dramaturga. Estudi\u00f3 Artes en la Universidad Nacional de Colombia y fue fundadora del Teatro de la Candelaria en Bogot\u00e1.<\/p>\n","protected":false},"excerpt":{"rendered":"<p>Tras la designaci\u00f3n de \u00c1lvaro Leyva Dur\u00e1n como ministro de Relaciones Exteriores y Jos\u00e9 Antonio Ocampo como ministro de Hacienda y cr\u00e9dito p\u00fablico, se confirm\u00f3 la designaci\u00f3n de cuatro mujeres que acompa\u00f1ar\u00e1n al presidente Gustavo Petro en su gabinete. Se trata de Cecilia L\u00f3pez Monta\u00f1o, ministra de Agricultura y Desarrollo Social; Carolina Corcho Mej\u00eda, ministra [&hellip;]<\/p>\n","protected":false},"author":1,"featured_media":60269,"comment_status":"open","ping_status":"open","sticky":false,"template":"","format":"standard","meta":{"footnotes":""},"categories":[94,1528],"tags":[],"class_list":["post-60268","post","type-post","status-publish","format-standard","has-post-thumbnail","hentry","category-nacional-global-2","category-titulares"],"yoast_head":"<!-- This site is optimized with the Yoast SEO plugin v27.1.1 - https:\/\/yoast.com\/product\/yoast-seo-wordpress\/ -->\n<title>Cuatro nuevas ministras fueron designadas por Petro | P\u00e1gina10<\/title>\n<meta name=\"robots\" content=\"index, follow, max-snippet:-1, max-image-preview:large, max-video-preview:-1\" \/>\n<link rel=\"canonical\" href=\"https:\/\/pagina10.com\/web\/cuatro-nuevas-ministras-fueron-designadas-por-petro\/\" \/>\n<meta property=\"og:locale\" content=\"es_ES\" \/>\n<meta property=\"og:type\" content=\"article\" \/>\n<meta property=\"og:title\" content=\"Cuatro nuevas ministras fueron designadas por Petro | P\u00e1gina10\" \/>\n<meta property=\"og:description\" content=\"Tras la designaci\u00f3n de \u00c1lvaro Leyva Dur\u00e1n como ministro de Relaciones Exteriores y Jos\u00e9 Antonio Ocampo como ministro de Hacienda y cr\u00e9dito p\u00fablico, se confirm\u00f3 la designaci\u00f3n de cuatro mujeres que acompa\u00f1ar\u00e1n al presidente Gustavo Petro en su gabinete. Se trata de Cecilia L\u00f3pez Monta\u00f1o, ministra de Agricultura y Desarrollo Social; Carolina Corcho Mej\u00eda, ministra [&hellip;]\" \/>\n<meta property=\"og:url\" content=\"https:\/\/pagina10.com\/web\/cuatro-nuevas-ministras-fueron-designadas-por-petro\/\" \/>\n<meta property=\"og:site_name\" content=\"P\u00e1gina10\" \/>\n<meta property=\"article:publisher\" content=\"https:\/\/www.facebook.com\/pag10com\" \/>\n<meta property=\"article:published_time\" content=\"2022-07-06T00:40:15+00:00\" \/>\n<meta property=\"og:image\" content=\"https:\/\/pagina10.com\/web\/wp-content\/uploads\/2022\/07\/Diseno-sin-titulo-5-696x348-1.png\" \/>\n\t<meta property=\"og:image:width\" content=\"696\" \/>\n\t<meta property=\"og:image:height\" content=\"348\" \/>\n\t<meta property=\"og:image:type\" content=\"image\/png\" \/>\n<meta name=\"author\" content=\"P\u00e1gina 10\" \/>\n<meta name=\"twitter:card\" content=\"summary_large_image\" \/>\n<meta name=\"twitter:creator\" content=\"@Pag10com\" \/>\n<meta name=\"twitter:site\" content=\"@Pag10com\" \/>\n<meta name=\"twitter:label1\" content=\"Escrito por\" \/>\n\t<meta name=\"twitter:data1\" content=\"P\u00e1gina 10\" \/>\n\t<meta name=\"twitter:label2\" content=\"Tiempo de lectura\" \/>\n\t<meta name=\"twitter:data2\" content=\"1 minuto\" \/>\n<script type=\"application\/ld+json\" class=\"yoast-schema-graph\">{\"@context\":\"https:\/\/schema.org\",\"@graph\":[{\"@type\":\"Article\",\"@id\":\"https:\/\/pagina10.com\/web\/cuatro-nuevas-ministras-fueron-designadas-por-petro\/#article\",\"isPartOf\":{\"@id\":\"https:\/\/pagina10.com\/web\/cuatro-nuevas-ministras-fueron-designadas-por-petro\/\"},\"author\":{\"name\":\"P\u00e1gina 10\",\"@id\":\"https:\/\/pagina10.com\/web\/#\/schema\/person\/2efc4a090d25b667d3bc796798a3a81b\"},\"headline\":\"Cuatro nuevas ministras fueron designadas por Petro\",\"datePublished\":\"2022-07-06T00:40:15+00:00\",\"mainEntityOfPage\":{\"@id\":\"https:\/\/pagina10.com\/web\/cuatro-nuevas-ministras-fueron-designadas-por-petro\/\"},\"wordCount\":258,\"commentCount\":0,\"publisher\":{\"@id\":\"https:\/\/pagina10.com\/web\/#organization\"},\"image\":{\"@id\":\"https:\/\/pagina10.com\/web\/cuatro-nuevas-ministras-fueron-designadas-por-petro\/#primaryimage\"},\"thumbnailUrl\":\"https:\/\/pagina10.com\/web\/wp-content\/uploads\/2022\/07\/Diseno-sin-titulo-5-696x348-1.png\",\"articleSection\":[\"Nacional\",\"Titulares\"],\"inLanguage\":\"es\",\"potentialAction\":[{\"@type\":\"CommentAction\",\"name\":\"Comment\",\"target\":[\"https:\/\/pagina10.com\/web\/cuatro-nuevas-ministras-fueron-designadas-por-petro\/#respond\"]}]},{\"@type\":\"WebPage\",\"@id\":\"https:\/\/pagina10.com\/web\/cuatro-nuevas-ministras-fueron-designadas-por-petro\/\",\"url\":\"https:\/\/pagina10.com\/web\/cuatro-nuevas-ministras-fueron-designadas-por-petro\/\",\"name\":\"Cuatro nuevas ministras fueron designadas por Petro | P\u00e1gina10\",\"isPartOf\":{\"@id\":\"https:\/\/pagina10.com\/web\/#website\"},\"primaryImageOfPage\":{\"@id\":\"https:\/\/pagina10.com\/web\/cuatro-nuevas-ministras-fueron-designadas-por-petro\/#primaryimage\"},\"image\":{\"@id\":\"https:\/\/pagina10.com\/web\/cuatro-nuevas-ministras-fueron-designadas-por-petro\/#primaryimage\"},\"thumbnailUrl\":\"https:\/\/pagina10.com\/web\/wp-content\/uploads\/2022\/07\/Diseno-sin-titulo-5-696x348-1.png\",\"datePublished\":\"2022-07-06T00:40:15+00:00\",\"breadcrumb\":{\"@id\":\"https:\/\/pagina10.com\/web\/cuatro-nuevas-ministras-fueron-designadas-por-petro\/#breadcrumb\"},\"inLanguage\":\"es\",\"potentialAction\":[{\"@type\":\"ReadAction\",\"target\":[\"https:\/\/pagina10.com\/web\/cuatro-nuevas-ministras-fueron-designadas-por-petro\/\"]}]},{\"@type\":\"ImageObject\",\"inLanguage\":\"es\",\"@id\":\"https:\/\/pagina10.com\/web\/cuatro-nuevas-ministras-fueron-designadas-por-petro\/#primaryimage\",\"url\":\"https:\/\/pagina10.com\/web\/wp-content\/uploads\/2022\/07\/Diseno-sin-titulo-5-696x348-1.png\",\"contentUrl\":\"https:\/\/pagina10.com\/web\/wp-content\/uploads\/2022\/07\/Diseno-sin-titulo-5-696x348-1.png\",\"width\":696,\"height\":348},{\"@type\":\"BreadcrumbList\",\"@id\":\"https:\/\/pagina10.com\/web\/cuatro-nuevas-ministras-fueron-designadas-por-petro\/#breadcrumb\",\"itemListElement\":[{\"@type\":\"ListItem\",\"position\":1,\"name\":\"Portada\",\"item\":\"https:\/\/pagina10.com\/web\/\"},{\"@type\":\"ListItem\",\"position\":2,\"name\":\"Cuatro nuevas ministras fueron designadas por Petro\"}]},{\"@type\":\"WebSite\",\"@id\":\"https:\/\/pagina10.com\/web\/#website\",\"url\":\"https:\/\/pagina10.com\/web\/\",\"name\":\"P\u00e1gina10\",\"description\":\"Peri\u00f3dico Regional\",\"publisher\":{\"@id\":\"https:\/\/pagina10.com\/web\/#organization\"},\"alternateName\":\"P\u00e1gina10 Peri\u00f3dico Regional\",\"potentialAction\":[{\"@type\":\"SearchAction\",\"target\":{\"@type\":\"EntryPoint\",\"urlTemplate\":\"https:\/\/pagina10.com\/web\/?s={search_term_string}\"},\"query-input\":{\"@type\":\"PropertyValueSpecification\",\"valueRequired\":true,\"valueName\":\"search_term_string\"}}],\"inLanguage\":\"es\"},{\"@type\":\"Organization\",\"@id\":\"https:\/\/pagina10.com\/web\/#organization\",\"name\":\"P\u00e1gina10\",\"alternateName\":\"P\u00e1gina10 Peri\u00f3dico Regional\",\"url\":\"https:\/\/pagina10.com\/web\/\",\"logo\":{\"@type\":\"ImageObject\",\"inLanguage\":\"es\",\"@id\":\"https:\/\/pagina10.com\/web\/#\/schema\/logo\/image\/\",\"url\":\"https:\/\/pagina10.com\/web\/wp-content\/uploads\/2024\/01\/40-pagina-10-periodico-regional-pasto.jpg\",\"contentUrl\":\"https:\/\/pagina10.com\/web\/wp-content\/uploads\/2024\/01\/40-pagina-10-periodico-regional-pasto.jpg\",\"width\":1280,\"height\":720,\"caption\":\"P\u00e1gina10\"},\"image\":{\"@id\":\"https:\/\/pagina10.com\/web\/#\/schema\/logo\/image\/\"},\"sameAs\":[\"https:\/\/www.facebook.com\/pag10com\",\"https:\/\/x.com\/Pag10com\",\"https:\/\/www.instagram.com\/pagina10col\/\",\"https:\/\/youtube.com\/channel\/pag10\",\"https:\/\/www.tiktok.com\/@p10col\"]},{\"@type\":\"Person\",\"@id\":\"https:\/\/pagina10.com\/web\/#\/schema\/person\/2efc4a090d25b667d3bc796798a3a81b\",\"name\":\"P\u00e1gina 10\",\"description\":\"P\u00e1gina 10 es un peri\u00f3dico regional que nace en Colombia, en el departamento de Nari\u00f1o, con un enfoque global, fundamentado en cuatro pilares esenciales: la libertad, el pluralismo, la inclusi\u00f3n y la independencia. P\u00e1gina 10 hace referencia a Nari\u00f1o como el d\u00e9cimo departamento creado en Colombia, despu\u00e9s de un proceso pol\u00edtico liderado por actores y actrices regionales con el fin de obtener la independencia y autonom\u00eda de nuestros territorios. Con la creaci\u00f3n de P\u00e1gina 10 se pretende abrir un escenario para el dialogo, la reflexi\u00f3n y el debate que se extienda a otras geograf\u00edas de Am\u00e9rica Latina y del planeta, en una apuesta por transformar colectivamente los desaf\u00edos de un mundo contempor\u00e1neo, m\u00e1s all\u00e1 de las fronteras impuestas.\",\"url\":\"https:\/\/pagina10.com\/web\/author\/pdiezadmin\/\"}]}<\/script>\n<!-- \/ Yoast SEO plugin. -->","yoast_head_json":{"title":"Cuatro nuevas ministras fueron designadas por Petro | P\u00e1gina10","robots":{"index":"index","follow":"follow","max-snippet":"max-snippet:-1","max-image-preview":"max-image-preview:large","max-video-preview":"max-video-preview:-1"},"canonical":"https:\/\/pagina10.com\/web\/cuatro-nuevas-ministras-fueron-designadas-por-petro\/","og_locale":"es_ES","og_type":"article","og_title":"Cuatro nuevas ministras fueron designadas por Petro | P\u00e1gina10","og_description":"Tras la designaci\u00f3n de \u00c1lvaro Leyva Dur\u00e1n como ministro de Relaciones Exteriores y Jos\u00e9 Antonio Ocampo como ministro de Hacienda y cr\u00e9dito p\u00fablico, se confirm\u00f3 la designaci\u00f3n de cuatro mujeres que acompa\u00f1ar\u00e1n al presidente Gustavo Petro en su gabinete. Se trata de Cecilia L\u00f3pez Monta\u00f1o, ministra de Agricultura y Desarrollo Social; Carolina Corcho Mej\u00eda, ministra [&hellip;]","og_url":"https:\/\/pagina10.com\/web\/cuatro-nuevas-ministras-fueron-designadas-por-petro\/","og_site_name":"P\u00e1gina10","article_publisher":"https:\/\/www.facebook.com\/pag10com","article_published_time":"2022-07-06T00:40:15+00:00","og_image":[{"width":696,"height":348,"url":"https:\/\/pagina10.com\/web\/wp-content\/uploads\/2022\/07\/Diseno-sin-titulo-5-696x348-1.png","type":"image\/png"}],"author":"P\u00e1gina 10","twitter_card":"summary_large_image","twitter_creator":"@Pag10com","twitter_site":"@Pag10com","twitter_misc":{"Escrito por":"P\u00e1gina 10","Tiempo de lectura":"1 minuto"},"schema":{"@context":"https:\/\/schema.org","@graph":[{"@type":"Article","@id":"https:\/\/pagina10.com\/web\/cuatro-nuevas-ministras-fueron-designadas-por-petro\/#article","isPartOf":{"@id":"https:\/\/pagina10.com\/web\/cuatro-nuevas-ministras-fueron-designadas-por-petro\/"},"author":{"name":"P\u00e1gina 10","@id":"https:\/\/pagina10.com\/web\/#\/schema\/person\/2efc4a090d25b667d3bc796798a3a81b"},"headline":"Cuatro nuevas ministras fueron designadas por Petro","datePublished":"2022-07-06T00:40:15+00:00","mainEntityOfPage":{"@id":"https:\/\/pagina10.com\/web\/cuatro-nuevas-ministras-fueron-designadas-por-petro\/"},"wordCount":258,"commentCount":0,"publisher":{"@id":"https:\/\/pagina10.com\/web\/#organization"},"image":{"@id":"https:\/\/pagina10.com\/web\/cuatro-nuevas-ministras-fueron-designadas-por-petro\/#primaryimage"},"thumbnailUrl":"https:\/\/pagina10.com\/web\/wp-content\/uploads\/2022\/07\/Diseno-sin-titulo-5-696x348-1.png","articleSection":["Nacional","Titulares"],"inLanguage":"es","potentialAction":[{"@type":"CommentAction","name":"Comment","target":["https:\/\/pagina10.com\/web\/cuatro-nuevas-ministras-fueron-designadas-por-petro\/#respond"]}]},{"@type":"WebPage","@id":"https:\/\/pagina10.com\/web\/cuatro-nuevas-ministras-fueron-designadas-por-petro\/","url":"https:\/\/pagina10.com\/web\/cuatro-nuevas-ministras-fueron-designadas-por-petro\/","name":"Cuatro nuevas ministras fueron designadas por Petro | P\u00e1gina10","isPartOf":{"@id":"https:\/\/pagina10.com\/web\/#website"},"primaryImageOfPage":{"@id":"https:\/\/pagina10.com\/web\/cuatro-nuevas-ministras-fueron-designadas-por-petro\/#primaryimage"},"image":{"@id":"https:\/\/pagina10.com\/web\/cuatro-nuevas-ministras-fueron-designadas-por-petro\/#primaryimage"},"thumbnailUrl":"https:\/\/pagina10.com\/web\/wp-content\/uploads\/2022\/07\/Diseno-sin-titulo-5-696x348-1.png","datePublished":"2022-07-06T00:40:15+00:00","breadcrumb":{"@id":"https:\/\/pagina10.com\/web\/cuatro-nuevas-ministras-fueron-designadas-por-petro\/#breadcrumb"},"inLanguage":"es","potentialAction":[{"@type":"ReadAction","target":["https:\/\/pagina10.com\/web\/cuatro-nuevas-ministras-fueron-designadas-por-petro\/"]}]},{"@type":"ImageObject","inLanguage":"es","@id":"https:\/\/pagina10.com\/web\/cuatro-nuevas-ministras-fueron-designadas-por-petro\/#primaryimage","url":"https:\/\/pagina10.com\/web\/wp-content\/uploads\/2022\/07\/Diseno-sin-titulo-5-696x348-1.png","contentUrl":"https:\/\/pagina10.com\/web\/wp-content\/uploads\/2022\/07\/Diseno-sin-titulo-5-696x348-1.png","width":696,"height":348},{"@type":"BreadcrumbList","@id":"https:\/\/pagina10.com\/web\/cuatro-nuevas-ministras-fueron-designadas-por-petro\/#breadcrumb","itemListElement":[{"@type":"ListItem","position":1,"name":"Portada","item":"https:\/\/pagina10.com\/web\/"},{"@type":"ListItem","position":2,"name":"Cuatro nuevas ministras fueron designadas por Petro"}]},{"@type":"WebSite","@id":"https:\/\/pagina10.com\/web\/#website","url":"https:\/\/pagina10.com\/web\/","name":"P\u00e1gina10","description":"Peri\u00f3dico Regional","publisher":{"@id":"https:\/\/pagina10.com\/web\/#organization"},"alternateName":"P\u00e1gina10 Peri\u00f3dico Regional","potentialAction":[{"@type":"SearchAction","target":{"@type":"EntryPoint","urlTemplate":"https:\/\/pagina10.com\/web\/?s={search_term_string}"},"query-input":{"@type":"PropertyValueSpecification","valueRequired":true,"valueName":"search_term_string"}}],"inLanguage":"es"},{"@type":"Organization","@id":"https:\/\/pagina10.com\/web\/#organization","name":"P\u00e1gina10","alternateName":"P\u00e1gina10 Peri\u00f3dico Regional","url":"https:\/\/pagina10.com\/web\/","logo":{"@type":"ImageObject","inLanguage":"es","@id":"https:\/\/pagina10.com\/web\/#\/schema\/logo\/image\/","url":"https:\/\/pagina10.com\/web\/wp-content\/uploads\/2024\/01\/40-pagina-10-periodico-regional-pasto.jpg","contentUrl":"https:\/\/pagina10.com\/web\/wp-content\/uploads\/2024\/01\/40-pagina-10-periodico-regional-pasto.jpg","width":1280,"height":720,"caption":"P\u00e1gina10"},"image":{"@id":"https:\/\/pagina10.com\/web\/#\/schema\/logo\/image\/"},"sameAs":["https:\/\/www.facebook.com\/pag10com","https:\/\/x.com\/Pag10com","https:\/\/www.instagram.com\/pagina10col\/","https:\/\/youtube.com\/channel\/pag10","https:\/\/www.tiktok.com\/@p10col"]},{"@type":"Person","@id":"https:\/\/pagina10.com\/web\/#\/schema\/person\/2efc4a090d25b667d3bc796798a3a81b","name":"P\u00e1gina 10","description":"P\u00e1gina 10 es un peri\u00f3dico regional que nace en Colombia, en el departamento de Nari\u00f1o, con un enfoque global, fundamentado en cuatro pilares esenciales: la libertad, el pluralismo, la inclusi\u00f3n y la independencia. P\u00e1gina 10 hace referencia a Nari\u00f1o como el d\u00e9cimo departamento creado en Colombia, despu\u00e9s de un proceso pol\u00edtico liderado por actores y actrices regionales con el fin de obtener la independencia y autonom\u00eda de nuestros territorios. Con la creaci\u00f3n de P\u00e1gina 10 se pretende abrir un escenario para el dialogo, la reflexi\u00f3n y el debate que se extienda a otras geograf\u00edas de Am\u00e9rica Latina y del planeta, en una apuesta por transformar colectivamente los desaf\u00edos de un mundo contempor\u00e1neo, m\u00e1s all\u00e1 de las fronteras impuestas.","url":"https:\/\/pagina10.com\/web\/author\/pdiezadmin\/"}]}},"_links":{"self":[{"href":"https:\/\/pagina10.com\/web\/wp-json\/wp\/v2\/posts\/60268","targetHints":{"allow":["GET"]}}],"collection":[{"href":"https:\/\/pagina10.com\/web\/wp-json\/wp\/v2\/posts"}],"about":[{"href":"https:\/\/pagina10.com\/web\/wp-json\/wp\/v2\/types\/post"}],"author":[{"embeddable":true,"href":"https:\/\/pagina10.com\/web\/wp-json\/wp\/v2\/users\/1"}],"replies":[{"embeddable":true,"href":"https:\/\/pagina10.com\/web\/wp-json\/wp\/v2\/comments?post=60268"}],"version-history":[{"count":1,"href":"https:\/\/pagina10.com\/web\/wp-json\/wp\/v2\/posts\/60268\/revisions"}],"predecessor-version":[{"id":60270,"href":"https:\/\/pagina10.com\/web\/wp-json\/wp\/v2\/posts\/60268\/revisions\/60270"}],"wp:featuredmedia":[{"embeddable":true,"href":"https:\/\/pagina10.com\/web\/wp-json\/wp\/v2\/media\/60269"}],"wp:attachment":[{"href":"https:\/\/pagina10.com\/web\/wp-json\/wp\/v2\/media?parent=60268"}],"wp:term":[{"taxonomy":"category","embeddable":true,"href":"https:\/\/pagina10.com\/web\/wp-json\/wp\/v2\/categories?post=60268"},{"taxonomy":"post_tag","embeddable":true,"href":"https:\/\/pagina10.com\/web\/wp-json\/wp\/v2\/tags?post=60268"}],"curies":[{"name":"wp","href":"https:\/\/api.w.org\/{rel}","templated":true}]}}