{"id":60296,"date":"2022-07-06T20:22:38","date_gmt":"2022-07-07T01:22:38","guid":{"rendered":"https:\/\/pagina10.com\/web\/?p=60296"},"modified":"2022-07-06T20:22:38","modified_gmt":"2022-07-07T01:22:38","slug":"lluvias-siguen-provocando-estragos-en-narino-autoridades-en-maxima-alerta","status":"publish","type":"post","link":"https:\/\/pagina10.com\/web\/lluvias-siguen-provocando-estragos-en-narino-autoridades-en-maxima-alerta\/","title":{"rendered":"Lluvias siguen provocando estragos en Nari\u00f1o, autoridades en m\u00e1xima alerta"},"content":{"rendered":"<p style=\"text-align: justify;\">El coordinador de la Direcci\u00f3n de Gesti\u00f3n del Riesgo y Desastres departamental, Jader Gaviria, expres\u00f3 que aunque en la regi\u00f3n ha disminuido de manera considerable el registro de lluvias, se siguen presentando algunas intensas precipitaciones principalmente en la regi\u00f3n fronteriza con el Putumayo, la zona de cordillera, el tri\u00e1ngulo del Telemb\u00ed y la parte norte.<\/p>\n<p style=\"text-align: justify;\">El funcionario afirm\u00f3 que la mayor afectaci\u00f3n en esta temporada se registr\u00f3 en la v\u00eda que de Pasto conduce hacia la ciudad de Mocoa, donde una creciente provoc\u00f3 el desplome de un tramo de carretera en el sector de San Francisco, dejando as\u00ed incomunicados a ambos departamentos.<\/p>\n<p style=\"text-align: justify;\">Gaviria afirm\u00f3 que hasta el momento un total de cinco mil familias han resultado damnificadas en todo el departamento. En este sentido, indic\u00f3 que desde la Gobernaci\u00f3n de Nari\u00f1o y la Secretar\u00eda de Infraestructura se adelantan acciones para recuperar las v\u00edas afectadas, as\u00ed como para reestablecer el servicio de 120 acueductos y sistemas de alcantarillados.<\/p>\n","protected":false},"excerpt":{"rendered":"<p>El coordinador de la Direcci\u00f3n de Gesti\u00f3n del Riesgo y Desastres departamental, Jader Gaviria, expres\u00f3 que aunque en la regi\u00f3n ha disminuido de manera considerable el registro de lluvias, se siguen presentando algunas intensas precipitaciones principalmente en la regi\u00f3n fronteriza con el Putumayo, la zona de cordillera, el tri\u00e1ngulo del Telemb\u00ed y la parte norte. [&hellip;]<\/p>\n","protected":false},"author":1,"featured_media":60297,"comment_status":"open","ping_status":"open","sticky":false,"template":"","format":"standard","meta":{"footnotes":""},"categories":[14],"tags":[],"class_list":["post-60296","post","type-post","status-publish","format-standard","has-post-thumbnail","hentry","category-narino-actual"],"yoast_head":"<!-- This site is optimized with the Yoast SEO plugin v27.1.1 - https:\/\/yoast.com\/product\/yoast-seo-wordpress\/ -->\n<title>Lluvias siguen provocando estragos en Nari\u00f1o, autoridades en m\u00e1xima alerta | P\u00e1gina10<\/title>\n<meta name=\"robots\" content=\"index, follow, max-snippet:-1, max-image-preview:large, max-video-preview:-1\" \/>\n<link rel=\"canonical\" href=\"https:\/\/pagina10.com\/web\/lluvias-siguen-provocando-estragos-en-narino-autoridades-en-maxima-alerta\/\" \/>\n<meta property=\"og:locale\" content=\"es_ES\" \/>\n<meta property=\"og:type\" content=\"article\" \/>\n<meta property=\"og:title\" content=\"Lluvias siguen provocando estragos en Nari\u00f1o, autoridades en m\u00e1xima alerta | P\u00e1gina10\" \/>\n<meta property=\"og:description\" content=\"El coordinador de la Direcci\u00f3n de Gesti\u00f3n del Riesgo y Desastres departamental, Jader Gaviria, expres\u00f3 que aunque en la regi\u00f3n ha disminuido de manera considerable el registro de lluvias, se siguen presentando algunas intensas precipitaciones principalmente en la regi\u00f3n fronteriza con el Putumayo, la zona de cordillera, el tri\u00e1ngulo del Telemb\u00ed y la parte norte. [&hellip;]\" \/>\n<meta property=\"og:url\" content=\"https:\/\/pagina10.com\/web\/lluvias-siguen-provocando-estragos-en-narino-autoridades-en-maxima-alerta\/\" \/>\n<meta property=\"og:site_name\" content=\"P\u00e1gina10\" \/>\n<meta property=\"article:publisher\" content=\"https:\/\/www.facebook.com\/pag10com\" \/>\n<meta property=\"article:published_time\" content=\"2022-07-07T01:22:38+00:00\" \/>\n<meta property=\"og:image\" content=\"https:\/\/pagina10.com\/web\/wp-content\/uploads\/2022\/07\/Sin-titulo-8-1080x675-1.jpg\" \/>\n\t<meta property=\"og:image:width\" content=\"1080\" \/>\n\t<meta property=\"og:image:height\" content=\"675\" \/>\n\t<meta property=\"og:image:type\" content=\"image\/jpeg\" \/>\n<meta name=\"author\" content=\"P\u00e1gina 10\" \/>\n<meta name=\"twitter:card\" content=\"summary_large_image\" \/>\n<meta name=\"twitter:creator\" content=\"@Pag10com\" \/>\n<meta name=\"twitter:site\" content=\"@Pag10com\" \/>\n<meta name=\"twitter:label1\" content=\"Escrito por\" \/>\n\t<meta name=\"twitter:data1\" content=\"P\u00e1gina 10\" \/>\n\t<meta name=\"twitter:label2\" content=\"Tiempo de lectura\" \/>\n\t<meta name=\"twitter:data2\" content=\"1 minuto\" \/>\n<script type=\"application\/ld+json\" class=\"yoast-schema-graph\">{\"@context\":\"https:\/\/schema.org\",\"@graph\":[{\"@type\":\"Article\",\"@id\":\"https:\/\/pagina10.com\/web\/lluvias-siguen-provocando-estragos-en-narino-autoridades-en-maxima-alerta\/#article\",\"isPartOf\":{\"@id\":\"https:\/\/pagina10.com\/web\/lluvias-siguen-provocando-estragos-en-narino-autoridades-en-maxima-alerta\/\"},\"author\":{\"name\":\"P\u00e1gina 10\",\"@id\":\"https:\/\/pagina10.com\/web\/#\/schema\/person\/2efc4a090d25b667d3bc796798a3a81b\"},\"headline\":\"Lluvias siguen provocando estragos en Nari\u00f1o, autoridades en m\u00e1xima alerta\",\"datePublished\":\"2022-07-07T01:22:38+00:00\",\"mainEntityOfPage\":{\"@id\":\"https:\/\/pagina10.com\/web\/lluvias-siguen-provocando-estragos-en-narino-autoridades-en-maxima-alerta\/\"},\"wordCount\":179,\"commentCount\":0,\"publisher\":{\"@id\":\"https:\/\/pagina10.com\/web\/#organization\"},\"image\":{\"@id\":\"https:\/\/pagina10.com\/web\/lluvias-siguen-provocando-estragos-en-narino-autoridades-en-maxima-alerta\/#primaryimage\"},\"thumbnailUrl\":\"https:\/\/pagina10.com\/web\/wp-content\/uploads\/2022\/07\/Sin-titulo-8-1080x675-1.jpg\",\"articleSection\":[\"Nari\u00f1o Actual\"],\"inLanguage\":\"es\",\"potentialAction\":[{\"@type\":\"CommentAction\",\"name\":\"Comment\",\"target\":[\"https:\/\/pagina10.com\/web\/lluvias-siguen-provocando-estragos-en-narino-autoridades-en-maxima-alerta\/#respond\"]}]},{\"@type\":\"WebPage\",\"@id\":\"https:\/\/pagina10.com\/web\/lluvias-siguen-provocando-estragos-en-narino-autoridades-en-maxima-alerta\/\",\"url\":\"https:\/\/pagina10.com\/web\/lluvias-siguen-provocando-estragos-en-narino-autoridades-en-maxima-alerta\/\",\"name\":\"Lluvias siguen provocando estragos en Nari\u00f1o, autoridades en m\u00e1xima alerta | P\u00e1gina10\",\"isPartOf\":{\"@id\":\"https:\/\/pagina10.com\/web\/#website\"},\"primaryImageOfPage\":{\"@id\":\"https:\/\/pagina10.com\/web\/lluvias-siguen-provocando-estragos-en-narino-autoridades-en-maxima-alerta\/#primaryimage\"},\"image\":{\"@id\":\"https:\/\/pagina10.com\/web\/lluvias-siguen-provocando-estragos-en-narino-autoridades-en-maxima-alerta\/#primaryimage\"},\"thumbnailUrl\":\"https:\/\/pagina10.com\/web\/wp-content\/uploads\/2022\/07\/Sin-titulo-8-1080x675-1.jpg\",\"datePublished\":\"2022-07-07T01:22:38+00:00\",\"breadcrumb\":{\"@id\":\"https:\/\/pagina10.com\/web\/lluvias-siguen-provocando-estragos-en-narino-autoridades-en-maxima-alerta\/#breadcrumb\"},\"inLanguage\":\"es\",\"potentialAction\":[{\"@type\":\"ReadAction\",\"target\":[\"https:\/\/pagina10.com\/web\/lluvias-siguen-provocando-estragos-en-narino-autoridades-en-maxima-alerta\/\"]}]},{\"@type\":\"ImageObject\",\"inLanguage\":\"es\",\"@id\":\"https:\/\/pagina10.com\/web\/lluvias-siguen-provocando-estragos-en-narino-autoridades-en-maxima-alerta\/#primaryimage\",\"url\":\"https:\/\/pagina10.com\/web\/wp-content\/uploads\/2022\/07\/Sin-titulo-8-1080x675-1.jpg\",\"contentUrl\":\"https:\/\/pagina10.com\/web\/wp-content\/uploads\/2022\/07\/Sin-titulo-8-1080x675-1.jpg\",\"width\":1080,\"height\":675},{\"@type\":\"BreadcrumbList\",\"@id\":\"https:\/\/pagina10.com\/web\/lluvias-siguen-provocando-estragos-en-narino-autoridades-en-maxima-alerta\/#breadcrumb\",\"itemListElement\":[{\"@type\":\"ListItem\",\"position\":1,\"name\":\"Portada\",\"item\":\"https:\/\/pagina10.com\/web\/\"},{\"@type\":\"ListItem\",\"position\":2,\"name\":\"Lluvias siguen provocando estragos en Nari\u00f1o, autoridades en m\u00e1xima alerta\"}]},{\"@type\":\"WebSite\",\"@id\":\"https:\/\/pagina10.com\/web\/#website\",\"url\":\"https:\/\/pagina10.com\/web\/\",\"name\":\"P\u00e1gina10\",\"description\":\"Peri\u00f3dico Regional\",\"publisher\":{\"@id\":\"https:\/\/pagina10.com\/web\/#organization\"},\"alternateName\":\"P\u00e1gina10 Peri\u00f3dico Regional\",\"potentialAction\":[{\"@type\":\"SearchAction\",\"target\":{\"@type\":\"EntryPoint\",\"urlTemplate\":\"https:\/\/pagina10.com\/web\/?s={search_term_string}\"},\"query-input\":{\"@type\":\"PropertyValueSpecification\",\"valueRequired\":true,\"valueName\":\"search_term_string\"}}],\"inLanguage\":\"es\"},{\"@type\":\"Organization\",\"@id\":\"https:\/\/pagina10.com\/web\/#organization\",\"name\":\"P\u00e1gina10\",\"alternateName\":\"P\u00e1gina10 Peri\u00f3dico Regional\",\"url\":\"https:\/\/pagina10.com\/web\/\",\"logo\":{\"@type\":\"ImageObject\",\"inLanguage\":\"es\",\"@id\":\"https:\/\/pagina10.com\/web\/#\/schema\/logo\/image\/\",\"url\":\"https:\/\/pagina10.com\/web\/wp-content\/uploads\/2024\/01\/40-pagina-10-periodico-regional-pasto.jpg\",\"contentUrl\":\"https:\/\/pagina10.com\/web\/wp-content\/uploads\/2024\/01\/40-pagina-10-periodico-regional-pasto.jpg\",\"width\":1280,\"height\":720,\"caption\":\"P\u00e1gina10\"},\"image\":{\"@id\":\"https:\/\/pagina10.com\/web\/#\/schema\/logo\/image\/\"},\"sameAs\":[\"https:\/\/www.facebook.com\/pag10com\",\"https:\/\/x.com\/Pag10com\",\"https:\/\/www.instagram.com\/pagina10col\/\",\"https:\/\/youtube.com\/channel\/pag10\",\"https:\/\/www.tiktok.com\/@p10col\"]},{\"@type\":\"Person\",\"@id\":\"https:\/\/pagina10.com\/web\/#\/schema\/person\/2efc4a090d25b667d3bc796798a3a81b\",\"name\":\"P\u00e1gina 10\",\"description\":\"P\u00e1gina 10 es un peri\u00f3dico regional que nace en Colombia, en el departamento de Nari\u00f1o, con un enfoque global, fundamentado en cuatro pilares esenciales: la libertad, el pluralismo, la inclusi\u00f3n y la independencia. P\u00e1gina 10 hace referencia a Nari\u00f1o como el d\u00e9cimo departamento creado en Colombia, despu\u00e9s de un proceso pol\u00edtico liderado por actores y actrices regionales con el fin de obtener la independencia y autonom\u00eda de nuestros territorios. Con la creaci\u00f3n de P\u00e1gina 10 se pretende abrir un escenario para el dialogo, la reflexi\u00f3n y el debate que se extienda a otras geograf\u00edas de Am\u00e9rica Latina y del planeta, en una apuesta por transformar colectivamente los desaf\u00edos de un mundo contempor\u00e1neo, m\u00e1s all\u00e1 de las fronteras impuestas.\",\"url\":\"https:\/\/pagina10.com\/web\/author\/pdiezadmin\/\"}]}<\/script>\n<!-- \/ Yoast SEO plugin. -->","yoast_head_json":{"title":"Lluvias siguen provocando estragos en Nari\u00f1o, autoridades en m\u00e1xima alerta | P\u00e1gina10","robots":{"index":"index","follow":"follow","max-snippet":"max-snippet:-1","max-image-preview":"max-image-preview:large","max-video-preview":"max-video-preview:-1"},"canonical":"https:\/\/pagina10.com\/web\/lluvias-siguen-provocando-estragos-en-narino-autoridades-en-maxima-alerta\/","og_locale":"es_ES","og_type":"article","og_title":"Lluvias siguen provocando estragos en Nari\u00f1o, autoridades en m\u00e1xima alerta | P\u00e1gina10","og_description":"El coordinador de la Direcci\u00f3n de Gesti\u00f3n del Riesgo y Desastres departamental, Jader Gaviria, expres\u00f3 que aunque en la regi\u00f3n ha disminuido de manera considerable el registro de lluvias, se siguen presentando algunas intensas precipitaciones principalmente en la regi\u00f3n fronteriza con el Putumayo, la zona de cordillera, el tri\u00e1ngulo del Telemb\u00ed y la parte norte. [&hellip;]","og_url":"https:\/\/pagina10.com\/web\/lluvias-siguen-provocando-estragos-en-narino-autoridades-en-maxima-alerta\/","og_site_name":"P\u00e1gina10","article_publisher":"https:\/\/www.facebook.com\/pag10com","article_published_time":"2022-07-07T01:22:38+00:00","og_image":[{"width":1080,"height":675,"url":"https:\/\/pagina10.com\/web\/wp-content\/uploads\/2022\/07\/Sin-titulo-8-1080x675-1.jpg","type":"image\/jpeg"}],"author":"P\u00e1gina 10","twitter_card":"summary_large_image","twitter_creator":"@Pag10com","twitter_site":"@Pag10com","twitter_misc":{"Escrito por":"P\u00e1gina 10","Tiempo de lectura":"1 minuto"},"schema":{"@context":"https:\/\/schema.org","@graph":[{"@type":"Article","@id":"https:\/\/pagina10.com\/web\/lluvias-siguen-provocando-estragos-en-narino-autoridades-en-maxima-alerta\/#article","isPartOf":{"@id":"https:\/\/pagina10.com\/web\/lluvias-siguen-provocando-estragos-en-narino-autoridades-en-maxima-alerta\/"},"author":{"name":"P\u00e1gina 10","@id":"https:\/\/pagina10.com\/web\/#\/schema\/person\/2efc4a090d25b667d3bc796798a3a81b"},"headline":"Lluvias siguen provocando estragos en Nari\u00f1o, autoridades en m\u00e1xima alerta","datePublished":"2022-07-07T01:22:38+00:00","mainEntityOfPage":{"@id":"https:\/\/pagina10.com\/web\/lluvias-siguen-provocando-estragos-en-narino-autoridades-en-maxima-alerta\/"},"wordCount":179,"commentCount":0,"publisher":{"@id":"https:\/\/pagina10.com\/web\/#organization"},"image":{"@id":"https:\/\/pagina10.com\/web\/lluvias-siguen-provocando-estragos-en-narino-autoridades-en-maxima-alerta\/#primaryimage"},"thumbnailUrl":"https:\/\/pagina10.com\/web\/wp-content\/uploads\/2022\/07\/Sin-titulo-8-1080x675-1.jpg","articleSection":["Nari\u00f1o Actual"],"inLanguage":"es","potentialAction":[{"@type":"CommentAction","name":"Comment","target":["https:\/\/pagina10.com\/web\/lluvias-siguen-provocando-estragos-en-narino-autoridades-en-maxima-alerta\/#respond"]}]},{"@type":"WebPage","@id":"https:\/\/pagina10.com\/web\/lluvias-siguen-provocando-estragos-en-narino-autoridades-en-maxima-alerta\/","url":"https:\/\/pagina10.com\/web\/lluvias-siguen-provocando-estragos-en-narino-autoridades-en-maxima-alerta\/","name":"Lluvias siguen provocando estragos en Nari\u00f1o, autoridades en m\u00e1xima alerta | P\u00e1gina10","isPartOf":{"@id":"https:\/\/pagina10.com\/web\/#website"},"primaryImageOfPage":{"@id":"https:\/\/pagina10.com\/web\/lluvias-siguen-provocando-estragos-en-narino-autoridades-en-maxima-alerta\/#primaryimage"},"image":{"@id":"https:\/\/pagina10.com\/web\/lluvias-siguen-provocando-estragos-en-narino-autoridades-en-maxima-alerta\/#primaryimage"},"thumbnailUrl":"https:\/\/pagina10.com\/web\/wp-content\/uploads\/2022\/07\/Sin-titulo-8-1080x675-1.jpg","datePublished":"2022-07-07T01:22:38+00:00","breadcrumb":{"@id":"https:\/\/pagina10.com\/web\/lluvias-siguen-provocando-estragos-en-narino-autoridades-en-maxima-alerta\/#breadcrumb"},"inLanguage":"es","potentialAction":[{"@type":"ReadAction","target":["https:\/\/pagina10.com\/web\/lluvias-siguen-provocando-estragos-en-narino-autoridades-en-maxima-alerta\/"]}]},{"@type":"ImageObject","inLanguage":"es","@id":"https:\/\/pagina10.com\/web\/lluvias-siguen-provocando-estragos-en-narino-autoridades-en-maxima-alerta\/#primaryimage","url":"https:\/\/pagina10.com\/web\/wp-content\/uploads\/2022\/07\/Sin-titulo-8-1080x675-1.jpg","contentUrl":"https:\/\/pagina10.com\/web\/wp-content\/uploads\/2022\/07\/Sin-titulo-8-1080x675-1.jpg","width":1080,"height":675},{"@type":"BreadcrumbList","@id":"https:\/\/pagina10.com\/web\/lluvias-siguen-provocando-estragos-en-narino-autoridades-en-maxima-alerta\/#breadcrumb","itemListElement":[{"@type":"ListItem","position":1,"name":"Portada","item":"https:\/\/pagina10.com\/web\/"},{"@type":"ListItem","position":2,"name":"Lluvias siguen provocando estragos en Nari\u00f1o, autoridades en m\u00e1xima alerta"}]},{"@type":"WebSite","@id":"https:\/\/pagina10.com\/web\/#website","url":"https:\/\/pagina10.com\/web\/","name":"P\u00e1gina10","description":"Peri\u00f3dico Regional","publisher":{"@id":"https:\/\/pagina10.com\/web\/#organization"},"alternateName":"P\u00e1gina10 Peri\u00f3dico Regional","potentialAction":[{"@type":"SearchAction","target":{"@type":"EntryPoint","urlTemplate":"https:\/\/pagina10.com\/web\/?s={search_term_string}"},"query-input":{"@type":"PropertyValueSpecification","valueRequired":true,"valueName":"search_term_string"}}],"inLanguage":"es"},{"@type":"Organization","@id":"https:\/\/pagina10.com\/web\/#organization","name":"P\u00e1gina10","alternateName":"P\u00e1gina10 Peri\u00f3dico Regional","url":"https:\/\/pagina10.com\/web\/","logo":{"@type":"ImageObject","inLanguage":"es","@id":"https:\/\/pagina10.com\/web\/#\/schema\/logo\/image\/","url":"https:\/\/pagina10.com\/web\/wp-content\/uploads\/2024\/01\/40-pagina-10-periodico-regional-pasto.jpg","contentUrl":"https:\/\/pagina10.com\/web\/wp-content\/uploads\/2024\/01\/40-pagina-10-periodico-regional-pasto.jpg","width":1280,"height":720,"caption":"P\u00e1gina10"},"image":{"@id":"https:\/\/pagina10.com\/web\/#\/schema\/logo\/image\/"},"sameAs":["https:\/\/www.facebook.com\/pag10com","https:\/\/x.com\/Pag10com","https:\/\/www.instagram.com\/pagina10col\/","https:\/\/youtube.com\/channel\/pag10","https:\/\/www.tiktok.com\/@p10col"]},{"@type":"Person","@id":"https:\/\/pagina10.com\/web\/#\/schema\/person\/2efc4a090d25b667d3bc796798a3a81b","name":"P\u00e1gina 10","description":"P\u00e1gina 10 es un peri\u00f3dico regional que nace en Colombia, en el departamento de Nari\u00f1o, con un enfoque global, fundamentado en cuatro pilares esenciales: la libertad, el pluralismo, la inclusi\u00f3n y la independencia. P\u00e1gina 10 hace referencia a Nari\u00f1o como el d\u00e9cimo departamento creado en Colombia, despu\u00e9s de un proceso pol\u00edtico liderado por actores y actrices regionales con el fin de obtener la independencia y autonom\u00eda de nuestros territorios. Con la creaci\u00f3n de P\u00e1gina 10 se pretende abrir un escenario para el dialogo, la reflexi\u00f3n y el debate que se extienda a otras geograf\u00edas de Am\u00e9rica Latina y del planeta, en una apuesta por transformar colectivamente los desaf\u00edos de un mundo contempor\u00e1neo, m\u00e1s all\u00e1 de las fronteras impuestas.","url":"https:\/\/pagina10.com\/web\/author\/pdiezadmin\/"}]}},"_links":{"self":[{"href":"https:\/\/pagina10.com\/web\/wp-json\/wp\/v2\/posts\/60296","targetHints":{"allow":["GET"]}}],"collection":[{"href":"https:\/\/pagina10.com\/web\/wp-json\/wp\/v2\/posts"}],"about":[{"href":"https:\/\/pagina10.com\/web\/wp-json\/wp\/v2\/types\/post"}],"author":[{"embeddable":true,"href":"https:\/\/pagina10.com\/web\/wp-json\/wp\/v2\/users\/1"}],"replies":[{"embeddable":true,"href":"https:\/\/pagina10.com\/web\/wp-json\/wp\/v2\/comments?post=60296"}],"version-history":[{"count":1,"href":"https:\/\/pagina10.com\/web\/wp-json\/wp\/v2\/posts\/60296\/revisions"}],"predecessor-version":[{"id":60298,"href":"https:\/\/pagina10.com\/web\/wp-json\/wp\/v2\/posts\/60296\/revisions\/60298"}],"wp:featuredmedia":[{"embeddable":true,"href":"https:\/\/pagina10.com\/web\/wp-json\/wp\/v2\/media\/60297"}],"wp:attachment":[{"href":"https:\/\/pagina10.com\/web\/wp-json\/wp\/v2\/media?parent=60296"}],"wp:term":[{"taxonomy":"category","embeddable":true,"href":"https:\/\/pagina10.com\/web\/wp-json\/wp\/v2\/categories?post=60296"},{"taxonomy":"post_tag","embeddable":true,"href":"https:\/\/pagina10.com\/web\/wp-json\/wp\/v2\/tags?post=60296"}],"curies":[{"name":"wp","href":"https:\/\/api.w.org\/{rel}","templated":true}]}}