{"id":60303,"date":"2022-07-07T14:00:32","date_gmt":"2022-07-07T19:00:32","guid":{"rendered":"https:\/\/pagina10.com\/web\/?p=60303"},"modified":"2022-07-07T13:53:06","modified_gmt":"2022-07-07T18:53:06","slug":"corte-no-abrira-investigacion-contra-petro-por-presuntas-irregularidades-en-financiacion-de-campana-del-2018","status":"publish","type":"post","link":"https:\/\/pagina10.com\/web\/corte-no-abrira-investigacion-contra-petro-por-presuntas-irregularidades-en-financiacion-de-campana-del-2018\/","title":{"rendered":"Corte no abrir\u00e1 investigaci\u00f3n contra Petro por presuntas irregularidades en financiaci\u00f3n de campa\u00f1a del 2018"},"content":{"rendered":"<p style=\"text-align: justify;\">Las denuncias contra el senador y presidente electo, indicaban que servidores p\u00fablicos financiaron su campa\u00f1a en el a\u00f1o 2018. Adem\u00e1s, hab\u00eda sido denunciado ante el Consejo Nacional Electoral y la Corte Suprema de Justicia por el supuesto apoyo por parte de la empresa Mon\u00f3meros, vinculada a la petrolera venezolana PDVSA, con lo que estar\u00eda infringiendo la ley que proh\u00edbe el aporte a las campa\u00f1as pol\u00edticas de empresas o personas extranjeras.<\/p>\n<p style=\"text-align: justify;\">Sin embargo, la Corte concluy\u00f3 que no hay evidencia de que dicha empresa haya realizado aportes a la campa\u00f1a presidencial de 2018 del investigado, en contrav\u00eda de la regulaci\u00f3n legal de la financiaci\u00f3n de las campa\u00f1as. As\u00ed mismo, concluy\u00f3 que la gerencia de campa\u00f1a se cuid\u00f3 de que no entraran recursos econ\u00f3micos de procedencia indebida.<\/p>\n<p style=\"text-align: justify;\">\u201cDicha actividad proselitista se nutri\u00f3 preponderantemente de recursos provenientes de cr\u00e9ditos con entidades financieras, mientras que las manifestaciones incriminatorias de la denuncia, como el mismo quejoso lo expres\u00f3, se fundaron en conjeturas personales y en lo que transmitieron medios de comunicaci\u00f3n\u201d, precis\u00f3 la Corte.<\/p>\n","protected":false},"excerpt":{"rendered":"<p>Las denuncias contra el senador y presidente electo, indicaban que servidores p\u00fablicos financiaron su campa\u00f1a en el a\u00f1o 2018. Adem\u00e1s, hab\u00eda sido denunciado ante el Consejo Nacional Electoral y la Corte Suprema de Justicia por el supuesto apoyo por parte de la empresa Mon\u00f3meros, vinculada a la petrolera venezolana PDVSA, con lo que estar\u00eda infringiendo [&hellip;]<\/p>\n","protected":false},"author":1,"featured_media":60304,"comment_status":"open","ping_status":"open","sticky":false,"template":"","format":"standard","meta":{"footnotes":""},"categories":[94],"tags":[],"class_list":["post-60303","post","type-post","status-publish","format-standard","has-post-thumbnail","hentry","category-nacional-global-2"],"yoast_head":"<!-- This site is optimized with the Yoast SEO plugin v27.1.1 - https:\/\/yoast.com\/product\/yoast-seo-wordpress\/ -->\n<title>Corte no abrir\u00e1 investigaci\u00f3n contra Petro por presuntas irregularidades en financiaci\u00f3n de campa\u00f1a del 2018 | P\u00e1gina10<\/title>\n<meta name=\"robots\" content=\"index, follow, max-snippet:-1, max-image-preview:large, max-video-preview:-1\" \/>\n<link rel=\"canonical\" href=\"https:\/\/pagina10.com\/web\/corte-no-abrira-investigacion-contra-petro-por-presuntas-irregularidades-en-financiacion-de-campana-del-2018\/\" \/>\n<meta property=\"og:locale\" content=\"es_ES\" \/>\n<meta property=\"og:type\" content=\"article\" \/>\n<meta property=\"og:title\" content=\"Corte no abrir\u00e1 investigaci\u00f3n contra Petro por presuntas irregularidades en financiaci\u00f3n de campa\u00f1a del 2018 | P\u00e1gina10\" \/>\n<meta property=\"og:description\" content=\"Las denuncias contra el senador y presidente electo, indicaban que servidores p\u00fablicos financiaron su campa\u00f1a en el a\u00f1o 2018. Adem\u00e1s, hab\u00eda sido denunciado ante el Consejo Nacional Electoral y la Corte Suprema de Justicia por el supuesto apoyo por parte de la empresa Mon\u00f3meros, vinculada a la petrolera venezolana PDVSA, con lo que estar\u00eda infringiendo [&hellip;]\" \/>\n<meta property=\"og:url\" content=\"https:\/\/pagina10.com\/web\/corte-no-abrira-investigacion-contra-petro-por-presuntas-irregularidades-en-financiacion-de-campana-del-2018\/\" \/>\n<meta property=\"og:site_name\" content=\"P\u00e1gina10\" \/>\n<meta property=\"article:publisher\" content=\"https:\/\/www.facebook.com\/pag10com\" \/>\n<meta property=\"article:published_time\" content=\"2022-07-07T19:00:32+00:00\" \/>\n<meta property=\"og:image\" content=\"https:\/\/pagina10.com\/web\/wp-content\/uploads\/2022\/07\/d1d2b36d-5226-405f-aadc-4a23d18e6535_alta-libre-aspect-ratio_default_0.jpg\" \/>\n\t<meta property=\"og:image:width\" content=\"1200\" \/>\n\t<meta property=\"og:image:height\" content=\"675\" \/>\n\t<meta property=\"og:image:type\" content=\"image\/jpeg\" \/>\n<meta name=\"author\" content=\"P\u00e1gina 10\" \/>\n<meta name=\"twitter:card\" content=\"summary_large_image\" \/>\n<meta name=\"twitter:creator\" content=\"@Pag10com\" \/>\n<meta name=\"twitter:site\" content=\"@Pag10com\" \/>\n<meta name=\"twitter:label1\" content=\"Escrito por\" \/>\n\t<meta name=\"twitter:data1\" content=\"P\u00e1gina 10\" \/>\n\t<meta name=\"twitter:label2\" content=\"Tiempo de lectura\" \/>\n\t<meta name=\"twitter:data2\" content=\"1 minuto\" \/>\n<script type=\"application\/ld+json\" class=\"yoast-schema-graph\">{\"@context\":\"https:\/\/schema.org\",\"@graph\":[{\"@type\":\"Article\",\"@id\":\"https:\/\/pagina10.com\/web\/corte-no-abrira-investigacion-contra-petro-por-presuntas-irregularidades-en-financiacion-de-campana-del-2018\/#article\",\"isPartOf\":{\"@id\":\"https:\/\/pagina10.com\/web\/corte-no-abrira-investigacion-contra-petro-por-presuntas-irregularidades-en-financiacion-de-campana-del-2018\/\"},\"author\":{\"name\":\"P\u00e1gina 10\",\"@id\":\"https:\/\/pagina10.com\/web\/#\/schema\/person\/2efc4a090d25b667d3bc796798a3a81b\"},\"headline\":\"Corte no abrir\u00e1 investigaci\u00f3n contra Petro por presuntas irregularidades en financiaci\u00f3n de campa\u00f1a del 2018\",\"datePublished\":\"2022-07-07T19:00:32+00:00\",\"mainEntityOfPage\":{\"@id\":\"https:\/\/pagina10.com\/web\/corte-no-abrira-investigacion-contra-petro-por-presuntas-irregularidades-en-financiacion-de-campana-del-2018\/\"},\"wordCount\":203,\"commentCount\":0,\"publisher\":{\"@id\":\"https:\/\/pagina10.com\/web\/#organization\"},\"image\":{\"@id\":\"https:\/\/pagina10.com\/web\/corte-no-abrira-investigacion-contra-petro-por-presuntas-irregularidades-en-financiacion-de-campana-del-2018\/#primaryimage\"},\"thumbnailUrl\":\"https:\/\/pagina10.com\/web\/wp-content\/uploads\/2022\/07\/d1d2b36d-5226-405f-aadc-4a23d18e6535_alta-libre-aspect-ratio_default_0.jpg\",\"articleSection\":[\"Nacional\"],\"inLanguage\":\"es\",\"potentialAction\":[{\"@type\":\"CommentAction\",\"name\":\"Comment\",\"target\":[\"https:\/\/pagina10.com\/web\/corte-no-abrira-investigacion-contra-petro-por-presuntas-irregularidades-en-financiacion-de-campana-del-2018\/#respond\"]}]},{\"@type\":\"WebPage\",\"@id\":\"https:\/\/pagina10.com\/web\/corte-no-abrira-investigacion-contra-petro-por-presuntas-irregularidades-en-financiacion-de-campana-del-2018\/\",\"url\":\"https:\/\/pagina10.com\/web\/corte-no-abrira-investigacion-contra-petro-por-presuntas-irregularidades-en-financiacion-de-campana-del-2018\/\",\"name\":\"Corte no abrir\u00e1 investigaci\u00f3n contra Petro por presuntas irregularidades en financiaci\u00f3n de campa\u00f1a del 2018 | P\u00e1gina10\",\"isPartOf\":{\"@id\":\"https:\/\/pagina10.com\/web\/#website\"},\"primaryImageOfPage\":{\"@id\":\"https:\/\/pagina10.com\/web\/corte-no-abrira-investigacion-contra-petro-por-presuntas-irregularidades-en-financiacion-de-campana-del-2018\/#primaryimage\"},\"image\":{\"@id\":\"https:\/\/pagina10.com\/web\/corte-no-abrira-investigacion-contra-petro-por-presuntas-irregularidades-en-financiacion-de-campana-del-2018\/#primaryimage\"},\"thumbnailUrl\":\"https:\/\/pagina10.com\/web\/wp-content\/uploads\/2022\/07\/d1d2b36d-5226-405f-aadc-4a23d18e6535_alta-libre-aspect-ratio_default_0.jpg\",\"datePublished\":\"2022-07-07T19:00:32+00:00\",\"breadcrumb\":{\"@id\":\"https:\/\/pagina10.com\/web\/corte-no-abrira-investigacion-contra-petro-por-presuntas-irregularidades-en-financiacion-de-campana-del-2018\/#breadcrumb\"},\"inLanguage\":\"es\",\"potentialAction\":[{\"@type\":\"ReadAction\",\"target\":[\"https:\/\/pagina10.com\/web\/corte-no-abrira-investigacion-contra-petro-por-presuntas-irregularidades-en-financiacion-de-campana-del-2018\/\"]}]},{\"@type\":\"ImageObject\",\"inLanguage\":\"es\",\"@id\":\"https:\/\/pagina10.com\/web\/corte-no-abrira-investigacion-contra-petro-por-presuntas-irregularidades-en-financiacion-de-campana-del-2018\/#primaryimage\",\"url\":\"https:\/\/pagina10.com\/web\/wp-content\/uploads\/2022\/07\/d1d2b36d-5226-405f-aadc-4a23d18e6535_alta-libre-aspect-ratio_default_0.jpg\",\"contentUrl\":\"https:\/\/pagina10.com\/web\/wp-content\/uploads\/2022\/07\/d1d2b36d-5226-405f-aadc-4a23d18e6535_alta-libre-aspect-ratio_default_0.jpg\",\"width\":1200,\"height\":675},{\"@type\":\"BreadcrumbList\",\"@id\":\"https:\/\/pagina10.com\/web\/corte-no-abrira-investigacion-contra-petro-por-presuntas-irregularidades-en-financiacion-de-campana-del-2018\/#breadcrumb\",\"itemListElement\":[{\"@type\":\"ListItem\",\"position\":1,\"name\":\"Portada\",\"item\":\"https:\/\/pagina10.com\/web\/\"},{\"@type\":\"ListItem\",\"position\":2,\"name\":\"Corte no abrir\u00e1 investigaci\u00f3n contra Petro por presuntas irregularidades en financiaci\u00f3n de campa\u00f1a del 2018\"}]},{\"@type\":\"WebSite\",\"@id\":\"https:\/\/pagina10.com\/web\/#website\",\"url\":\"https:\/\/pagina10.com\/web\/\",\"name\":\"P\u00e1gina10\",\"description\":\"Peri\u00f3dico Regional\",\"publisher\":{\"@id\":\"https:\/\/pagina10.com\/web\/#organization\"},\"alternateName\":\"P\u00e1gina10 Peri\u00f3dico Regional\",\"potentialAction\":[{\"@type\":\"SearchAction\",\"target\":{\"@type\":\"EntryPoint\",\"urlTemplate\":\"https:\/\/pagina10.com\/web\/?s={search_term_string}\"},\"query-input\":{\"@type\":\"PropertyValueSpecification\",\"valueRequired\":true,\"valueName\":\"search_term_string\"}}],\"inLanguage\":\"es\"},{\"@type\":\"Organization\",\"@id\":\"https:\/\/pagina10.com\/web\/#organization\",\"name\":\"P\u00e1gina10\",\"alternateName\":\"P\u00e1gina10 Peri\u00f3dico Regional\",\"url\":\"https:\/\/pagina10.com\/web\/\",\"logo\":{\"@type\":\"ImageObject\",\"inLanguage\":\"es\",\"@id\":\"https:\/\/pagina10.com\/web\/#\/schema\/logo\/image\/\",\"url\":\"https:\/\/pagina10.com\/web\/wp-content\/uploads\/2024\/01\/40-pagina-10-periodico-regional-pasto.jpg\",\"contentUrl\":\"https:\/\/pagina10.com\/web\/wp-content\/uploads\/2024\/01\/40-pagina-10-periodico-regional-pasto.jpg\",\"width\":1280,\"height\":720,\"caption\":\"P\u00e1gina10\"},\"image\":{\"@id\":\"https:\/\/pagina10.com\/web\/#\/schema\/logo\/image\/\"},\"sameAs\":[\"https:\/\/www.facebook.com\/pag10com\",\"https:\/\/x.com\/Pag10com\",\"https:\/\/www.instagram.com\/pagina10col\/\",\"https:\/\/youtube.com\/channel\/pag10\",\"https:\/\/www.tiktok.com\/@p10col\"]},{\"@type\":\"Person\",\"@id\":\"https:\/\/pagina10.com\/web\/#\/schema\/person\/2efc4a090d25b667d3bc796798a3a81b\",\"name\":\"P\u00e1gina 10\",\"description\":\"P\u00e1gina 10 es un peri\u00f3dico regional que nace en Colombia, en el departamento de Nari\u00f1o, con un enfoque global, fundamentado en cuatro pilares esenciales: la libertad, el pluralismo, la inclusi\u00f3n y la independencia. P\u00e1gina 10 hace referencia a Nari\u00f1o como el d\u00e9cimo departamento creado en Colombia, despu\u00e9s de un proceso pol\u00edtico liderado por actores y actrices regionales con el fin de obtener la independencia y autonom\u00eda de nuestros territorios. Con la creaci\u00f3n de P\u00e1gina 10 se pretende abrir un escenario para el dialogo, la reflexi\u00f3n y el debate que se extienda a otras geograf\u00edas de Am\u00e9rica Latina y del planeta, en una apuesta por transformar colectivamente los desaf\u00edos de un mundo contempor\u00e1neo, m\u00e1s all\u00e1 de las fronteras impuestas.\",\"url\":\"https:\/\/pagina10.com\/web\/author\/pdiezadmin\/\"}]}<\/script>\n<!-- \/ Yoast SEO plugin. -->","yoast_head_json":{"title":"Corte no abrir\u00e1 investigaci\u00f3n contra Petro por presuntas irregularidades en financiaci\u00f3n de campa\u00f1a del 2018 | P\u00e1gina10","robots":{"index":"index","follow":"follow","max-snippet":"max-snippet:-1","max-image-preview":"max-image-preview:large","max-video-preview":"max-video-preview:-1"},"canonical":"https:\/\/pagina10.com\/web\/corte-no-abrira-investigacion-contra-petro-por-presuntas-irregularidades-en-financiacion-de-campana-del-2018\/","og_locale":"es_ES","og_type":"article","og_title":"Corte no abrir\u00e1 investigaci\u00f3n contra Petro por presuntas irregularidades en financiaci\u00f3n de campa\u00f1a del 2018 | P\u00e1gina10","og_description":"Las denuncias contra el senador y presidente electo, indicaban que servidores p\u00fablicos financiaron su campa\u00f1a en el a\u00f1o 2018. Adem\u00e1s, hab\u00eda sido denunciado ante el Consejo Nacional Electoral y la Corte Suprema de Justicia por el supuesto apoyo por parte de la empresa Mon\u00f3meros, vinculada a la petrolera venezolana PDVSA, con lo que estar\u00eda infringiendo [&hellip;]","og_url":"https:\/\/pagina10.com\/web\/corte-no-abrira-investigacion-contra-petro-por-presuntas-irregularidades-en-financiacion-de-campana-del-2018\/","og_site_name":"P\u00e1gina10","article_publisher":"https:\/\/www.facebook.com\/pag10com","article_published_time":"2022-07-07T19:00:32+00:00","og_image":[{"width":1200,"height":675,"url":"https:\/\/pagina10.com\/web\/wp-content\/uploads\/2022\/07\/d1d2b36d-5226-405f-aadc-4a23d18e6535_alta-libre-aspect-ratio_default_0.jpg","type":"image\/jpeg"}],"author":"P\u00e1gina 10","twitter_card":"summary_large_image","twitter_creator":"@Pag10com","twitter_site":"@Pag10com","twitter_misc":{"Escrito por":"P\u00e1gina 10","Tiempo de lectura":"1 minuto"},"schema":{"@context":"https:\/\/schema.org","@graph":[{"@type":"Article","@id":"https:\/\/pagina10.com\/web\/corte-no-abrira-investigacion-contra-petro-por-presuntas-irregularidades-en-financiacion-de-campana-del-2018\/#article","isPartOf":{"@id":"https:\/\/pagina10.com\/web\/corte-no-abrira-investigacion-contra-petro-por-presuntas-irregularidades-en-financiacion-de-campana-del-2018\/"},"author":{"name":"P\u00e1gina 10","@id":"https:\/\/pagina10.com\/web\/#\/schema\/person\/2efc4a090d25b667d3bc796798a3a81b"},"headline":"Corte no abrir\u00e1 investigaci\u00f3n contra Petro por presuntas irregularidades en financiaci\u00f3n de campa\u00f1a del 2018","datePublished":"2022-07-07T19:00:32+00:00","mainEntityOfPage":{"@id":"https:\/\/pagina10.com\/web\/corte-no-abrira-investigacion-contra-petro-por-presuntas-irregularidades-en-financiacion-de-campana-del-2018\/"},"wordCount":203,"commentCount":0,"publisher":{"@id":"https:\/\/pagina10.com\/web\/#organization"},"image":{"@id":"https:\/\/pagina10.com\/web\/corte-no-abrira-investigacion-contra-petro-por-presuntas-irregularidades-en-financiacion-de-campana-del-2018\/#primaryimage"},"thumbnailUrl":"https:\/\/pagina10.com\/web\/wp-content\/uploads\/2022\/07\/d1d2b36d-5226-405f-aadc-4a23d18e6535_alta-libre-aspect-ratio_default_0.jpg","articleSection":["Nacional"],"inLanguage":"es","potentialAction":[{"@type":"CommentAction","name":"Comment","target":["https:\/\/pagina10.com\/web\/corte-no-abrira-investigacion-contra-petro-por-presuntas-irregularidades-en-financiacion-de-campana-del-2018\/#respond"]}]},{"@type":"WebPage","@id":"https:\/\/pagina10.com\/web\/corte-no-abrira-investigacion-contra-petro-por-presuntas-irregularidades-en-financiacion-de-campana-del-2018\/","url":"https:\/\/pagina10.com\/web\/corte-no-abrira-investigacion-contra-petro-por-presuntas-irregularidades-en-financiacion-de-campana-del-2018\/","name":"Corte no abrir\u00e1 investigaci\u00f3n contra Petro por presuntas irregularidades en financiaci\u00f3n de campa\u00f1a del 2018 | P\u00e1gina10","isPartOf":{"@id":"https:\/\/pagina10.com\/web\/#website"},"primaryImageOfPage":{"@id":"https:\/\/pagina10.com\/web\/corte-no-abrira-investigacion-contra-petro-por-presuntas-irregularidades-en-financiacion-de-campana-del-2018\/#primaryimage"},"image":{"@id":"https:\/\/pagina10.com\/web\/corte-no-abrira-investigacion-contra-petro-por-presuntas-irregularidades-en-financiacion-de-campana-del-2018\/#primaryimage"},"thumbnailUrl":"https:\/\/pagina10.com\/web\/wp-content\/uploads\/2022\/07\/d1d2b36d-5226-405f-aadc-4a23d18e6535_alta-libre-aspect-ratio_default_0.jpg","datePublished":"2022-07-07T19:00:32+00:00","breadcrumb":{"@id":"https:\/\/pagina10.com\/web\/corte-no-abrira-investigacion-contra-petro-por-presuntas-irregularidades-en-financiacion-de-campana-del-2018\/#breadcrumb"},"inLanguage":"es","potentialAction":[{"@type":"ReadAction","target":["https:\/\/pagina10.com\/web\/corte-no-abrira-investigacion-contra-petro-por-presuntas-irregularidades-en-financiacion-de-campana-del-2018\/"]}]},{"@type":"ImageObject","inLanguage":"es","@id":"https:\/\/pagina10.com\/web\/corte-no-abrira-investigacion-contra-petro-por-presuntas-irregularidades-en-financiacion-de-campana-del-2018\/#primaryimage","url":"https:\/\/pagina10.com\/web\/wp-content\/uploads\/2022\/07\/d1d2b36d-5226-405f-aadc-4a23d18e6535_alta-libre-aspect-ratio_default_0.jpg","contentUrl":"https:\/\/pagina10.com\/web\/wp-content\/uploads\/2022\/07\/d1d2b36d-5226-405f-aadc-4a23d18e6535_alta-libre-aspect-ratio_default_0.jpg","width":1200,"height":675},{"@type":"BreadcrumbList","@id":"https:\/\/pagina10.com\/web\/corte-no-abrira-investigacion-contra-petro-por-presuntas-irregularidades-en-financiacion-de-campana-del-2018\/#breadcrumb","itemListElement":[{"@type":"ListItem","position":1,"name":"Portada","item":"https:\/\/pagina10.com\/web\/"},{"@type":"ListItem","position":2,"name":"Corte no abrir\u00e1 investigaci\u00f3n contra Petro por presuntas irregularidades en financiaci\u00f3n de campa\u00f1a del 2018"}]},{"@type":"WebSite","@id":"https:\/\/pagina10.com\/web\/#website","url":"https:\/\/pagina10.com\/web\/","name":"P\u00e1gina10","description":"Peri\u00f3dico Regional","publisher":{"@id":"https:\/\/pagina10.com\/web\/#organization"},"alternateName":"P\u00e1gina10 Peri\u00f3dico Regional","potentialAction":[{"@type":"SearchAction","target":{"@type":"EntryPoint","urlTemplate":"https:\/\/pagina10.com\/web\/?s={search_term_string}"},"query-input":{"@type":"PropertyValueSpecification","valueRequired":true,"valueName":"search_term_string"}}],"inLanguage":"es"},{"@type":"Organization","@id":"https:\/\/pagina10.com\/web\/#organization","name":"P\u00e1gina10","alternateName":"P\u00e1gina10 Peri\u00f3dico Regional","url":"https:\/\/pagina10.com\/web\/","logo":{"@type":"ImageObject","inLanguage":"es","@id":"https:\/\/pagina10.com\/web\/#\/schema\/logo\/image\/","url":"https:\/\/pagina10.com\/web\/wp-content\/uploads\/2024\/01\/40-pagina-10-periodico-regional-pasto.jpg","contentUrl":"https:\/\/pagina10.com\/web\/wp-content\/uploads\/2024\/01\/40-pagina-10-periodico-regional-pasto.jpg","width":1280,"height":720,"caption":"P\u00e1gina10"},"image":{"@id":"https:\/\/pagina10.com\/web\/#\/schema\/logo\/image\/"},"sameAs":["https:\/\/www.facebook.com\/pag10com","https:\/\/x.com\/Pag10com","https:\/\/www.instagram.com\/pagina10col\/","https:\/\/youtube.com\/channel\/pag10","https:\/\/www.tiktok.com\/@p10col"]},{"@type":"Person","@id":"https:\/\/pagina10.com\/web\/#\/schema\/person\/2efc4a090d25b667d3bc796798a3a81b","name":"P\u00e1gina 10","description":"P\u00e1gina 10 es un peri\u00f3dico regional que nace en Colombia, en el departamento de Nari\u00f1o, con un enfoque global, fundamentado en cuatro pilares esenciales: la libertad, el pluralismo, la inclusi\u00f3n y la independencia. P\u00e1gina 10 hace referencia a Nari\u00f1o como el d\u00e9cimo departamento creado en Colombia, despu\u00e9s de un proceso pol\u00edtico liderado por actores y actrices regionales con el fin de obtener la independencia y autonom\u00eda de nuestros territorios. Con la creaci\u00f3n de P\u00e1gina 10 se pretende abrir un escenario para el dialogo, la reflexi\u00f3n y el debate que se extienda a otras geograf\u00edas de Am\u00e9rica Latina y del planeta, en una apuesta por transformar colectivamente los desaf\u00edos de un mundo contempor\u00e1neo, m\u00e1s all\u00e1 de las fronteras impuestas.","url":"https:\/\/pagina10.com\/web\/author\/pdiezadmin\/"}]}},"_links":{"self":[{"href":"https:\/\/pagina10.com\/web\/wp-json\/wp\/v2\/posts\/60303","targetHints":{"allow":["GET"]}}],"collection":[{"href":"https:\/\/pagina10.com\/web\/wp-json\/wp\/v2\/posts"}],"about":[{"href":"https:\/\/pagina10.com\/web\/wp-json\/wp\/v2\/types\/post"}],"author":[{"embeddable":true,"href":"https:\/\/pagina10.com\/web\/wp-json\/wp\/v2\/users\/1"}],"replies":[{"embeddable":true,"href":"https:\/\/pagina10.com\/web\/wp-json\/wp\/v2\/comments?post=60303"}],"version-history":[{"count":1,"href":"https:\/\/pagina10.com\/web\/wp-json\/wp\/v2\/posts\/60303\/revisions"}],"predecessor-version":[{"id":60305,"href":"https:\/\/pagina10.com\/web\/wp-json\/wp\/v2\/posts\/60303\/revisions\/60305"}],"wp:featuredmedia":[{"embeddable":true,"href":"https:\/\/pagina10.com\/web\/wp-json\/wp\/v2\/media\/60304"}],"wp:attachment":[{"href":"https:\/\/pagina10.com\/web\/wp-json\/wp\/v2\/media?parent=60303"}],"wp:term":[{"taxonomy":"category","embeddable":true,"href":"https:\/\/pagina10.com\/web\/wp-json\/wp\/v2\/categories?post=60303"},{"taxonomy":"post_tag","embeddable":true,"href":"https:\/\/pagina10.com\/web\/wp-json\/wp\/v2\/tags?post=60303"}],"curies":[{"name":"wp","href":"https:\/\/api.w.org\/{rel}","templated":true}]}}