{"id":60311,"date":"2022-07-07T20:49:26","date_gmt":"2022-07-08T01:49:26","guid":{"rendered":"https:\/\/pagina10.com\/web\/?p=60311"},"modified":"2022-07-08T08:15:29","modified_gmt":"2022-07-08T13:15:29","slug":"integran-a-pastuso-en-equipo-de-empalme-del-gobierno-petro","status":"publish","type":"post","link":"https:\/\/pagina10.com\/web\/integran-a-pastuso-en-equipo-de-empalme-del-gobierno-petro\/","title":{"rendered":"Integran a pastuso en equipo de empalme del Gobierno Petro"},"content":{"rendered":"<p style=\"text-align: justify;\">Se trata de Pablo Pardo Velasco quien fue asignado al equipo de empalme del sector paz de la Presidencia de la Rep\u00fablica. El pastuso de 38 a\u00f1os es hijo de la excandidata a la Alcald\u00eda de Pasto y dirigente progresista Mar\u00eda Antonia Velazco; cuenta con estudios de politolog\u00eda en la Universidad Javeriana, es especialista en Estado, pol\u00edticas p\u00fablicas y desarrollo de la Univseridad de Los Andes y fue candidato al concejo de Pasto para el periodo 2016-2019.<\/p>\n<p style=\"text-align: justify;\">Sobre su designaci\u00f3n emiti\u00f3 el siguiente mensaje a trav\u00e9s de sus redes sociales: \u201cVamos por La Paz grande en Colombia liderados por Gustavo Petro y Francia M\u00e1rquez\u201d. Dicha publicaci\u00f3n la acompa\u00f1\u00f3 con una fotograf\u00eda donde se encuentra el equipo completo designado para tal labor.<\/p>\n<p style=\"text-align: justify;\">Durante su carrera profesional ha ocupado cargos como investigador en el equipo de desarme, desmovilizaci\u00f3n y reintegraci\u00f3n de la Comisi\u00f3n Nacional de Reparaci\u00f3n y Reconciliaci\u00f3n; coordinador del equipo de integraci\u00f3n regional, Construcci\u00f3n RAPE en la Bogot\u00e1 Humana: coordinador de reparaci\u00f3n colectiva de v\u00edctimas zona sur 2 Nari\u00f1o y Putumayo en la Unidad de V\u00edctimas. Comisionado de Paz de la Gobernaci\u00f3n de Nari\u00f1o; Alta consejer\u00eda de Paz en la Alcald\u00eda de Bogot\u00e1; asesor temas de paz, v\u00edctimas y reconciliaci\u00f3n; asesor de Despacho para temas de participaci\u00f3n, formulaci\u00f3n de pol\u00edtica y construcci\u00f3n de agendas territoriales de paz, reconciliaci\u00f3n y no estigmatizaci\u00f3n en Bogot\u00e1-Regi\u00f3n y enlace nacional de la campa\u00f1a \u201cColombia potencia de vida\u201d de Petro y Francia en Nari\u00f1o.<\/p>\n","protected":false},"excerpt":{"rendered":"<p>Se trata de Pablo Pardo Velasco quien fue asignado al equipo de empalme del sector paz de la Presidencia de la Rep\u00fablica. El pastuso de 38 a\u00f1os es hijo de la excandidata a la Alcald\u00eda de Pasto y dirigente progresista Mar\u00eda Antonia Velazco; cuenta con estudios de politolog\u00eda en la Universidad Javeriana, es especialista en [&hellip;]<\/p>\n","protected":false},"author":1,"featured_media":60312,"comment_status":"open","ping_status":"open","sticky":false,"template":"","format":"standard","meta":{"footnotes":""},"categories":[94,1528],"tags":[],"class_list":["post-60311","post","type-post","status-publish","format-standard","has-post-thumbnail","hentry","category-nacional-global-2","category-titulares"],"yoast_head":"<!-- This site is optimized with the Yoast SEO plugin v27.1.1 - https:\/\/yoast.com\/product\/yoast-seo-wordpress\/ -->\n<title>Integran a pastuso en equipo de empalme del Gobierno Petro | P\u00e1gina10<\/title>\n<meta name=\"robots\" content=\"index, follow, max-snippet:-1, max-image-preview:large, max-video-preview:-1\" \/>\n<link rel=\"canonical\" href=\"https:\/\/pagina10.com\/web\/integran-a-pastuso-en-equipo-de-empalme-del-gobierno-petro\/\" \/>\n<meta property=\"og:locale\" content=\"es_ES\" \/>\n<meta property=\"og:type\" content=\"article\" \/>\n<meta property=\"og:title\" content=\"Integran a pastuso en equipo de empalme del Gobierno Petro | P\u00e1gina10\" \/>\n<meta property=\"og:description\" content=\"Se trata de Pablo Pardo Velasco quien fue asignado al equipo de empalme del sector paz de la Presidencia de la Rep\u00fablica. El pastuso de 38 a\u00f1os es hijo de la excandidata a la Alcald\u00eda de Pasto y dirigente progresista Mar\u00eda Antonia Velazco; cuenta con estudios de politolog\u00eda en la Universidad Javeriana, es especialista en [&hellip;]\" \/>\n<meta property=\"og:url\" content=\"https:\/\/pagina10.com\/web\/integran-a-pastuso-en-equipo-de-empalme-del-gobierno-petro\/\" \/>\n<meta property=\"og:site_name\" content=\"P\u00e1gina10\" \/>\n<meta property=\"article:publisher\" content=\"https:\/\/www.facebook.com\/pag10com\" \/>\n<meta property=\"article:published_time\" content=\"2022-07-08T01:49:26+00:00\" \/>\n<meta property=\"article:modified_time\" content=\"2022-07-08T13:15:29+00:00\" \/>\n<meta property=\"og:image\" content=\"https:\/\/pagina10.com\/web\/wp-content\/uploads\/2022\/07\/31369615_10160395980000472_6951421350106612482_n-e1657244945344.jpg\" \/>\n\t<meta property=\"og:image:width\" content=\"960\" \/>\n\t<meta property=\"og:image:height\" content=\"585\" \/>\n\t<meta property=\"og:image:type\" content=\"image\/jpeg\" \/>\n<meta name=\"author\" content=\"P\u00e1gina 10\" \/>\n<meta name=\"twitter:card\" content=\"summary_large_image\" \/>\n<meta name=\"twitter:creator\" content=\"@Pag10com\" \/>\n<meta name=\"twitter:site\" content=\"@Pag10com\" \/>\n<meta name=\"twitter:label1\" content=\"Escrito por\" \/>\n\t<meta name=\"twitter:data1\" content=\"P\u00e1gina 10\" \/>\n\t<meta name=\"twitter:label2\" content=\"Tiempo de lectura\" \/>\n\t<meta name=\"twitter:data2\" content=\"1 minuto\" \/>\n<script type=\"application\/ld+json\" class=\"yoast-schema-graph\">{\"@context\":\"https:\/\/schema.org\",\"@graph\":[{\"@type\":\"Article\",\"@id\":\"https:\/\/pagina10.com\/web\/integran-a-pastuso-en-equipo-de-empalme-del-gobierno-petro\/#article\",\"isPartOf\":{\"@id\":\"https:\/\/pagina10.com\/web\/integran-a-pastuso-en-equipo-de-empalme-del-gobierno-petro\/\"},\"author\":{\"name\":\"P\u00e1gina 10\",\"@id\":\"https:\/\/pagina10.com\/web\/#\/schema\/person\/2efc4a090d25b667d3bc796798a3a81b\"},\"headline\":\"Integran a pastuso en equipo de empalme del Gobierno Petro\",\"datePublished\":\"2022-07-08T01:49:26+00:00\",\"dateModified\":\"2022-07-08T13:15:29+00:00\",\"mainEntityOfPage\":{\"@id\":\"https:\/\/pagina10.com\/web\/integran-a-pastuso-en-equipo-de-empalme-del-gobierno-petro\/\"},\"wordCount\":285,\"commentCount\":0,\"publisher\":{\"@id\":\"https:\/\/pagina10.com\/web\/#organization\"},\"image\":{\"@id\":\"https:\/\/pagina10.com\/web\/integran-a-pastuso-en-equipo-de-empalme-del-gobierno-petro\/#primaryimage\"},\"thumbnailUrl\":\"https:\/\/pagina10.com\/web\/wp-content\/uploads\/2022\/07\/31369615_10160395980000472_6951421350106612482_n-e1657244945344.jpg\",\"articleSection\":[\"Nacional\",\"Titulares\"],\"inLanguage\":\"es\",\"potentialAction\":[{\"@type\":\"CommentAction\",\"name\":\"Comment\",\"target\":[\"https:\/\/pagina10.com\/web\/integran-a-pastuso-en-equipo-de-empalme-del-gobierno-petro\/#respond\"]}]},{\"@type\":\"WebPage\",\"@id\":\"https:\/\/pagina10.com\/web\/integran-a-pastuso-en-equipo-de-empalme-del-gobierno-petro\/\",\"url\":\"https:\/\/pagina10.com\/web\/integran-a-pastuso-en-equipo-de-empalme-del-gobierno-petro\/\",\"name\":\"Integran a pastuso en equipo de empalme del Gobierno Petro | P\u00e1gina10\",\"isPartOf\":{\"@id\":\"https:\/\/pagina10.com\/web\/#website\"},\"primaryImageOfPage\":{\"@id\":\"https:\/\/pagina10.com\/web\/integran-a-pastuso-en-equipo-de-empalme-del-gobierno-petro\/#primaryimage\"},\"image\":{\"@id\":\"https:\/\/pagina10.com\/web\/integran-a-pastuso-en-equipo-de-empalme-del-gobierno-petro\/#primaryimage\"},\"thumbnailUrl\":\"https:\/\/pagina10.com\/web\/wp-content\/uploads\/2022\/07\/31369615_10160395980000472_6951421350106612482_n-e1657244945344.jpg\",\"datePublished\":\"2022-07-08T01:49:26+00:00\",\"dateModified\":\"2022-07-08T13:15:29+00:00\",\"breadcrumb\":{\"@id\":\"https:\/\/pagina10.com\/web\/integran-a-pastuso-en-equipo-de-empalme-del-gobierno-petro\/#breadcrumb\"},\"inLanguage\":\"es\",\"potentialAction\":[{\"@type\":\"ReadAction\",\"target\":[\"https:\/\/pagina10.com\/web\/integran-a-pastuso-en-equipo-de-empalme-del-gobierno-petro\/\"]}]},{\"@type\":\"ImageObject\",\"inLanguage\":\"es\",\"@id\":\"https:\/\/pagina10.com\/web\/integran-a-pastuso-en-equipo-de-empalme-del-gobierno-petro\/#primaryimage\",\"url\":\"https:\/\/pagina10.com\/web\/wp-content\/uploads\/2022\/07\/31369615_10160395980000472_6951421350106612482_n-e1657244945344.jpg\",\"contentUrl\":\"https:\/\/pagina10.com\/web\/wp-content\/uploads\/2022\/07\/31369615_10160395980000472_6951421350106612482_n-e1657244945344.jpg\",\"width\":960,\"height\":585},{\"@type\":\"BreadcrumbList\",\"@id\":\"https:\/\/pagina10.com\/web\/integran-a-pastuso-en-equipo-de-empalme-del-gobierno-petro\/#breadcrumb\",\"itemListElement\":[{\"@type\":\"ListItem\",\"position\":1,\"name\":\"Portada\",\"item\":\"https:\/\/pagina10.com\/web\/\"},{\"@type\":\"ListItem\",\"position\":2,\"name\":\"Integran a pastuso en equipo de empalme del Gobierno Petro\"}]},{\"@type\":\"WebSite\",\"@id\":\"https:\/\/pagina10.com\/web\/#website\",\"url\":\"https:\/\/pagina10.com\/web\/\",\"name\":\"P\u00e1gina10\",\"description\":\"Peri\u00f3dico Regional\",\"publisher\":{\"@id\":\"https:\/\/pagina10.com\/web\/#organization\"},\"alternateName\":\"P\u00e1gina10 Peri\u00f3dico Regional\",\"potentialAction\":[{\"@type\":\"SearchAction\",\"target\":{\"@type\":\"EntryPoint\",\"urlTemplate\":\"https:\/\/pagina10.com\/web\/?s={search_term_string}\"},\"query-input\":{\"@type\":\"PropertyValueSpecification\",\"valueRequired\":true,\"valueName\":\"search_term_string\"}}],\"inLanguage\":\"es\"},{\"@type\":\"Organization\",\"@id\":\"https:\/\/pagina10.com\/web\/#organization\",\"name\":\"P\u00e1gina10\",\"alternateName\":\"P\u00e1gina10 Peri\u00f3dico Regional\",\"url\":\"https:\/\/pagina10.com\/web\/\",\"logo\":{\"@type\":\"ImageObject\",\"inLanguage\":\"es\",\"@id\":\"https:\/\/pagina10.com\/web\/#\/schema\/logo\/image\/\",\"url\":\"https:\/\/pagina10.com\/web\/wp-content\/uploads\/2024\/01\/40-pagina-10-periodico-regional-pasto.jpg\",\"contentUrl\":\"https:\/\/pagina10.com\/web\/wp-content\/uploads\/2024\/01\/40-pagina-10-periodico-regional-pasto.jpg\",\"width\":1280,\"height\":720,\"caption\":\"P\u00e1gina10\"},\"image\":{\"@id\":\"https:\/\/pagina10.com\/web\/#\/schema\/logo\/image\/\"},\"sameAs\":[\"https:\/\/www.facebook.com\/pag10com\",\"https:\/\/x.com\/Pag10com\",\"https:\/\/www.instagram.com\/pagina10col\/\",\"https:\/\/youtube.com\/channel\/pag10\",\"https:\/\/www.tiktok.com\/@p10col\"]},{\"@type\":\"Person\",\"@id\":\"https:\/\/pagina10.com\/web\/#\/schema\/person\/2efc4a090d25b667d3bc796798a3a81b\",\"name\":\"P\u00e1gina 10\",\"description\":\"P\u00e1gina 10 es un peri\u00f3dico regional que nace en Colombia, en el departamento de Nari\u00f1o, con un enfoque global, fundamentado en cuatro pilares esenciales: la libertad, el pluralismo, la inclusi\u00f3n y la independencia. P\u00e1gina 10 hace referencia a Nari\u00f1o como el d\u00e9cimo departamento creado en Colombia, despu\u00e9s de un proceso pol\u00edtico liderado por actores y actrices regionales con el fin de obtener la independencia y autonom\u00eda de nuestros territorios. Con la creaci\u00f3n de P\u00e1gina 10 se pretende abrir un escenario para el dialogo, la reflexi\u00f3n y el debate que se extienda a otras geograf\u00edas de Am\u00e9rica Latina y del planeta, en una apuesta por transformar colectivamente los desaf\u00edos de un mundo contempor\u00e1neo, m\u00e1s all\u00e1 de las fronteras impuestas.\",\"url\":\"https:\/\/pagina10.com\/web\/author\/pdiezadmin\/\"}]}<\/script>\n<!-- \/ Yoast SEO plugin. -->","yoast_head_json":{"title":"Integran a pastuso en equipo de empalme del Gobierno Petro | P\u00e1gina10","robots":{"index":"index","follow":"follow","max-snippet":"max-snippet:-1","max-image-preview":"max-image-preview:large","max-video-preview":"max-video-preview:-1"},"canonical":"https:\/\/pagina10.com\/web\/integran-a-pastuso-en-equipo-de-empalme-del-gobierno-petro\/","og_locale":"es_ES","og_type":"article","og_title":"Integran a pastuso en equipo de empalme del Gobierno Petro | P\u00e1gina10","og_description":"Se trata de Pablo Pardo Velasco quien fue asignado al equipo de empalme del sector paz de la Presidencia de la Rep\u00fablica. El pastuso de 38 a\u00f1os es hijo de la excandidata a la Alcald\u00eda de Pasto y dirigente progresista Mar\u00eda Antonia Velazco; cuenta con estudios de politolog\u00eda en la Universidad Javeriana, es especialista en [&hellip;]","og_url":"https:\/\/pagina10.com\/web\/integran-a-pastuso-en-equipo-de-empalme-del-gobierno-petro\/","og_site_name":"P\u00e1gina10","article_publisher":"https:\/\/www.facebook.com\/pag10com","article_published_time":"2022-07-08T01:49:26+00:00","article_modified_time":"2022-07-08T13:15:29+00:00","og_image":[{"width":960,"height":585,"url":"https:\/\/pagina10.com\/web\/wp-content\/uploads\/2022\/07\/31369615_10160395980000472_6951421350106612482_n-e1657244945344.jpg","type":"image\/jpeg"}],"author":"P\u00e1gina 10","twitter_card":"summary_large_image","twitter_creator":"@Pag10com","twitter_site":"@Pag10com","twitter_misc":{"Escrito por":"P\u00e1gina 10","Tiempo de lectura":"1 minuto"},"schema":{"@context":"https:\/\/schema.org","@graph":[{"@type":"Article","@id":"https:\/\/pagina10.com\/web\/integran-a-pastuso-en-equipo-de-empalme-del-gobierno-petro\/#article","isPartOf":{"@id":"https:\/\/pagina10.com\/web\/integran-a-pastuso-en-equipo-de-empalme-del-gobierno-petro\/"},"author":{"name":"P\u00e1gina 10","@id":"https:\/\/pagina10.com\/web\/#\/schema\/person\/2efc4a090d25b667d3bc796798a3a81b"},"headline":"Integran a pastuso en equipo de empalme del Gobierno Petro","datePublished":"2022-07-08T01:49:26+00:00","dateModified":"2022-07-08T13:15:29+00:00","mainEntityOfPage":{"@id":"https:\/\/pagina10.com\/web\/integran-a-pastuso-en-equipo-de-empalme-del-gobierno-petro\/"},"wordCount":285,"commentCount":0,"publisher":{"@id":"https:\/\/pagina10.com\/web\/#organization"},"image":{"@id":"https:\/\/pagina10.com\/web\/integran-a-pastuso-en-equipo-de-empalme-del-gobierno-petro\/#primaryimage"},"thumbnailUrl":"https:\/\/pagina10.com\/web\/wp-content\/uploads\/2022\/07\/31369615_10160395980000472_6951421350106612482_n-e1657244945344.jpg","articleSection":["Nacional","Titulares"],"inLanguage":"es","potentialAction":[{"@type":"CommentAction","name":"Comment","target":["https:\/\/pagina10.com\/web\/integran-a-pastuso-en-equipo-de-empalme-del-gobierno-petro\/#respond"]}]},{"@type":"WebPage","@id":"https:\/\/pagina10.com\/web\/integran-a-pastuso-en-equipo-de-empalme-del-gobierno-petro\/","url":"https:\/\/pagina10.com\/web\/integran-a-pastuso-en-equipo-de-empalme-del-gobierno-petro\/","name":"Integran a pastuso en equipo de empalme del Gobierno Petro | P\u00e1gina10","isPartOf":{"@id":"https:\/\/pagina10.com\/web\/#website"},"primaryImageOfPage":{"@id":"https:\/\/pagina10.com\/web\/integran-a-pastuso-en-equipo-de-empalme-del-gobierno-petro\/#primaryimage"},"image":{"@id":"https:\/\/pagina10.com\/web\/integran-a-pastuso-en-equipo-de-empalme-del-gobierno-petro\/#primaryimage"},"thumbnailUrl":"https:\/\/pagina10.com\/web\/wp-content\/uploads\/2022\/07\/31369615_10160395980000472_6951421350106612482_n-e1657244945344.jpg","datePublished":"2022-07-08T01:49:26+00:00","dateModified":"2022-07-08T13:15:29+00:00","breadcrumb":{"@id":"https:\/\/pagina10.com\/web\/integran-a-pastuso-en-equipo-de-empalme-del-gobierno-petro\/#breadcrumb"},"inLanguage":"es","potentialAction":[{"@type":"ReadAction","target":["https:\/\/pagina10.com\/web\/integran-a-pastuso-en-equipo-de-empalme-del-gobierno-petro\/"]}]},{"@type":"ImageObject","inLanguage":"es","@id":"https:\/\/pagina10.com\/web\/integran-a-pastuso-en-equipo-de-empalme-del-gobierno-petro\/#primaryimage","url":"https:\/\/pagina10.com\/web\/wp-content\/uploads\/2022\/07\/31369615_10160395980000472_6951421350106612482_n-e1657244945344.jpg","contentUrl":"https:\/\/pagina10.com\/web\/wp-content\/uploads\/2022\/07\/31369615_10160395980000472_6951421350106612482_n-e1657244945344.jpg","width":960,"height":585},{"@type":"BreadcrumbList","@id":"https:\/\/pagina10.com\/web\/integran-a-pastuso-en-equipo-de-empalme-del-gobierno-petro\/#breadcrumb","itemListElement":[{"@type":"ListItem","position":1,"name":"Portada","item":"https:\/\/pagina10.com\/web\/"},{"@type":"ListItem","position":2,"name":"Integran a pastuso en equipo de empalme del Gobierno Petro"}]},{"@type":"WebSite","@id":"https:\/\/pagina10.com\/web\/#website","url":"https:\/\/pagina10.com\/web\/","name":"P\u00e1gina10","description":"Peri\u00f3dico Regional","publisher":{"@id":"https:\/\/pagina10.com\/web\/#organization"},"alternateName":"P\u00e1gina10 Peri\u00f3dico Regional","potentialAction":[{"@type":"SearchAction","target":{"@type":"EntryPoint","urlTemplate":"https:\/\/pagina10.com\/web\/?s={search_term_string}"},"query-input":{"@type":"PropertyValueSpecification","valueRequired":true,"valueName":"search_term_string"}}],"inLanguage":"es"},{"@type":"Organization","@id":"https:\/\/pagina10.com\/web\/#organization","name":"P\u00e1gina10","alternateName":"P\u00e1gina10 Peri\u00f3dico Regional","url":"https:\/\/pagina10.com\/web\/","logo":{"@type":"ImageObject","inLanguage":"es","@id":"https:\/\/pagina10.com\/web\/#\/schema\/logo\/image\/","url":"https:\/\/pagina10.com\/web\/wp-content\/uploads\/2024\/01\/40-pagina-10-periodico-regional-pasto.jpg","contentUrl":"https:\/\/pagina10.com\/web\/wp-content\/uploads\/2024\/01\/40-pagina-10-periodico-regional-pasto.jpg","width":1280,"height":720,"caption":"P\u00e1gina10"},"image":{"@id":"https:\/\/pagina10.com\/web\/#\/schema\/logo\/image\/"},"sameAs":["https:\/\/www.facebook.com\/pag10com","https:\/\/x.com\/Pag10com","https:\/\/www.instagram.com\/pagina10col\/","https:\/\/youtube.com\/channel\/pag10","https:\/\/www.tiktok.com\/@p10col"]},{"@type":"Person","@id":"https:\/\/pagina10.com\/web\/#\/schema\/person\/2efc4a090d25b667d3bc796798a3a81b","name":"P\u00e1gina 10","description":"P\u00e1gina 10 es un peri\u00f3dico regional que nace en Colombia, en el departamento de Nari\u00f1o, con un enfoque global, fundamentado en cuatro pilares esenciales: la libertad, el pluralismo, la inclusi\u00f3n y la independencia. P\u00e1gina 10 hace referencia a Nari\u00f1o como el d\u00e9cimo departamento creado en Colombia, despu\u00e9s de un proceso pol\u00edtico liderado por actores y actrices regionales con el fin de obtener la independencia y autonom\u00eda de nuestros territorios. Con la creaci\u00f3n de P\u00e1gina 10 se pretende abrir un escenario para el dialogo, la reflexi\u00f3n y el debate que se extienda a otras geograf\u00edas de Am\u00e9rica Latina y del planeta, en una apuesta por transformar colectivamente los desaf\u00edos de un mundo contempor\u00e1neo, m\u00e1s all\u00e1 de las fronteras impuestas.","url":"https:\/\/pagina10.com\/web\/author\/pdiezadmin\/"}]}},"_links":{"self":[{"href":"https:\/\/pagina10.com\/web\/wp-json\/wp\/v2\/posts\/60311","targetHints":{"allow":["GET"]}}],"collection":[{"href":"https:\/\/pagina10.com\/web\/wp-json\/wp\/v2\/posts"}],"about":[{"href":"https:\/\/pagina10.com\/web\/wp-json\/wp\/v2\/types\/post"}],"author":[{"embeddable":true,"href":"https:\/\/pagina10.com\/web\/wp-json\/wp\/v2\/users\/1"}],"replies":[{"embeddable":true,"href":"https:\/\/pagina10.com\/web\/wp-json\/wp\/v2\/comments?post=60311"}],"version-history":[{"count":2,"href":"https:\/\/pagina10.com\/web\/wp-json\/wp\/v2\/posts\/60311\/revisions"}],"predecessor-version":[{"id":60320,"href":"https:\/\/pagina10.com\/web\/wp-json\/wp\/v2\/posts\/60311\/revisions\/60320"}],"wp:featuredmedia":[{"embeddable":true,"href":"https:\/\/pagina10.com\/web\/wp-json\/wp\/v2\/media\/60312"}],"wp:attachment":[{"href":"https:\/\/pagina10.com\/web\/wp-json\/wp\/v2\/media?parent=60311"}],"wp:term":[{"taxonomy":"category","embeddable":true,"href":"https:\/\/pagina10.com\/web\/wp-json\/wp\/v2\/categories?post=60311"},{"taxonomy":"post_tag","embeddable":true,"href":"https:\/\/pagina10.com\/web\/wp-json\/wp\/v2\/tags?post=60311"}],"curies":[{"name":"wp","href":"https:\/\/api.w.org\/{rel}","templated":true}]}}