{"id":60322,"date":"2022-07-08T12:40:35","date_gmt":"2022-07-08T17:40:35","guid":{"rendered":"https:\/\/pagina10.com\/web\/?p=60322"},"modified":"2022-07-08T12:40:35","modified_gmt":"2022-07-08T17:40:35","slug":"procuraduria-investiga-irregularidades-en-ejecucion-de-proyectos-del-ocad-paz","status":"publish","type":"post","link":"https:\/\/pagina10.com\/web\/procuraduria-investiga-irregularidades-en-ejecucion-de-proyectos-del-ocad-paz\/","title":{"rendered":"Procuradur\u00eda investiga irregularidades en ejecuci\u00f3n de proyectos del Ocad Paz"},"content":{"rendered":"<p style=\"text-align: justify;\">El ente de control adelanta 24 actuaciones disciplinarias por presuntas irregularidades en la aprobaci\u00f3n y ejecuci\u00f3n de los proyectos con recursos del Sistema General de Regal\u00edas (SGR) viabilizados, priorizados y avalados por el \u00d3rgano Colegiado de Administraci\u00f3n y Decisi\u00f3n (OCAD) \u2013 Paz.<\/p>\n<p style=\"text-align: justify;\">La Procuradur\u00eda realiza la pr\u00e1ctica de pruebas con el fin de verificar la ocurrencia de conductas presuntamente irregulares de funcionarios que habr\u00edan afectado el correcto uso de los recursos del SGR en proyectos, por cerca de $250 mil millones, ubicados en municipios priorizados para el posconflicto (PDET) en Amazonas, Antioquia, Bol\u00edvar, Cauca, Cesar, C\u00f3rdoba, La Guajira, Nari\u00f1o, Quind\u00edo, Risaralda, Sucre, Tolima y Valle del Cauca.<\/p>\n<p style=\"text-align: justify;\">El Grupo Especial de Seguimiento al SGR de la Procuradur\u00eda prioriz\u00f3 el an\u00e1lisis de 27 proyectos de inversi\u00f3n aprobados por el OCAD \u2013 Paz, por m\u00e1s de 437 mil millones de pesos, y observ\u00f3 riesgos y presuntas irregularidades en la ejecuci\u00f3n de estas iniciativas que dieron lugar a abrir 10 indagaciones previas y dos investigaciones disciplinarias.<\/p>\n<p style=\"text-align: justify;\">Adicionalmente, y de acuerdo con diferentes hallazgos remitidos por la Contralor\u00eda General de la Rep\u00fablica, la Procuradur\u00eda avanza en 12 actuaciones disciplinarias por presuntas irregularidades en el manejo de estos recursos y en la ejecuci\u00f3n de proyectos del OCAD \u2013 Paz por parte de funcionarios del Fondo Colombia en Paz, el Instituto Nacional de V\u00edas (Inv\u00edas), la Agencia de Renovaci\u00f3n del Territorio, el Ministerio de Educaci\u00f3n, la Consejer\u00eda Presidencial para la Estabilizaci\u00f3n y la Consolidaci\u00f3n, las gobernaciones de Cauca y Caquet\u00e1, y de las administraciones municipales de Fonseca y Urumita en La Guajira.<\/p>\n","protected":false},"excerpt":{"rendered":"<p>El ente de control adelanta 24 actuaciones disciplinarias por presuntas irregularidades en la aprobaci\u00f3n y ejecuci\u00f3n de los proyectos con recursos del Sistema General de Regal\u00edas (SGR) viabilizados, priorizados y avalados por el \u00d3rgano Colegiado de Administraci\u00f3n y Decisi\u00f3n (OCAD) \u2013 Paz. La Procuradur\u00eda realiza la pr\u00e1ctica de pruebas con el fin de verificar la [&hellip;]<\/p>\n","protected":false},"author":1,"featured_media":60323,"comment_status":"open","ping_status":"open","sticky":false,"template":"","format":"standard","meta":{"footnotes":""},"categories":[94],"tags":[],"class_list":["post-60322","post","type-post","status-publish","format-standard","has-post-thumbnail","hentry","category-nacional-global-2"],"yoast_head":"<!-- This site is optimized with the Yoast SEO plugin v27.1.1 - https:\/\/yoast.com\/product\/yoast-seo-wordpress\/ -->\n<title>Procuradur\u00eda investiga irregularidades en ejecuci\u00f3n de proyectos del Ocad Paz | P\u00e1gina10<\/title>\n<meta name=\"robots\" content=\"index, follow, max-snippet:-1, max-image-preview:large, max-video-preview:-1\" \/>\n<link rel=\"canonical\" href=\"https:\/\/pagina10.com\/web\/procuraduria-investiga-irregularidades-en-ejecucion-de-proyectos-del-ocad-paz\/\" \/>\n<meta property=\"og:locale\" content=\"es_ES\" \/>\n<meta property=\"og:type\" content=\"article\" \/>\n<meta property=\"og:title\" content=\"Procuradur\u00eda investiga irregularidades en ejecuci\u00f3n de proyectos del Ocad Paz | P\u00e1gina10\" \/>\n<meta property=\"og:description\" content=\"El ente de control adelanta 24 actuaciones disciplinarias por presuntas irregularidades en la aprobaci\u00f3n y ejecuci\u00f3n de los proyectos con recursos del Sistema General de Regal\u00edas (SGR) viabilizados, priorizados y avalados por el \u00d3rgano Colegiado de Administraci\u00f3n y Decisi\u00f3n (OCAD) \u2013 Paz. La Procuradur\u00eda realiza la pr\u00e1ctica de pruebas con el fin de verificar la [&hellip;]\" \/>\n<meta property=\"og:url\" content=\"https:\/\/pagina10.com\/web\/procuraduria-investiga-irregularidades-en-ejecucion-de-proyectos-del-ocad-paz\/\" \/>\n<meta property=\"og:site_name\" content=\"P\u00e1gina10\" \/>\n<meta property=\"article:publisher\" content=\"https:\/\/www.facebook.com\/pag10com\" \/>\n<meta property=\"article:published_time\" content=\"2022-07-08T17:40:35+00:00\" \/>\n<meta property=\"og:image\" content=\"https:\/\/pagina10.com\/web\/wp-content\/uploads\/2022\/07\/1623350990_787523_1623351107_noticia_normal.jpg\" \/>\n\t<meta property=\"og:image:width\" content=\"1080\" \/>\n\t<meta property=\"og:image:height\" content=\"624\" \/>\n\t<meta property=\"og:image:type\" content=\"image\/jpeg\" \/>\n<meta name=\"author\" content=\"P\u00e1gina 10\" \/>\n<meta name=\"twitter:card\" content=\"summary_large_image\" \/>\n<meta name=\"twitter:creator\" content=\"@Pag10com\" \/>\n<meta name=\"twitter:site\" content=\"@Pag10com\" \/>\n<meta name=\"twitter:label1\" content=\"Escrito por\" \/>\n\t<meta name=\"twitter:data1\" content=\"P\u00e1gina 10\" \/>\n\t<meta name=\"twitter:label2\" content=\"Tiempo de lectura\" \/>\n\t<meta name=\"twitter:data2\" content=\"1 minuto\" \/>\n<script type=\"application\/ld+json\" class=\"yoast-schema-graph\">{\"@context\":\"https:\/\/schema.org\",\"@graph\":[{\"@type\":\"Article\",\"@id\":\"https:\/\/pagina10.com\/web\/procuraduria-investiga-irregularidades-en-ejecucion-de-proyectos-del-ocad-paz\/#article\",\"isPartOf\":{\"@id\":\"https:\/\/pagina10.com\/web\/procuraduria-investiga-irregularidades-en-ejecucion-de-proyectos-del-ocad-paz\/\"},\"author\":{\"name\":\"P\u00e1gina 10\",\"@id\":\"https:\/\/pagina10.com\/web\/#\/schema\/person\/2efc4a090d25b667d3bc796798a3a81b\"},\"headline\":\"Procuradur\u00eda investiga irregularidades en ejecuci\u00f3n de proyectos del Ocad Paz\",\"datePublished\":\"2022-07-08T17:40:35+00:00\",\"mainEntityOfPage\":{\"@id\":\"https:\/\/pagina10.com\/web\/procuraduria-investiga-irregularidades-en-ejecucion-de-proyectos-del-ocad-paz\/\"},\"wordCount\":287,\"commentCount\":0,\"publisher\":{\"@id\":\"https:\/\/pagina10.com\/web\/#organization\"},\"image\":{\"@id\":\"https:\/\/pagina10.com\/web\/procuraduria-investiga-irregularidades-en-ejecucion-de-proyectos-del-ocad-paz\/#primaryimage\"},\"thumbnailUrl\":\"https:\/\/pagina10.com\/web\/wp-content\/uploads\/2022\/07\/1623350990_787523_1623351107_noticia_normal.jpg\",\"articleSection\":[\"Nacional\"],\"inLanguage\":\"es\",\"potentialAction\":[{\"@type\":\"CommentAction\",\"name\":\"Comment\",\"target\":[\"https:\/\/pagina10.com\/web\/procuraduria-investiga-irregularidades-en-ejecucion-de-proyectos-del-ocad-paz\/#respond\"]}]},{\"@type\":\"WebPage\",\"@id\":\"https:\/\/pagina10.com\/web\/procuraduria-investiga-irregularidades-en-ejecucion-de-proyectos-del-ocad-paz\/\",\"url\":\"https:\/\/pagina10.com\/web\/procuraduria-investiga-irregularidades-en-ejecucion-de-proyectos-del-ocad-paz\/\",\"name\":\"Procuradur\u00eda investiga irregularidades en ejecuci\u00f3n de proyectos del Ocad Paz | P\u00e1gina10\",\"isPartOf\":{\"@id\":\"https:\/\/pagina10.com\/web\/#website\"},\"primaryImageOfPage\":{\"@id\":\"https:\/\/pagina10.com\/web\/procuraduria-investiga-irregularidades-en-ejecucion-de-proyectos-del-ocad-paz\/#primaryimage\"},\"image\":{\"@id\":\"https:\/\/pagina10.com\/web\/procuraduria-investiga-irregularidades-en-ejecucion-de-proyectos-del-ocad-paz\/#primaryimage\"},\"thumbnailUrl\":\"https:\/\/pagina10.com\/web\/wp-content\/uploads\/2022\/07\/1623350990_787523_1623351107_noticia_normal.jpg\",\"datePublished\":\"2022-07-08T17:40:35+00:00\",\"breadcrumb\":{\"@id\":\"https:\/\/pagina10.com\/web\/procuraduria-investiga-irregularidades-en-ejecucion-de-proyectos-del-ocad-paz\/#breadcrumb\"},\"inLanguage\":\"es\",\"potentialAction\":[{\"@type\":\"ReadAction\",\"target\":[\"https:\/\/pagina10.com\/web\/procuraduria-investiga-irregularidades-en-ejecucion-de-proyectos-del-ocad-paz\/\"]}]},{\"@type\":\"ImageObject\",\"inLanguage\":\"es\",\"@id\":\"https:\/\/pagina10.com\/web\/procuraduria-investiga-irregularidades-en-ejecucion-de-proyectos-del-ocad-paz\/#primaryimage\",\"url\":\"https:\/\/pagina10.com\/web\/wp-content\/uploads\/2022\/07\/1623350990_787523_1623351107_noticia_normal.jpg\",\"contentUrl\":\"https:\/\/pagina10.com\/web\/wp-content\/uploads\/2022\/07\/1623350990_787523_1623351107_noticia_normal.jpg\",\"width\":1080,\"height\":624},{\"@type\":\"BreadcrumbList\",\"@id\":\"https:\/\/pagina10.com\/web\/procuraduria-investiga-irregularidades-en-ejecucion-de-proyectos-del-ocad-paz\/#breadcrumb\",\"itemListElement\":[{\"@type\":\"ListItem\",\"position\":1,\"name\":\"Portada\",\"item\":\"https:\/\/pagina10.com\/web\/\"},{\"@type\":\"ListItem\",\"position\":2,\"name\":\"Procuradur\u00eda investiga irregularidades en ejecuci\u00f3n de proyectos del Ocad Paz\"}]},{\"@type\":\"WebSite\",\"@id\":\"https:\/\/pagina10.com\/web\/#website\",\"url\":\"https:\/\/pagina10.com\/web\/\",\"name\":\"P\u00e1gina10\",\"description\":\"Peri\u00f3dico Regional\",\"publisher\":{\"@id\":\"https:\/\/pagina10.com\/web\/#organization\"},\"alternateName\":\"P\u00e1gina10 Peri\u00f3dico Regional\",\"potentialAction\":[{\"@type\":\"SearchAction\",\"target\":{\"@type\":\"EntryPoint\",\"urlTemplate\":\"https:\/\/pagina10.com\/web\/?s={search_term_string}\"},\"query-input\":{\"@type\":\"PropertyValueSpecification\",\"valueRequired\":true,\"valueName\":\"search_term_string\"}}],\"inLanguage\":\"es\"},{\"@type\":\"Organization\",\"@id\":\"https:\/\/pagina10.com\/web\/#organization\",\"name\":\"P\u00e1gina10\",\"alternateName\":\"P\u00e1gina10 Peri\u00f3dico Regional\",\"url\":\"https:\/\/pagina10.com\/web\/\",\"logo\":{\"@type\":\"ImageObject\",\"inLanguage\":\"es\",\"@id\":\"https:\/\/pagina10.com\/web\/#\/schema\/logo\/image\/\",\"url\":\"https:\/\/pagina10.com\/web\/wp-content\/uploads\/2024\/01\/40-pagina-10-periodico-regional-pasto.jpg\",\"contentUrl\":\"https:\/\/pagina10.com\/web\/wp-content\/uploads\/2024\/01\/40-pagina-10-periodico-regional-pasto.jpg\",\"width\":1280,\"height\":720,\"caption\":\"P\u00e1gina10\"},\"image\":{\"@id\":\"https:\/\/pagina10.com\/web\/#\/schema\/logo\/image\/\"},\"sameAs\":[\"https:\/\/www.facebook.com\/pag10com\",\"https:\/\/x.com\/Pag10com\",\"https:\/\/www.instagram.com\/pagina10col\/\",\"https:\/\/youtube.com\/channel\/pag10\",\"https:\/\/www.tiktok.com\/@p10col\"]},{\"@type\":\"Person\",\"@id\":\"https:\/\/pagina10.com\/web\/#\/schema\/person\/2efc4a090d25b667d3bc796798a3a81b\",\"name\":\"P\u00e1gina 10\",\"description\":\"P\u00e1gina 10 es un peri\u00f3dico regional que nace en Colombia, en el departamento de Nari\u00f1o, con un enfoque global, fundamentado en cuatro pilares esenciales: la libertad, el pluralismo, la inclusi\u00f3n y la independencia. P\u00e1gina 10 hace referencia a Nari\u00f1o como el d\u00e9cimo departamento creado en Colombia, despu\u00e9s de un proceso pol\u00edtico liderado por actores y actrices regionales con el fin de obtener la independencia y autonom\u00eda de nuestros territorios. Con la creaci\u00f3n de P\u00e1gina 10 se pretende abrir un escenario para el dialogo, la reflexi\u00f3n y el debate que se extienda a otras geograf\u00edas de Am\u00e9rica Latina y del planeta, en una apuesta por transformar colectivamente los desaf\u00edos de un mundo contempor\u00e1neo, m\u00e1s all\u00e1 de las fronteras impuestas.\",\"url\":\"https:\/\/pagina10.com\/web\/author\/pdiezadmin\/\"}]}<\/script>\n<!-- \/ Yoast SEO plugin. -->","yoast_head_json":{"title":"Procuradur\u00eda investiga irregularidades en ejecuci\u00f3n de proyectos del Ocad Paz | P\u00e1gina10","robots":{"index":"index","follow":"follow","max-snippet":"max-snippet:-1","max-image-preview":"max-image-preview:large","max-video-preview":"max-video-preview:-1"},"canonical":"https:\/\/pagina10.com\/web\/procuraduria-investiga-irregularidades-en-ejecucion-de-proyectos-del-ocad-paz\/","og_locale":"es_ES","og_type":"article","og_title":"Procuradur\u00eda investiga irregularidades en ejecuci\u00f3n de proyectos del Ocad Paz | P\u00e1gina10","og_description":"El ente de control adelanta 24 actuaciones disciplinarias por presuntas irregularidades en la aprobaci\u00f3n y ejecuci\u00f3n de los proyectos con recursos del Sistema General de Regal\u00edas (SGR) viabilizados, priorizados y avalados por el \u00d3rgano Colegiado de Administraci\u00f3n y Decisi\u00f3n (OCAD) \u2013 Paz. La Procuradur\u00eda realiza la pr\u00e1ctica de pruebas con el fin de verificar la [&hellip;]","og_url":"https:\/\/pagina10.com\/web\/procuraduria-investiga-irregularidades-en-ejecucion-de-proyectos-del-ocad-paz\/","og_site_name":"P\u00e1gina10","article_publisher":"https:\/\/www.facebook.com\/pag10com","article_published_time":"2022-07-08T17:40:35+00:00","og_image":[{"width":1080,"height":624,"url":"https:\/\/pagina10.com\/web\/wp-content\/uploads\/2022\/07\/1623350990_787523_1623351107_noticia_normal.jpg","type":"image\/jpeg"}],"author":"P\u00e1gina 10","twitter_card":"summary_large_image","twitter_creator":"@Pag10com","twitter_site":"@Pag10com","twitter_misc":{"Escrito por":"P\u00e1gina 10","Tiempo de lectura":"1 minuto"},"schema":{"@context":"https:\/\/schema.org","@graph":[{"@type":"Article","@id":"https:\/\/pagina10.com\/web\/procuraduria-investiga-irregularidades-en-ejecucion-de-proyectos-del-ocad-paz\/#article","isPartOf":{"@id":"https:\/\/pagina10.com\/web\/procuraduria-investiga-irregularidades-en-ejecucion-de-proyectos-del-ocad-paz\/"},"author":{"name":"P\u00e1gina 10","@id":"https:\/\/pagina10.com\/web\/#\/schema\/person\/2efc4a090d25b667d3bc796798a3a81b"},"headline":"Procuradur\u00eda investiga irregularidades en ejecuci\u00f3n de proyectos del Ocad Paz","datePublished":"2022-07-08T17:40:35+00:00","mainEntityOfPage":{"@id":"https:\/\/pagina10.com\/web\/procuraduria-investiga-irregularidades-en-ejecucion-de-proyectos-del-ocad-paz\/"},"wordCount":287,"commentCount":0,"publisher":{"@id":"https:\/\/pagina10.com\/web\/#organization"},"image":{"@id":"https:\/\/pagina10.com\/web\/procuraduria-investiga-irregularidades-en-ejecucion-de-proyectos-del-ocad-paz\/#primaryimage"},"thumbnailUrl":"https:\/\/pagina10.com\/web\/wp-content\/uploads\/2022\/07\/1623350990_787523_1623351107_noticia_normal.jpg","articleSection":["Nacional"],"inLanguage":"es","potentialAction":[{"@type":"CommentAction","name":"Comment","target":["https:\/\/pagina10.com\/web\/procuraduria-investiga-irregularidades-en-ejecucion-de-proyectos-del-ocad-paz\/#respond"]}]},{"@type":"WebPage","@id":"https:\/\/pagina10.com\/web\/procuraduria-investiga-irregularidades-en-ejecucion-de-proyectos-del-ocad-paz\/","url":"https:\/\/pagina10.com\/web\/procuraduria-investiga-irregularidades-en-ejecucion-de-proyectos-del-ocad-paz\/","name":"Procuradur\u00eda investiga irregularidades en ejecuci\u00f3n de proyectos del Ocad Paz | P\u00e1gina10","isPartOf":{"@id":"https:\/\/pagina10.com\/web\/#website"},"primaryImageOfPage":{"@id":"https:\/\/pagina10.com\/web\/procuraduria-investiga-irregularidades-en-ejecucion-de-proyectos-del-ocad-paz\/#primaryimage"},"image":{"@id":"https:\/\/pagina10.com\/web\/procuraduria-investiga-irregularidades-en-ejecucion-de-proyectos-del-ocad-paz\/#primaryimage"},"thumbnailUrl":"https:\/\/pagina10.com\/web\/wp-content\/uploads\/2022\/07\/1623350990_787523_1623351107_noticia_normal.jpg","datePublished":"2022-07-08T17:40:35+00:00","breadcrumb":{"@id":"https:\/\/pagina10.com\/web\/procuraduria-investiga-irregularidades-en-ejecucion-de-proyectos-del-ocad-paz\/#breadcrumb"},"inLanguage":"es","potentialAction":[{"@type":"ReadAction","target":["https:\/\/pagina10.com\/web\/procuraduria-investiga-irregularidades-en-ejecucion-de-proyectos-del-ocad-paz\/"]}]},{"@type":"ImageObject","inLanguage":"es","@id":"https:\/\/pagina10.com\/web\/procuraduria-investiga-irregularidades-en-ejecucion-de-proyectos-del-ocad-paz\/#primaryimage","url":"https:\/\/pagina10.com\/web\/wp-content\/uploads\/2022\/07\/1623350990_787523_1623351107_noticia_normal.jpg","contentUrl":"https:\/\/pagina10.com\/web\/wp-content\/uploads\/2022\/07\/1623350990_787523_1623351107_noticia_normal.jpg","width":1080,"height":624},{"@type":"BreadcrumbList","@id":"https:\/\/pagina10.com\/web\/procuraduria-investiga-irregularidades-en-ejecucion-de-proyectos-del-ocad-paz\/#breadcrumb","itemListElement":[{"@type":"ListItem","position":1,"name":"Portada","item":"https:\/\/pagina10.com\/web\/"},{"@type":"ListItem","position":2,"name":"Procuradur\u00eda investiga irregularidades en ejecuci\u00f3n de proyectos del Ocad Paz"}]},{"@type":"WebSite","@id":"https:\/\/pagina10.com\/web\/#website","url":"https:\/\/pagina10.com\/web\/","name":"P\u00e1gina10","description":"Peri\u00f3dico Regional","publisher":{"@id":"https:\/\/pagina10.com\/web\/#organization"},"alternateName":"P\u00e1gina10 Peri\u00f3dico Regional","potentialAction":[{"@type":"SearchAction","target":{"@type":"EntryPoint","urlTemplate":"https:\/\/pagina10.com\/web\/?s={search_term_string}"},"query-input":{"@type":"PropertyValueSpecification","valueRequired":true,"valueName":"search_term_string"}}],"inLanguage":"es"},{"@type":"Organization","@id":"https:\/\/pagina10.com\/web\/#organization","name":"P\u00e1gina10","alternateName":"P\u00e1gina10 Peri\u00f3dico Regional","url":"https:\/\/pagina10.com\/web\/","logo":{"@type":"ImageObject","inLanguage":"es","@id":"https:\/\/pagina10.com\/web\/#\/schema\/logo\/image\/","url":"https:\/\/pagina10.com\/web\/wp-content\/uploads\/2024\/01\/40-pagina-10-periodico-regional-pasto.jpg","contentUrl":"https:\/\/pagina10.com\/web\/wp-content\/uploads\/2024\/01\/40-pagina-10-periodico-regional-pasto.jpg","width":1280,"height":720,"caption":"P\u00e1gina10"},"image":{"@id":"https:\/\/pagina10.com\/web\/#\/schema\/logo\/image\/"},"sameAs":["https:\/\/www.facebook.com\/pag10com","https:\/\/x.com\/Pag10com","https:\/\/www.instagram.com\/pagina10col\/","https:\/\/youtube.com\/channel\/pag10","https:\/\/www.tiktok.com\/@p10col"]},{"@type":"Person","@id":"https:\/\/pagina10.com\/web\/#\/schema\/person\/2efc4a090d25b667d3bc796798a3a81b","name":"P\u00e1gina 10","description":"P\u00e1gina 10 es un peri\u00f3dico regional que nace en Colombia, en el departamento de Nari\u00f1o, con un enfoque global, fundamentado en cuatro pilares esenciales: la libertad, el pluralismo, la inclusi\u00f3n y la independencia. P\u00e1gina 10 hace referencia a Nari\u00f1o como el d\u00e9cimo departamento creado en Colombia, despu\u00e9s de un proceso pol\u00edtico liderado por actores y actrices regionales con el fin de obtener la independencia y autonom\u00eda de nuestros territorios. Con la creaci\u00f3n de P\u00e1gina 10 se pretende abrir un escenario para el dialogo, la reflexi\u00f3n y el debate que se extienda a otras geograf\u00edas de Am\u00e9rica Latina y del planeta, en una apuesta por transformar colectivamente los desaf\u00edos de un mundo contempor\u00e1neo, m\u00e1s all\u00e1 de las fronteras impuestas.","url":"https:\/\/pagina10.com\/web\/author\/pdiezadmin\/"}]}},"_links":{"self":[{"href":"https:\/\/pagina10.com\/web\/wp-json\/wp\/v2\/posts\/60322","targetHints":{"allow":["GET"]}}],"collection":[{"href":"https:\/\/pagina10.com\/web\/wp-json\/wp\/v2\/posts"}],"about":[{"href":"https:\/\/pagina10.com\/web\/wp-json\/wp\/v2\/types\/post"}],"author":[{"embeddable":true,"href":"https:\/\/pagina10.com\/web\/wp-json\/wp\/v2\/users\/1"}],"replies":[{"embeddable":true,"href":"https:\/\/pagina10.com\/web\/wp-json\/wp\/v2\/comments?post=60322"}],"version-history":[{"count":1,"href":"https:\/\/pagina10.com\/web\/wp-json\/wp\/v2\/posts\/60322\/revisions"}],"predecessor-version":[{"id":60324,"href":"https:\/\/pagina10.com\/web\/wp-json\/wp\/v2\/posts\/60322\/revisions\/60324"}],"wp:featuredmedia":[{"embeddable":true,"href":"https:\/\/pagina10.com\/web\/wp-json\/wp\/v2\/media\/60323"}],"wp:attachment":[{"href":"https:\/\/pagina10.com\/web\/wp-json\/wp\/v2\/media?parent=60322"}],"wp:term":[{"taxonomy":"category","embeddable":true,"href":"https:\/\/pagina10.com\/web\/wp-json\/wp\/v2\/categories?post=60322"},{"taxonomy":"post_tag","embeddable":true,"href":"https:\/\/pagina10.com\/web\/wp-json\/wp\/v2\/tags?post=60322"}],"curies":[{"name":"wp","href":"https:\/\/api.w.org\/{rel}","templated":true}]}}