{"id":60343,"date":"2022-07-09T09:00:40","date_gmt":"2022-07-09T14:00:40","guid":{"rendered":"https:\/\/pagina10.com\/web\/?p=60343"},"modified":"2022-07-09T01:19:43","modified_gmt":"2022-07-09T06:19:43","slug":"paul-solarte-abogado-pastuso-designado-en-el-empalme-del-ministerio-del-interior","status":"publish","type":"post","link":"https:\/\/pagina10.com\/web\/paul-solarte-abogado-pastuso-designado-en-el-empalme-del-ministerio-del-interior\/","title":{"rendered":"Paul Solarte, abogado pastuso designado en el empalme del Ministerio del Interior"},"content":{"rendered":"<p style=\"text-align: justify;\">La representaci\u00f3n de nari\u00f1enses sigue increment\u00e1ndose en el equipo de empalme del presidente electo Gustavo Petro. En esta ocasi\u00f3n el turno es para el abogado Paul Solarte quien fue designado como coordinador de dicha labor en el Ministerio del Interior. El pastuso de 33 a\u00f1os ha desempe\u00f1ado varios cargos. Aqu\u00ed se lo contamos:<\/p>\n<p style=\"text-align: justify;\">Tras su egreso de la Universidad Nacional de Colombia, \u00a0fue asesor de la Presidencia de la Rep\u00fablica en el Gobierno de Juan Manuel Santos, as\u00ed mismo asesor Jur\u00eddico del SENA y de la Alta Consejer\u00eda de Paz, y de V\u00edctimas y Reconciliaci\u00f3n de la Alcald\u00eda Mayor de Bogot\u00e1. Fue consultor en la OEI y defensor de ex gerentes p\u00fablicos y de un aforado constitucional.<\/p>\n<p style=\"text-align: justify;\">Es especialista en Cooperaci\u00f3n Internacional y Gesti\u00f3n de Proyectos para el Desarrollo de la Universidad Externado de Colombia con convenio de la Universidad de Columbia (NY). Cuenta con experiencia\u00a0 desarrollada en el sector p\u00fablico asesorando entidades nacionales e internacionales en asuntos de derecho p\u00fablico, especialmente derecho administrativo, derecho constitucional y en derechos humanos, generaci\u00f3n de normas jur\u00eddicas y asesor\u00eda para la prevenci\u00f3n del da\u00f1o antijur\u00eddico que permita el acompa\u00f1amiento en el relacionamiento de las entidades p\u00fablicas.<\/p>\n<p style=\"text-align: justify;\">En el sector privado, tiene amplia experiencia en asuntos civiles, laborales y comerciales, as\u00ed como el desarrollo de consultor\u00eda en asuntos de formulaci\u00f3n de proyectos para el desarrollo de nuevos modelos comerciales.<\/p>\n","protected":false},"excerpt":{"rendered":"<p>La representaci\u00f3n de nari\u00f1enses sigue increment\u00e1ndose en el equipo de empalme del presidente electo Gustavo Petro. En esta ocasi\u00f3n el turno es para el abogado Paul Solarte quien fue designado como coordinador de dicha labor en el Ministerio del Interior. El pastuso de 33 a\u00f1os ha desempe\u00f1ado varios cargos. Aqu\u00ed se lo contamos: Tras su [&hellip;]<\/p>\n","protected":false},"author":1,"featured_media":60346,"comment_status":"open","ping_status":"open","sticky":false,"template":"","format":"standard","meta":{"footnotes":""},"categories":[94],"tags":[],"class_list":["post-60343","post","type-post","status-publish","format-standard","has-post-thumbnail","hentry","category-nacional-global-2"],"yoast_head":"<!-- This site is optimized with the Yoast SEO plugin v27.1.1 - https:\/\/yoast.com\/product\/yoast-seo-wordpress\/ -->\n<title>Paul Solarte, abogado pastuso designado en el empalme del Ministerio del Interior | P\u00e1gina10<\/title>\n<meta name=\"robots\" content=\"index, follow, max-snippet:-1, max-image-preview:large, max-video-preview:-1\" \/>\n<link rel=\"canonical\" href=\"https:\/\/pagina10.com\/web\/paul-solarte-abogado-pastuso-designado-en-el-empalme-del-ministerio-del-interior\/\" \/>\n<meta property=\"og:locale\" content=\"es_ES\" \/>\n<meta property=\"og:type\" content=\"article\" \/>\n<meta property=\"og:title\" content=\"Paul Solarte, abogado pastuso designado en el empalme del Ministerio del Interior | P\u00e1gina10\" \/>\n<meta property=\"og:description\" content=\"La representaci\u00f3n de nari\u00f1enses sigue increment\u00e1ndose en el equipo de empalme del presidente electo Gustavo Petro. En esta ocasi\u00f3n el turno es para el abogado Paul Solarte quien fue designado como coordinador de dicha labor en el Ministerio del Interior. El pastuso de 33 a\u00f1os ha desempe\u00f1ado varios cargos. Aqu\u00ed se lo contamos: Tras su [&hellip;]\" \/>\n<meta property=\"og:url\" content=\"https:\/\/pagina10.com\/web\/paul-solarte-abogado-pastuso-designado-en-el-empalme-del-ministerio-del-interior\/\" \/>\n<meta property=\"og:site_name\" content=\"P\u00e1gina10\" \/>\n<meta property=\"article:publisher\" content=\"https:\/\/www.facebook.com\/pag10com\" \/>\n<meta property=\"article:published_time\" content=\"2022-07-09T14:00:40+00:00\" \/>\n<meta property=\"og:image\" content=\"https:\/\/pagina10.com\/web\/wp-content\/uploads\/2022\/07\/WhatsApp-Image-2022-07-08-at-8.37.39-AM.jpeg\" \/>\n\t<meta property=\"og:image:width\" content=\"960\" \/>\n\t<meta property=\"og:image:height\" content=\"639\" \/>\n\t<meta property=\"og:image:type\" content=\"image\/jpeg\" \/>\n<meta name=\"author\" content=\"P\u00e1gina 10\" \/>\n<meta name=\"twitter:card\" content=\"summary_large_image\" \/>\n<meta name=\"twitter:creator\" content=\"@Pag10com\" \/>\n<meta name=\"twitter:site\" content=\"@Pag10com\" \/>\n<meta name=\"twitter:label1\" content=\"Escrito por\" \/>\n\t<meta name=\"twitter:data1\" content=\"P\u00e1gina 10\" \/>\n\t<meta name=\"twitter:label2\" content=\"Tiempo de lectura\" \/>\n\t<meta name=\"twitter:data2\" content=\"1 minuto\" \/>\n<script type=\"application\/ld+json\" class=\"yoast-schema-graph\">{\"@context\":\"https:\/\/schema.org\",\"@graph\":[{\"@type\":\"Article\",\"@id\":\"https:\/\/pagina10.com\/web\/paul-solarte-abogado-pastuso-designado-en-el-empalme-del-ministerio-del-interior\/#article\",\"isPartOf\":{\"@id\":\"https:\/\/pagina10.com\/web\/paul-solarte-abogado-pastuso-designado-en-el-empalme-del-ministerio-del-interior\/\"},\"author\":{\"name\":\"P\u00e1gina 10\",\"@id\":\"https:\/\/pagina10.com\/web\/#\/schema\/person\/2efc4a090d25b667d3bc796798a3a81b\"},\"headline\":\"Paul Solarte, abogado pastuso designado en el empalme del Ministerio del Interior\",\"datePublished\":\"2022-07-09T14:00:40+00:00\",\"mainEntityOfPage\":{\"@id\":\"https:\/\/pagina10.com\/web\/paul-solarte-abogado-pastuso-designado-en-el-empalme-del-ministerio-del-interior\/\"},\"wordCount\":263,\"commentCount\":0,\"publisher\":{\"@id\":\"https:\/\/pagina10.com\/web\/#organization\"},\"image\":{\"@id\":\"https:\/\/pagina10.com\/web\/paul-solarte-abogado-pastuso-designado-en-el-empalme-del-ministerio-del-interior\/#primaryimage\"},\"thumbnailUrl\":\"https:\/\/pagina10.com\/web\/wp-content\/uploads\/2022\/07\/WhatsApp-Image-2022-07-08-at-8.37.39-AM.jpeg\",\"articleSection\":[\"Nacional\"],\"inLanguage\":\"es\",\"potentialAction\":[{\"@type\":\"CommentAction\",\"name\":\"Comment\",\"target\":[\"https:\/\/pagina10.com\/web\/paul-solarte-abogado-pastuso-designado-en-el-empalme-del-ministerio-del-interior\/#respond\"]}]},{\"@type\":\"WebPage\",\"@id\":\"https:\/\/pagina10.com\/web\/paul-solarte-abogado-pastuso-designado-en-el-empalme-del-ministerio-del-interior\/\",\"url\":\"https:\/\/pagina10.com\/web\/paul-solarte-abogado-pastuso-designado-en-el-empalme-del-ministerio-del-interior\/\",\"name\":\"Paul Solarte, abogado pastuso designado en el empalme del Ministerio del Interior | P\u00e1gina10\",\"isPartOf\":{\"@id\":\"https:\/\/pagina10.com\/web\/#website\"},\"primaryImageOfPage\":{\"@id\":\"https:\/\/pagina10.com\/web\/paul-solarte-abogado-pastuso-designado-en-el-empalme-del-ministerio-del-interior\/#primaryimage\"},\"image\":{\"@id\":\"https:\/\/pagina10.com\/web\/paul-solarte-abogado-pastuso-designado-en-el-empalme-del-ministerio-del-interior\/#primaryimage\"},\"thumbnailUrl\":\"https:\/\/pagina10.com\/web\/wp-content\/uploads\/2022\/07\/WhatsApp-Image-2022-07-08-at-8.37.39-AM.jpeg\",\"datePublished\":\"2022-07-09T14:00:40+00:00\",\"breadcrumb\":{\"@id\":\"https:\/\/pagina10.com\/web\/paul-solarte-abogado-pastuso-designado-en-el-empalme-del-ministerio-del-interior\/#breadcrumb\"},\"inLanguage\":\"es\",\"potentialAction\":[{\"@type\":\"ReadAction\",\"target\":[\"https:\/\/pagina10.com\/web\/paul-solarte-abogado-pastuso-designado-en-el-empalme-del-ministerio-del-interior\/\"]}]},{\"@type\":\"ImageObject\",\"inLanguage\":\"es\",\"@id\":\"https:\/\/pagina10.com\/web\/paul-solarte-abogado-pastuso-designado-en-el-empalme-del-ministerio-del-interior\/#primaryimage\",\"url\":\"https:\/\/pagina10.com\/web\/wp-content\/uploads\/2022\/07\/WhatsApp-Image-2022-07-08-at-8.37.39-AM.jpeg\",\"contentUrl\":\"https:\/\/pagina10.com\/web\/wp-content\/uploads\/2022\/07\/WhatsApp-Image-2022-07-08-at-8.37.39-AM.jpeg\",\"width\":960,\"height\":639},{\"@type\":\"BreadcrumbList\",\"@id\":\"https:\/\/pagina10.com\/web\/paul-solarte-abogado-pastuso-designado-en-el-empalme-del-ministerio-del-interior\/#breadcrumb\",\"itemListElement\":[{\"@type\":\"ListItem\",\"position\":1,\"name\":\"Portada\",\"item\":\"https:\/\/pagina10.com\/web\/\"},{\"@type\":\"ListItem\",\"position\":2,\"name\":\"Paul Solarte, abogado pastuso designado en el empalme del Ministerio del Interior\"}]},{\"@type\":\"WebSite\",\"@id\":\"https:\/\/pagina10.com\/web\/#website\",\"url\":\"https:\/\/pagina10.com\/web\/\",\"name\":\"P\u00e1gina10\",\"description\":\"Peri\u00f3dico Regional\",\"publisher\":{\"@id\":\"https:\/\/pagina10.com\/web\/#organization\"},\"alternateName\":\"P\u00e1gina10 Peri\u00f3dico Regional\",\"potentialAction\":[{\"@type\":\"SearchAction\",\"target\":{\"@type\":\"EntryPoint\",\"urlTemplate\":\"https:\/\/pagina10.com\/web\/?s={search_term_string}\"},\"query-input\":{\"@type\":\"PropertyValueSpecification\",\"valueRequired\":true,\"valueName\":\"search_term_string\"}}],\"inLanguage\":\"es\"},{\"@type\":\"Organization\",\"@id\":\"https:\/\/pagina10.com\/web\/#organization\",\"name\":\"P\u00e1gina10\",\"alternateName\":\"P\u00e1gina10 Peri\u00f3dico Regional\",\"url\":\"https:\/\/pagina10.com\/web\/\",\"logo\":{\"@type\":\"ImageObject\",\"inLanguage\":\"es\",\"@id\":\"https:\/\/pagina10.com\/web\/#\/schema\/logo\/image\/\",\"url\":\"https:\/\/pagina10.com\/web\/wp-content\/uploads\/2024\/01\/40-pagina-10-periodico-regional-pasto.jpg\",\"contentUrl\":\"https:\/\/pagina10.com\/web\/wp-content\/uploads\/2024\/01\/40-pagina-10-periodico-regional-pasto.jpg\",\"width\":1280,\"height\":720,\"caption\":\"P\u00e1gina10\"},\"image\":{\"@id\":\"https:\/\/pagina10.com\/web\/#\/schema\/logo\/image\/\"},\"sameAs\":[\"https:\/\/www.facebook.com\/pag10com\",\"https:\/\/x.com\/Pag10com\",\"https:\/\/www.instagram.com\/pagina10col\/\",\"https:\/\/youtube.com\/channel\/pag10\",\"https:\/\/www.tiktok.com\/@p10col\"]},{\"@type\":\"Person\",\"@id\":\"https:\/\/pagina10.com\/web\/#\/schema\/person\/2efc4a090d25b667d3bc796798a3a81b\",\"name\":\"P\u00e1gina 10\",\"description\":\"P\u00e1gina 10 es un peri\u00f3dico regional que nace en Colombia, en el departamento de Nari\u00f1o, con un enfoque global, fundamentado en cuatro pilares esenciales: la libertad, el pluralismo, la inclusi\u00f3n y la independencia. P\u00e1gina 10 hace referencia a Nari\u00f1o como el d\u00e9cimo departamento creado en Colombia, despu\u00e9s de un proceso pol\u00edtico liderado por actores y actrices regionales con el fin de obtener la independencia y autonom\u00eda de nuestros territorios. Con la creaci\u00f3n de P\u00e1gina 10 se pretende abrir un escenario para el dialogo, la reflexi\u00f3n y el debate que se extienda a otras geograf\u00edas de Am\u00e9rica Latina y del planeta, en una apuesta por transformar colectivamente los desaf\u00edos de un mundo contempor\u00e1neo, m\u00e1s all\u00e1 de las fronteras impuestas.\",\"url\":\"https:\/\/pagina10.com\/web\/author\/pdiezadmin\/\"}]}<\/script>\n<!-- \/ Yoast SEO plugin. -->","yoast_head_json":{"title":"Paul Solarte, abogado pastuso designado en el empalme del Ministerio del Interior | P\u00e1gina10","robots":{"index":"index","follow":"follow","max-snippet":"max-snippet:-1","max-image-preview":"max-image-preview:large","max-video-preview":"max-video-preview:-1"},"canonical":"https:\/\/pagina10.com\/web\/paul-solarte-abogado-pastuso-designado-en-el-empalme-del-ministerio-del-interior\/","og_locale":"es_ES","og_type":"article","og_title":"Paul Solarte, abogado pastuso designado en el empalme del Ministerio del Interior | P\u00e1gina10","og_description":"La representaci\u00f3n de nari\u00f1enses sigue increment\u00e1ndose en el equipo de empalme del presidente electo Gustavo Petro. En esta ocasi\u00f3n el turno es para el abogado Paul Solarte quien fue designado como coordinador de dicha labor en el Ministerio del Interior. El pastuso de 33 a\u00f1os ha desempe\u00f1ado varios cargos. Aqu\u00ed se lo contamos: Tras su [&hellip;]","og_url":"https:\/\/pagina10.com\/web\/paul-solarte-abogado-pastuso-designado-en-el-empalme-del-ministerio-del-interior\/","og_site_name":"P\u00e1gina10","article_publisher":"https:\/\/www.facebook.com\/pag10com","article_published_time":"2022-07-09T14:00:40+00:00","og_image":[{"width":960,"height":639,"url":"https:\/\/pagina10.com\/web\/wp-content\/uploads\/2022\/07\/WhatsApp-Image-2022-07-08-at-8.37.39-AM.jpeg","type":"image\/jpeg"}],"author":"P\u00e1gina 10","twitter_card":"summary_large_image","twitter_creator":"@Pag10com","twitter_site":"@Pag10com","twitter_misc":{"Escrito por":"P\u00e1gina 10","Tiempo de lectura":"1 minuto"},"schema":{"@context":"https:\/\/schema.org","@graph":[{"@type":"Article","@id":"https:\/\/pagina10.com\/web\/paul-solarte-abogado-pastuso-designado-en-el-empalme-del-ministerio-del-interior\/#article","isPartOf":{"@id":"https:\/\/pagina10.com\/web\/paul-solarte-abogado-pastuso-designado-en-el-empalme-del-ministerio-del-interior\/"},"author":{"name":"P\u00e1gina 10","@id":"https:\/\/pagina10.com\/web\/#\/schema\/person\/2efc4a090d25b667d3bc796798a3a81b"},"headline":"Paul Solarte, abogado pastuso designado en el empalme del Ministerio del Interior","datePublished":"2022-07-09T14:00:40+00:00","mainEntityOfPage":{"@id":"https:\/\/pagina10.com\/web\/paul-solarte-abogado-pastuso-designado-en-el-empalme-del-ministerio-del-interior\/"},"wordCount":263,"commentCount":0,"publisher":{"@id":"https:\/\/pagina10.com\/web\/#organization"},"image":{"@id":"https:\/\/pagina10.com\/web\/paul-solarte-abogado-pastuso-designado-en-el-empalme-del-ministerio-del-interior\/#primaryimage"},"thumbnailUrl":"https:\/\/pagina10.com\/web\/wp-content\/uploads\/2022\/07\/WhatsApp-Image-2022-07-08-at-8.37.39-AM.jpeg","articleSection":["Nacional"],"inLanguage":"es","potentialAction":[{"@type":"CommentAction","name":"Comment","target":["https:\/\/pagina10.com\/web\/paul-solarte-abogado-pastuso-designado-en-el-empalme-del-ministerio-del-interior\/#respond"]}]},{"@type":"WebPage","@id":"https:\/\/pagina10.com\/web\/paul-solarte-abogado-pastuso-designado-en-el-empalme-del-ministerio-del-interior\/","url":"https:\/\/pagina10.com\/web\/paul-solarte-abogado-pastuso-designado-en-el-empalme-del-ministerio-del-interior\/","name":"Paul Solarte, abogado pastuso designado en el empalme del Ministerio del Interior | P\u00e1gina10","isPartOf":{"@id":"https:\/\/pagina10.com\/web\/#website"},"primaryImageOfPage":{"@id":"https:\/\/pagina10.com\/web\/paul-solarte-abogado-pastuso-designado-en-el-empalme-del-ministerio-del-interior\/#primaryimage"},"image":{"@id":"https:\/\/pagina10.com\/web\/paul-solarte-abogado-pastuso-designado-en-el-empalme-del-ministerio-del-interior\/#primaryimage"},"thumbnailUrl":"https:\/\/pagina10.com\/web\/wp-content\/uploads\/2022\/07\/WhatsApp-Image-2022-07-08-at-8.37.39-AM.jpeg","datePublished":"2022-07-09T14:00:40+00:00","breadcrumb":{"@id":"https:\/\/pagina10.com\/web\/paul-solarte-abogado-pastuso-designado-en-el-empalme-del-ministerio-del-interior\/#breadcrumb"},"inLanguage":"es","potentialAction":[{"@type":"ReadAction","target":["https:\/\/pagina10.com\/web\/paul-solarte-abogado-pastuso-designado-en-el-empalme-del-ministerio-del-interior\/"]}]},{"@type":"ImageObject","inLanguage":"es","@id":"https:\/\/pagina10.com\/web\/paul-solarte-abogado-pastuso-designado-en-el-empalme-del-ministerio-del-interior\/#primaryimage","url":"https:\/\/pagina10.com\/web\/wp-content\/uploads\/2022\/07\/WhatsApp-Image-2022-07-08-at-8.37.39-AM.jpeg","contentUrl":"https:\/\/pagina10.com\/web\/wp-content\/uploads\/2022\/07\/WhatsApp-Image-2022-07-08-at-8.37.39-AM.jpeg","width":960,"height":639},{"@type":"BreadcrumbList","@id":"https:\/\/pagina10.com\/web\/paul-solarte-abogado-pastuso-designado-en-el-empalme-del-ministerio-del-interior\/#breadcrumb","itemListElement":[{"@type":"ListItem","position":1,"name":"Portada","item":"https:\/\/pagina10.com\/web\/"},{"@type":"ListItem","position":2,"name":"Paul Solarte, abogado pastuso designado en el empalme del Ministerio del Interior"}]},{"@type":"WebSite","@id":"https:\/\/pagina10.com\/web\/#website","url":"https:\/\/pagina10.com\/web\/","name":"P\u00e1gina10","description":"Peri\u00f3dico Regional","publisher":{"@id":"https:\/\/pagina10.com\/web\/#organization"},"alternateName":"P\u00e1gina10 Peri\u00f3dico Regional","potentialAction":[{"@type":"SearchAction","target":{"@type":"EntryPoint","urlTemplate":"https:\/\/pagina10.com\/web\/?s={search_term_string}"},"query-input":{"@type":"PropertyValueSpecification","valueRequired":true,"valueName":"search_term_string"}}],"inLanguage":"es"},{"@type":"Organization","@id":"https:\/\/pagina10.com\/web\/#organization","name":"P\u00e1gina10","alternateName":"P\u00e1gina10 Peri\u00f3dico Regional","url":"https:\/\/pagina10.com\/web\/","logo":{"@type":"ImageObject","inLanguage":"es","@id":"https:\/\/pagina10.com\/web\/#\/schema\/logo\/image\/","url":"https:\/\/pagina10.com\/web\/wp-content\/uploads\/2024\/01\/40-pagina-10-periodico-regional-pasto.jpg","contentUrl":"https:\/\/pagina10.com\/web\/wp-content\/uploads\/2024\/01\/40-pagina-10-periodico-regional-pasto.jpg","width":1280,"height":720,"caption":"P\u00e1gina10"},"image":{"@id":"https:\/\/pagina10.com\/web\/#\/schema\/logo\/image\/"},"sameAs":["https:\/\/www.facebook.com\/pag10com","https:\/\/x.com\/Pag10com","https:\/\/www.instagram.com\/pagina10col\/","https:\/\/youtube.com\/channel\/pag10","https:\/\/www.tiktok.com\/@p10col"]},{"@type":"Person","@id":"https:\/\/pagina10.com\/web\/#\/schema\/person\/2efc4a090d25b667d3bc796798a3a81b","name":"P\u00e1gina 10","description":"P\u00e1gina 10 es un peri\u00f3dico regional que nace en Colombia, en el departamento de Nari\u00f1o, con un enfoque global, fundamentado en cuatro pilares esenciales: la libertad, el pluralismo, la inclusi\u00f3n y la independencia. P\u00e1gina 10 hace referencia a Nari\u00f1o como el d\u00e9cimo departamento creado en Colombia, despu\u00e9s de un proceso pol\u00edtico liderado por actores y actrices regionales con el fin de obtener la independencia y autonom\u00eda de nuestros territorios. Con la creaci\u00f3n de P\u00e1gina 10 se pretende abrir un escenario para el dialogo, la reflexi\u00f3n y el debate que se extienda a otras geograf\u00edas de Am\u00e9rica Latina y del planeta, en una apuesta por transformar colectivamente los desaf\u00edos de un mundo contempor\u00e1neo, m\u00e1s all\u00e1 de las fronteras impuestas.","url":"https:\/\/pagina10.com\/web\/author\/pdiezadmin\/"}]}},"_links":{"self":[{"href":"https:\/\/pagina10.com\/web\/wp-json\/wp\/v2\/posts\/60343","targetHints":{"allow":["GET"]}}],"collection":[{"href":"https:\/\/pagina10.com\/web\/wp-json\/wp\/v2\/posts"}],"about":[{"href":"https:\/\/pagina10.com\/web\/wp-json\/wp\/v2\/types\/post"}],"author":[{"embeddable":true,"href":"https:\/\/pagina10.com\/web\/wp-json\/wp\/v2\/users\/1"}],"replies":[{"embeddable":true,"href":"https:\/\/pagina10.com\/web\/wp-json\/wp\/v2\/comments?post=60343"}],"version-history":[{"count":1,"href":"https:\/\/pagina10.com\/web\/wp-json\/wp\/v2\/posts\/60343\/revisions"}],"predecessor-version":[{"id":60345,"href":"https:\/\/pagina10.com\/web\/wp-json\/wp\/v2\/posts\/60343\/revisions\/60345"}],"wp:featuredmedia":[{"embeddable":true,"href":"https:\/\/pagina10.com\/web\/wp-json\/wp\/v2\/media\/60346"}],"wp:attachment":[{"href":"https:\/\/pagina10.com\/web\/wp-json\/wp\/v2\/media?parent=60343"}],"wp:term":[{"taxonomy":"category","embeddable":true,"href":"https:\/\/pagina10.com\/web\/wp-json\/wp\/v2\/categories?post=60343"},{"taxonomy":"post_tag","embeddable":true,"href":"https:\/\/pagina10.com\/web\/wp-json\/wp\/v2\/tags?post=60343"}],"curies":[{"name":"wp","href":"https:\/\/api.w.org\/{rel}","templated":true}]}}