{"id":60356,"date":"2022-07-11T00:41:19","date_gmt":"2022-07-11T05:41:19","guid":{"rendered":"https:\/\/pagina10.com\/web\/?p=60356"},"modified":"2022-07-11T00:41:19","modified_gmt":"2022-07-11T05:41:19","slug":"itec-inem-pasto-una-prioridad-educativa-regional","status":"publish","type":"post","link":"https:\/\/pagina10.com\/web\/itec-inem-pasto-una-prioridad-educativa-regional\/","title":{"rendered":"ITEC \u2013 INEM Pasto: una prioridad educativa regional."},"content":{"rendered":"<div class=\"cxmmr5t8 oygrvhab hcukyx3x c1et5uql o9v6fnle ii04i59q\">\n<div dir=\"auto\">Para generar cambios en nuestra sociedad se requieren mentalidades y aportes con profunda visi\u00f3n humana, educativa, cient\u00edfica y social. Nuestro entorno cambia permanentemente y en todos los sentidos; quienes se adaptan a los cambios o se adelantan a ellos son aquellos que no se conforman con lo establecido y, por el contrario, imaginan, planean y trazan caminos nuevos que permitan y faciliten la construcci\u00f3n de un mundo mejor.<\/div>\n<\/div>\n<div class=\"cxmmr5t8 oygrvhab hcukyx3x c1et5uql o9v6fnle ii04i59q\">\n<div dir=\"auto\">Para nadie es un secreto que la educaci\u00f3n y la formaci\u00f3n integral de las nuevas generaciones juegan un papel de primer orden en las estructuras que rigen los actuales momentos de nuestra historia. \u00danicamente aquellas sociedades que sustentan su progreso y desarrollo en la ciencia y la tecnolog\u00eda son las que ofrecen a los ciudadanos la tranquilidad en \u00e1mbitos laborales, comerciales, econ\u00f3micos y humanos.<\/div>\n<\/div>\n<div class=\"cxmmr5t8 oygrvhab hcukyx3x c1et5uql o9v6fnle ii04i59q\">\n<div dir=\"auto\">Pensando en estas consideraciones y con el \u00e1nimo de brindar a los j\u00f3venes de nuestro municipio y de localidades cercanas, el magister JAIME RAMIRO GUERRERO VINUEZA lidera un importante proyecto educativo que transformar\u00e1 la forma de hacer y pensar en educaci\u00f3n. Se trata del ITEC &#8211; INEM o el Instituto T\u00e9cnico Tecnol\u00f3gico INEM que permitir\u00e1 avanzar en procesos de formaci\u00f3n a una juventud \u00e1vida de saberes e inquieta de conocimiento, pero limitada en sus medios econ\u00f3micos que impiden la cristalizaci\u00f3n de uno de los anhelos m\u00e1s sentidos por las nuevas generaciones del Sur. En consecuencia, se plantea a las autoridades nacionales, departamentales y municipales la necesidad de implementar este novedoso modelo educativo como una manera de contribuci\u00f3n efectiva al desarrollo regional y local.<\/div>\n<\/div>\n<div class=\"cxmmr5t8 oygrvhab hcukyx3x c1et5uql o9v6fnle ii04i59q\">\n<div dir=\"auto\">El magister Jaime Ramiro Guerrero Vinueza expresa que \u201cEl ITEC INEM, no solo es una aspiraci\u00f3n leg\u00edtima de los directivos de la IEM INEM de Pasto; sino una verdadera necesidad que le generar\u00e1 a la ciudad de Pasto y al Departamento de Nari\u00f1o el desarrollo que est\u00e1 buscando desde hace muchos a\u00f1os por ser una ciudad eminentemente prestadora de servicios y hoy que el mercado se mueve en Plataformas virtuales esta posibilidad es \u00fanica y posible\u201d. Esta idea nace ya hace algunos a\u00f1os y ha estado esperando esa gran oportunidad entre los diferentes gobernantes de turno que no solo han aplaudido la iniciativa, sino que tambi\u00e9n la han apoyado en la medida de las circunstancias. En tal sentido, recuerda que \u201cLa idea de crear una Instituci\u00f3n Universitaria para carreras profesionales T\u00e9cnicas y Tecnol\u00f3gicas en el INEM de Pasto viene desde hace varios a\u00f1os, pero lastimosamente no se hab\u00eda consolidado; a pesar de que en la planta f\u00edsica de esta instituci\u00f3n hab\u00edan funcionado Universidades como Santo Tom\u00e1s, la Universidad Uniminuto. En el a\u00f1o 2016 se da inicio a este importante proceso, al llevar a la discusi\u00f3n de los l\u00edderes de la Comuna Seis por parte de directivos del INEM la idea de crear una instituci\u00f3n universitaria para dar continuidad a los bachilleratos t\u00e9cnicos; propuesta que fue apoyada por todos los l\u00edderes de la comuna seis y vincularla como parte de la discusi\u00f3n del Plan de Gobierno del Dr. Pedro Vicente Obando. A partir de este momento, la idea tiene asidero en el gobierno municipal, pero fundamentalmente en las discusiones del honorable Concejo Municipal quienes lo concretaron en el Plan de Desarrollo 2016 \u2013 2019 como una l\u00ednea estrat\u00e9gica\u201d.<\/div>\n<\/div>\n<div class=\"cxmmr5t8 oygrvhab hcukyx3x c1et5uql o9v6fnle ii04i59q\">\n<div dir=\"auto\">Se han dado pasos importantes y de gran significaci\u00f3n en la b\u00fasqueda de la realizaci\u00f3n de este proyecto que, sin duda alguna, ser\u00e1 de gran trascendencia para el futuro de tantos j\u00f3venes que debido a los altos costos en la educaci\u00f3n superior no tienen la posibilidad de ingresar o culminar una carrera t\u00e9cnica, tecnol\u00f3gica o profesional. Al respecto es oportuno recordar que se ha contado con el apoyo de la comunidad, administradores y opini\u00f3n p\u00fablica en general, faltando \u00fanicamente el compromiso del Ministerio de Hacienda como un requisito previo para obtener la facultad que permita al INEM constituirse como una Instituci\u00f3n Tecnol\u00f3gica al servicio de las clases populares de Pasto y de Nari\u00f1o. As\u00ed lo se\u00f1ala acertadamente el mag\u00edster Jaime Ramiro Guerrero Vinueza: \u201dDentro de las discusiones del Plan de Desarrollo del periodo 2016 \u2013 2019 el Concejo Municipal de Pasto incluy\u00f3 la propuesta de los directivos del INEM y apoyada por los l\u00edderes de la Comuna Seis de convertirlo en una realidad y lo se\u00f1al\u00f3 expl\u00edcitamente como una l\u00ednea estrat\u00e9gica dentro del Plan de Desarrollo \u201cPasto educado, constructor de paz\u201d y desde ese momento se han venido realizando diferentes actividades que hoy solo nos tiene a la complementaci\u00f3n de un solo requisito (Convenio entre EL Municipio y el Ministerio de Hacienda y Cr\u00e9dito P\u00fablico); para que finalmente recibamos el apoyo de toda la comunidad de Pasto y de los gobiernos municipal y departamental y as\u00ed obtener del MEN la viabilidad t\u00e9cnica de hacer una realidad la creaci\u00f3n del ITEC INEM como una Instituci\u00f3n de Educaci\u00f3n Superior que posibilite su funcionamiento en el primer semestre del a\u00f1o 2023 con la apertura de 90 cupos en Programaci\u00f3n de Software para j\u00f3venes y se\u00f1oritas de poblaci\u00f3n vulnerable que hoy exigen en las calles educaci\u00f3n universitaria gratuita y obligatoria\u201d.<\/div>\n<\/div>\n<div class=\"cxmmr5t8 oygrvhab hcukyx3x c1et5uql o9v6fnle ii04i59q\">\n<div dir=\"auto\">Es de destacar que esta iniciativa cuenta con el apoyo irrestricto e incondicional de los coordinadores INEM \u2013 PASTO Nylce Marien Erazo Bola\u00f1os y \u00c1ngel Garc\u00eda, quienes continua y permanentemente alimentan este sue\u00f1o con valiosos aportes que brindan una continuidad al proyecto y son la garant\u00eda de una viabilidad educativa y acad\u00e9mica. Es gracias a ellos y su consagraci\u00f3n profesional que se ha visibilizado en diferentes escenarios alcanzando el reconocimiento de diversos actores y protagonistas de la educaci\u00f3n en nuestro municipio. Su permanente inter\u00e9s es la clara muestra de una preocupaci\u00f3n por alcanzar unos niveles satisfactorios y \u00f3ptimos en procesos formativos para los cientos y miles de j\u00f3venes que aspiran a una educaci\u00f3n en condiciones de calidad y equidad.<\/div>\n<\/div>\n<div class=\"cxmmr5t8 oygrvhab hcukyx3x c1et5uql o9v6fnle ii04i59q\">\n<div dir=\"auto\">Los directivos del INEM de Pasto formulan un respetuoso, pero urgente llamado al Gobernador del departamento de Nari\u00f1o, John Rojas Cabrera, y al alcalde del municipio de Pasto, German Chamorro de la Rosa, en el sentido de buscar un acercamiento con el nuevo gobierno nacional en cabeza del economista Gustavo Petro Urrego para que imparta las ordenes al Ministro de Hacienda y se faciliten los recursos y la aprobaci\u00f3n necesaria para dar inicio a este ambicioso proyecto en el Sur Occidente colombiano. Se espera, adem\u00e1s, se facilite la log\u00edstica necesaria que permita avanzar en la formulaci\u00f3n y presentaci\u00f3n del proyecto en el menor tiempo posible. Al respecto los directivos INEM \u2013 Pasto son enf\u00e1ticos al informar que \u201ca estos requisitos de obligatoriedad de ley se debe anexar el Convenio que firme el Alcalde o el Gobernador con EL Ministerio de Hacienda y Cr\u00e9dito P\u00fablico en el que defina sus responsabilidades administrativas y financieras para que el gobierno nacional por intermedio del MEN genere la viabilidad de su creaci\u00f3n ante el Consejo Municipal. Con el Convenio firmado entre las dos partes, los directivos de la I.E.M. INEM Pasto ya pueden radicar en la Plataforma SACES todos los documentos y esperar los 90 d\u00edas que dice la ley para el pronunciamiento del MEN quien mediante un Concepto de Viabilidad previo un estudio por parte del CESU sobre cumplimiento de requisitos se pronuncie a favor de su creaci\u00f3n y \u00e9l Alcalde de Pasto someta la Creaci\u00f3n de la IES ante \u00e9l Concejo Municipal. Una vez se haya agotado esta primera parte, el MEN realiza el nombramiento de los pares acad\u00e9micos para la visita y dem\u00e1s acciones que se requieren en esta tarea. La I.E.M. INEM Pasto dispone de los recursos por valor de 50 SMLV que se deben anexar a la radicaci\u00f3n de los documentos en la Plataforma SACES, caso contrario este organismo no adelanta un solo proceso\u201d.<\/div>\n<\/div>\n<div class=\"cxmmr5t8 oygrvhab hcukyx3x c1et5uql o9v6fnle ii04i59q\">\n<div dir=\"auto\">Vivimos un momento hist\u00f3rico en el que un humanista preside los destinos de la naci\u00f3n y la educaci\u00f3n se perfila como una de las principales herramientas para alcanzar y construir una verdadera democracia en nuestro pa\u00eds. La PAZ se dibuja en las aulas escolares, se edifica en la formaci\u00f3n superior y se fundamenta en todas esas generaciones que buscan desesperadamente alcanzar las herramientas t\u00e9cnicas y tecnol\u00f3gicas que les faciliten afrontar la vida en condiciones de equidad e igualdad.<\/div>\n<\/div>\n<div class=\"cxmmr5t8 oygrvhab hcukyx3x c1et5uql o9v6fnle ii04i59q\">\n<div dir=\"auto\">EL ITEC INEM \u2013 PASTO es la opci\u00f3n m\u00e1s viable de desarrollo regional por cuanto es el sustento de una nueva manera de afrontar y construir un futuro m\u00e1s justo y solidario con aquellos que durante a\u00f1os, d\u00e9cadas y centurias han sido excluidos de la posibilidad de una educaci\u00f3n de calidad y calidez.<\/div>\n<\/div>\n","protected":false},"excerpt":{"rendered":"<p>Para generar cambios en nuestra sociedad se requieren mentalidades y aportes con profunda visi\u00f3n humana, educativa, cient\u00edfica y social. Nuestro entorno cambia permanentemente y en todos los sentidos; quienes se adaptan a los cambios o se adelantan a ellos son aquellos que no se conforman con lo establecido y, por el contrario, imaginan, planean y [&hellip;]<\/p>\n","protected":false},"author":46,"featured_media":60357,"comment_status":"open","ping_status":"open","sticky":false,"template":"","format":"standard","meta":{"footnotes":""},"categories":[82],"tags":[],"class_list":["post-60356","post","type-post","status-publish","format-standard","has-post-thumbnail","hentry","category-ciudad-2"],"yoast_head":"<!-- This site is optimized with the Yoast SEO plugin v27.1.1 - https:\/\/yoast.com\/product\/yoast-seo-wordpress\/ -->\n<title>ITEC \u2013 INEM Pasto: una prioridad educativa regional. | P\u00e1gina10<\/title>\n<meta name=\"robots\" content=\"index, follow, max-snippet:-1, max-image-preview:large, max-video-preview:-1\" \/>\n<link rel=\"canonical\" href=\"https:\/\/pagina10.com\/web\/itec-inem-pasto-una-prioridad-educativa-regional\/\" \/>\n<meta property=\"og:locale\" content=\"es_ES\" \/>\n<meta property=\"og:type\" content=\"article\" \/>\n<meta property=\"og:title\" content=\"ITEC \u2013 INEM Pasto: una prioridad educativa regional. | P\u00e1gina10\" \/>\n<meta property=\"og:description\" content=\"Para generar cambios en nuestra sociedad se requieren mentalidades y aportes con profunda visi\u00f3n humana, educativa, cient\u00edfica y social. Nuestro entorno cambia permanentemente y en todos los sentidos; quienes se adaptan a los cambios o se adelantan a ellos son aquellos que no se conforman con lo establecido y, por el contrario, imaginan, planean y [&hellip;]\" \/>\n<meta property=\"og:url\" content=\"https:\/\/pagina10.com\/web\/itec-inem-pasto-una-prioridad-educativa-regional\/\" \/>\n<meta property=\"og:site_name\" content=\"P\u00e1gina10\" \/>\n<meta property=\"article:publisher\" content=\"https:\/\/www.facebook.com\/pag10com\" \/>\n<meta property=\"article:published_time\" content=\"2022-07-11T05:41:19+00:00\" \/>\n<meta property=\"og:image\" content=\"https:\/\/pagina10.com\/web\/wp-content\/uploads\/2022\/07\/292430329_10228956373397043_3098214934061620423_n.jpg\" \/>\n\t<meta property=\"og:image:width\" content=\"1560\" \/>\n\t<meta property=\"og:image:height\" content=\"720\" \/>\n\t<meta property=\"og:image:type\" content=\"image\/jpeg\" \/>\n<meta name=\"author\" content=\"Pablo Emilio Obando Acosta\" \/>\n<meta name=\"twitter:card\" content=\"summary_large_image\" \/>\n<meta name=\"twitter:creator\" content=\"@Pag10com\" \/>\n<meta name=\"twitter:site\" content=\"@Pag10com\" \/>\n<meta name=\"twitter:label1\" content=\"Escrito por\" \/>\n\t<meta name=\"twitter:data1\" content=\"Pablo Emilio Obando Acosta\" \/>\n\t<meta name=\"twitter:label2\" content=\"Tiempo de lectura\" \/>\n\t<meta name=\"twitter:data2\" content=\"7 minutos\" \/>\n<script type=\"application\/ld+json\" class=\"yoast-schema-graph\">{\"@context\":\"https:\/\/schema.org\",\"@graph\":[{\"@type\":\"Article\",\"@id\":\"https:\/\/pagina10.com\/web\/itec-inem-pasto-una-prioridad-educativa-regional\/#article\",\"isPartOf\":{\"@id\":\"https:\/\/pagina10.com\/web\/itec-inem-pasto-una-prioridad-educativa-regional\/\"},\"author\":{\"name\":\"Pablo Emilio Obando Acosta\",\"@id\":\"https:\/\/pagina10.com\/web\/#\/schema\/person\/3d3687c9f037834284853a963ee45123\"},\"headline\":\"ITEC \u2013 INEM Pasto: una prioridad educativa regional.\",\"datePublished\":\"2022-07-11T05:41:19+00:00\",\"mainEntityOfPage\":{\"@id\":\"https:\/\/pagina10.com\/web\/itec-inem-pasto-una-prioridad-educativa-regional\/\"},\"wordCount\":1502,\"commentCount\":0,\"publisher\":{\"@id\":\"https:\/\/pagina10.com\/web\/#organization\"},\"image\":{\"@id\":\"https:\/\/pagina10.com\/web\/itec-inem-pasto-una-prioridad-educativa-regional\/#primaryimage\"},\"thumbnailUrl\":\"https:\/\/pagina10.com\/web\/wp-content\/uploads\/2022\/07\/292430329_10228956373397043_3098214934061620423_n.jpg\",\"articleSection\":[\"Ciudad\"],\"inLanguage\":\"es\",\"potentialAction\":[{\"@type\":\"CommentAction\",\"name\":\"Comment\",\"target\":[\"https:\/\/pagina10.com\/web\/itec-inem-pasto-una-prioridad-educativa-regional\/#respond\"]}]},{\"@type\":\"WebPage\",\"@id\":\"https:\/\/pagina10.com\/web\/itec-inem-pasto-una-prioridad-educativa-regional\/\",\"url\":\"https:\/\/pagina10.com\/web\/itec-inem-pasto-una-prioridad-educativa-regional\/\",\"name\":\"ITEC \u2013 INEM Pasto: una prioridad educativa regional. | P\u00e1gina10\",\"isPartOf\":{\"@id\":\"https:\/\/pagina10.com\/web\/#website\"},\"primaryImageOfPage\":{\"@id\":\"https:\/\/pagina10.com\/web\/itec-inem-pasto-una-prioridad-educativa-regional\/#primaryimage\"},\"image\":{\"@id\":\"https:\/\/pagina10.com\/web\/itec-inem-pasto-una-prioridad-educativa-regional\/#primaryimage\"},\"thumbnailUrl\":\"https:\/\/pagina10.com\/web\/wp-content\/uploads\/2022\/07\/292430329_10228956373397043_3098214934061620423_n.jpg\",\"datePublished\":\"2022-07-11T05:41:19+00:00\",\"breadcrumb\":{\"@id\":\"https:\/\/pagina10.com\/web\/itec-inem-pasto-una-prioridad-educativa-regional\/#breadcrumb\"},\"inLanguage\":\"es\",\"potentialAction\":[{\"@type\":\"ReadAction\",\"target\":[\"https:\/\/pagina10.com\/web\/itec-inem-pasto-una-prioridad-educativa-regional\/\"]}]},{\"@type\":\"ImageObject\",\"inLanguage\":\"es\",\"@id\":\"https:\/\/pagina10.com\/web\/itec-inem-pasto-una-prioridad-educativa-regional\/#primaryimage\",\"url\":\"https:\/\/pagina10.com\/web\/wp-content\/uploads\/2022\/07\/292430329_10228956373397043_3098214934061620423_n.jpg\",\"contentUrl\":\"https:\/\/pagina10.com\/web\/wp-content\/uploads\/2022\/07\/292430329_10228956373397043_3098214934061620423_n.jpg\",\"width\":1560,\"height\":720},{\"@type\":\"BreadcrumbList\",\"@id\":\"https:\/\/pagina10.com\/web\/itec-inem-pasto-una-prioridad-educativa-regional\/#breadcrumb\",\"itemListElement\":[{\"@type\":\"ListItem\",\"position\":1,\"name\":\"Portada\",\"item\":\"https:\/\/pagina10.com\/web\/\"},{\"@type\":\"ListItem\",\"position\":2,\"name\":\"ITEC \u2013 INEM Pasto: una prioridad educativa regional.\"}]},{\"@type\":\"WebSite\",\"@id\":\"https:\/\/pagina10.com\/web\/#website\",\"url\":\"https:\/\/pagina10.com\/web\/\",\"name\":\"P\u00e1gina10\",\"description\":\"Peri\u00f3dico Regional\",\"publisher\":{\"@id\":\"https:\/\/pagina10.com\/web\/#organization\"},\"alternateName\":\"P\u00e1gina10 Peri\u00f3dico Regional\",\"potentialAction\":[{\"@type\":\"SearchAction\",\"target\":{\"@type\":\"EntryPoint\",\"urlTemplate\":\"https:\/\/pagina10.com\/web\/?s={search_term_string}\"},\"query-input\":{\"@type\":\"PropertyValueSpecification\",\"valueRequired\":true,\"valueName\":\"search_term_string\"}}],\"inLanguage\":\"es\"},{\"@type\":\"Organization\",\"@id\":\"https:\/\/pagina10.com\/web\/#organization\",\"name\":\"P\u00e1gina10\",\"alternateName\":\"P\u00e1gina10 Peri\u00f3dico Regional\",\"url\":\"https:\/\/pagina10.com\/web\/\",\"logo\":{\"@type\":\"ImageObject\",\"inLanguage\":\"es\",\"@id\":\"https:\/\/pagina10.com\/web\/#\/schema\/logo\/image\/\",\"url\":\"https:\/\/pagina10.com\/web\/wp-content\/uploads\/2024\/01\/40-pagina-10-periodico-regional-pasto.jpg\",\"contentUrl\":\"https:\/\/pagina10.com\/web\/wp-content\/uploads\/2024\/01\/40-pagina-10-periodico-regional-pasto.jpg\",\"width\":1280,\"height\":720,\"caption\":\"P\u00e1gina10\"},\"image\":{\"@id\":\"https:\/\/pagina10.com\/web\/#\/schema\/logo\/image\/\"},\"sameAs\":[\"https:\/\/www.facebook.com\/pag10com\",\"https:\/\/x.com\/Pag10com\",\"https:\/\/www.instagram.com\/pagina10col\/\",\"https:\/\/youtube.com\/channel\/pag10\",\"https:\/\/www.tiktok.com\/@p10col\"]},{\"@type\":\"Person\",\"@id\":\"https:\/\/pagina10.com\/web\/#\/schema\/person\/3d3687c9f037834284853a963ee45123\",\"name\":\"Pablo Emilio Obando Acosta\",\"description\":\"PABLO EMILIO OBANDO ACOSTA Nace en el a\u00f1o de 1965. Bachiller acad\u00e9mico Modalidad Humanidades del INEM de Pasto. En 1989 culmina sus estudios universitarios en la Universidad de Nari\u00f1o obteniendo el t\u00edtulo de Licenciado en Ciencias Sociales \u2013 \u00e9nfasis Ciencias de la Educaci\u00f3n \u2013Jornada nocturna-. Especialista en Literatura latinoamericana y colaborador de importantes medios de comunicaci\u00f3n escritos de nuestra regi\u00f3n y del pa\u00eds: El Tiempo.com, Semana.com, Dinero, Diario Del Sur, El Espectador.com, entre otros, Sus escritos se conocen y han obtenido reconocimientos en Chile, Uruguay, Paraguay, Espa\u00f1a y Alemania. En el a\u00f1o 2000 obtiene el reconocimiento CORREO DEL SUR como el personaje c\u00edvico del a\u00f1o por su f\u00e9rrea defensa de la dignidad pastense al protestar con su documento \u201cUn pueblo ante la historia\u201d por el trato despectivo de algunos medios de comunicaci\u00f3n. Las reacciones no se hacen esperar en peri\u00f3dicos de circulaci\u00f3n regional y nacional como El Tiempo, El Espectador y El Pa\u00eds. Ha obtenido m\u00faltiples medallas y condecoraciones por su labor period\u00edstica y cultural: Medalla al merito Guillermo Edmundo Ch\u00e1vez \u2013 mejor escritor del departamento de Nari\u00f1o 2005 \u2013 Fundaci\u00f3n Gabriel Garc\u00eda M\u00e1rquez. Mejor Columnista del departamento de Nari\u00f1o \u2013 a\u00f1os 1991 \u2013 1993 \u2013 1996 \u2013 2001 \u2013 2006 Fundaci\u00f3n Cultural Correo del Sur. Personaje C\u00edvico del Departamento de Nari\u00f1o a\u00f1o 2000. Medalla \u00c1lvaro Javier Jurado Calvache a\u00f1o 2007 \u2013 Centro Educativo PROFESA \u2013 defensor poblaci\u00f3n vulnerable del municipio de Pasto. Mejor cuentista del departamento de Nari\u00f1o \u2013 a\u00f1os 1989 \u2013 2004 \u2013 2005. Cronista m\u00e1s destacado del departamento de Nari\u00f1o \u2013 a\u00f1o 2001. Finalista VI Concurso Internacional de Cuento \u2013 Prensa Nueva \u2013 a\u00f1o 1991. Primer puesto Concurso nacional de cuento \u2013 Contralor\u00eda general de la Rep\u00fablica \u2013 a\u00f1o 1992. Primer Lugar Concurso Municipal de Periodismo \u201cSilvio Le\u00f3n Espa\u00f1a\u201d \u2013 2009. . Reconocimiento Concejo municipal de Pasto, por su labor c\u00edvica y educativa. Sus obras y escritos se conocen en varios pa\u00edses de Latinoam\u00e9rica y de Colombia. Es autor de una docena de textos y m\u00e1s de un millar de columnas de opini\u00f3n que han generado pol\u00e9mica en el contexto nacional y latinoamericano: Testimonio de una insurrecci\u00f3n ciudadana \u2013 2011. El doctor Mierda. Un pueblo ante la historia. La filosof\u00eda de la gallina. Del amor por la Tierra... y otros textos. Diario de un maestro de escuela. Apuntes para una nueva historia Nuevos apuntes \u2013 Tomas Hidalgo Calvache. El problema de los cristianos. La utilidad del poeta. \u00bfTe acuerdas Mariana...? Corona F\u00fanebre \u2013 Tomas Hidalgo Calvache. En formato digital ha editado los siguientes t\u00edtulos: - La nueva filosof\u00eda de la gallina. - Tomas Hidalgo Calvache - Apuntes. - Educar con valor. Figura en varias antolog\u00edas de autores nari\u00f1enses y en una latinoamericana. Sobre \u00e9l han escrito elogiosamente intelectuales de la talla de Otto Morales Ben\u00edtez, Edgar Bastidas Urresty, Juan Augusto Ortiz cabrera, Carlos Santamar\u00eda, Javier Rodrizales, Miguel Garz\u00f3n Arteaga, Fausto Molina, Jorge Arturo Bravo y otros tantos que ser\u00eda dif\u00edcil nombrar en esta peque\u00f1a cr\u00f3nica sobre Pablo Emilio Obando Acosta.\",\"url\":\"https:\/\/pagina10.com\/web\/author\/pobando\/\"}]}<\/script>\n<!-- \/ Yoast SEO plugin. -->","yoast_head_json":{"title":"ITEC \u2013 INEM Pasto: una prioridad educativa regional. | P\u00e1gina10","robots":{"index":"index","follow":"follow","max-snippet":"max-snippet:-1","max-image-preview":"max-image-preview:large","max-video-preview":"max-video-preview:-1"},"canonical":"https:\/\/pagina10.com\/web\/itec-inem-pasto-una-prioridad-educativa-regional\/","og_locale":"es_ES","og_type":"article","og_title":"ITEC \u2013 INEM Pasto: una prioridad educativa regional. | P\u00e1gina10","og_description":"Para generar cambios en nuestra sociedad se requieren mentalidades y aportes con profunda visi\u00f3n humana, educativa, cient\u00edfica y social. Nuestro entorno cambia permanentemente y en todos los sentidos; quienes se adaptan a los cambios o se adelantan a ellos son aquellos que no se conforman con lo establecido y, por el contrario, imaginan, planean y [&hellip;]","og_url":"https:\/\/pagina10.com\/web\/itec-inem-pasto-una-prioridad-educativa-regional\/","og_site_name":"P\u00e1gina10","article_publisher":"https:\/\/www.facebook.com\/pag10com","article_published_time":"2022-07-11T05:41:19+00:00","og_image":[{"width":1560,"height":720,"url":"https:\/\/pagina10.com\/web\/wp-content\/uploads\/2022\/07\/292430329_10228956373397043_3098214934061620423_n.jpg","type":"image\/jpeg"}],"author":"Pablo Emilio Obando Acosta","twitter_card":"summary_large_image","twitter_creator":"@Pag10com","twitter_site":"@Pag10com","twitter_misc":{"Escrito por":"Pablo Emilio Obando Acosta","Tiempo de lectura":"7 minutos"},"schema":{"@context":"https:\/\/schema.org","@graph":[{"@type":"Article","@id":"https:\/\/pagina10.com\/web\/itec-inem-pasto-una-prioridad-educativa-regional\/#article","isPartOf":{"@id":"https:\/\/pagina10.com\/web\/itec-inem-pasto-una-prioridad-educativa-regional\/"},"author":{"name":"Pablo Emilio Obando Acosta","@id":"https:\/\/pagina10.com\/web\/#\/schema\/person\/3d3687c9f037834284853a963ee45123"},"headline":"ITEC \u2013 INEM Pasto: una prioridad educativa regional.","datePublished":"2022-07-11T05:41:19+00:00","mainEntityOfPage":{"@id":"https:\/\/pagina10.com\/web\/itec-inem-pasto-una-prioridad-educativa-regional\/"},"wordCount":1502,"commentCount":0,"publisher":{"@id":"https:\/\/pagina10.com\/web\/#organization"},"image":{"@id":"https:\/\/pagina10.com\/web\/itec-inem-pasto-una-prioridad-educativa-regional\/#primaryimage"},"thumbnailUrl":"https:\/\/pagina10.com\/web\/wp-content\/uploads\/2022\/07\/292430329_10228956373397043_3098214934061620423_n.jpg","articleSection":["Ciudad"],"inLanguage":"es","potentialAction":[{"@type":"CommentAction","name":"Comment","target":["https:\/\/pagina10.com\/web\/itec-inem-pasto-una-prioridad-educativa-regional\/#respond"]}]},{"@type":"WebPage","@id":"https:\/\/pagina10.com\/web\/itec-inem-pasto-una-prioridad-educativa-regional\/","url":"https:\/\/pagina10.com\/web\/itec-inem-pasto-una-prioridad-educativa-regional\/","name":"ITEC \u2013 INEM Pasto: una prioridad educativa regional. | P\u00e1gina10","isPartOf":{"@id":"https:\/\/pagina10.com\/web\/#website"},"primaryImageOfPage":{"@id":"https:\/\/pagina10.com\/web\/itec-inem-pasto-una-prioridad-educativa-regional\/#primaryimage"},"image":{"@id":"https:\/\/pagina10.com\/web\/itec-inem-pasto-una-prioridad-educativa-regional\/#primaryimage"},"thumbnailUrl":"https:\/\/pagina10.com\/web\/wp-content\/uploads\/2022\/07\/292430329_10228956373397043_3098214934061620423_n.jpg","datePublished":"2022-07-11T05:41:19+00:00","breadcrumb":{"@id":"https:\/\/pagina10.com\/web\/itec-inem-pasto-una-prioridad-educativa-regional\/#breadcrumb"},"inLanguage":"es","potentialAction":[{"@type":"ReadAction","target":["https:\/\/pagina10.com\/web\/itec-inem-pasto-una-prioridad-educativa-regional\/"]}]},{"@type":"ImageObject","inLanguage":"es","@id":"https:\/\/pagina10.com\/web\/itec-inem-pasto-una-prioridad-educativa-regional\/#primaryimage","url":"https:\/\/pagina10.com\/web\/wp-content\/uploads\/2022\/07\/292430329_10228956373397043_3098214934061620423_n.jpg","contentUrl":"https:\/\/pagina10.com\/web\/wp-content\/uploads\/2022\/07\/292430329_10228956373397043_3098214934061620423_n.jpg","width":1560,"height":720},{"@type":"BreadcrumbList","@id":"https:\/\/pagina10.com\/web\/itec-inem-pasto-una-prioridad-educativa-regional\/#breadcrumb","itemListElement":[{"@type":"ListItem","position":1,"name":"Portada","item":"https:\/\/pagina10.com\/web\/"},{"@type":"ListItem","position":2,"name":"ITEC \u2013 INEM Pasto: una prioridad educativa regional."}]},{"@type":"WebSite","@id":"https:\/\/pagina10.com\/web\/#website","url":"https:\/\/pagina10.com\/web\/","name":"P\u00e1gina10","description":"Peri\u00f3dico Regional","publisher":{"@id":"https:\/\/pagina10.com\/web\/#organization"},"alternateName":"P\u00e1gina10 Peri\u00f3dico Regional","potentialAction":[{"@type":"SearchAction","target":{"@type":"EntryPoint","urlTemplate":"https:\/\/pagina10.com\/web\/?s={search_term_string}"},"query-input":{"@type":"PropertyValueSpecification","valueRequired":true,"valueName":"search_term_string"}}],"inLanguage":"es"},{"@type":"Organization","@id":"https:\/\/pagina10.com\/web\/#organization","name":"P\u00e1gina10","alternateName":"P\u00e1gina10 Peri\u00f3dico Regional","url":"https:\/\/pagina10.com\/web\/","logo":{"@type":"ImageObject","inLanguage":"es","@id":"https:\/\/pagina10.com\/web\/#\/schema\/logo\/image\/","url":"https:\/\/pagina10.com\/web\/wp-content\/uploads\/2024\/01\/40-pagina-10-periodico-regional-pasto.jpg","contentUrl":"https:\/\/pagina10.com\/web\/wp-content\/uploads\/2024\/01\/40-pagina-10-periodico-regional-pasto.jpg","width":1280,"height":720,"caption":"P\u00e1gina10"},"image":{"@id":"https:\/\/pagina10.com\/web\/#\/schema\/logo\/image\/"},"sameAs":["https:\/\/www.facebook.com\/pag10com","https:\/\/x.com\/Pag10com","https:\/\/www.instagram.com\/pagina10col\/","https:\/\/youtube.com\/channel\/pag10","https:\/\/www.tiktok.com\/@p10col"]},{"@type":"Person","@id":"https:\/\/pagina10.com\/web\/#\/schema\/person\/3d3687c9f037834284853a963ee45123","name":"Pablo Emilio Obando Acosta","description":"PABLO EMILIO OBANDO ACOSTA Nace en el a\u00f1o de 1965. Bachiller acad\u00e9mico Modalidad Humanidades del INEM de Pasto. En 1989 culmina sus estudios universitarios en la Universidad de Nari\u00f1o obteniendo el t\u00edtulo de Licenciado en Ciencias Sociales \u2013 \u00e9nfasis Ciencias de la Educaci\u00f3n \u2013Jornada nocturna-. Especialista en Literatura latinoamericana y colaborador de importantes medios de comunicaci\u00f3n escritos de nuestra regi\u00f3n y del pa\u00eds: El Tiempo.com, Semana.com, Dinero, Diario Del Sur, El Espectador.com, entre otros, Sus escritos se conocen y han obtenido reconocimientos en Chile, Uruguay, Paraguay, Espa\u00f1a y Alemania. En el a\u00f1o 2000 obtiene el reconocimiento CORREO DEL SUR como el personaje c\u00edvico del a\u00f1o por su f\u00e9rrea defensa de la dignidad pastense al protestar con su documento \u201cUn pueblo ante la historia\u201d por el trato despectivo de algunos medios de comunicaci\u00f3n. Las reacciones no se hacen esperar en peri\u00f3dicos de circulaci\u00f3n regional y nacional como El Tiempo, El Espectador y El Pa\u00eds. Ha obtenido m\u00faltiples medallas y condecoraciones por su labor period\u00edstica y cultural: Medalla al merito Guillermo Edmundo Ch\u00e1vez \u2013 mejor escritor del departamento de Nari\u00f1o 2005 \u2013 Fundaci\u00f3n Gabriel Garc\u00eda M\u00e1rquez. Mejor Columnista del departamento de Nari\u00f1o \u2013 a\u00f1os 1991 \u2013 1993 \u2013 1996 \u2013 2001 \u2013 2006 Fundaci\u00f3n Cultural Correo del Sur. Personaje C\u00edvico del Departamento de Nari\u00f1o a\u00f1o 2000. Medalla \u00c1lvaro Javier Jurado Calvache a\u00f1o 2007 \u2013 Centro Educativo PROFESA \u2013 defensor poblaci\u00f3n vulnerable del municipio de Pasto. Mejor cuentista del departamento de Nari\u00f1o \u2013 a\u00f1os 1989 \u2013 2004 \u2013 2005. Cronista m\u00e1s destacado del departamento de Nari\u00f1o \u2013 a\u00f1o 2001. Finalista VI Concurso Internacional de Cuento \u2013 Prensa Nueva \u2013 a\u00f1o 1991. Primer puesto Concurso nacional de cuento \u2013 Contralor\u00eda general de la Rep\u00fablica \u2013 a\u00f1o 1992. Primer Lugar Concurso Municipal de Periodismo \u201cSilvio Le\u00f3n Espa\u00f1a\u201d \u2013 2009. . Reconocimiento Concejo municipal de Pasto, por su labor c\u00edvica y educativa. Sus obras y escritos se conocen en varios pa\u00edses de Latinoam\u00e9rica y de Colombia. Es autor de una docena de textos y m\u00e1s de un millar de columnas de opini\u00f3n que han generado pol\u00e9mica en el contexto nacional y latinoamericano: Testimonio de una insurrecci\u00f3n ciudadana \u2013 2011. El doctor Mierda. Un pueblo ante la historia. La filosof\u00eda de la gallina. Del amor por la Tierra... y otros textos. Diario de un maestro de escuela. Apuntes para una nueva historia Nuevos apuntes \u2013 Tomas Hidalgo Calvache. El problema de los cristianos. La utilidad del poeta. \u00bfTe acuerdas Mariana...? Corona F\u00fanebre \u2013 Tomas Hidalgo Calvache. En formato digital ha editado los siguientes t\u00edtulos: - La nueva filosof\u00eda de la gallina. - Tomas Hidalgo Calvache - Apuntes. - Educar con valor. Figura en varias antolog\u00edas de autores nari\u00f1enses y en una latinoamericana. Sobre \u00e9l han escrito elogiosamente intelectuales de la talla de Otto Morales Ben\u00edtez, Edgar Bastidas Urresty, Juan Augusto Ortiz cabrera, Carlos Santamar\u00eda, Javier Rodrizales, Miguel Garz\u00f3n Arteaga, Fausto Molina, Jorge Arturo Bravo y otros tantos que ser\u00eda dif\u00edcil nombrar en esta peque\u00f1a cr\u00f3nica sobre Pablo Emilio Obando Acosta.","url":"https:\/\/pagina10.com\/web\/author\/pobando\/"}]}},"_links":{"self":[{"href":"https:\/\/pagina10.com\/web\/wp-json\/wp\/v2\/posts\/60356","targetHints":{"allow":["GET"]}}],"collection":[{"href":"https:\/\/pagina10.com\/web\/wp-json\/wp\/v2\/posts"}],"about":[{"href":"https:\/\/pagina10.com\/web\/wp-json\/wp\/v2\/types\/post"}],"author":[{"embeddable":true,"href":"https:\/\/pagina10.com\/web\/wp-json\/wp\/v2\/users\/46"}],"replies":[{"embeddable":true,"href":"https:\/\/pagina10.com\/web\/wp-json\/wp\/v2\/comments?post=60356"}],"version-history":[{"count":1,"href":"https:\/\/pagina10.com\/web\/wp-json\/wp\/v2\/posts\/60356\/revisions"}],"predecessor-version":[{"id":60358,"href":"https:\/\/pagina10.com\/web\/wp-json\/wp\/v2\/posts\/60356\/revisions\/60358"}],"wp:featuredmedia":[{"embeddable":true,"href":"https:\/\/pagina10.com\/web\/wp-json\/wp\/v2\/media\/60357"}],"wp:attachment":[{"href":"https:\/\/pagina10.com\/web\/wp-json\/wp\/v2\/media?parent=60356"}],"wp:term":[{"taxonomy":"category","embeddable":true,"href":"https:\/\/pagina10.com\/web\/wp-json\/wp\/v2\/categories?post=60356"},{"taxonomy":"post_tag","embeddable":true,"href":"https:\/\/pagina10.com\/web\/wp-json\/wp\/v2\/tags?post=60356"}],"curies":[{"name":"wp","href":"https:\/\/api.w.org\/{rel}","templated":true}]}}