{"id":60365,"date":"2022-07-11T17:31:09","date_gmt":"2022-07-11T22:31:09","guid":{"rendered":"https:\/\/pagina10.com\/web\/?p=60365"},"modified":"2022-07-11T17:31:09","modified_gmt":"2022-07-11T22:31:09","slug":"se-despilfarraron-la-plata-de-la-paz-garcia-realpe","status":"publish","type":"post","link":"https:\/\/pagina10.com\/web\/se-despilfarraron-la-plata-de-la-paz-garcia-realpe\/","title":{"rendered":"\u201cSe despilfarraron la plata de la paz\u201d: Garc\u00eda Realpe"},"content":{"rendered":"<p style=\"text-align: justify;\">El exsenador Guillermo Garc\u00eda Realpe se refiri\u00f3 a las irregularidades registradas en la aprobaci\u00f3n de proyectos a trav\u00e9s de recursos del Ocad Paz y se\u00f1al\u00f3 que el gobierno entrante del presidente electo Gustavo Petro, no tendr\u00e1 con que consolidar los programas de la paz en el pa\u00eds.<\/p>\n<p style=\"text-align: justify;\">\u201cLos recursos fueron monopolizados por mafias a nivel nacional y regional. El nuevo gobierno no tiene plata para consolidar temas importantes como la reforma rural o la sustituci\u00f3n de cultivos il\u00edcitos, en este sentido no hay como implementar los programas de paz.<\/p>\n<p style=\"text-align: justify;\">Ese dinero lo despilfarr\u00f3 todo el gobierno saliente con el Decreto 1821 que viol\u00f3 la Ley 2056 del Sistema General de Regal\u00edas, es decir, tomaron todos los recursos de ejecuci\u00f3n presupuestados para los pr\u00f3ximos diez a\u00f1os, mediante el sistema de vigencias futuras, y se la gastaron entre los a\u00f1os 2020 y 2021.<\/p>\n<p style=\"text-align: justify;\">Estamos frente a un grave asalto de los recursos p\u00fablicos y que pena que la plata que era para los municipios m\u00e1s afectados por el conflicto, se la hayan gastado en proyectos insustanciales que adem\u00e1s fueron plagiados y copiados, para obtener esa plata y despilfarrarla\u201d, se\u00f1al\u00f3 Garc\u00eda.<\/p>\n","protected":false},"excerpt":{"rendered":"<p>El exsenador Guillermo Garc\u00eda Realpe se refiri\u00f3 a las irregularidades registradas en la aprobaci\u00f3n de proyectos a trav\u00e9s de recursos del Ocad Paz y se\u00f1al\u00f3 que el gobierno entrante del presidente electo Gustavo Petro, no tendr\u00e1 con que consolidar los programas de la paz en el pa\u00eds. \u201cLos recursos fueron monopolizados por mafias a nivel [&hellip;]<\/p>\n","protected":false},"author":1,"featured_media":60366,"comment_status":"open","ping_status":"open","sticky":false,"template":"","format":"standard","meta":{"footnotes":""},"categories":[94],"tags":[],"class_list":["post-60365","post","type-post","status-publish","format-standard","has-post-thumbnail","hentry","category-nacional-global-2"],"yoast_head":"<!-- This site is optimized with the Yoast SEO plugin v27.1.1 - https:\/\/yoast.com\/product\/yoast-seo-wordpress\/ -->\n<title>\u201cSe despilfarraron la plata de la paz\u201d: Garc\u00eda Realpe | P\u00e1gina10<\/title>\n<meta name=\"robots\" content=\"index, follow, max-snippet:-1, max-image-preview:large, max-video-preview:-1\" \/>\n<link rel=\"canonical\" href=\"https:\/\/pagina10.com\/web\/se-despilfarraron-la-plata-de-la-paz-garcia-realpe\/\" \/>\n<meta property=\"og:locale\" content=\"es_ES\" \/>\n<meta property=\"og:type\" content=\"article\" \/>\n<meta property=\"og:title\" content=\"\u201cSe despilfarraron la plata de la paz\u201d: Garc\u00eda Realpe | P\u00e1gina10\" \/>\n<meta property=\"og:description\" content=\"El exsenador Guillermo Garc\u00eda Realpe se refiri\u00f3 a las irregularidades registradas en la aprobaci\u00f3n de proyectos a trav\u00e9s de recursos del Ocad Paz y se\u00f1al\u00f3 que el gobierno entrante del presidente electo Gustavo Petro, no tendr\u00e1 con que consolidar los programas de la paz en el pa\u00eds. \u201cLos recursos fueron monopolizados por mafias a nivel [&hellip;]\" \/>\n<meta property=\"og:url\" content=\"https:\/\/pagina10.com\/web\/se-despilfarraron-la-plata-de-la-paz-garcia-realpe\/\" \/>\n<meta property=\"og:site_name\" content=\"P\u00e1gina10\" \/>\n<meta property=\"article:publisher\" content=\"https:\/\/www.facebook.com\/pag10com\" \/>\n<meta property=\"article:published_time\" content=\"2022-07-11T22:31:09+00:00\" \/>\n<meta property=\"og:image\" content=\"https:\/\/pagina10.com\/web\/wp-content\/uploads\/2022\/07\/JDWZGSGPDBF3TBPGYVNDMKTBRY.jpg\" \/>\n\t<meta property=\"og:image:width\" content=\"1280\" \/>\n\t<meta property=\"og:image:height\" content=\"853\" \/>\n\t<meta property=\"og:image:type\" content=\"image\/jpeg\" \/>\n<meta name=\"author\" content=\"P\u00e1gina 10\" \/>\n<meta name=\"twitter:card\" content=\"summary_large_image\" \/>\n<meta name=\"twitter:creator\" content=\"@Pag10com\" \/>\n<meta name=\"twitter:site\" content=\"@Pag10com\" \/>\n<meta name=\"twitter:label1\" content=\"Escrito por\" \/>\n\t<meta name=\"twitter:data1\" content=\"P\u00e1gina 10\" \/>\n\t<meta name=\"twitter:label2\" content=\"Tiempo de lectura\" \/>\n\t<meta name=\"twitter:data2\" content=\"1 minuto\" \/>\n<script type=\"application\/ld+json\" class=\"yoast-schema-graph\">{\"@context\":\"https:\/\/schema.org\",\"@graph\":[{\"@type\":\"Article\",\"@id\":\"https:\/\/pagina10.com\/web\/se-despilfarraron-la-plata-de-la-paz-garcia-realpe\/#article\",\"isPartOf\":{\"@id\":\"https:\/\/pagina10.com\/web\/se-despilfarraron-la-plata-de-la-paz-garcia-realpe\/\"},\"author\":{\"name\":\"P\u00e1gina 10\",\"@id\":\"https:\/\/pagina10.com\/web\/#\/schema\/person\/2efc4a090d25b667d3bc796798a3a81b\"},\"headline\":\"\u201cSe despilfarraron la plata de la paz\u201d: Garc\u00eda Realpe\",\"datePublished\":\"2022-07-11T22:31:09+00:00\",\"mainEntityOfPage\":{\"@id\":\"https:\/\/pagina10.com\/web\/se-despilfarraron-la-plata-de-la-paz-garcia-realpe\/\"},\"wordCount\":211,\"commentCount\":0,\"publisher\":{\"@id\":\"https:\/\/pagina10.com\/web\/#organization\"},\"image\":{\"@id\":\"https:\/\/pagina10.com\/web\/se-despilfarraron-la-plata-de-la-paz-garcia-realpe\/#primaryimage\"},\"thumbnailUrl\":\"https:\/\/pagina10.com\/web\/wp-content\/uploads\/2022\/07\/JDWZGSGPDBF3TBPGYVNDMKTBRY.jpg\",\"articleSection\":[\"Nacional\"],\"inLanguage\":\"es\",\"potentialAction\":[{\"@type\":\"CommentAction\",\"name\":\"Comment\",\"target\":[\"https:\/\/pagina10.com\/web\/se-despilfarraron-la-plata-de-la-paz-garcia-realpe\/#respond\"]}]},{\"@type\":\"WebPage\",\"@id\":\"https:\/\/pagina10.com\/web\/se-despilfarraron-la-plata-de-la-paz-garcia-realpe\/\",\"url\":\"https:\/\/pagina10.com\/web\/se-despilfarraron-la-plata-de-la-paz-garcia-realpe\/\",\"name\":\"\u201cSe despilfarraron la plata de la paz\u201d: Garc\u00eda Realpe | P\u00e1gina10\",\"isPartOf\":{\"@id\":\"https:\/\/pagina10.com\/web\/#website\"},\"primaryImageOfPage\":{\"@id\":\"https:\/\/pagina10.com\/web\/se-despilfarraron-la-plata-de-la-paz-garcia-realpe\/#primaryimage\"},\"image\":{\"@id\":\"https:\/\/pagina10.com\/web\/se-despilfarraron-la-plata-de-la-paz-garcia-realpe\/#primaryimage\"},\"thumbnailUrl\":\"https:\/\/pagina10.com\/web\/wp-content\/uploads\/2022\/07\/JDWZGSGPDBF3TBPGYVNDMKTBRY.jpg\",\"datePublished\":\"2022-07-11T22:31:09+00:00\",\"breadcrumb\":{\"@id\":\"https:\/\/pagina10.com\/web\/se-despilfarraron-la-plata-de-la-paz-garcia-realpe\/#breadcrumb\"},\"inLanguage\":\"es\",\"potentialAction\":[{\"@type\":\"ReadAction\",\"target\":[\"https:\/\/pagina10.com\/web\/se-despilfarraron-la-plata-de-la-paz-garcia-realpe\/\"]}]},{\"@type\":\"ImageObject\",\"inLanguage\":\"es\",\"@id\":\"https:\/\/pagina10.com\/web\/se-despilfarraron-la-plata-de-la-paz-garcia-realpe\/#primaryimage\",\"url\":\"https:\/\/pagina10.com\/web\/wp-content\/uploads\/2022\/07\/JDWZGSGPDBF3TBPGYVNDMKTBRY.jpg\",\"contentUrl\":\"https:\/\/pagina10.com\/web\/wp-content\/uploads\/2022\/07\/JDWZGSGPDBF3TBPGYVNDMKTBRY.jpg\",\"width\":1280,\"height\":853},{\"@type\":\"BreadcrumbList\",\"@id\":\"https:\/\/pagina10.com\/web\/se-despilfarraron-la-plata-de-la-paz-garcia-realpe\/#breadcrumb\",\"itemListElement\":[{\"@type\":\"ListItem\",\"position\":1,\"name\":\"Portada\",\"item\":\"https:\/\/pagina10.com\/web\/\"},{\"@type\":\"ListItem\",\"position\":2,\"name\":\"\u201cSe despilfarraron la plata de la paz\u201d: Garc\u00eda Realpe\"}]},{\"@type\":\"WebSite\",\"@id\":\"https:\/\/pagina10.com\/web\/#website\",\"url\":\"https:\/\/pagina10.com\/web\/\",\"name\":\"P\u00e1gina10\",\"description\":\"Peri\u00f3dico Regional\",\"publisher\":{\"@id\":\"https:\/\/pagina10.com\/web\/#organization\"},\"alternateName\":\"P\u00e1gina10 Peri\u00f3dico Regional\",\"potentialAction\":[{\"@type\":\"SearchAction\",\"target\":{\"@type\":\"EntryPoint\",\"urlTemplate\":\"https:\/\/pagina10.com\/web\/?s={search_term_string}\"},\"query-input\":{\"@type\":\"PropertyValueSpecification\",\"valueRequired\":true,\"valueName\":\"search_term_string\"}}],\"inLanguage\":\"es\"},{\"@type\":\"Organization\",\"@id\":\"https:\/\/pagina10.com\/web\/#organization\",\"name\":\"P\u00e1gina10\",\"alternateName\":\"P\u00e1gina10 Peri\u00f3dico Regional\",\"url\":\"https:\/\/pagina10.com\/web\/\",\"logo\":{\"@type\":\"ImageObject\",\"inLanguage\":\"es\",\"@id\":\"https:\/\/pagina10.com\/web\/#\/schema\/logo\/image\/\",\"url\":\"https:\/\/pagina10.com\/web\/wp-content\/uploads\/2024\/01\/40-pagina-10-periodico-regional-pasto.jpg\",\"contentUrl\":\"https:\/\/pagina10.com\/web\/wp-content\/uploads\/2024\/01\/40-pagina-10-periodico-regional-pasto.jpg\",\"width\":1280,\"height\":720,\"caption\":\"P\u00e1gina10\"},\"image\":{\"@id\":\"https:\/\/pagina10.com\/web\/#\/schema\/logo\/image\/\"},\"sameAs\":[\"https:\/\/www.facebook.com\/pag10com\",\"https:\/\/x.com\/Pag10com\",\"https:\/\/www.instagram.com\/pagina10col\/\",\"https:\/\/youtube.com\/channel\/pag10\",\"https:\/\/www.tiktok.com\/@p10col\"]},{\"@type\":\"Person\",\"@id\":\"https:\/\/pagina10.com\/web\/#\/schema\/person\/2efc4a090d25b667d3bc796798a3a81b\",\"name\":\"P\u00e1gina 10\",\"description\":\"P\u00e1gina 10 es un peri\u00f3dico regional que nace en Colombia, en el departamento de Nari\u00f1o, con un enfoque global, fundamentado en cuatro pilares esenciales: la libertad, el pluralismo, la inclusi\u00f3n y la independencia. P\u00e1gina 10 hace referencia a Nari\u00f1o como el d\u00e9cimo departamento creado en Colombia, despu\u00e9s de un proceso pol\u00edtico liderado por actores y actrices regionales con el fin de obtener la independencia y autonom\u00eda de nuestros territorios. Con la creaci\u00f3n de P\u00e1gina 10 se pretende abrir un escenario para el dialogo, la reflexi\u00f3n y el debate que se extienda a otras geograf\u00edas de Am\u00e9rica Latina y del planeta, en una apuesta por transformar colectivamente los desaf\u00edos de un mundo contempor\u00e1neo, m\u00e1s all\u00e1 de las fronteras impuestas.\",\"url\":\"https:\/\/pagina10.com\/web\/author\/pdiezadmin\/\"}]}<\/script>\n<!-- \/ Yoast SEO plugin. -->","yoast_head_json":{"title":"\u201cSe despilfarraron la plata de la paz\u201d: Garc\u00eda Realpe | P\u00e1gina10","robots":{"index":"index","follow":"follow","max-snippet":"max-snippet:-1","max-image-preview":"max-image-preview:large","max-video-preview":"max-video-preview:-1"},"canonical":"https:\/\/pagina10.com\/web\/se-despilfarraron-la-plata-de-la-paz-garcia-realpe\/","og_locale":"es_ES","og_type":"article","og_title":"\u201cSe despilfarraron la plata de la paz\u201d: Garc\u00eda Realpe | P\u00e1gina10","og_description":"El exsenador Guillermo Garc\u00eda Realpe se refiri\u00f3 a las irregularidades registradas en la aprobaci\u00f3n de proyectos a trav\u00e9s de recursos del Ocad Paz y se\u00f1al\u00f3 que el gobierno entrante del presidente electo Gustavo Petro, no tendr\u00e1 con que consolidar los programas de la paz en el pa\u00eds. \u201cLos recursos fueron monopolizados por mafias a nivel [&hellip;]","og_url":"https:\/\/pagina10.com\/web\/se-despilfarraron-la-plata-de-la-paz-garcia-realpe\/","og_site_name":"P\u00e1gina10","article_publisher":"https:\/\/www.facebook.com\/pag10com","article_published_time":"2022-07-11T22:31:09+00:00","og_image":[{"width":1280,"height":853,"url":"https:\/\/pagina10.com\/web\/wp-content\/uploads\/2022\/07\/JDWZGSGPDBF3TBPGYVNDMKTBRY.jpg","type":"image\/jpeg"}],"author":"P\u00e1gina 10","twitter_card":"summary_large_image","twitter_creator":"@Pag10com","twitter_site":"@Pag10com","twitter_misc":{"Escrito por":"P\u00e1gina 10","Tiempo de lectura":"1 minuto"},"schema":{"@context":"https:\/\/schema.org","@graph":[{"@type":"Article","@id":"https:\/\/pagina10.com\/web\/se-despilfarraron-la-plata-de-la-paz-garcia-realpe\/#article","isPartOf":{"@id":"https:\/\/pagina10.com\/web\/se-despilfarraron-la-plata-de-la-paz-garcia-realpe\/"},"author":{"name":"P\u00e1gina 10","@id":"https:\/\/pagina10.com\/web\/#\/schema\/person\/2efc4a090d25b667d3bc796798a3a81b"},"headline":"\u201cSe despilfarraron la plata de la paz\u201d: Garc\u00eda Realpe","datePublished":"2022-07-11T22:31:09+00:00","mainEntityOfPage":{"@id":"https:\/\/pagina10.com\/web\/se-despilfarraron-la-plata-de-la-paz-garcia-realpe\/"},"wordCount":211,"commentCount":0,"publisher":{"@id":"https:\/\/pagina10.com\/web\/#organization"},"image":{"@id":"https:\/\/pagina10.com\/web\/se-despilfarraron-la-plata-de-la-paz-garcia-realpe\/#primaryimage"},"thumbnailUrl":"https:\/\/pagina10.com\/web\/wp-content\/uploads\/2022\/07\/JDWZGSGPDBF3TBPGYVNDMKTBRY.jpg","articleSection":["Nacional"],"inLanguage":"es","potentialAction":[{"@type":"CommentAction","name":"Comment","target":["https:\/\/pagina10.com\/web\/se-despilfarraron-la-plata-de-la-paz-garcia-realpe\/#respond"]}]},{"@type":"WebPage","@id":"https:\/\/pagina10.com\/web\/se-despilfarraron-la-plata-de-la-paz-garcia-realpe\/","url":"https:\/\/pagina10.com\/web\/se-despilfarraron-la-plata-de-la-paz-garcia-realpe\/","name":"\u201cSe despilfarraron la plata de la paz\u201d: Garc\u00eda Realpe | P\u00e1gina10","isPartOf":{"@id":"https:\/\/pagina10.com\/web\/#website"},"primaryImageOfPage":{"@id":"https:\/\/pagina10.com\/web\/se-despilfarraron-la-plata-de-la-paz-garcia-realpe\/#primaryimage"},"image":{"@id":"https:\/\/pagina10.com\/web\/se-despilfarraron-la-plata-de-la-paz-garcia-realpe\/#primaryimage"},"thumbnailUrl":"https:\/\/pagina10.com\/web\/wp-content\/uploads\/2022\/07\/JDWZGSGPDBF3TBPGYVNDMKTBRY.jpg","datePublished":"2022-07-11T22:31:09+00:00","breadcrumb":{"@id":"https:\/\/pagina10.com\/web\/se-despilfarraron-la-plata-de-la-paz-garcia-realpe\/#breadcrumb"},"inLanguage":"es","potentialAction":[{"@type":"ReadAction","target":["https:\/\/pagina10.com\/web\/se-despilfarraron-la-plata-de-la-paz-garcia-realpe\/"]}]},{"@type":"ImageObject","inLanguage":"es","@id":"https:\/\/pagina10.com\/web\/se-despilfarraron-la-plata-de-la-paz-garcia-realpe\/#primaryimage","url":"https:\/\/pagina10.com\/web\/wp-content\/uploads\/2022\/07\/JDWZGSGPDBF3TBPGYVNDMKTBRY.jpg","contentUrl":"https:\/\/pagina10.com\/web\/wp-content\/uploads\/2022\/07\/JDWZGSGPDBF3TBPGYVNDMKTBRY.jpg","width":1280,"height":853},{"@type":"BreadcrumbList","@id":"https:\/\/pagina10.com\/web\/se-despilfarraron-la-plata-de-la-paz-garcia-realpe\/#breadcrumb","itemListElement":[{"@type":"ListItem","position":1,"name":"Portada","item":"https:\/\/pagina10.com\/web\/"},{"@type":"ListItem","position":2,"name":"\u201cSe despilfarraron la plata de la paz\u201d: Garc\u00eda Realpe"}]},{"@type":"WebSite","@id":"https:\/\/pagina10.com\/web\/#website","url":"https:\/\/pagina10.com\/web\/","name":"P\u00e1gina10","description":"Peri\u00f3dico Regional","publisher":{"@id":"https:\/\/pagina10.com\/web\/#organization"},"alternateName":"P\u00e1gina10 Peri\u00f3dico Regional","potentialAction":[{"@type":"SearchAction","target":{"@type":"EntryPoint","urlTemplate":"https:\/\/pagina10.com\/web\/?s={search_term_string}"},"query-input":{"@type":"PropertyValueSpecification","valueRequired":true,"valueName":"search_term_string"}}],"inLanguage":"es"},{"@type":"Organization","@id":"https:\/\/pagina10.com\/web\/#organization","name":"P\u00e1gina10","alternateName":"P\u00e1gina10 Peri\u00f3dico Regional","url":"https:\/\/pagina10.com\/web\/","logo":{"@type":"ImageObject","inLanguage":"es","@id":"https:\/\/pagina10.com\/web\/#\/schema\/logo\/image\/","url":"https:\/\/pagina10.com\/web\/wp-content\/uploads\/2024\/01\/40-pagina-10-periodico-regional-pasto.jpg","contentUrl":"https:\/\/pagina10.com\/web\/wp-content\/uploads\/2024\/01\/40-pagina-10-periodico-regional-pasto.jpg","width":1280,"height":720,"caption":"P\u00e1gina10"},"image":{"@id":"https:\/\/pagina10.com\/web\/#\/schema\/logo\/image\/"},"sameAs":["https:\/\/www.facebook.com\/pag10com","https:\/\/x.com\/Pag10com","https:\/\/www.instagram.com\/pagina10col\/","https:\/\/youtube.com\/channel\/pag10","https:\/\/www.tiktok.com\/@p10col"]},{"@type":"Person","@id":"https:\/\/pagina10.com\/web\/#\/schema\/person\/2efc4a090d25b667d3bc796798a3a81b","name":"P\u00e1gina 10","description":"P\u00e1gina 10 es un peri\u00f3dico regional que nace en Colombia, en el departamento de Nari\u00f1o, con un enfoque global, fundamentado en cuatro pilares esenciales: la libertad, el pluralismo, la inclusi\u00f3n y la independencia. P\u00e1gina 10 hace referencia a Nari\u00f1o como el d\u00e9cimo departamento creado en Colombia, despu\u00e9s de un proceso pol\u00edtico liderado por actores y actrices regionales con el fin de obtener la independencia y autonom\u00eda de nuestros territorios. Con la creaci\u00f3n de P\u00e1gina 10 se pretende abrir un escenario para el dialogo, la reflexi\u00f3n y el debate que se extienda a otras geograf\u00edas de Am\u00e9rica Latina y del planeta, en una apuesta por transformar colectivamente los desaf\u00edos de un mundo contempor\u00e1neo, m\u00e1s all\u00e1 de las fronteras impuestas.","url":"https:\/\/pagina10.com\/web\/author\/pdiezadmin\/"}]}},"_links":{"self":[{"href":"https:\/\/pagina10.com\/web\/wp-json\/wp\/v2\/posts\/60365","targetHints":{"allow":["GET"]}}],"collection":[{"href":"https:\/\/pagina10.com\/web\/wp-json\/wp\/v2\/posts"}],"about":[{"href":"https:\/\/pagina10.com\/web\/wp-json\/wp\/v2\/types\/post"}],"author":[{"embeddable":true,"href":"https:\/\/pagina10.com\/web\/wp-json\/wp\/v2\/users\/1"}],"replies":[{"embeddable":true,"href":"https:\/\/pagina10.com\/web\/wp-json\/wp\/v2\/comments?post=60365"}],"version-history":[{"count":1,"href":"https:\/\/pagina10.com\/web\/wp-json\/wp\/v2\/posts\/60365\/revisions"}],"predecessor-version":[{"id":60367,"href":"https:\/\/pagina10.com\/web\/wp-json\/wp\/v2\/posts\/60365\/revisions\/60367"}],"wp:featuredmedia":[{"embeddable":true,"href":"https:\/\/pagina10.com\/web\/wp-json\/wp\/v2\/media\/60366"}],"wp:attachment":[{"href":"https:\/\/pagina10.com\/web\/wp-json\/wp\/v2\/media?parent=60365"}],"wp:term":[{"taxonomy":"category","embeddable":true,"href":"https:\/\/pagina10.com\/web\/wp-json\/wp\/v2\/categories?post=60365"},{"taxonomy":"post_tag","embeddable":true,"href":"https:\/\/pagina10.com\/web\/wp-json\/wp\/v2\/tags?post=60365"}],"curies":[{"name":"wp","href":"https:\/\/api.w.org\/{rel}","templated":true}]}}