{"id":60388,"date":"2022-07-12T12:50:24","date_gmt":"2022-07-12T17:50:24","guid":{"rendered":"https:\/\/pagina10.com\/web\/?p=60388"},"modified":"2022-07-12T12:50:24","modified_gmt":"2022-07-12T17:50:24","slug":"petro-anuncia-nuevas-caras-para-su-gabinete","status":"publish","type":"post","link":"https:\/\/pagina10.com\/web\/petro-anuncia-nuevas-caras-para-su-gabinete\/","title":{"rendered":"Petro anuncia nuevas caras para su gabinete"},"content":{"rendered":"<p style=\"text-align: justify;\">Hace pocos minutos el presidente electo Gustavo Petro anunci\u00f3 que Luis Gilberto Murillo, ex f\u00f3rmula vicepresidencial de Sergio Fajardo, ser\u00e1 el nuevo embajador de Colombia en los Estados Unidos. El mandatario dio a conocer la noticia a trav\u00e9s de su cuenta de Twitter.<\/p>\n<p style=\"text-align: justify;\">Murillo de 55 a\u00f1os es ingeniero de minas. Fue elegido Gobernador del Choc\u00f3, y fue ministro del Medio Ambiente desde 2016 hasta 2018. En marzo de 2022 se uni\u00f3 a la campa\u00f1a de Sergio Fajardo para las elecciones presidenciales de 2022 como candidato a la vicepresidencia. Posterior a la primera vuelta, se uni\u00f3 a la campa\u00f1a del Pacto Hist\u00f3rico.<\/p>\n<p style=\"text-align: justify;\">Por otra parte, el presidente electo dio a conocer ayer que Luis Carlos Reyes, doctor en econom\u00eda de la universidad de Michigan y profesor de la Javeriana, ser\u00e1 el director de la DIAN.<\/p>\n<p style=\"text-align: justify;\">\u201cBuscamos que se fortalezca la DIAN para disminuir al m\u00e1ximo la elusi\u00f3n y la evasi\u00f3n de impuestos. Hay que terminar con el contrabando institucionalizado\u201d, se\u00f1al\u00f3 Petro a trav\u00e9s de sus redes sociales.<\/p>\n","protected":false},"excerpt":{"rendered":"<p>Hace pocos minutos el presidente electo Gustavo Petro anunci\u00f3 que Luis Gilberto Murillo, ex f\u00f3rmula vicepresidencial de Sergio Fajardo, ser\u00e1 el nuevo embajador de Colombia en los Estados Unidos. El mandatario dio a conocer la noticia a trav\u00e9s de su cuenta de Twitter. Murillo de 55 a\u00f1os es ingeniero de minas. Fue elegido Gobernador del [&hellip;]<\/p>\n","protected":false},"author":1,"featured_media":60389,"comment_status":"open","ping_status":"open","sticky":false,"template":"","format":"standard","meta":{"footnotes":""},"categories":[94],"tags":[],"class_list":["post-60388","post","type-post","status-publish","format-standard","has-post-thumbnail","hentry","category-nacional-global-2"],"yoast_head":"<!-- This site is optimized with the Yoast SEO plugin v27.1.1 - https:\/\/yoast.com\/product\/yoast-seo-wordpress\/ -->\n<title>Petro anuncia nuevas caras para su gabinete | P\u00e1gina10<\/title>\n<meta name=\"robots\" content=\"index, follow, max-snippet:-1, max-image-preview:large, max-video-preview:-1\" \/>\n<link rel=\"canonical\" href=\"https:\/\/pagina10.com\/web\/petro-anuncia-nuevas-caras-para-su-gabinete\/\" \/>\n<meta property=\"og:locale\" content=\"es_ES\" \/>\n<meta property=\"og:type\" content=\"article\" \/>\n<meta property=\"og:title\" content=\"Petro anuncia nuevas caras para su gabinete | P\u00e1gina10\" \/>\n<meta property=\"og:description\" content=\"Hace pocos minutos el presidente electo Gustavo Petro anunci\u00f3 que Luis Gilberto Murillo, ex f\u00f3rmula vicepresidencial de Sergio Fajardo, ser\u00e1 el nuevo embajador de Colombia en los Estados Unidos. El mandatario dio a conocer la noticia a trav\u00e9s de su cuenta de Twitter. Murillo de 55 a\u00f1os es ingeniero de minas. Fue elegido Gobernador del [&hellip;]\" \/>\n<meta property=\"og:url\" content=\"https:\/\/pagina10.com\/web\/petro-anuncia-nuevas-caras-para-su-gabinete\/\" \/>\n<meta property=\"og:site_name\" content=\"P\u00e1gina10\" \/>\n<meta property=\"article:publisher\" content=\"https:\/\/www.facebook.com\/pag10com\" \/>\n<meta property=\"article:published_time\" content=\"2022-07-12T17:50:24+00:00\" \/>\n<meta property=\"og:image\" content=\"https:\/\/pagina10.com\/web\/wp-content\/uploads\/2022\/07\/Luis_Gilberto_Murillo.png\" \/>\n\t<meta property=\"og:image:width\" content=\"1320\" \/>\n\t<meta property=\"og:image:height\" content=\"872\" \/>\n\t<meta property=\"og:image:type\" content=\"image\/png\" \/>\n<meta name=\"author\" content=\"P\u00e1gina 10\" \/>\n<meta name=\"twitter:card\" content=\"summary_large_image\" \/>\n<meta name=\"twitter:creator\" content=\"@Pag10com\" \/>\n<meta name=\"twitter:site\" content=\"@Pag10com\" \/>\n<meta name=\"twitter:label1\" content=\"Escrito por\" \/>\n\t<meta name=\"twitter:data1\" content=\"P\u00e1gina 10\" \/>\n\t<meta name=\"twitter:label2\" content=\"Tiempo de lectura\" \/>\n\t<meta name=\"twitter:data2\" content=\"1 minuto\" \/>\n<script type=\"application\/ld+json\" class=\"yoast-schema-graph\">{\"@context\":\"https:\/\/schema.org\",\"@graph\":[{\"@type\":\"Article\",\"@id\":\"https:\/\/pagina10.com\/web\/petro-anuncia-nuevas-caras-para-su-gabinete\/#article\",\"isPartOf\":{\"@id\":\"https:\/\/pagina10.com\/web\/petro-anuncia-nuevas-caras-para-su-gabinete\/\"},\"author\":{\"name\":\"P\u00e1gina 10\",\"@id\":\"https:\/\/pagina10.com\/web\/#\/schema\/person\/2efc4a090d25b667d3bc796798a3a81b\"},\"headline\":\"Petro anuncia nuevas caras para su gabinete\",\"datePublished\":\"2022-07-12T17:50:24+00:00\",\"mainEntityOfPage\":{\"@id\":\"https:\/\/pagina10.com\/web\/petro-anuncia-nuevas-caras-para-su-gabinete\/\"},\"wordCount\":181,\"commentCount\":0,\"publisher\":{\"@id\":\"https:\/\/pagina10.com\/web\/#organization\"},\"image\":{\"@id\":\"https:\/\/pagina10.com\/web\/petro-anuncia-nuevas-caras-para-su-gabinete\/#primaryimage\"},\"thumbnailUrl\":\"https:\/\/pagina10.com\/web\/wp-content\/uploads\/2022\/07\/Luis_Gilberto_Murillo.png\",\"articleSection\":[\"Nacional\"],\"inLanguage\":\"es\",\"potentialAction\":[{\"@type\":\"CommentAction\",\"name\":\"Comment\",\"target\":[\"https:\/\/pagina10.com\/web\/petro-anuncia-nuevas-caras-para-su-gabinete\/#respond\"]}]},{\"@type\":\"WebPage\",\"@id\":\"https:\/\/pagina10.com\/web\/petro-anuncia-nuevas-caras-para-su-gabinete\/\",\"url\":\"https:\/\/pagina10.com\/web\/petro-anuncia-nuevas-caras-para-su-gabinete\/\",\"name\":\"Petro anuncia nuevas caras para su gabinete | P\u00e1gina10\",\"isPartOf\":{\"@id\":\"https:\/\/pagina10.com\/web\/#website\"},\"primaryImageOfPage\":{\"@id\":\"https:\/\/pagina10.com\/web\/petro-anuncia-nuevas-caras-para-su-gabinete\/#primaryimage\"},\"image\":{\"@id\":\"https:\/\/pagina10.com\/web\/petro-anuncia-nuevas-caras-para-su-gabinete\/#primaryimage\"},\"thumbnailUrl\":\"https:\/\/pagina10.com\/web\/wp-content\/uploads\/2022\/07\/Luis_Gilberto_Murillo.png\",\"datePublished\":\"2022-07-12T17:50:24+00:00\",\"breadcrumb\":{\"@id\":\"https:\/\/pagina10.com\/web\/petro-anuncia-nuevas-caras-para-su-gabinete\/#breadcrumb\"},\"inLanguage\":\"es\",\"potentialAction\":[{\"@type\":\"ReadAction\",\"target\":[\"https:\/\/pagina10.com\/web\/petro-anuncia-nuevas-caras-para-su-gabinete\/\"]}]},{\"@type\":\"ImageObject\",\"inLanguage\":\"es\",\"@id\":\"https:\/\/pagina10.com\/web\/petro-anuncia-nuevas-caras-para-su-gabinete\/#primaryimage\",\"url\":\"https:\/\/pagina10.com\/web\/wp-content\/uploads\/2022\/07\/Luis_Gilberto_Murillo.png\",\"contentUrl\":\"https:\/\/pagina10.com\/web\/wp-content\/uploads\/2022\/07\/Luis_Gilberto_Murillo.png\",\"width\":1320,\"height\":872},{\"@type\":\"BreadcrumbList\",\"@id\":\"https:\/\/pagina10.com\/web\/petro-anuncia-nuevas-caras-para-su-gabinete\/#breadcrumb\",\"itemListElement\":[{\"@type\":\"ListItem\",\"position\":1,\"name\":\"Portada\",\"item\":\"https:\/\/pagina10.com\/web\/\"},{\"@type\":\"ListItem\",\"position\":2,\"name\":\"Petro anuncia nuevas caras para su gabinete\"}]},{\"@type\":\"WebSite\",\"@id\":\"https:\/\/pagina10.com\/web\/#website\",\"url\":\"https:\/\/pagina10.com\/web\/\",\"name\":\"P\u00e1gina10\",\"description\":\"Peri\u00f3dico Regional\",\"publisher\":{\"@id\":\"https:\/\/pagina10.com\/web\/#organization\"},\"alternateName\":\"P\u00e1gina10 Peri\u00f3dico Regional\",\"potentialAction\":[{\"@type\":\"SearchAction\",\"target\":{\"@type\":\"EntryPoint\",\"urlTemplate\":\"https:\/\/pagina10.com\/web\/?s={search_term_string}\"},\"query-input\":{\"@type\":\"PropertyValueSpecification\",\"valueRequired\":true,\"valueName\":\"search_term_string\"}}],\"inLanguage\":\"es\"},{\"@type\":\"Organization\",\"@id\":\"https:\/\/pagina10.com\/web\/#organization\",\"name\":\"P\u00e1gina10\",\"alternateName\":\"P\u00e1gina10 Peri\u00f3dico Regional\",\"url\":\"https:\/\/pagina10.com\/web\/\",\"logo\":{\"@type\":\"ImageObject\",\"inLanguage\":\"es\",\"@id\":\"https:\/\/pagina10.com\/web\/#\/schema\/logo\/image\/\",\"url\":\"https:\/\/pagina10.com\/web\/wp-content\/uploads\/2024\/01\/40-pagina-10-periodico-regional-pasto.jpg\",\"contentUrl\":\"https:\/\/pagina10.com\/web\/wp-content\/uploads\/2024\/01\/40-pagina-10-periodico-regional-pasto.jpg\",\"width\":1280,\"height\":720,\"caption\":\"P\u00e1gina10\"},\"image\":{\"@id\":\"https:\/\/pagina10.com\/web\/#\/schema\/logo\/image\/\"},\"sameAs\":[\"https:\/\/www.facebook.com\/pag10com\",\"https:\/\/x.com\/Pag10com\",\"https:\/\/www.instagram.com\/pagina10col\/\",\"https:\/\/youtube.com\/channel\/pag10\",\"https:\/\/www.tiktok.com\/@p10col\"]},{\"@type\":\"Person\",\"@id\":\"https:\/\/pagina10.com\/web\/#\/schema\/person\/2efc4a090d25b667d3bc796798a3a81b\",\"name\":\"P\u00e1gina 10\",\"description\":\"P\u00e1gina 10 es un peri\u00f3dico regional que nace en Colombia, en el departamento de Nari\u00f1o, con un enfoque global, fundamentado en cuatro pilares esenciales: la libertad, el pluralismo, la inclusi\u00f3n y la independencia. P\u00e1gina 10 hace referencia a Nari\u00f1o como el d\u00e9cimo departamento creado en Colombia, despu\u00e9s de un proceso pol\u00edtico liderado por actores y actrices regionales con el fin de obtener la independencia y autonom\u00eda de nuestros territorios. Con la creaci\u00f3n de P\u00e1gina 10 se pretende abrir un escenario para el dialogo, la reflexi\u00f3n y el debate que se extienda a otras geograf\u00edas de Am\u00e9rica Latina y del planeta, en una apuesta por transformar colectivamente los desaf\u00edos de un mundo contempor\u00e1neo, m\u00e1s all\u00e1 de las fronteras impuestas.\",\"url\":\"https:\/\/pagina10.com\/web\/author\/pdiezadmin\/\"}]}<\/script>\n<!-- \/ Yoast SEO plugin. -->","yoast_head_json":{"title":"Petro anuncia nuevas caras para su gabinete | P\u00e1gina10","robots":{"index":"index","follow":"follow","max-snippet":"max-snippet:-1","max-image-preview":"max-image-preview:large","max-video-preview":"max-video-preview:-1"},"canonical":"https:\/\/pagina10.com\/web\/petro-anuncia-nuevas-caras-para-su-gabinete\/","og_locale":"es_ES","og_type":"article","og_title":"Petro anuncia nuevas caras para su gabinete | P\u00e1gina10","og_description":"Hace pocos minutos el presidente electo Gustavo Petro anunci\u00f3 que Luis Gilberto Murillo, ex f\u00f3rmula vicepresidencial de Sergio Fajardo, ser\u00e1 el nuevo embajador de Colombia en los Estados Unidos. El mandatario dio a conocer la noticia a trav\u00e9s de su cuenta de Twitter. Murillo de 55 a\u00f1os es ingeniero de minas. Fue elegido Gobernador del [&hellip;]","og_url":"https:\/\/pagina10.com\/web\/petro-anuncia-nuevas-caras-para-su-gabinete\/","og_site_name":"P\u00e1gina10","article_publisher":"https:\/\/www.facebook.com\/pag10com","article_published_time":"2022-07-12T17:50:24+00:00","og_image":[{"width":1320,"height":872,"url":"https:\/\/pagina10.com\/web\/wp-content\/uploads\/2022\/07\/Luis_Gilberto_Murillo.png","type":"image\/png"}],"author":"P\u00e1gina 10","twitter_card":"summary_large_image","twitter_creator":"@Pag10com","twitter_site":"@Pag10com","twitter_misc":{"Escrito por":"P\u00e1gina 10","Tiempo de lectura":"1 minuto"},"schema":{"@context":"https:\/\/schema.org","@graph":[{"@type":"Article","@id":"https:\/\/pagina10.com\/web\/petro-anuncia-nuevas-caras-para-su-gabinete\/#article","isPartOf":{"@id":"https:\/\/pagina10.com\/web\/petro-anuncia-nuevas-caras-para-su-gabinete\/"},"author":{"name":"P\u00e1gina 10","@id":"https:\/\/pagina10.com\/web\/#\/schema\/person\/2efc4a090d25b667d3bc796798a3a81b"},"headline":"Petro anuncia nuevas caras para su gabinete","datePublished":"2022-07-12T17:50:24+00:00","mainEntityOfPage":{"@id":"https:\/\/pagina10.com\/web\/petro-anuncia-nuevas-caras-para-su-gabinete\/"},"wordCount":181,"commentCount":0,"publisher":{"@id":"https:\/\/pagina10.com\/web\/#organization"},"image":{"@id":"https:\/\/pagina10.com\/web\/petro-anuncia-nuevas-caras-para-su-gabinete\/#primaryimage"},"thumbnailUrl":"https:\/\/pagina10.com\/web\/wp-content\/uploads\/2022\/07\/Luis_Gilberto_Murillo.png","articleSection":["Nacional"],"inLanguage":"es","potentialAction":[{"@type":"CommentAction","name":"Comment","target":["https:\/\/pagina10.com\/web\/petro-anuncia-nuevas-caras-para-su-gabinete\/#respond"]}]},{"@type":"WebPage","@id":"https:\/\/pagina10.com\/web\/petro-anuncia-nuevas-caras-para-su-gabinete\/","url":"https:\/\/pagina10.com\/web\/petro-anuncia-nuevas-caras-para-su-gabinete\/","name":"Petro anuncia nuevas caras para su gabinete | P\u00e1gina10","isPartOf":{"@id":"https:\/\/pagina10.com\/web\/#website"},"primaryImageOfPage":{"@id":"https:\/\/pagina10.com\/web\/petro-anuncia-nuevas-caras-para-su-gabinete\/#primaryimage"},"image":{"@id":"https:\/\/pagina10.com\/web\/petro-anuncia-nuevas-caras-para-su-gabinete\/#primaryimage"},"thumbnailUrl":"https:\/\/pagina10.com\/web\/wp-content\/uploads\/2022\/07\/Luis_Gilberto_Murillo.png","datePublished":"2022-07-12T17:50:24+00:00","breadcrumb":{"@id":"https:\/\/pagina10.com\/web\/petro-anuncia-nuevas-caras-para-su-gabinete\/#breadcrumb"},"inLanguage":"es","potentialAction":[{"@type":"ReadAction","target":["https:\/\/pagina10.com\/web\/petro-anuncia-nuevas-caras-para-su-gabinete\/"]}]},{"@type":"ImageObject","inLanguage":"es","@id":"https:\/\/pagina10.com\/web\/petro-anuncia-nuevas-caras-para-su-gabinete\/#primaryimage","url":"https:\/\/pagina10.com\/web\/wp-content\/uploads\/2022\/07\/Luis_Gilberto_Murillo.png","contentUrl":"https:\/\/pagina10.com\/web\/wp-content\/uploads\/2022\/07\/Luis_Gilberto_Murillo.png","width":1320,"height":872},{"@type":"BreadcrumbList","@id":"https:\/\/pagina10.com\/web\/petro-anuncia-nuevas-caras-para-su-gabinete\/#breadcrumb","itemListElement":[{"@type":"ListItem","position":1,"name":"Portada","item":"https:\/\/pagina10.com\/web\/"},{"@type":"ListItem","position":2,"name":"Petro anuncia nuevas caras para su gabinete"}]},{"@type":"WebSite","@id":"https:\/\/pagina10.com\/web\/#website","url":"https:\/\/pagina10.com\/web\/","name":"P\u00e1gina10","description":"Peri\u00f3dico Regional","publisher":{"@id":"https:\/\/pagina10.com\/web\/#organization"},"alternateName":"P\u00e1gina10 Peri\u00f3dico Regional","potentialAction":[{"@type":"SearchAction","target":{"@type":"EntryPoint","urlTemplate":"https:\/\/pagina10.com\/web\/?s={search_term_string}"},"query-input":{"@type":"PropertyValueSpecification","valueRequired":true,"valueName":"search_term_string"}}],"inLanguage":"es"},{"@type":"Organization","@id":"https:\/\/pagina10.com\/web\/#organization","name":"P\u00e1gina10","alternateName":"P\u00e1gina10 Peri\u00f3dico Regional","url":"https:\/\/pagina10.com\/web\/","logo":{"@type":"ImageObject","inLanguage":"es","@id":"https:\/\/pagina10.com\/web\/#\/schema\/logo\/image\/","url":"https:\/\/pagina10.com\/web\/wp-content\/uploads\/2024\/01\/40-pagina-10-periodico-regional-pasto.jpg","contentUrl":"https:\/\/pagina10.com\/web\/wp-content\/uploads\/2024\/01\/40-pagina-10-periodico-regional-pasto.jpg","width":1280,"height":720,"caption":"P\u00e1gina10"},"image":{"@id":"https:\/\/pagina10.com\/web\/#\/schema\/logo\/image\/"},"sameAs":["https:\/\/www.facebook.com\/pag10com","https:\/\/x.com\/Pag10com","https:\/\/www.instagram.com\/pagina10col\/","https:\/\/youtube.com\/channel\/pag10","https:\/\/www.tiktok.com\/@p10col"]},{"@type":"Person","@id":"https:\/\/pagina10.com\/web\/#\/schema\/person\/2efc4a090d25b667d3bc796798a3a81b","name":"P\u00e1gina 10","description":"P\u00e1gina 10 es un peri\u00f3dico regional que nace en Colombia, en el departamento de Nari\u00f1o, con un enfoque global, fundamentado en cuatro pilares esenciales: la libertad, el pluralismo, la inclusi\u00f3n y la independencia. P\u00e1gina 10 hace referencia a Nari\u00f1o como el d\u00e9cimo departamento creado en Colombia, despu\u00e9s de un proceso pol\u00edtico liderado por actores y actrices regionales con el fin de obtener la independencia y autonom\u00eda de nuestros territorios. Con la creaci\u00f3n de P\u00e1gina 10 se pretende abrir un escenario para el dialogo, la reflexi\u00f3n y el debate que se extienda a otras geograf\u00edas de Am\u00e9rica Latina y del planeta, en una apuesta por transformar colectivamente los desaf\u00edos de un mundo contempor\u00e1neo, m\u00e1s all\u00e1 de las fronteras impuestas.","url":"https:\/\/pagina10.com\/web\/author\/pdiezadmin\/"}]}},"_links":{"self":[{"href":"https:\/\/pagina10.com\/web\/wp-json\/wp\/v2\/posts\/60388","targetHints":{"allow":["GET"]}}],"collection":[{"href":"https:\/\/pagina10.com\/web\/wp-json\/wp\/v2\/posts"}],"about":[{"href":"https:\/\/pagina10.com\/web\/wp-json\/wp\/v2\/types\/post"}],"author":[{"embeddable":true,"href":"https:\/\/pagina10.com\/web\/wp-json\/wp\/v2\/users\/1"}],"replies":[{"embeddable":true,"href":"https:\/\/pagina10.com\/web\/wp-json\/wp\/v2\/comments?post=60388"}],"version-history":[{"count":1,"href":"https:\/\/pagina10.com\/web\/wp-json\/wp\/v2\/posts\/60388\/revisions"}],"predecessor-version":[{"id":60390,"href":"https:\/\/pagina10.com\/web\/wp-json\/wp\/v2\/posts\/60388\/revisions\/60390"}],"wp:featuredmedia":[{"embeddable":true,"href":"https:\/\/pagina10.com\/web\/wp-json\/wp\/v2\/media\/60389"}],"wp:attachment":[{"href":"https:\/\/pagina10.com\/web\/wp-json\/wp\/v2\/media?parent=60388"}],"wp:term":[{"taxonomy":"category","embeddable":true,"href":"https:\/\/pagina10.com\/web\/wp-json\/wp\/v2\/categories?post=60388"},{"taxonomy":"post_tag","embeddable":true,"href":"https:\/\/pagina10.com\/web\/wp-json\/wp\/v2\/tags?post=60388"}],"curies":[{"name":"wp","href":"https:\/\/api.w.org\/{rel}","templated":true}]}}