{"id":60391,"date":"2022-07-12T17:21:16","date_gmt":"2022-07-12T22:21:16","guid":{"rendered":"https:\/\/pagina10.com\/web\/?p=60391"},"modified":"2022-07-12T17:21:16","modified_gmt":"2022-07-12T22:21:16","slug":"declaran-urgencia-manifiesta-para-ejecutar-el-pae-en-pasto","status":"publish","type":"post","link":"https:\/\/pagina10.com\/web\/declaran-urgencia-manifiesta-para-ejecutar-el-pae-en-pasto\/","title":{"rendered":"Declaran urgencia manifiesta para ejecutar el PAE en Pasto"},"content":{"rendered":"<p style=\"text-align: justify;\">Mediante acto administrativo se declar\u00f3 la urgencia manifiesta con el fin de agilizar todos los tr\u00e1mites en las fases precontractual y contractual relacionadas con el Plan de Alimentaci\u00f3n Escolar para el municipio de Pasto. Con esto se espera normalizar el servicio durante los pr\u00f3ximos d\u00edas.<\/p>\n<p style=\"text-align: justify;\">Al respecto la secretaria de Educaci\u00f3n, Gloria Jurado, indic\u00f3 que se encuentra en curso el proceso licitatorio, en este sentido, indic\u00f3 que de acuerdo con esa planeaci\u00f3n se espera que los estudiantes cuenten con el servicio nuevamente, una vez retornen a clases al finalizar el periodo de vacaciones.<\/p>\n<p style=\"text-align: justify;\">As\u00ed mismo, indic\u00f3 que se aplicaron tres multas por alrededor de 200 millones de pesos a los antiguos operadores que incumplieron con la prestaci\u00f3n del servicio. Finalmente, la funcionaria resalt\u00f3 que para la presente vigencia hay mayor inversi\u00f3n por parte de la Alcald\u00eda al sector de la educaci\u00f3n, hecho que permitir\u00e1 mantener muchos de los actuales proyectos que se ejecutan en beneficio de los alumnos.<\/p>\n","protected":false},"excerpt":{"rendered":"<p>Mediante acto administrativo se declar\u00f3 la urgencia manifiesta con el fin de agilizar todos los tr\u00e1mites en las fases precontractual y contractual relacionadas con el Plan de Alimentaci\u00f3n Escolar para el municipio de Pasto. Con esto se espera normalizar el servicio durante los pr\u00f3ximos d\u00edas. Al respecto la secretaria de Educaci\u00f3n, Gloria Jurado, indic\u00f3 que [&hellip;]<\/p>\n","protected":false},"author":1,"featured_media":60392,"comment_status":"open","ping_status":"open","sticky":false,"template":"","format":"standard","meta":{"footnotes":""},"categories":[1549],"tags":[],"class_list":["post-60391","post","type-post","status-publish","format-standard","has-post-thumbnail","hentry","category-educacion-innovacion-3"],"yoast_head":"<!-- This site is optimized with the Yoast SEO plugin v27.1.1 - https:\/\/yoast.com\/product\/yoast-seo-wordpress\/ -->\n<title>Declaran urgencia manifiesta para ejecutar el PAE en Pasto | P\u00e1gina10<\/title>\n<meta name=\"robots\" content=\"index, follow, max-snippet:-1, max-image-preview:large, max-video-preview:-1\" \/>\n<link rel=\"canonical\" href=\"https:\/\/pagina10.com\/web\/declaran-urgencia-manifiesta-para-ejecutar-el-pae-en-pasto\/\" \/>\n<meta property=\"og:locale\" content=\"es_ES\" \/>\n<meta property=\"og:type\" content=\"article\" \/>\n<meta property=\"og:title\" content=\"Declaran urgencia manifiesta para ejecutar el PAE en Pasto | P\u00e1gina10\" \/>\n<meta property=\"og:description\" content=\"Mediante acto administrativo se declar\u00f3 la urgencia manifiesta con el fin de agilizar todos los tr\u00e1mites en las fases precontractual y contractual relacionadas con el Plan de Alimentaci\u00f3n Escolar para el municipio de Pasto. Con esto se espera normalizar el servicio durante los pr\u00f3ximos d\u00edas. Al respecto la secretaria de Educaci\u00f3n, Gloria Jurado, indic\u00f3 que [&hellip;]\" \/>\n<meta property=\"og:url\" content=\"https:\/\/pagina10.com\/web\/declaran-urgencia-manifiesta-para-ejecutar-el-pae-en-pasto\/\" \/>\n<meta property=\"og:site_name\" content=\"P\u00e1gina10\" \/>\n<meta property=\"article:publisher\" content=\"https:\/\/www.facebook.com\/pag10com\" \/>\n<meta property=\"article:published_time\" content=\"2022-07-12T22:21:16+00:00\" \/>\n<meta property=\"og:image\" content=\"https:\/\/pagina10.com\/web\/wp-content\/uploads\/2022\/07\/WhatsApp-Image-2022-03-13-at-11.57.37-AM.jpeg\" \/>\n\t<meta property=\"og:image:width\" content=\"949\" \/>\n\t<meta property=\"og:image:height\" content=\"680\" \/>\n\t<meta property=\"og:image:type\" content=\"image\/jpeg\" \/>\n<meta name=\"author\" content=\"P\u00e1gina 10\" \/>\n<meta name=\"twitter:card\" content=\"summary_large_image\" \/>\n<meta name=\"twitter:creator\" content=\"@Pag10com\" \/>\n<meta name=\"twitter:site\" content=\"@Pag10com\" \/>\n<meta name=\"twitter:label1\" content=\"Escrito por\" \/>\n\t<meta name=\"twitter:data1\" content=\"P\u00e1gina 10\" \/>\n\t<meta name=\"twitter:label2\" content=\"Tiempo de lectura\" \/>\n\t<meta name=\"twitter:data2\" content=\"1 minuto\" \/>\n<script type=\"application\/ld+json\" class=\"yoast-schema-graph\">{\"@context\":\"https:\/\/schema.org\",\"@graph\":[{\"@type\":\"Article\",\"@id\":\"https:\/\/pagina10.com\/web\/declaran-urgencia-manifiesta-para-ejecutar-el-pae-en-pasto\/#article\",\"isPartOf\":{\"@id\":\"https:\/\/pagina10.com\/web\/declaran-urgencia-manifiesta-para-ejecutar-el-pae-en-pasto\/\"},\"author\":{\"name\":\"P\u00e1gina 10\",\"@id\":\"https:\/\/pagina10.com\/web\/#\/schema\/person\/2efc4a090d25b667d3bc796798a3a81b\"},\"headline\":\"Declaran urgencia manifiesta para ejecutar el PAE en Pasto\",\"datePublished\":\"2022-07-12T22:21:16+00:00\",\"mainEntityOfPage\":{\"@id\":\"https:\/\/pagina10.com\/web\/declaran-urgencia-manifiesta-para-ejecutar-el-pae-en-pasto\/\"},\"wordCount\":176,\"commentCount\":0,\"publisher\":{\"@id\":\"https:\/\/pagina10.com\/web\/#organization\"},\"image\":{\"@id\":\"https:\/\/pagina10.com\/web\/declaran-urgencia-manifiesta-para-ejecutar-el-pae-en-pasto\/#primaryimage\"},\"thumbnailUrl\":\"https:\/\/pagina10.com\/web\/wp-content\/uploads\/2022\/07\/WhatsApp-Image-2022-03-13-at-11.57.37-AM.jpeg\",\"articleSection\":[\"Educaci\u00f3n\"],\"inLanguage\":\"es\",\"potentialAction\":[{\"@type\":\"CommentAction\",\"name\":\"Comment\",\"target\":[\"https:\/\/pagina10.com\/web\/declaran-urgencia-manifiesta-para-ejecutar-el-pae-en-pasto\/#respond\"]}]},{\"@type\":\"WebPage\",\"@id\":\"https:\/\/pagina10.com\/web\/declaran-urgencia-manifiesta-para-ejecutar-el-pae-en-pasto\/\",\"url\":\"https:\/\/pagina10.com\/web\/declaran-urgencia-manifiesta-para-ejecutar-el-pae-en-pasto\/\",\"name\":\"Declaran urgencia manifiesta para ejecutar el PAE en Pasto | P\u00e1gina10\",\"isPartOf\":{\"@id\":\"https:\/\/pagina10.com\/web\/#website\"},\"primaryImageOfPage\":{\"@id\":\"https:\/\/pagina10.com\/web\/declaran-urgencia-manifiesta-para-ejecutar-el-pae-en-pasto\/#primaryimage\"},\"image\":{\"@id\":\"https:\/\/pagina10.com\/web\/declaran-urgencia-manifiesta-para-ejecutar-el-pae-en-pasto\/#primaryimage\"},\"thumbnailUrl\":\"https:\/\/pagina10.com\/web\/wp-content\/uploads\/2022\/07\/WhatsApp-Image-2022-03-13-at-11.57.37-AM.jpeg\",\"datePublished\":\"2022-07-12T22:21:16+00:00\",\"breadcrumb\":{\"@id\":\"https:\/\/pagina10.com\/web\/declaran-urgencia-manifiesta-para-ejecutar-el-pae-en-pasto\/#breadcrumb\"},\"inLanguage\":\"es\",\"potentialAction\":[{\"@type\":\"ReadAction\",\"target\":[\"https:\/\/pagina10.com\/web\/declaran-urgencia-manifiesta-para-ejecutar-el-pae-en-pasto\/\"]}]},{\"@type\":\"ImageObject\",\"inLanguage\":\"es\",\"@id\":\"https:\/\/pagina10.com\/web\/declaran-urgencia-manifiesta-para-ejecutar-el-pae-en-pasto\/#primaryimage\",\"url\":\"https:\/\/pagina10.com\/web\/wp-content\/uploads\/2022\/07\/WhatsApp-Image-2022-03-13-at-11.57.37-AM.jpeg\",\"contentUrl\":\"https:\/\/pagina10.com\/web\/wp-content\/uploads\/2022\/07\/WhatsApp-Image-2022-03-13-at-11.57.37-AM.jpeg\",\"width\":949,\"height\":680},{\"@type\":\"BreadcrumbList\",\"@id\":\"https:\/\/pagina10.com\/web\/declaran-urgencia-manifiesta-para-ejecutar-el-pae-en-pasto\/#breadcrumb\",\"itemListElement\":[{\"@type\":\"ListItem\",\"position\":1,\"name\":\"Portada\",\"item\":\"https:\/\/pagina10.com\/web\/\"},{\"@type\":\"ListItem\",\"position\":2,\"name\":\"Declaran urgencia manifiesta para ejecutar el PAE en Pasto\"}]},{\"@type\":\"WebSite\",\"@id\":\"https:\/\/pagina10.com\/web\/#website\",\"url\":\"https:\/\/pagina10.com\/web\/\",\"name\":\"P\u00e1gina10\",\"description\":\"Peri\u00f3dico Regional\",\"publisher\":{\"@id\":\"https:\/\/pagina10.com\/web\/#organization\"},\"alternateName\":\"P\u00e1gina10 Peri\u00f3dico Regional\",\"potentialAction\":[{\"@type\":\"SearchAction\",\"target\":{\"@type\":\"EntryPoint\",\"urlTemplate\":\"https:\/\/pagina10.com\/web\/?s={search_term_string}\"},\"query-input\":{\"@type\":\"PropertyValueSpecification\",\"valueRequired\":true,\"valueName\":\"search_term_string\"}}],\"inLanguage\":\"es\"},{\"@type\":\"Organization\",\"@id\":\"https:\/\/pagina10.com\/web\/#organization\",\"name\":\"P\u00e1gina10\",\"alternateName\":\"P\u00e1gina10 Peri\u00f3dico Regional\",\"url\":\"https:\/\/pagina10.com\/web\/\",\"logo\":{\"@type\":\"ImageObject\",\"inLanguage\":\"es\",\"@id\":\"https:\/\/pagina10.com\/web\/#\/schema\/logo\/image\/\",\"url\":\"https:\/\/pagina10.com\/web\/wp-content\/uploads\/2024\/01\/40-pagina-10-periodico-regional-pasto.jpg\",\"contentUrl\":\"https:\/\/pagina10.com\/web\/wp-content\/uploads\/2024\/01\/40-pagina-10-periodico-regional-pasto.jpg\",\"width\":1280,\"height\":720,\"caption\":\"P\u00e1gina10\"},\"image\":{\"@id\":\"https:\/\/pagina10.com\/web\/#\/schema\/logo\/image\/\"},\"sameAs\":[\"https:\/\/www.facebook.com\/pag10com\",\"https:\/\/x.com\/Pag10com\",\"https:\/\/www.instagram.com\/pagina10col\/\",\"https:\/\/youtube.com\/channel\/pag10\",\"https:\/\/www.tiktok.com\/@p10col\"]},{\"@type\":\"Person\",\"@id\":\"https:\/\/pagina10.com\/web\/#\/schema\/person\/2efc4a090d25b667d3bc796798a3a81b\",\"name\":\"P\u00e1gina 10\",\"description\":\"P\u00e1gina 10 es un peri\u00f3dico regional que nace en Colombia, en el departamento de Nari\u00f1o, con un enfoque global, fundamentado en cuatro pilares esenciales: la libertad, el pluralismo, la inclusi\u00f3n y la independencia. P\u00e1gina 10 hace referencia a Nari\u00f1o como el d\u00e9cimo departamento creado en Colombia, despu\u00e9s de un proceso pol\u00edtico liderado por actores y actrices regionales con el fin de obtener la independencia y autonom\u00eda de nuestros territorios. Con la creaci\u00f3n de P\u00e1gina 10 se pretende abrir un escenario para el dialogo, la reflexi\u00f3n y el debate que se extienda a otras geograf\u00edas de Am\u00e9rica Latina y del planeta, en una apuesta por transformar colectivamente los desaf\u00edos de un mundo contempor\u00e1neo, m\u00e1s all\u00e1 de las fronteras impuestas.\",\"url\":\"https:\/\/pagina10.com\/web\/author\/pdiezadmin\/\"}]}<\/script>\n<!-- \/ Yoast SEO plugin. -->","yoast_head_json":{"title":"Declaran urgencia manifiesta para ejecutar el PAE en Pasto | P\u00e1gina10","robots":{"index":"index","follow":"follow","max-snippet":"max-snippet:-1","max-image-preview":"max-image-preview:large","max-video-preview":"max-video-preview:-1"},"canonical":"https:\/\/pagina10.com\/web\/declaran-urgencia-manifiesta-para-ejecutar-el-pae-en-pasto\/","og_locale":"es_ES","og_type":"article","og_title":"Declaran urgencia manifiesta para ejecutar el PAE en Pasto | P\u00e1gina10","og_description":"Mediante acto administrativo se declar\u00f3 la urgencia manifiesta con el fin de agilizar todos los tr\u00e1mites en las fases precontractual y contractual relacionadas con el Plan de Alimentaci\u00f3n Escolar para el municipio de Pasto. Con esto se espera normalizar el servicio durante los pr\u00f3ximos d\u00edas. Al respecto la secretaria de Educaci\u00f3n, Gloria Jurado, indic\u00f3 que [&hellip;]","og_url":"https:\/\/pagina10.com\/web\/declaran-urgencia-manifiesta-para-ejecutar-el-pae-en-pasto\/","og_site_name":"P\u00e1gina10","article_publisher":"https:\/\/www.facebook.com\/pag10com","article_published_time":"2022-07-12T22:21:16+00:00","og_image":[{"width":949,"height":680,"url":"https:\/\/pagina10.com\/web\/wp-content\/uploads\/2022\/07\/WhatsApp-Image-2022-03-13-at-11.57.37-AM.jpeg","type":"image\/jpeg"}],"author":"P\u00e1gina 10","twitter_card":"summary_large_image","twitter_creator":"@Pag10com","twitter_site":"@Pag10com","twitter_misc":{"Escrito por":"P\u00e1gina 10","Tiempo de lectura":"1 minuto"},"schema":{"@context":"https:\/\/schema.org","@graph":[{"@type":"Article","@id":"https:\/\/pagina10.com\/web\/declaran-urgencia-manifiesta-para-ejecutar-el-pae-en-pasto\/#article","isPartOf":{"@id":"https:\/\/pagina10.com\/web\/declaran-urgencia-manifiesta-para-ejecutar-el-pae-en-pasto\/"},"author":{"name":"P\u00e1gina 10","@id":"https:\/\/pagina10.com\/web\/#\/schema\/person\/2efc4a090d25b667d3bc796798a3a81b"},"headline":"Declaran urgencia manifiesta para ejecutar el PAE en Pasto","datePublished":"2022-07-12T22:21:16+00:00","mainEntityOfPage":{"@id":"https:\/\/pagina10.com\/web\/declaran-urgencia-manifiesta-para-ejecutar-el-pae-en-pasto\/"},"wordCount":176,"commentCount":0,"publisher":{"@id":"https:\/\/pagina10.com\/web\/#organization"},"image":{"@id":"https:\/\/pagina10.com\/web\/declaran-urgencia-manifiesta-para-ejecutar-el-pae-en-pasto\/#primaryimage"},"thumbnailUrl":"https:\/\/pagina10.com\/web\/wp-content\/uploads\/2022\/07\/WhatsApp-Image-2022-03-13-at-11.57.37-AM.jpeg","articleSection":["Educaci\u00f3n"],"inLanguage":"es","potentialAction":[{"@type":"CommentAction","name":"Comment","target":["https:\/\/pagina10.com\/web\/declaran-urgencia-manifiesta-para-ejecutar-el-pae-en-pasto\/#respond"]}]},{"@type":"WebPage","@id":"https:\/\/pagina10.com\/web\/declaran-urgencia-manifiesta-para-ejecutar-el-pae-en-pasto\/","url":"https:\/\/pagina10.com\/web\/declaran-urgencia-manifiesta-para-ejecutar-el-pae-en-pasto\/","name":"Declaran urgencia manifiesta para ejecutar el PAE en Pasto | P\u00e1gina10","isPartOf":{"@id":"https:\/\/pagina10.com\/web\/#website"},"primaryImageOfPage":{"@id":"https:\/\/pagina10.com\/web\/declaran-urgencia-manifiesta-para-ejecutar-el-pae-en-pasto\/#primaryimage"},"image":{"@id":"https:\/\/pagina10.com\/web\/declaran-urgencia-manifiesta-para-ejecutar-el-pae-en-pasto\/#primaryimage"},"thumbnailUrl":"https:\/\/pagina10.com\/web\/wp-content\/uploads\/2022\/07\/WhatsApp-Image-2022-03-13-at-11.57.37-AM.jpeg","datePublished":"2022-07-12T22:21:16+00:00","breadcrumb":{"@id":"https:\/\/pagina10.com\/web\/declaran-urgencia-manifiesta-para-ejecutar-el-pae-en-pasto\/#breadcrumb"},"inLanguage":"es","potentialAction":[{"@type":"ReadAction","target":["https:\/\/pagina10.com\/web\/declaran-urgencia-manifiesta-para-ejecutar-el-pae-en-pasto\/"]}]},{"@type":"ImageObject","inLanguage":"es","@id":"https:\/\/pagina10.com\/web\/declaran-urgencia-manifiesta-para-ejecutar-el-pae-en-pasto\/#primaryimage","url":"https:\/\/pagina10.com\/web\/wp-content\/uploads\/2022\/07\/WhatsApp-Image-2022-03-13-at-11.57.37-AM.jpeg","contentUrl":"https:\/\/pagina10.com\/web\/wp-content\/uploads\/2022\/07\/WhatsApp-Image-2022-03-13-at-11.57.37-AM.jpeg","width":949,"height":680},{"@type":"BreadcrumbList","@id":"https:\/\/pagina10.com\/web\/declaran-urgencia-manifiesta-para-ejecutar-el-pae-en-pasto\/#breadcrumb","itemListElement":[{"@type":"ListItem","position":1,"name":"Portada","item":"https:\/\/pagina10.com\/web\/"},{"@type":"ListItem","position":2,"name":"Declaran urgencia manifiesta para ejecutar el PAE en Pasto"}]},{"@type":"WebSite","@id":"https:\/\/pagina10.com\/web\/#website","url":"https:\/\/pagina10.com\/web\/","name":"P\u00e1gina10","description":"Peri\u00f3dico Regional","publisher":{"@id":"https:\/\/pagina10.com\/web\/#organization"},"alternateName":"P\u00e1gina10 Peri\u00f3dico Regional","potentialAction":[{"@type":"SearchAction","target":{"@type":"EntryPoint","urlTemplate":"https:\/\/pagina10.com\/web\/?s={search_term_string}"},"query-input":{"@type":"PropertyValueSpecification","valueRequired":true,"valueName":"search_term_string"}}],"inLanguage":"es"},{"@type":"Organization","@id":"https:\/\/pagina10.com\/web\/#organization","name":"P\u00e1gina10","alternateName":"P\u00e1gina10 Peri\u00f3dico Regional","url":"https:\/\/pagina10.com\/web\/","logo":{"@type":"ImageObject","inLanguage":"es","@id":"https:\/\/pagina10.com\/web\/#\/schema\/logo\/image\/","url":"https:\/\/pagina10.com\/web\/wp-content\/uploads\/2024\/01\/40-pagina-10-periodico-regional-pasto.jpg","contentUrl":"https:\/\/pagina10.com\/web\/wp-content\/uploads\/2024\/01\/40-pagina-10-periodico-regional-pasto.jpg","width":1280,"height":720,"caption":"P\u00e1gina10"},"image":{"@id":"https:\/\/pagina10.com\/web\/#\/schema\/logo\/image\/"},"sameAs":["https:\/\/www.facebook.com\/pag10com","https:\/\/x.com\/Pag10com","https:\/\/www.instagram.com\/pagina10col\/","https:\/\/youtube.com\/channel\/pag10","https:\/\/www.tiktok.com\/@p10col"]},{"@type":"Person","@id":"https:\/\/pagina10.com\/web\/#\/schema\/person\/2efc4a090d25b667d3bc796798a3a81b","name":"P\u00e1gina 10","description":"P\u00e1gina 10 es un peri\u00f3dico regional que nace en Colombia, en el departamento de Nari\u00f1o, con un enfoque global, fundamentado en cuatro pilares esenciales: la libertad, el pluralismo, la inclusi\u00f3n y la independencia. P\u00e1gina 10 hace referencia a Nari\u00f1o como el d\u00e9cimo departamento creado en Colombia, despu\u00e9s de un proceso pol\u00edtico liderado por actores y actrices regionales con el fin de obtener la independencia y autonom\u00eda de nuestros territorios. Con la creaci\u00f3n de P\u00e1gina 10 se pretende abrir un escenario para el dialogo, la reflexi\u00f3n y el debate que se extienda a otras geograf\u00edas de Am\u00e9rica Latina y del planeta, en una apuesta por transformar colectivamente los desaf\u00edos de un mundo contempor\u00e1neo, m\u00e1s all\u00e1 de las fronteras impuestas.","url":"https:\/\/pagina10.com\/web\/author\/pdiezadmin\/"}]}},"_links":{"self":[{"href":"https:\/\/pagina10.com\/web\/wp-json\/wp\/v2\/posts\/60391","targetHints":{"allow":["GET"]}}],"collection":[{"href":"https:\/\/pagina10.com\/web\/wp-json\/wp\/v2\/posts"}],"about":[{"href":"https:\/\/pagina10.com\/web\/wp-json\/wp\/v2\/types\/post"}],"author":[{"embeddable":true,"href":"https:\/\/pagina10.com\/web\/wp-json\/wp\/v2\/users\/1"}],"replies":[{"embeddable":true,"href":"https:\/\/pagina10.com\/web\/wp-json\/wp\/v2\/comments?post=60391"}],"version-history":[{"count":1,"href":"https:\/\/pagina10.com\/web\/wp-json\/wp\/v2\/posts\/60391\/revisions"}],"predecessor-version":[{"id":60393,"href":"https:\/\/pagina10.com\/web\/wp-json\/wp\/v2\/posts\/60391\/revisions\/60393"}],"wp:featuredmedia":[{"embeddable":true,"href":"https:\/\/pagina10.com\/web\/wp-json\/wp\/v2\/media\/60392"}],"wp:attachment":[{"href":"https:\/\/pagina10.com\/web\/wp-json\/wp\/v2\/media?parent=60391"}],"wp:term":[{"taxonomy":"category","embeddable":true,"href":"https:\/\/pagina10.com\/web\/wp-json\/wp\/v2\/categories?post=60391"},{"taxonomy":"post_tag","embeddable":true,"href":"https:\/\/pagina10.com\/web\/wp-json\/wp\/v2\/tags?post=60391"}],"curies":[{"name":"wp","href":"https:\/\/api.w.org\/{rel}","templated":true}]}}