{"id":60449,"date":"2022-07-15T14:08:32","date_gmt":"2022-07-15T19:08:32","guid":{"rendered":"https:\/\/pagina10.com\/web\/?p=60449"},"modified":"2022-07-15T14:08:32","modified_gmt":"2022-07-15T19:08:32","slug":"juzgado-de-pasto-exhorto-a-carlos-amaya-a-no-referirse-en-contra-de-la-universidad-de-narino","status":"publish","type":"post","link":"https:\/\/pagina10.com\/web\/juzgado-de-pasto-exhorto-a-carlos-amaya-a-no-referirse-en-contra-de-la-universidad-de-narino\/","title":{"rendered":"Juzgado de Pasto exhort\u00f3 a Carlos Amaya a no referirse en contra de la Universidad de Nari\u00f1o"},"content":{"rendered":"<p style=\"text-align: justify;\">El Juzgado Municipal de Peque\u00f1as Causas Laborales de Pasto emiti\u00f3 sentencia frente al pronunciamiento hecho por el ex precandidato presidencial Carlos Amaya quien el pasado 17 de junio declar\u00f3 que algunos docentes de la Universidad de Nari\u00f1o estaban presionando a sus estudiantes para que voten por el hoy presidente electo Gustavo Petro, a cambio de notas.<\/p>\n<p style=\"text-align: justify;\">Dichas declaraciones hechas a trav\u00e9s de la red social Twitter provocaron un sentido malestar al interior de la comunidad acad\u00e9mica por lo que la rectora Martha Sof\u00eda Gonzales procedi\u00f3 a instaurar de forma inmediata acciones constitucionales contra dicha manifestaci\u00f3n.<\/p>\n<p style=\"text-align: justify;\">En este sentido, el juzgado mediante providencia del d\u00eda 11 de julio de 2022 emiti\u00f3 sentencia dirimiendo la controversia y disponiendo, lo siguiente:<\/p>\n<p style=\"text-align: justify;\">&#8220;(&#8230;) teniendo en cuenta que el accionado en ejercicio de su derecho de libertad de expresi\u00f3n, public\u00f3 el mencionado comunicado, es necesario recordarte que \u00e9ste derecho tiene l\u00edmites, principalmente se ha establecido que toda persona tiene derecho a expresar libremente su pensamiento y opini\u00f3n siempre que se brinde una informaci\u00f3n veraz y no basada en suposiciones (&#8230;)\u201d.<\/p>\n<p style=\"text-align: justify;\">\u201cAs\u00ed las cosas, se reitera que \u00e9stas afirmaciones (&#8230;) generaron indignaci\u00f3n, desconcierto y descontento por parte de algunos de los docentes y estudiantes, de manera que se exhortar\u00e1 al accionante para que a futuro se abstenga de realizar comentarios que denigren sobre instituciones de larga trayectoria como lo es la Universidad de Nari\u00f1o, si no hay pruebas y fundamentos veraces, m\u00e1s a\u00fan cuando se trata de una persona que dada su connotaci\u00f3n cuenta con m\u00e1s de 100.000 seguidores en redes sociales&#8221;, reiter\u00f3 el juzgado.<\/p>\n","protected":false},"excerpt":{"rendered":"<p>El Juzgado Municipal de Peque\u00f1as Causas Laborales de Pasto emiti\u00f3 sentencia frente al pronunciamiento hecho por el ex precandidato presidencial Carlos Amaya quien el pasado 17 de junio declar\u00f3 que algunos docentes de la Universidad de Nari\u00f1o estaban presionando a sus estudiantes para que voten por el hoy presidente electo Gustavo Petro, a cambio de [&hellip;]<\/p>\n","protected":false},"author":1,"featured_media":60450,"comment_status":"open","ping_status":"open","sticky":false,"template":"","format":"standard","meta":{"footnotes":""},"categories":[94],"tags":[],"class_list":["post-60449","post","type-post","status-publish","format-standard","has-post-thumbnail","hentry","category-nacional-global-2"],"yoast_head":"<!-- This site is optimized with the Yoast SEO plugin v27.1.1 - https:\/\/yoast.com\/product\/yoast-seo-wordpress\/ -->\n<title>Juzgado de Pasto exhort\u00f3 a Carlos Amaya a no referirse en contra de la Universidad de Nari\u00f1o | P\u00e1gina10<\/title>\n<meta name=\"robots\" content=\"index, follow, max-snippet:-1, max-image-preview:large, max-video-preview:-1\" \/>\n<link rel=\"canonical\" href=\"https:\/\/pagina10.com\/web\/juzgado-de-pasto-exhorto-a-carlos-amaya-a-no-referirse-en-contra-de-la-universidad-de-narino\/\" \/>\n<meta property=\"og:locale\" content=\"es_ES\" \/>\n<meta property=\"og:type\" content=\"article\" \/>\n<meta property=\"og:title\" content=\"Juzgado de Pasto exhort\u00f3 a Carlos Amaya a no referirse en contra de la Universidad de Nari\u00f1o | P\u00e1gina10\" \/>\n<meta property=\"og:description\" content=\"El Juzgado Municipal de Peque\u00f1as Causas Laborales de Pasto emiti\u00f3 sentencia frente al pronunciamiento hecho por el ex precandidato presidencial Carlos Amaya quien el pasado 17 de junio declar\u00f3 que algunos docentes de la Universidad de Nari\u00f1o estaban presionando a sus estudiantes para que voten por el hoy presidente electo Gustavo Petro, a cambio de [&hellip;]\" \/>\n<meta property=\"og:url\" content=\"https:\/\/pagina10.com\/web\/juzgado-de-pasto-exhorto-a-carlos-amaya-a-no-referirse-en-contra-de-la-universidad-de-narino\/\" \/>\n<meta property=\"og:site_name\" content=\"P\u00e1gina10\" \/>\n<meta property=\"article:publisher\" content=\"https:\/\/www.facebook.com\/pag10com\" \/>\n<meta property=\"article:published_time\" content=\"2022-07-15T19:08:32+00:00\" \/>\n<meta property=\"og:image\" content=\"https:\/\/pagina10.com\/web\/wp-content\/uploads\/2022\/07\/carlos-amata.jpg\" \/>\n\t<meta property=\"og:image:width\" content=\"800\" \/>\n\t<meta property=\"og:image:height\" content=\"533\" \/>\n\t<meta property=\"og:image:type\" content=\"image\/jpeg\" \/>\n<meta name=\"author\" content=\"P\u00e1gina 10\" \/>\n<meta name=\"twitter:card\" content=\"summary_large_image\" \/>\n<meta name=\"twitter:creator\" content=\"@Pag10com\" \/>\n<meta name=\"twitter:site\" content=\"@Pag10com\" \/>\n<meta name=\"twitter:label1\" content=\"Escrito por\" \/>\n\t<meta name=\"twitter:data1\" content=\"P\u00e1gina 10\" \/>\n\t<meta name=\"twitter:label2\" content=\"Tiempo de lectura\" \/>\n\t<meta name=\"twitter:data2\" content=\"1 minuto\" \/>\n<script type=\"application\/ld+json\" class=\"yoast-schema-graph\">{\"@context\":\"https:\/\/schema.org\",\"@graph\":[{\"@type\":\"Article\",\"@id\":\"https:\/\/pagina10.com\/web\/juzgado-de-pasto-exhorto-a-carlos-amaya-a-no-referirse-en-contra-de-la-universidad-de-narino\/#article\",\"isPartOf\":{\"@id\":\"https:\/\/pagina10.com\/web\/juzgado-de-pasto-exhorto-a-carlos-amaya-a-no-referirse-en-contra-de-la-universidad-de-narino\/\"},\"author\":{\"name\":\"P\u00e1gina 10\",\"@id\":\"https:\/\/pagina10.com\/web\/#\/schema\/person\/2efc4a090d25b667d3bc796798a3a81b\"},\"headline\":\"Juzgado de Pasto exhort\u00f3 a Carlos Amaya a no referirse en contra de la Universidad de Nari\u00f1o\",\"datePublished\":\"2022-07-15T19:08:32+00:00\",\"mainEntityOfPage\":{\"@id\":\"https:\/\/pagina10.com\/web\/juzgado-de-pasto-exhorto-a-carlos-amaya-a-no-referirse-en-contra-de-la-universidad-de-narino\/\"},\"wordCount\":287,\"commentCount\":0,\"publisher\":{\"@id\":\"https:\/\/pagina10.com\/web\/#organization\"},\"image\":{\"@id\":\"https:\/\/pagina10.com\/web\/juzgado-de-pasto-exhorto-a-carlos-amaya-a-no-referirse-en-contra-de-la-universidad-de-narino\/#primaryimage\"},\"thumbnailUrl\":\"https:\/\/pagina10.com\/web\/wp-content\/uploads\/2022\/07\/carlos-amata.jpg\",\"articleSection\":[\"Nacional\"],\"inLanguage\":\"es\",\"potentialAction\":[{\"@type\":\"CommentAction\",\"name\":\"Comment\",\"target\":[\"https:\/\/pagina10.com\/web\/juzgado-de-pasto-exhorto-a-carlos-amaya-a-no-referirse-en-contra-de-la-universidad-de-narino\/#respond\"]}]},{\"@type\":\"WebPage\",\"@id\":\"https:\/\/pagina10.com\/web\/juzgado-de-pasto-exhorto-a-carlos-amaya-a-no-referirse-en-contra-de-la-universidad-de-narino\/\",\"url\":\"https:\/\/pagina10.com\/web\/juzgado-de-pasto-exhorto-a-carlos-amaya-a-no-referirse-en-contra-de-la-universidad-de-narino\/\",\"name\":\"Juzgado de Pasto exhort\u00f3 a Carlos Amaya a no referirse en contra de la Universidad de Nari\u00f1o | P\u00e1gina10\",\"isPartOf\":{\"@id\":\"https:\/\/pagina10.com\/web\/#website\"},\"primaryImageOfPage\":{\"@id\":\"https:\/\/pagina10.com\/web\/juzgado-de-pasto-exhorto-a-carlos-amaya-a-no-referirse-en-contra-de-la-universidad-de-narino\/#primaryimage\"},\"image\":{\"@id\":\"https:\/\/pagina10.com\/web\/juzgado-de-pasto-exhorto-a-carlos-amaya-a-no-referirse-en-contra-de-la-universidad-de-narino\/#primaryimage\"},\"thumbnailUrl\":\"https:\/\/pagina10.com\/web\/wp-content\/uploads\/2022\/07\/carlos-amata.jpg\",\"datePublished\":\"2022-07-15T19:08:32+00:00\",\"breadcrumb\":{\"@id\":\"https:\/\/pagina10.com\/web\/juzgado-de-pasto-exhorto-a-carlos-amaya-a-no-referirse-en-contra-de-la-universidad-de-narino\/#breadcrumb\"},\"inLanguage\":\"es\",\"potentialAction\":[{\"@type\":\"ReadAction\",\"target\":[\"https:\/\/pagina10.com\/web\/juzgado-de-pasto-exhorto-a-carlos-amaya-a-no-referirse-en-contra-de-la-universidad-de-narino\/\"]}]},{\"@type\":\"ImageObject\",\"inLanguage\":\"es\",\"@id\":\"https:\/\/pagina10.com\/web\/juzgado-de-pasto-exhorto-a-carlos-amaya-a-no-referirse-en-contra-de-la-universidad-de-narino\/#primaryimage\",\"url\":\"https:\/\/pagina10.com\/web\/wp-content\/uploads\/2022\/07\/carlos-amata.jpg\",\"contentUrl\":\"https:\/\/pagina10.com\/web\/wp-content\/uploads\/2022\/07\/carlos-amata.jpg\",\"width\":800,\"height\":533},{\"@type\":\"BreadcrumbList\",\"@id\":\"https:\/\/pagina10.com\/web\/juzgado-de-pasto-exhorto-a-carlos-amaya-a-no-referirse-en-contra-de-la-universidad-de-narino\/#breadcrumb\",\"itemListElement\":[{\"@type\":\"ListItem\",\"position\":1,\"name\":\"Portada\",\"item\":\"https:\/\/pagina10.com\/web\/\"},{\"@type\":\"ListItem\",\"position\":2,\"name\":\"Juzgado de Pasto exhort\u00f3 a Carlos Amaya a no referirse en contra de la Universidad de Nari\u00f1o\"}]},{\"@type\":\"WebSite\",\"@id\":\"https:\/\/pagina10.com\/web\/#website\",\"url\":\"https:\/\/pagina10.com\/web\/\",\"name\":\"P\u00e1gina10\",\"description\":\"Peri\u00f3dico Regional\",\"publisher\":{\"@id\":\"https:\/\/pagina10.com\/web\/#organization\"},\"alternateName\":\"P\u00e1gina10 Peri\u00f3dico Regional\",\"potentialAction\":[{\"@type\":\"SearchAction\",\"target\":{\"@type\":\"EntryPoint\",\"urlTemplate\":\"https:\/\/pagina10.com\/web\/?s={search_term_string}\"},\"query-input\":{\"@type\":\"PropertyValueSpecification\",\"valueRequired\":true,\"valueName\":\"search_term_string\"}}],\"inLanguage\":\"es\"},{\"@type\":\"Organization\",\"@id\":\"https:\/\/pagina10.com\/web\/#organization\",\"name\":\"P\u00e1gina10\",\"alternateName\":\"P\u00e1gina10 Peri\u00f3dico Regional\",\"url\":\"https:\/\/pagina10.com\/web\/\",\"logo\":{\"@type\":\"ImageObject\",\"inLanguage\":\"es\",\"@id\":\"https:\/\/pagina10.com\/web\/#\/schema\/logo\/image\/\",\"url\":\"https:\/\/pagina10.com\/web\/wp-content\/uploads\/2024\/01\/40-pagina-10-periodico-regional-pasto.jpg\",\"contentUrl\":\"https:\/\/pagina10.com\/web\/wp-content\/uploads\/2024\/01\/40-pagina-10-periodico-regional-pasto.jpg\",\"width\":1280,\"height\":720,\"caption\":\"P\u00e1gina10\"},\"image\":{\"@id\":\"https:\/\/pagina10.com\/web\/#\/schema\/logo\/image\/\"},\"sameAs\":[\"https:\/\/www.facebook.com\/pag10com\",\"https:\/\/x.com\/Pag10com\",\"https:\/\/www.instagram.com\/pagina10col\/\",\"https:\/\/youtube.com\/channel\/pag10\",\"https:\/\/www.tiktok.com\/@p10col\"]},{\"@type\":\"Person\",\"@id\":\"https:\/\/pagina10.com\/web\/#\/schema\/person\/2efc4a090d25b667d3bc796798a3a81b\",\"name\":\"P\u00e1gina 10\",\"description\":\"P\u00e1gina 10 es un peri\u00f3dico regional que nace en Colombia, en el departamento de Nari\u00f1o, con un enfoque global, fundamentado en cuatro pilares esenciales: la libertad, el pluralismo, la inclusi\u00f3n y la independencia. P\u00e1gina 10 hace referencia a Nari\u00f1o como el d\u00e9cimo departamento creado en Colombia, despu\u00e9s de un proceso pol\u00edtico liderado por actores y actrices regionales con el fin de obtener la independencia y autonom\u00eda de nuestros territorios. Con la creaci\u00f3n de P\u00e1gina 10 se pretende abrir un escenario para el dialogo, la reflexi\u00f3n y el debate que se extienda a otras geograf\u00edas de Am\u00e9rica Latina y del planeta, en una apuesta por transformar colectivamente los desaf\u00edos de un mundo contempor\u00e1neo, m\u00e1s all\u00e1 de las fronteras impuestas.\",\"url\":\"https:\/\/pagina10.com\/web\/author\/pdiezadmin\/\"}]}<\/script>\n<!-- \/ Yoast SEO plugin. -->","yoast_head_json":{"title":"Juzgado de Pasto exhort\u00f3 a Carlos Amaya a no referirse en contra de la Universidad de Nari\u00f1o | P\u00e1gina10","robots":{"index":"index","follow":"follow","max-snippet":"max-snippet:-1","max-image-preview":"max-image-preview:large","max-video-preview":"max-video-preview:-1"},"canonical":"https:\/\/pagina10.com\/web\/juzgado-de-pasto-exhorto-a-carlos-amaya-a-no-referirse-en-contra-de-la-universidad-de-narino\/","og_locale":"es_ES","og_type":"article","og_title":"Juzgado de Pasto exhort\u00f3 a Carlos Amaya a no referirse en contra de la Universidad de Nari\u00f1o | P\u00e1gina10","og_description":"El Juzgado Municipal de Peque\u00f1as Causas Laborales de Pasto emiti\u00f3 sentencia frente al pronunciamiento hecho por el ex precandidato presidencial Carlos Amaya quien el pasado 17 de junio declar\u00f3 que algunos docentes de la Universidad de Nari\u00f1o estaban presionando a sus estudiantes para que voten por el hoy presidente electo Gustavo Petro, a cambio de [&hellip;]","og_url":"https:\/\/pagina10.com\/web\/juzgado-de-pasto-exhorto-a-carlos-amaya-a-no-referirse-en-contra-de-la-universidad-de-narino\/","og_site_name":"P\u00e1gina10","article_publisher":"https:\/\/www.facebook.com\/pag10com","article_published_time":"2022-07-15T19:08:32+00:00","og_image":[{"width":800,"height":533,"url":"https:\/\/pagina10.com\/web\/wp-content\/uploads\/2022\/07\/carlos-amata.jpg","type":"image\/jpeg"}],"author":"P\u00e1gina 10","twitter_card":"summary_large_image","twitter_creator":"@Pag10com","twitter_site":"@Pag10com","twitter_misc":{"Escrito por":"P\u00e1gina 10","Tiempo de lectura":"1 minuto"},"schema":{"@context":"https:\/\/schema.org","@graph":[{"@type":"Article","@id":"https:\/\/pagina10.com\/web\/juzgado-de-pasto-exhorto-a-carlos-amaya-a-no-referirse-en-contra-de-la-universidad-de-narino\/#article","isPartOf":{"@id":"https:\/\/pagina10.com\/web\/juzgado-de-pasto-exhorto-a-carlos-amaya-a-no-referirse-en-contra-de-la-universidad-de-narino\/"},"author":{"name":"P\u00e1gina 10","@id":"https:\/\/pagina10.com\/web\/#\/schema\/person\/2efc4a090d25b667d3bc796798a3a81b"},"headline":"Juzgado de Pasto exhort\u00f3 a Carlos Amaya a no referirse en contra de la Universidad de Nari\u00f1o","datePublished":"2022-07-15T19:08:32+00:00","mainEntityOfPage":{"@id":"https:\/\/pagina10.com\/web\/juzgado-de-pasto-exhorto-a-carlos-amaya-a-no-referirse-en-contra-de-la-universidad-de-narino\/"},"wordCount":287,"commentCount":0,"publisher":{"@id":"https:\/\/pagina10.com\/web\/#organization"},"image":{"@id":"https:\/\/pagina10.com\/web\/juzgado-de-pasto-exhorto-a-carlos-amaya-a-no-referirse-en-contra-de-la-universidad-de-narino\/#primaryimage"},"thumbnailUrl":"https:\/\/pagina10.com\/web\/wp-content\/uploads\/2022\/07\/carlos-amata.jpg","articleSection":["Nacional"],"inLanguage":"es","potentialAction":[{"@type":"CommentAction","name":"Comment","target":["https:\/\/pagina10.com\/web\/juzgado-de-pasto-exhorto-a-carlos-amaya-a-no-referirse-en-contra-de-la-universidad-de-narino\/#respond"]}]},{"@type":"WebPage","@id":"https:\/\/pagina10.com\/web\/juzgado-de-pasto-exhorto-a-carlos-amaya-a-no-referirse-en-contra-de-la-universidad-de-narino\/","url":"https:\/\/pagina10.com\/web\/juzgado-de-pasto-exhorto-a-carlos-amaya-a-no-referirse-en-contra-de-la-universidad-de-narino\/","name":"Juzgado de Pasto exhort\u00f3 a Carlos Amaya a no referirse en contra de la Universidad de Nari\u00f1o | P\u00e1gina10","isPartOf":{"@id":"https:\/\/pagina10.com\/web\/#website"},"primaryImageOfPage":{"@id":"https:\/\/pagina10.com\/web\/juzgado-de-pasto-exhorto-a-carlos-amaya-a-no-referirse-en-contra-de-la-universidad-de-narino\/#primaryimage"},"image":{"@id":"https:\/\/pagina10.com\/web\/juzgado-de-pasto-exhorto-a-carlos-amaya-a-no-referirse-en-contra-de-la-universidad-de-narino\/#primaryimage"},"thumbnailUrl":"https:\/\/pagina10.com\/web\/wp-content\/uploads\/2022\/07\/carlos-amata.jpg","datePublished":"2022-07-15T19:08:32+00:00","breadcrumb":{"@id":"https:\/\/pagina10.com\/web\/juzgado-de-pasto-exhorto-a-carlos-amaya-a-no-referirse-en-contra-de-la-universidad-de-narino\/#breadcrumb"},"inLanguage":"es","potentialAction":[{"@type":"ReadAction","target":["https:\/\/pagina10.com\/web\/juzgado-de-pasto-exhorto-a-carlos-amaya-a-no-referirse-en-contra-de-la-universidad-de-narino\/"]}]},{"@type":"ImageObject","inLanguage":"es","@id":"https:\/\/pagina10.com\/web\/juzgado-de-pasto-exhorto-a-carlos-amaya-a-no-referirse-en-contra-de-la-universidad-de-narino\/#primaryimage","url":"https:\/\/pagina10.com\/web\/wp-content\/uploads\/2022\/07\/carlos-amata.jpg","contentUrl":"https:\/\/pagina10.com\/web\/wp-content\/uploads\/2022\/07\/carlos-amata.jpg","width":800,"height":533},{"@type":"BreadcrumbList","@id":"https:\/\/pagina10.com\/web\/juzgado-de-pasto-exhorto-a-carlos-amaya-a-no-referirse-en-contra-de-la-universidad-de-narino\/#breadcrumb","itemListElement":[{"@type":"ListItem","position":1,"name":"Portada","item":"https:\/\/pagina10.com\/web\/"},{"@type":"ListItem","position":2,"name":"Juzgado de Pasto exhort\u00f3 a Carlos Amaya a no referirse en contra de la Universidad de Nari\u00f1o"}]},{"@type":"WebSite","@id":"https:\/\/pagina10.com\/web\/#website","url":"https:\/\/pagina10.com\/web\/","name":"P\u00e1gina10","description":"Peri\u00f3dico Regional","publisher":{"@id":"https:\/\/pagina10.com\/web\/#organization"},"alternateName":"P\u00e1gina10 Peri\u00f3dico Regional","potentialAction":[{"@type":"SearchAction","target":{"@type":"EntryPoint","urlTemplate":"https:\/\/pagina10.com\/web\/?s={search_term_string}"},"query-input":{"@type":"PropertyValueSpecification","valueRequired":true,"valueName":"search_term_string"}}],"inLanguage":"es"},{"@type":"Organization","@id":"https:\/\/pagina10.com\/web\/#organization","name":"P\u00e1gina10","alternateName":"P\u00e1gina10 Peri\u00f3dico Regional","url":"https:\/\/pagina10.com\/web\/","logo":{"@type":"ImageObject","inLanguage":"es","@id":"https:\/\/pagina10.com\/web\/#\/schema\/logo\/image\/","url":"https:\/\/pagina10.com\/web\/wp-content\/uploads\/2024\/01\/40-pagina-10-periodico-regional-pasto.jpg","contentUrl":"https:\/\/pagina10.com\/web\/wp-content\/uploads\/2024\/01\/40-pagina-10-periodico-regional-pasto.jpg","width":1280,"height":720,"caption":"P\u00e1gina10"},"image":{"@id":"https:\/\/pagina10.com\/web\/#\/schema\/logo\/image\/"},"sameAs":["https:\/\/www.facebook.com\/pag10com","https:\/\/x.com\/Pag10com","https:\/\/www.instagram.com\/pagina10col\/","https:\/\/youtube.com\/channel\/pag10","https:\/\/www.tiktok.com\/@p10col"]},{"@type":"Person","@id":"https:\/\/pagina10.com\/web\/#\/schema\/person\/2efc4a090d25b667d3bc796798a3a81b","name":"P\u00e1gina 10","description":"P\u00e1gina 10 es un peri\u00f3dico regional que nace en Colombia, en el departamento de Nari\u00f1o, con un enfoque global, fundamentado en cuatro pilares esenciales: la libertad, el pluralismo, la inclusi\u00f3n y la independencia. P\u00e1gina 10 hace referencia a Nari\u00f1o como el d\u00e9cimo departamento creado en Colombia, despu\u00e9s de un proceso pol\u00edtico liderado por actores y actrices regionales con el fin de obtener la independencia y autonom\u00eda de nuestros territorios. Con la creaci\u00f3n de P\u00e1gina 10 se pretende abrir un escenario para el dialogo, la reflexi\u00f3n y el debate que se extienda a otras geograf\u00edas de Am\u00e9rica Latina y del planeta, en una apuesta por transformar colectivamente los desaf\u00edos de un mundo contempor\u00e1neo, m\u00e1s all\u00e1 de las fronteras impuestas.","url":"https:\/\/pagina10.com\/web\/author\/pdiezadmin\/"}]}},"_links":{"self":[{"href":"https:\/\/pagina10.com\/web\/wp-json\/wp\/v2\/posts\/60449","targetHints":{"allow":["GET"]}}],"collection":[{"href":"https:\/\/pagina10.com\/web\/wp-json\/wp\/v2\/posts"}],"about":[{"href":"https:\/\/pagina10.com\/web\/wp-json\/wp\/v2\/types\/post"}],"author":[{"embeddable":true,"href":"https:\/\/pagina10.com\/web\/wp-json\/wp\/v2\/users\/1"}],"replies":[{"embeddable":true,"href":"https:\/\/pagina10.com\/web\/wp-json\/wp\/v2\/comments?post=60449"}],"version-history":[{"count":1,"href":"https:\/\/pagina10.com\/web\/wp-json\/wp\/v2\/posts\/60449\/revisions"}],"predecessor-version":[{"id":60451,"href":"https:\/\/pagina10.com\/web\/wp-json\/wp\/v2\/posts\/60449\/revisions\/60451"}],"wp:featuredmedia":[{"embeddable":true,"href":"https:\/\/pagina10.com\/web\/wp-json\/wp\/v2\/media\/60450"}],"wp:attachment":[{"href":"https:\/\/pagina10.com\/web\/wp-json\/wp\/v2\/media?parent=60449"}],"wp:term":[{"taxonomy":"category","embeddable":true,"href":"https:\/\/pagina10.com\/web\/wp-json\/wp\/v2\/categories?post=60449"},{"taxonomy":"post_tag","embeddable":true,"href":"https:\/\/pagina10.com\/web\/wp-json\/wp\/v2\/tags?post=60449"}],"curies":[{"name":"wp","href":"https:\/\/api.w.org\/{rel}","templated":true}]}}