{"id":60499,"date":"2022-07-18T14:10:00","date_gmt":"2022-07-18T19:10:00","guid":{"rendered":"https:\/\/pagina10.com\/web\/?p=60499"},"modified":"2022-07-18T16:44:58","modified_gmt":"2022-07-18T21:44:58","slug":"invierno-en-narino-podria-extenderse-hasta-ultimo-trimestre-del-ano-segun-el-ideam","status":"publish","type":"post","link":"https:\/\/pagina10.com\/web\/invierno-en-narino-podria-extenderse-hasta-ultimo-trimestre-del-ano-segun-el-ideam\/","title":{"rendered":"Invierno en Nari\u00f1o podr\u00eda extenderse hasta \u00faltimo trimestre del a\u00f1o seg\u00fan el IDEAM"},"content":{"rendered":"<p style=\"text-align: justify;\">El coordinador operativo de la Direcci\u00f3n Administrativa de Gesti\u00f3n del Riesgo de Desastres Jorge Tobar, indic\u00f3 que las precipitaciones generadas por el fen\u00f3meno de \u2018La Ni\u00f1a\u2019 persistir\u00e1n durante los meses de julio, agosto y septiembre y muy posiblemente empaten con la segunda temporada de lluvias del \u00faltimo trimestre del a\u00f1o tal y como lo se\u00f1al\u00f3 el Instituto de Hidrolog\u00eda, Meteorolog\u00eda y Estudios Ambientales, IDEAM.<\/p>\n<p style=\"text-align: justify;\">En este sentido, hizo un llamado a los Consejos Municipales de Gesti\u00f3n de Riesgo y a la comunidad principalmente de aquellos municipios vecinos al departamento del Putumayo, para que asuman actividades preventivas y de evacuaci\u00f3n de las zonas de riesgo, as\u00ed como un monitoreo permanente de los cauces.<\/p>\n<p style=\"text-align: justify;\">\u201cSon nueve meses de lluvias continuas que dejan serias afectaciones en localidades como Ancuya, Linares, Consac\u00e1, Sandon\u00e1, Ipiales, Puerres, Pasto y C\u00f3rdoba. En total se reportan m\u00e1s de cuatro mil familias damnificadas en 56 municipios de todo el departamento. Por esta raz\u00f3n, esperamos dialogar con el nuevo director de Gesti\u00f3n del Riesgo a nivel nacional para ver c\u00f3mo atenderemos a las personas que perdieron sus viviendas y cultivos\u201d, precis\u00f3.<\/p>\n","protected":false},"excerpt":{"rendered":"<p>El coordinador operativo de la Direcci\u00f3n Administrativa de Gesti\u00f3n del Riesgo de Desastres Jorge Tobar, indic\u00f3 que las precipitaciones generadas por el fen\u00f3meno de \u2018La Ni\u00f1a\u2019 persistir\u00e1n durante los meses de julio, agosto y septiembre y muy posiblemente empaten con la segunda temporada de lluvias del \u00faltimo trimestre del a\u00f1o tal y como lo se\u00f1al\u00f3 [&hellip;]<\/p>\n","protected":false},"author":1,"featured_media":60506,"comment_status":"open","ping_status":"open","sticky":false,"template":"","format":"standard","meta":{"footnotes":""},"categories":[14],"tags":[],"class_list":["post-60499","post","type-post","status-publish","format-standard","has-post-thumbnail","hentry","category-narino-actual"],"yoast_head":"<!-- This site is optimized with the Yoast SEO plugin v27.1.1 - https:\/\/yoast.com\/product\/yoast-seo-wordpress\/ -->\n<title>Invierno en Nari\u00f1o podr\u00eda extenderse hasta \u00faltimo trimestre del a\u00f1o seg\u00fan el IDEAM | P\u00e1gina10<\/title>\n<meta name=\"robots\" content=\"index, follow, max-snippet:-1, max-image-preview:large, max-video-preview:-1\" \/>\n<link rel=\"canonical\" href=\"https:\/\/pagina10.com\/web\/invierno-en-narino-podria-extenderse-hasta-ultimo-trimestre-del-ano-segun-el-ideam\/\" \/>\n<meta property=\"og:locale\" content=\"es_ES\" \/>\n<meta property=\"og:type\" content=\"article\" \/>\n<meta property=\"og:title\" content=\"Invierno en Nari\u00f1o podr\u00eda extenderse hasta \u00faltimo trimestre del a\u00f1o seg\u00fan el IDEAM | P\u00e1gina10\" \/>\n<meta property=\"og:description\" content=\"El coordinador operativo de la Direcci\u00f3n Administrativa de Gesti\u00f3n del Riesgo de Desastres Jorge Tobar, indic\u00f3 que las precipitaciones generadas por el fen\u00f3meno de \u2018La Ni\u00f1a\u2019 persistir\u00e1n durante los meses de julio, agosto y septiembre y muy posiblemente empaten con la segunda temporada de lluvias del \u00faltimo trimestre del a\u00f1o tal y como lo se\u00f1al\u00f3 [&hellip;]\" \/>\n<meta property=\"og:url\" content=\"https:\/\/pagina10.com\/web\/invierno-en-narino-podria-extenderse-hasta-ultimo-trimestre-del-ano-segun-el-ideam\/\" \/>\n<meta property=\"og:site_name\" content=\"P\u00e1gina10\" \/>\n<meta property=\"article:publisher\" content=\"https:\/\/www.facebook.com\/pag10com\" \/>\n<meta property=\"article:published_time\" content=\"2022-07-18T19:10:00+00:00\" \/>\n<meta property=\"article:modified_time\" content=\"2022-07-18T21:44:58+00:00\" \/>\n<meta property=\"og:image\" content=\"https:\/\/pagina10.com\/web\/wp-content\/uploads\/2022\/07\/narino.jpg\" \/>\n\t<meta property=\"og:image:width\" content=\"750\" \/>\n\t<meta property=\"og:image:height\" content=\"450\" \/>\n\t<meta property=\"og:image:type\" content=\"image\/jpeg\" \/>\n<meta name=\"author\" content=\"P\u00e1gina 10\" \/>\n<meta name=\"twitter:card\" content=\"summary_large_image\" \/>\n<meta name=\"twitter:creator\" content=\"@Pag10com\" \/>\n<meta name=\"twitter:site\" content=\"@Pag10com\" \/>\n<meta name=\"twitter:label1\" content=\"Escrito por\" \/>\n\t<meta name=\"twitter:data1\" content=\"P\u00e1gina 10\" \/>\n\t<meta name=\"twitter:label2\" content=\"Tiempo de lectura\" \/>\n\t<meta name=\"twitter:data2\" content=\"1 minuto\" \/>\n<script type=\"application\/ld+json\" class=\"yoast-schema-graph\">{\"@context\":\"https:\/\/schema.org\",\"@graph\":[{\"@type\":\"Article\",\"@id\":\"https:\/\/pagina10.com\/web\/invierno-en-narino-podria-extenderse-hasta-ultimo-trimestre-del-ano-segun-el-ideam\/#article\",\"isPartOf\":{\"@id\":\"https:\/\/pagina10.com\/web\/invierno-en-narino-podria-extenderse-hasta-ultimo-trimestre-del-ano-segun-el-ideam\/\"},\"author\":{\"name\":\"P\u00e1gina 10\",\"@id\":\"https:\/\/pagina10.com\/web\/#\/schema\/person\/2efc4a090d25b667d3bc796798a3a81b\"},\"headline\":\"Invierno en Nari\u00f1o podr\u00eda extenderse hasta \u00faltimo trimestre del a\u00f1o seg\u00fan el IDEAM\",\"datePublished\":\"2022-07-18T19:10:00+00:00\",\"dateModified\":\"2022-07-18T21:44:58+00:00\",\"mainEntityOfPage\":{\"@id\":\"https:\/\/pagina10.com\/web\/invierno-en-narino-podria-extenderse-hasta-ultimo-trimestre-del-ano-segun-el-ideam\/\"},\"wordCount\":213,\"commentCount\":0,\"publisher\":{\"@id\":\"https:\/\/pagina10.com\/web\/#organization\"},\"image\":{\"@id\":\"https:\/\/pagina10.com\/web\/invierno-en-narino-podria-extenderse-hasta-ultimo-trimestre-del-ano-segun-el-ideam\/#primaryimage\"},\"thumbnailUrl\":\"https:\/\/pagina10.com\/web\/wp-content\/uploads\/2022\/07\/narino.jpg\",\"articleSection\":[\"Nari\u00f1o Actual\"],\"inLanguage\":\"es\",\"potentialAction\":[{\"@type\":\"CommentAction\",\"name\":\"Comment\",\"target\":[\"https:\/\/pagina10.com\/web\/invierno-en-narino-podria-extenderse-hasta-ultimo-trimestre-del-ano-segun-el-ideam\/#respond\"]}]},{\"@type\":\"WebPage\",\"@id\":\"https:\/\/pagina10.com\/web\/invierno-en-narino-podria-extenderse-hasta-ultimo-trimestre-del-ano-segun-el-ideam\/\",\"url\":\"https:\/\/pagina10.com\/web\/invierno-en-narino-podria-extenderse-hasta-ultimo-trimestre-del-ano-segun-el-ideam\/\",\"name\":\"Invierno en Nari\u00f1o podr\u00eda extenderse hasta \u00faltimo trimestre del a\u00f1o seg\u00fan el IDEAM | P\u00e1gina10\",\"isPartOf\":{\"@id\":\"https:\/\/pagina10.com\/web\/#website\"},\"primaryImageOfPage\":{\"@id\":\"https:\/\/pagina10.com\/web\/invierno-en-narino-podria-extenderse-hasta-ultimo-trimestre-del-ano-segun-el-ideam\/#primaryimage\"},\"image\":{\"@id\":\"https:\/\/pagina10.com\/web\/invierno-en-narino-podria-extenderse-hasta-ultimo-trimestre-del-ano-segun-el-ideam\/#primaryimage\"},\"thumbnailUrl\":\"https:\/\/pagina10.com\/web\/wp-content\/uploads\/2022\/07\/narino.jpg\",\"datePublished\":\"2022-07-18T19:10:00+00:00\",\"dateModified\":\"2022-07-18T21:44:58+00:00\",\"breadcrumb\":{\"@id\":\"https:\/\/pagina10.com\/web\/invierno-en-narino-podria-extenderse-hasta-ultimo-trimestre-del-ano-segun-el-ideam\/#breadcrumb\"},\"inLanguage\":\"es\",\"potentialAction\":[{\"@type\":\"ReadAction\",\"target\":[\"https:\/\/pagina10.com\/web\/invierno-en-narino-podria-extenderse-hasta-ultimo-trimestre-del-ano-segun-el-ideam\/\"]}]},{\"@type\":\"ImageObject\",\"inLanguage\":\"es\",\"@id\":\"https:\/\/pagina10.com\/web\/invierno-en-narino-podria-extenderse-hasta-ultimo-trimestre-del-ano-segun-el-ideam\/#primaryimage\",\"url\":\"https:\/\/pagina10.com\/web\/wp-content\/uploads\/2022\/07\/narino.jpg\",\"contentUrl\":\"https:\/\/pagina10.com\/web\/wp-content\/uploads\/2022\/07\/narino.jpg\",\"width\":750,\"height\":450},{\"@type\":\"BreadcrumbList\",\"@id\":\"https:\/\/pagina10.com\/web\/invierno-en-narino-podria-extenderse-hasta-ultimo-trimestre-del-ano-segun-el-ideam\/#breadcrumb\",\"itemListElement\":[{\"@type\":\"ListItem\",\"position\":1,\"name\":\"Portada\",\"item\":\"https:\/\/pagina10.com\/web\/\"},{\"@type\":\"ListItem\",\"position\":2,\"name\":\"Invierno en Nari\u00f1o podr\u00eda extenderse hasta \u00faltimo trimestre del a\u00f1o seg\u00fan el IDEAM\"}]},{\"@type\":\"WebSite\",\"@id\":\"https:\/\/pagina10.com\/web\/#website\",\"url\":\"https:\/\/pagina10.com\/web\/\",\"name\":\"P\u00e1gina10\",\"description\":\"Peri\u00f3dico Regional\",\"publisher\":{\"@id\":\"https:\/\/pagina10.com\/web\/#organization\"},\"alternateName\":\"P\u00e1gina10 Peri\u00f3dico Regional\",\"potentialAction\":[{\"@type\":\"SearchAction\",\"target\":{\"@type\":\"EntryPoint\",\"urlTemplate\":\"https:\/\/pagina10.com\/web\/?s={search_term_string}\"},\"query-input\":{\"@type\":\"PropertyValueSpecification\",\"valueRequired\":true,\"valueName\":\"search_term_string\"}}],\"inLanguage\":\"es\"},{\"@type\":\"Organization\",\"@id\":\"https:\/\/pagina10.com\/web\/#organization\",\"name\":\"P\u00e1gina10\",\"alternateName\":\"P\u00e1gina10 Peri\u00f3dico Regional\",\"url\":\"https:\/\/pagina10.com\/web\/\",\"logo\":{\"@type\":\"ImageObject\",\"inLanguage\":\"es\",\"@id\":\"https:\/\/pagina10.com\/web\/#\/schema\/logo\/image\/\",\"url\":\"https:\/\/pagina10.com\/web\/wp-content\/uploads\/2024\/01\/40-pagina-10-periodico-regional-pasto.jpg\",\"contentUrl\":\"https:\/\/pagina10.com\/web\/wp-content\/uploads\/2024\/01\/40-pagina-10-periodico-regional-pasto.jpg\",\"width\":1280,\"height\":720,\"caption\":\"P\u00e1gina10\"},\"image\":{\"@id\":\"https:\/\/pagina10.com\/web\/#\/schema\/logo\/image\/\"},\"sameAs\":[\"https:\/\/www.facebook.com\/pag10com\",\"https:\/\/x.com\/Pag10com\",\"https:\/\/www.instagram.com\/pagina10col\/\",\"https:\/\/youtube.com\/channel\/pag10\",\"https:\/\/www.tiktok.com\/@p10col\"]},{\"@type\":\"Person\",\"@id\":\"https:\/\/pagina10.com\/web\/#\/schema\/person\/2efc4a090d25b667d3bc796798a3a81b\",\"name\":\"P\u00e1gina 10\",\"description\":\"P\u00e1gina 10 es un peri\u00f3dico regional que nace en Colombia, en el departamento de Nari\u00f1o, con un enfoque global, fundamentado en cuatro pilares esenciales: la libertad, el pluralismo, la inclusi\u00f3n y la independencia. P\u00e1gina 10 hace referencia a Nari\u00f1o como el d\u00e9cimo departamento creado en Colombia, despu\u00e9s de un proceso pol\u00edtico liderado por actores y actrices regionales con el fin de obtener la independencia y autonom\u00eda de nuestros territorios. Con la creaci\u00f3n de P\u00e1gina 10 se pretende abrir un escenario para el dialogo, la reflexi\u00f3n y el debate que se extienda a otras geograf\u00edas de Am\u00e9rica Latina y del planeta, en una apuesta por transformar colectivamente los desaf\u00edos de un mundo contempor\u00e1neo, m\u00e1s all\u00e1 de las fronteras impuestas.\",\"url\":\"https:\/\/pagina10.com\/web\/author\/pdiezadmin\/\"}]}<\/script>\n<!-- \/ Yoast SEO plugin. -->","yoast_head_json":{"title":"Invierno en Nari\u00f1o podr\u00eda extenderse hasta \u00faltimo trimestre del a\u00f1o seg\u00fan el IDEAM | P\u00e1gina10","robots":{"index":"index","follow":"follow","max-snippet":"max-snippet:-1","max-image-preview":"max-image-preview:large","max-video-preview":"max-video-preview:-1"},"canonical":"https:\/\/pagina10.com\/web\/invierno-en-narino-podria-extenderse-hasta-ultimo-trimestre-del-ano-segun-el-ideam\/","og_locale":"es_ES","og_type":"article","og_title":"Invierno en Nari\u00f1o podr\u00eda extenderse hasta \u00faltimo trimestre del a\u00f1o seg\u00fan el IDEAM | P\u00e1gina10","og_description":"El coordinador operativo de la Direcci\u00f3n Administrativa de Gesti\u00f3n del Riesgo de Desastres Jorge Tobar, indic\u00f3 que las precipitaciones generadas por el fen\u00f3meno de \u2018La Ni\u00f1a\u2019 persistir\u00e1n durante los meses de julio, agosto y septiembre y muy posiblemente empaten con la segunda temporada de lluvias del \u00faltimo trimestre del a\u00f1o tal y como lo se\u00f1al\u00f3 [&hellip;]","og_url":"https:\/\/pagina10.com\/web\/invierno-en-narino-podria-extenderse-hasta-ultimo-trimestre-del-ano-segun-el-ideam\/","og_site_name":"P\u00e1gina10","article_publisher":"https:\/\/www.facebook.com\/pag10com","article_published_time":"2022-07-18T19:10:00+00:00","article_modified_time":"2022-07-18T21:44:58+00:00","og_image":[{"width":750,"height":450,"url":"https:\/\/pagina10.com\/web\/wp-content\/uploads\/2022\/07\/narino.jpg","type":"image\/jpeg"}],"author":"P\u00e1gina 10","twitter_card":"summary_large_image","twitter_creator":"@Pag10com","twitter_site":"@Pag10com","twitter_misc":{"Escrito por":"P\u00e1gina 10","Tiempo de lectura":"1 minuto"},"schema":{"@context":"https:\/\/schema.org","@graph":[{"@type":"Article","@id":"https:\/\/pagina10.com\/web\/invierno-en-narino-podria-extenderse-hasta-ultimo-trimestre-del-ano-segun-el-ideam\/#article","isPartOf":{"@id":"https:\/\/pagina10.com\/web\/invierno-en-narino-podria-extenderse-hasta-ultimo-trimestre-del-ano-segun-el-ideam\/"},"author":{"name":"P\u00e1gina 10","@id":"https:\/\/pagina10.com\/web\/#\/schema\/person\/2efc4a090d25b667d3bc796798a3a81b"},"headline":"Invierno en Nari\u00f1o podr\u00eda extenderse hasta \u00faltimo trimestre del a\u00f1o seg\u00fan el IDEAM","datePublished":"2022-07-18T19:10:00+00:00","dateModified":"2022-07-18T21:44:58+00:00","mainEntityOfPage":{"@id":"https:\/\/pagina10.com\/web\/invierno-en-narino-podria-extenderse-hasta-ultimo-trimestre-del-ano-segun-el-ideam\/"},"wordCount":213,"commentCount":0,"publisher":{"@id":"https:\/\/pagina10.com\/web\/#organization"},"image":{"@id":"https:\/\/pagina10.com\/web\/invierno-en-narino-podria-extenderse-hasta-ultimo-trimestre-del-ano-segun-el-ideam\/#primaryimage"},"thumbnailUrl":"https:\/\/pagina10.com\/web\/wp-content\/uploads\/2022\/07\/narino.jpg","articleSection":["Nari\u00f1o Actual"],"inLanguage":"es","potentialAction":[{"@type":"CommentAction","name":"Comment","target":["https:\/\/pagina10.com\/web\/invierno-en-narino-podria-extenderse-hasta-ultimo-trimestre-del-ano-segun-el-ideam\/#respond"]}]},{"@type":"WebPage","@id":"https:\/\/pagina10.com\/web\/invierno-en-narino-podria-extenderse-hasta-ultimo-trimestre-del-ano-segun-el-ideam\/","url":"https:\/\/pagina10.com\/web\/invierno-en-narino-podria-extenderse-hasta-ultimo-trimestre-del-ano-segun-el-ideam\/","name":"Invierno en Nari\u00f1o podr\u00eda extenderse hasta \u00faltimo trimestre del a\u00f1o seg\u00fan el IDEAM | P\u00e1gina10","isPartOf":{"@id":"https:\/\/pagina10.com\/web\/#website"},"primaryImageOfPage":{"@id":"https:\/\/pagina10.com\/web\/invierno-en-narino-podria-extenderse-hasta-ultimo-trimestre-del-ano-segun-el-ideam\/#primaryimage"},"image":{"@id":"https:\/\/pagina10.com\/web\/invierno-en-narino-podria-extenderse-hasta-ultimo-trimestre-del-ano-segun-el-ideam\/#primaryimage"},"thumbnailUrl":"https:\/\/pagina10.com\/web\/wp-content\/uploads\/2022\/07\/narino.jpg","datePublished":"2022-07-18T19:10:00+00:00","dateModified":"2022-07-18T21:44:58+00:00","breadcrumb":{"@id":"https:\/\/pagina10.com\/web\/invierno-en-narino-podria-extenderse-hasta-ultimo-trimestre-del-ano-segun-el-ideam\/#breadcrumb"},"inLanguage":"es","potentialAction":[{"@type":"ReadAction","target":["https:\/\/pagina10.com\/web\/invierno-en-narino-podria-extenderse-hasta-ultimo-trimestre-del-ano-segun-el-ideam\/"]}]},{"@type":"ImageObject","inLanguage":"es","@id":"https:\/\/pagina10.com\/web\/invierno-en-narino-podria-extenderse-hasta-ultimo-trimestre-del-ano-segun-el-ideam\/#primaryimage","url":"https:\/\/pagina10.com\/web\/wp-content\/uploads\/2022\/07\/narino.jpg","contentUrl":"https:\/\/pagina10.com\/web\/wp-content\/uploads\/2022\/07\/narino.jpg","width":750,"height":450},{"@type":"BreadcrumbList","@id":"https:\/\/pagina10.com\/web\/invierno-en-narino-podria-extenderse-hasta-ultimo-trimestre-del-ano-segun-el-ideam\/#breadcrumb","itemListElement":[{"@type":"ListItem","position":1,"name":"Portada","item":"https:\/\/pagina10.com\/web\/"},{"@type":"ListItem","position":2,"name":"Invierno en Nari\u00f1o podr\u00eda extenderse hasta \u00faltimo trimestre del a\u00f1o seg\u00fan el IDEAM"}]},{"@type":"WebSite","@id":"https:\/\/pagina10.com\/web\/#website","url":"https:\/\/pagina10.com\/web\/","name":"P\u00e1gina10","description":"Peri\u00f3dico Regional","publisher":{"@id":"https:\/\/pagina10.com\/web\/#organization"},"alternateName":"P\u00e1gina10 Peri\u00f3dico Regional","potentialAction":[{"@type":"SearchAction","target":{"@type":"EntryPoint","urlTemplate":"https:\/\/pagina10.com\/web\/?s={search_term_string}"},"query-input":{"@type":"PropertyValueSpecification","valueRequired":true,"valueName":"search_term_string"}}],"inLanguage":"es"},{"@type":"Organization","@id":"https:\/\/pagina10.com\/web\/#organization","name":"P\u00e1gina10","alternateName":"P\u00e1gina10 Peri\u00f3dico Regional","url":"https:\/\/pagina10.com\/web\/","logo":{"@type":"ImageObject","inLanguage":"es","@id":"https:\/\/pagina10.com\/web\/#\/schema\/logo\/image\/","url":"https:\/\/pagina10.com\/web\/wp-content\/uploads\/2024\/01\/40-pagina-10-periodico-regional-pasto.jpg","contentUrl":"https:\/\/pagina10.com\/web\/wp-content\/uploads\/2024\/01\/40-pagina-10-periodico-regional-pasto.jpg","width":1280,"height":720,"caption":"P\u00e1gina10"},"image":{"@id":"https:\/\/pagina10.com\/web\/#\/schema\/logo\/image\/"},"sameAs":["https:\/\/www.facebook.com\/pag10com","https:\/\/x.com\/Pag10com","https:\/\/www.instagram.com\/pagina10col\/","https:\/\/youtube.com\/channel\/pag10","https:\/\/www.tiktok.com\/@p10col"]},{"@type":"Person","@id":"https:\/\/pagina10.com\/web\/#\/schema\/person\/2efc4a090d25b667d3bc796798a3a81b","name":"P\u00e1gina 10","description":"P\u00e1gina 10 es un peri\u00f3dico regional que nace en Colombia, en el departamento de Nari\u00f1o, con un enfoque global, fundamentado en cuatro pilares esenciales: la libertad, el pluralismo, la inclusi\u00f3n y la independencia. P\u00e1gina 10 hace referencia a Nari\u00f1o como el d\u00e9cimo departamento creado en Colombia, despu\u00e9s de un proceso pol\u00edtico liderado por actores y actrices regionales con el fin de obtener la independencia y autonom\u00eda de nuestros territorios. Con la creaci\u00f3n de P\u00e1gina 10 se pretende abrir un escenario para el dialogo, la reflexi\u00f3n y el debate que se extienda a otras geograf\u00edas de Am\u00e9rica Latina y del planeta, en una apuesta por transformar colectivamente los desaf\u00edos de un mundo contempor\u00e1neo, m\u00e1s all\u00e1 de las fronteras impuestas.","url":"https:\/\/pagina10.com\/web\/author\/pdiezadmin\/"}]}},"_links":{"self":[{"href":"https:\/\/pagina10.com\/web\/wp-json\/wp\/v2\/posts\/60499","targetHints":{"allow":["GET"]}}],"collection":[{"href":"https:\/\/pagina10.com\/web\/wp-json\/wp\/v2\/posts"}],"about":[{"href":"https:\/\/pagina10.com\/web\/wp-json\/wp\/v2\/types\/post"}],"author":[{"embeddable":true,"href":"https:\/\/pagina10.com\/web\/wp-json\/wp\/v2\/users\/1"}],"replies":[{"embeddable":true,"href":"https:\/\/pagina10.com\/web\/wp-json\/wp\/v2\/comments?post=60499"}],"version-history":[{"count":1,"href":"https:\/\/pagina10.com\/web\/wp-json\/wp\/v2\/posts\/60499\/revisions"}],"predecessor-version":[{"id":60501,"href":"https:\/\/pagina10.com\/web\/wp-json\/wp\/v2\/posts\/60499\/revisions\/60501"}],"wp:featuredmedia":[{"embeddable":true,"href":"https:\/\/pagina10.com\/web\/wp-json\/wp\/v2\/media\/60506"}],"wp:attachment":[{"href":"https:\/\/pagina10.com\/web\/wp-json\/wp\/v2\/media?parent=60499"}],"wp:term":[{"taxonomy":"category","embeddable":true,"href":"https:\/\/pagina10.com\/web\/wp-json\/wp\/v2\/categories?post=60499"},{"taxonomy":"post_tag","embeddable":true,"href":"https:\/\/pagina10.com\/web\/wp-json\/wp\/v2\/tags?post=60499"}],"curies":[{"name":"wp","href":"https:\/\/api.w.org\/{rel}","templated":true}]}}