{"id":60502,"date":"2022-07-18T14:30:11","date_gmt":"2022-07-18T19:30:11","guid":{"rendered":"https:\/\/pagina10.com\/web\/?p=60502"},"modified":"2022-07-18T14:12:52","modified_gmt":"2022-07-18T19:12:52","slug":"deportivo-pasto-inscribio-cuatro-nuevos-jugadores","status":"publish","type":"post","link":"https:\/\/pagina10.com\/web\/deportivo-pasto-inscribio-cuatro-nuevos-jugadores\/","title":{"rendered":"Deportivo Pasto inscribi\u00f3 cuatro nuevos jugadores"},"content":{"rendered":"<p style=\"text-align: justify;\">Despu\u00e9s de superar la sanci\u00f3n interpuesta por la FIFA debido al pago que le deb\u00edan al arquero venezolano Jos\u00e9 David Contreras, el Deportivo Pasto logr\u00f3 inscribir oficialmente a los jugadores Jerson Malag\u00f3n, Carlos Daniel Hidalgo, Johan Campa\u00f1a y Jos\u00e9 Barrag\u00e1n quienes podr\u00e1n actuar ante Uni\u00f3n Magdalena el pr\u00f3ximo s\u00e1bado si as\u00ed el t\u00e9cnico lo requiere.<\/p>\n<p style=\"text-align: justify;\">Se conoci\u00f3 adem\u00e1s que ma\u00f1ana se elevar\u00e1 la correspondiente solicitud para inscribir a los jugadores Santiago G\u00f3mez, Johan Camilo Campa\u00f1a y Rubilio Castillo que ten\u00edan transferencia internacional. En caso de no recibir una respuesta positiva, los futbolistas se quedar\u00e1n un mes por fuera de las canchas hasta que se abran nuevamente las contrataciones.<\/p>\n<p style=\"text-align: justify;\">Por otro lado, el club nari\u00f1ense lleg\u00f3 a un acuerdo con la Gobernaci\u00f3n de Nari\u00f1o para seguir jugando en el Estadio Departamental Libertad. En este sentido, el equipo pagar\u00e1 $10 millones mensuales por el alquiler del escenario m\u00e1s cinco millones de pesos de la deuda del a\u00f1o pasado.<\/p>\n","protected":false},"excerpt":{"rendered":"<p>Despu\u00e9s de superar la sanci\u00f3n interpuesta por la FIFA debido al pago que le deb\u00edan al arquero venezolano Jos\u00e9 David Contreras, el Deportivo Pasto logr\u00f3 inscribir oficialmente a los jugadores Jerson Malag\u00f3n, Carlos Daniel Hidalgo, Johan Campa\u00f1a y Jos\u00e9 Barrag\u00e1n quienes podr\u00e1n actuar ante Uni\u00f3n Magdalena el pr\u00f3ximo s\u00e1bado si as\u00ed el t\u00e9cnico lo requiere. [&hellip;]<\/p>\n","protected":false},"author":1,"featured_media":60504,"comment_status":"open","ping_status":"open","sticky":false,"template":"","format":"standard","meta":{"footnotes":""},"categories":[86],"tags":[],"class_list":["post-60502","post","type-post","status-publish","format-standard","has-post-thumbnail","hentry","category-deportes-2"],"yoast_head":"<!-- This site is optimized with the Yoast SEO plugin v27.1.1 - https:\/\/yoast.com\/product\/yoast-seo-wordpress\/ -->\n<title>Deportivo Pasto inscribi\u00f3 cuatro nuevos jugadores | P\u00e1gina10<\/title>\n<meta name=\"robots\" content=\"index, follow, max-snippet:-1, max-image-preview:large, max-video-preview:-1\" \/>\n<link rel=\"canonical\" href=\"https:\/\/pagina10.com\/web\/deportivo-pasto-inscribio-cuatro-nuevos-jugadores\/\" \/>\n<meta property=\"og:locale\" content=\"es_ES\" \/>\n<meta property=\"og:type\" content=\"article\" \/>\n<meta property=\"og:title\" content=\"Deportivo Pasto inscribi\u00f3 cuatro nuevos jugadores | P\u00e1gina10\" \/>\n<meta property=\"og:description\" content=\"Despu\u00e9s de superar la sanci\u00f3n interpuesta por la FIFA debido al pago que le deb\u00edan al arquero venezolano Jos\u00e9 David Contreras, el Deportivo Pasto logr\u00f3 inscribir oficialmente a los jugadores Jerson Malag\u00f3n, Carlos Daniel Hidalgo, Johan Campa\u00f1a y Jos\u00e9 Barrag\u00e1n quienes podr\u00e1n actuar ante Uni\u00f3n Magdalena el pr\u00f3ximo s\u00e1bado si as\u00ed el t\u00e9cnico lo requiere. [&hellip;]\" \/>\n<meta property=\"og:url\" content=\"https:\/\/pagina10.com\/web\/deportivo-pasto-inscribio-cuatro-nuevos-jugadores\/\" \/>\n<meta property=\"og:site_name\" content=\"P\u00e1gina10\" \/>\n<meta property=\"article:publisher\" content=\"https:\/\/www.facebook.com\/pag10com\" \/>\n<meta property=\"article:published_time\" content=\"2022-07-18T19:30:11+00:00\" \/>\n<meta property=\"og:image\" content=\"https:\/\/pagina10.com\/web\/wp-content\/uploads\/2022\/07\/291550233_451667460297614_5440206892919440415_n-e1658171555723.jpg\" \/>\n\t<meta property=\"og:image:width\" content=\"960\" \/>\n\t<meta property=\"og:image:height\" content=\"468\" \/>\n\t<meta property=\"og:image:type\" content=\"image\/jpeg\" \/>\n<meta name=\"author\" content=\"P\u00e1gina 10\" \/>\n<meta name=\"twitter:card\" content=\"summary_large_image\" \/>\n<meta name=\"twitter:creator\" content=\"@Pag10com\" \/>\n<meta name=\"twitter:site\" content=\"@Pag10com\" \/>\n<meta name=\"twitter:label1\" content=\"Escrito por\" \/>\n\t<meta name=\"twitter:data1\" content=\"P\u00e1gina 10\" \/>\n\t<meta name=\"twitter:label2\" content=\"Tiempo de lectura\" \/>\n\t<meta name=\"twitter:data2\" content=\"1 minuto\" \/>\n<script type=\"application\/ld+json\" class=\"yoast-schema-graph\">{\"@context\":\"https:\/\/schema.org\",\"@graph\":[{\"@type\":\"Article\",\"@id\":\"https:\/\/pagina10.com\/web\/deportivo-pasto-inscribio-cuatro-nuevos-jugadores\/#article\",\"isPartOf\":{\"@id\":\"https:\/\/pagina10.com\/web\/deportivo-pasto-inscribio-cuatro-nuevos-jugadores\/\"},\"author\":{\"name\":\"P\u00e1gina 10\",\"@id\":\"https:\/\/pagina10.com\/web\/#\/schema\/person\/2efc4a090d25b667d3bc796798a3a81b\"},\"headline\":\"Deportivo Pasto inscribi\u00f3 cuatro nuevos jugadores\",\"datePublished\":\"2022-07-18T19:30:11+00:00\",\"mainEntityOfPage\":{\"@id\":\"https:\/\/pagina10.com\/web\/deportivo-pasto-inscribio-cuatro-nuevos-jugadores\/\"},\"wordCount\":183,\"commentCount\":0,\"publisher\":{\"@id\":\"https:\/\/pagina10.com\/web\/#organization\"},\"image\":{\"@id\":\"https:\/\/pagina10.com\/web\/deportivo-pasto-inscribio-cuatro-nuevos-jugadores\/#primaryimage\"},\"thumbnailUrl\":\"https:\/\/pagina10.com\/web\/wp-content\/uploads\/2022\/07\/291550233_451667460297614_5440206892919440415_n-e1658171555723.jpg\",\"articleSection\":[\"Deportes\"],\"inLanguage\":\"es\",\"potentialAction\":[{\"@type\":\"CommentAction\",\"name\":\"Comment\",\"target\":[\"https:\/\/pagina10.com\/web\/deportivo-pasto-inscribio-cuatro-nuevos-jugadores\/#respond\"]}]},{\"@type\":\"WebPage\",\"@id\":\"https:\/\/pagina10.com\/web\/deportivo-pasto-inscribio-cuatro-nuevos-jugadores\/\",\"url\":\"https:\/\/pagina10.com\/web\/deportivo-pasto-inscribio-cuatro-nuevos-jugadores\/\",\"name\":\"Deportivo Pasto inscribi\u00f3 cuatro nuevos jugadores | P\u00e1gina10\",\"isPartOf\":{\"@id\":\"https:\/\/pagina10.com\/web\/#website\"},\"primaryImageOfPage\":{\"@id\":\"https:\/\/pagina10.com\/web\/deportivo-pasto-inscribio-cuatro-nuevos-jugadores\/#primaryimage\"},\"image\":{\"@id\":\"https:\/\/pagina10.com\/web\/deportivo-pasto-inscribio-cuatro-nuevos-jugadores\/#primaryimage\"},\"thumbnailUrl\":\"https:\/\/pagina10.com\/web\/wp-content\/uploads\/2022\/07\/291550233_451667460297614_5440206892919440415_n-e1658171555723.jpg\",\"datePublished\":\"2022-07-18T19:30:11+00:00\",\"breadcrumb\":{\"@id\":\"https:\/\/pagina10.com\/web\/deportivo-pasto-inscribio-cuatro-nuevos-jugadores\/#breadcrumb\"},\"inLanguage\":\"es\",\"potentialAction\":[{\"@type\":\"ReadAction\",\"target\":[\"https:\/\/pagina10.com\/web\/deportivo-pasto-inscribio-cuatro-nuevos-jugadores\/\"]}]},{\"@type\":\"ImageObject\",\"inLanguage\":\"es\",\"@id\":\"https:\/\/pagina10.com\/web\/deportivo-pasto-inscribio-cuatro-nuevos-jugadores\/#primaryimage\",\"url\":\"https:\/\/pagina10.com\/web\/wp-content\/uploads\/2022\/07\/291550233_451667460297614_5440206892919440415_n-e1658171555723.jpg\",\"contentUrl\":\"https:\/\/pagina10.com\/web\/wp-content\/uploads\/2022\/07\/291550233_451667460297614_5440206892919440415_n-e1658171555723.jpg\",\"width\":960,\"height\":468},{\"@type\":\"BreadcrumbList\",\"@id\":\"https:\/\/pagina10.com\/web\/deportivo-pasto-inscribio-cuatro-nuevos-jugadores\/#breadcrumb\",\"itemListElement\":[{\"@type\":\"ListItem\",\"position\":1,\"name\":\"Portada\",\"item\":\"https:\/\/pagina10.com\/web\/\"},{\"@type\":\"ListItem\",\"position\":2,\"name\":\"Deportivo Pasto inscribi\u00f3 cuatro nuevos jugadores\"}]},{\"@type\":\"WebSite\",\"@id\":\"https:\/\/pagina10.com\/web\/#website\",\"url\":\"https:\/\/pagina10.com\/web\/\",\"name\":\"P\u00e1gina10\",\"description\":\"Peri\u00f3dico Regional\",\"publisher\":{\"@id\":\"https:\/\/pagina10.com\/web\/#organization\"},\"alternateName\":\"P\u00e1gina10 Peri\u00f3dico Regional\",\"potentialAction\":[{\"@type\":\"SearchAction\",\"target\":{\"@type\":\"EntryPoint\",\"urlTemplate\":\"https:\/\/pagina10.com\/web\/?s={search_term_string}\"},\"query-input\":{\"@type\":\"PropertyValueSpecification\",\"valueRequired\":true,\"valueName\":\"search_term_string\"}}],\"inLanguage\":\"es\"},{\"@type\":\"Organization\",\"@id\":\"https:\/\/pagina10.com\/web\/#organization\",\"name\":\"P\u00e1gina10\",\"alternateName\":\"P\u00e1gina10 Peri\u00f3dico Regional\",\"url\":\"https:\/\/pagina10.com\/web\/\",\"logo\":{\"@type\":\"ImageObject\",\"inLanguage\":\"es\",\"@id\":\"https:\/\/pagina10.com\/web\/#\/schema\/logo\/image\/\",\"url\":\"https:\/\/pagina10.com\/web\/wp-content\/uploads\/2024\/01\/40-pagina-10-periodico-regional-pasto.jpg\",\"contentUrl\":\"https:\/\/pagina10.com\/web\/wp-content\/uploads\/2024\/01\/40-pagina-10-periodico-regional-pasto.jpg\",\"width\":1280,\"height\":720,\"caption\":\"P\u00e1gina10\"},\"image\":{\"@id\":\"https:\/\/pagina10.com\/web\/#\/schema\/logo\/image\/\"},\"sameAs\":[\"https:\/\/www.facebook.com\/pag10com\",\"https:\/\/x.com\/Pag10com\",\"https:\/\/www.instagram.com\/pagina10col\/\",\"https:\/\/youtube.com\/channel\/pag10\",\"https:\/\/www.tiktok.com\/@p10col\"]},{\"@type\":\"Person\",\"@id\":\"https:\/\/pagina10.com\/web\/#\/schema\/person\/2efc4a090d25b667d3bc796798a3a81b\",\"name\":\"P\u00e1gina 10\",\"description\":\"P\u00e1gina 10 es un peri\u00f3dico regional que nace en Colombia, en el departamento de Nari\u00f1o, con un enfoque global, fundamentado en cuatro pilares esenciales: la libertad, el pluralismo, la inclusi\u00f3n y la independencia. P\u00e1gina 10 hace referencia a Nari\u00f1o como el d\u00e9cimo departamento creado en Colombia, despu\u00e9s de un proceso pol\u00edtico liderado por actores y actrices regionales con el fin de obtener la independencia y autonom\u00eda de nuestros territorios. Con la creaci\u00f3n de P\u00e1gina 10 se pretende abrir un escenario para el dialogo, la reflexi\u00f3n y el debate que se extienda a otras geograf\u00edas de Am\u00e9rica Latina y del planeta, en una apuesta por transformar colectivamente los desaf\u00edos de un mundo contempor\u00e1neo, m\u00e1s all\u00e1 de las fronteras impuestas.\",\"url\":\"https:\/\/pagina10.com\/web\/author\/pdiezadmin\/\"}]}<\/script>\n<!-- \/ Yoast SEO plugin. -->","yoast_head_json":{"title":"Deportivo Pasto inscribi\u00f3 cuatro nuevos jugadores | P\u00e1gina10","robots":{"index":"index","follow":"follow","max-snippet":"max-snippet:-1","max-image-preview":"max-image-preview:large","max-video-preview":"max-video-preview:-1"},"canonical":"https:\/\/pagina10.com\/web\/deportivo-pasto-inscribio-cuatro-nuevos-jugadores\/","og_locale":"es_ES","og_type":"article","og_title":"Deportivo Pasto inscribi\u00f3 cuatro nuevos jugadores | P\u00e1gina10","og_description":"Despu\u00e9s de superar la sanci\u00f3n interpuesta por la FIFA debido al pago que le deb\u00edan al arquero venezolano Jos\u00e9 David Contreras, el Deportivo Pasto logr\u00f3 inscribir oficialmente a los jugadores Jerson Malag\u00f3n, Carlos Daniel Hidalgo, Johan Campa\u00f1a y Jos\u00e9 Barrag\u00e1n quienes podr\u00e1n actuar ante Uni\u00f3n Magdalena el pr\u00f3ximo s\u00e1bado si as\u00ed el t\u00e9cnico lo requiere. [&hellip;]","og_url":"https:\/\/pagina10.com\/web\/deportivo-pasto-inscribio-cuatro-nuevos-jugadores\/","og_site_name":"P\u00e1gina10","article_publisher":"https:\/\/www.facebook.com\/pag10com","article_published_time":"2022-07-18T19:30:11+00:00","og_image":[{"width":960,"height":468,"url":"https:\/\/pagina10.com\/web\/wp-content\/uploads\/2022\/07\/291550233_451667460297614_5440206892919440415_n-e1658171555723.jpg","type":"image\/jpeg"}],"author":"P\u00e1gina 10","twitter_card":"summary_large_image","twitter_creator":"@Pag10com","twitter_site":"@Pag10com","twitter_misc":{"Escrito por":"P\u00e1gina 10","Tiempo de lectura":"1 minuto"},"schema":{"@context":"https:\/\/schema.org","@graph":[{"@type":"Article","@id":"https:\/\/pagina10.com\/web\/deportivo-pasto-inscribio-cuatro-nuevos-jugadores\/#article","isPartOf":{"@id":"https:\/\/pagina10.com\/web\/deportivo-pasto-inscribio-cuatro-nuevos-jugadores\/"},"author":{"name":"P\u00e1gina 10","@id":"https:\/\/pagina10.com\/web\/#\/schema\/person\/2efc4a090d25b667d3bc796798a3a81b"},"headline":"Deportivo Pasto inscribi\u00f3 cuatro nuevos jugadores","datePublished":"2022-07-18T19:30:11+00:00","mainEntityOfPage":{"@id":"https:\/\/pagina10.com\/web\/deportivo-pasto-inscribio-cuatro-nuevos-jugadores\/"},"wordCount":183,"commentCount":0,"publisher":{"@id":"https:\/\/pagina10.com\/web\/#organization"},"image":{"@id":"https:\/\/pagina10.com\/web\/deportivo-pasto-inscribio-cuatro-nuevos-jugadores\/#primaryimage"},"thumbnailUrl":"https:\/\/pagina10.com\/web\/wp-content\/uploads\/2022\/07\/291550233_451667460297614_5440206892919440415_n-e1658171555723.jpg","articleSection":["Deportes"],"inLanguage":"es","potentialAction":[{"@type":"CommentAction","name":"Comment","target":["https:\/\/pagina10.com\/web\/deportivo-pasto-inscribio-cuatro-nuevos-jugadores\/#respond"]}]},{"@type":"WebPage","@id":"https:\/\/pagina10.com\/web\/deportivo-pasto-inscribio-cuatro-nuevos-jugadores\/","url":"https:\/\/pagina10.com\/web\/deportivo-pasto-inscribio-cuatro-nuevos-jugadores\/","name":"Deportivo Pasto inscribi\u00f3 cuatro nuevos jugadores | P\u00e1gina10","isPartOf":{"@id":"https:\/\/pagina10.com\/web\/#website"},"primaryImageOfPage":{"@id":"https:\/\/pagina10.com\/web\/deportivo-pasto-inscribio-cuatro-nuevos-jugadores\/#primaryimage"},"image":{"@id":"https:\/\/pagina10.com\/web\/deportivo-pasto-inscribio-cuatro-nuevos-jugadores\/#primaryimage"},"thumbnailUrl":"https:\/\/pagina10.com\/web\/wp-content\/uploads\/2022\/07\/291550233_451667460297614_5440206892919440415_n-e1658171555723.jpg","datePublished":"2022-07-18T19:30:11+00:00","breadcrumb":{"@id":"https:\/\/pagina10.com\/web\/deportivo-pasto-inscribio-cuatro-nuevos-jugadores\/#breadcrumb"},"inLanguage":"es","potentialAction":[{"@type":"ReadAction","target":["https:\/\/pagina10.com\/web\/deportivo-pasto-inscribio-cuatro-nuevos-jugadores\/"]}]},{"@type":"ImageObject","inLanguage":"es","@id":"https:\/\/pagina10.com\/web\/deportivo-pasto-inscribio-cuatro-nuevos-jugadores\/#primaryimage","url":"https:\/\/pagina10.com\/web\/wp-content\/uploads\/2022\/07\/291550233_451667460297614_5440206892919440415_n-e1658171555723.jpg","contentUrl":"https:\/\/pagina10.com\/web\/wp-content\/uploads\/2022\/07\/291550233_451667460297614_5440206892919440415_n-e1658171555723.jpg","width":960,"height":468},{"@type":"BreadcrumbList","@id":"https:\/\/pagina10.com\/web\/deportivo-pasto-inscribio-cuatro-nuevos-jugadores\/#breadcrumb","itemListElement":[{"@type":"ListItem","position":1,"name":"Portada","item":"https:\/\/pagina10.com\/web\/"},{"@type":"ListItem","position":2,"name":"Deportivo Pasto inscribi\u00f3 cuatro nuevos jugadores"}]},{"@type":"WebSite","@id":"https:\/\/pagina10.com\/web\/#website","url":"https:\/\/pagina10.com\/web\/","name":"P\u00e1gina10","description":"Peri\u00f3dico Regional","publisher":{"@id":"https:\/\/pagina10.com\/web\/#organization"},"alternateName":"P\u00e1gina10 Peri\u00f3dico Regional","potentialAction":[{"@type":"SearchAction","target":{"@type":"EntryPoint","urlTemplate":"https:\/\/pagina10.com\/web\/?s={search_term_string}"},"query-input":{"@type":"PropertyValueSpecification","valueRequired":true,"valueName":"search_term_string"}}],"inLanguage":"es"},{"@type":"Organization","@id":"https:\/\/pagina10.com\/web\/#organization","name":"P\u00e1gina10","alternateName":"P\u00e1gina10 Peri\u00f3dico Regional","url":"https:\/\/pagina10.com\/web\/","logo":{"@type":"ImageObject","inLanguage":"es","@id":"https:\/\/pagina10.com\/web\/#\/schema\/logo\/image\/","url":"https:\/\/pagina10.com\/web\/wp-content\/uploads\/2024\/01\/40-pagina-10-periodico-regional-pasto.jpg","contentUrl":"https:\/\/pagina10.com\/web\/wp-content\/uploads\/2024\/01\/40-pagina-10-periodico-regional-pasto.jpg","width":1280,"height":720,"caption":"P\u00e1gina10"},"image":{"@id":"https:\/\/pagina10.com\/web\/#\/schema\/logo\/image\/"},"sameAs":["https:\/\/www.facebook.com\/pag10com","https:\/\/x.com\/Pag10com","https:\/\/www.instagram.com\/pagina10col\/","https:\/\/youtube.com\/channel\/pag10","https:\/\/www.tiktok.com\/@p10col"]},{"@type":"Person","@id":"https:\/\/pagina10.com\/web\/#\/schema\/person\/2efc4a090d25b667d3bc796798a3a81b","name":"P\u00e1gina 10","description":"P\u00e1gina 10 es un peri\u00f3dico regional que nace en Colombia, en el departamento de Nari\u00f1o, con un enfoque global, fundamentado en cuatro pilares esenciales: la libertad, el pluralismo, la inclusi\u00f3n y la independencia. P\u00e1gina 10 hace referencia a Nari\u00f1o como el d\u00e9cimo departamento creado en Colombia, despu\u00e9s de un proceso pol\u00edtico liderado por actores y actrices regionales con el fin de obtener la independencia y autonom\u00eda de nuestros territorios. Con la creaci\u00f3n de P\u00e1gina 10 se pretende abrir un escenario para el dialogo, la reflexi\u00f3n y el debate que se extienda a otras geograf\u00edas de Am\u00e9rica Latina y del planeta, en una apuesta por transformar colectivamente los desaf\u00edos de un mundo contempor\u00e1neo, m\u00e1s all\u00e1 de las fronteras impuestas.","url":"https:\/\/pagina10.com\/web\/author\/pdiezadmin\/"}]}},"_links":{"self":[{"href":"https:\/\/pagina10.com\/web\/wp-json\/wp\/v2\/posts\/60502","targetHints":{"allow":["GET"]}}],"collection":[{"href":"https:\/\/pagina10.com\/web\/wp-json\/wp\/v2\/posts"}],"about":[{"href":"https:\/\/pagina10.com\/web\/wp-json\/wp\/v2\/types\/post"}],"author":[{"embeddable":true,"href":"https:\/\/pagina10.com\/web\/wp-json\/wp\/v2\/users\/1"}],"replies":[{"embeddable":true,"href":"https:\/\/pagina10.com\/web\/wp-json\/wp\/v2\/comments?post=60502"}],"version-history":[{"count":1,"href":"https:\/\/pagina10.com\/web\/wp-json\/wp\/v2\/posts\/60502\/revisions"}],"predecessor-version":[{"id":60505,"href":"https:\/\/pagina10.com\/web\/wp-json\/wp\/v2\/posts\/60502\/revisions\/60505"}],"wp:featuredmedia":[{"embeddable":true,"href":"https:\/\/pagina10.com\/web\/wp-json\/wp\/v2\/media\/60504"}],"wp:attachment":[{"href":"https:\/\/pagina10.com\/web\/wp-json\/wp\/v2\/media?parent=60502"}],"wp:term":[{"taxonomy":"category","embeddable":true,"href":"https:\/\/pagina10.com\/web\/wp-json\/wp\/v2\/categories?post=60502"},{"taxonomy":"post_tag","embeddable":true,"href":"https:\/\/pagina10.com\/web\/wp-json\/wp\/v2\/tags?post=60502"}],"curies":[{"name":"wp","href":"https:\/\/api.w.org\/{rel}","templated":true}]}}