{"id":6052,"date":"2014-01-09T21:57:33","date_gmt":"2014-01-09T21:57:33","guid":{"rendered":"https:\/\/pagina10.com\/web\/terminal-de-transporte-de-pasto-supero-visita-de-la-superintendencia-de-transporte\/"},"modified":"2014-01-09T21:57:33","modified_gmt":"2014-01-09T21:57:33","slug":"terminal-de-transporte-de-pasto-supero-visita-de-la-superintendencia-de-transporte","status":"publish","type":"post","link":"https:\/\/pagina10.com\/web\/terminal-de-transporte-de-pasto-supero-visita-de-la-superintendencia-de-transporte\/","title":{"rendered":"TERMINAL DE TRANSPORTE DE PASTO SUPER\u00d3 VISITA DE LA SUPERINTENDENCIA DE TRANSPORTE"},"content":{"rendered":"<p><img fetchpriority=\"high\" decoding=\"async\" class=\" size-full wp-image-6051\" src=\"https:\/\/pagina10.com\/web\/wp-content\/uploads\/2014\/01\/66e356113e5c1129f26a7eaa3ebbd45c.jpg\" alt=\"\" width=\"940\" height=\"360\" srcset=\"https:\/\/pagina10.com\/web\/wp-content\/uploads\/2014\/01\/66e356113e5c1129f26a7eaa3ebbd45c.jpg 940w, https:\/\/pagina10.com\/web\/wp-content\/uploads\/2014\/01\/66e356113e5c1129f26a7eaa3ebbd45c-300x115.jpg 300w, https:\/\/pagina10.com\/web\/wp-content\/uploads\/2014\/01\/66e356113e5c1129f26a7eaa3ebbd45c-768x294.jpg 768w\" sizes=\"(max-width: 940px) 100vw, 940px\" \/><\/p>\n<p style=\"text-align: justify;\">Al iniciar el a\u00f1o, es com\u00fan observar un gran flujo de turistas y nari\u00f1enses salir de la ciudad y de los diferentes municipios, una vez hayan terminado las festividades y visitas familiares.<\/p>\n<p>  <!--more-->  <\/p>\n<p style=\"text-align: justify;\">Por este motivo la Superintendencia de Puertos y Transporte adelant\u00f3 una visita a la Terminal de Transporte de Pasto desde el cuatro de enero, con el prop\u00f3sito de verificar el funcionamiento y las condiciones en las que se prest\u00f3 el servicio de transporte de pasajeros. As\u00ed lo dio a conocer Sergio Calder\u00f3n del \u00e1rea de Vigilancia e Inspecci\u00f3n de la superintendencia.<\/p>\n<p style=\"text-align: justify;\">&nbsp;<\/p>\n<p style=\"text-align: justify;\">\u201cHasta el momento se han hecho las revisiones y todo est\u00e1 bajo regla. Inspeccionamos los alcohol\u00edmetros, los consultorios m\u00e9dicos, el acceso que tienen las bah\u00edas de los veh\u00edculos, las salidas de emergencia, servicio de guarda equipaje, servicio sanitarios y como resultado, todo se encuentra bajo la ley y la norma\u201d, asegur\u00f3 el funcionario de la Superintendencia de Transporte.<\/p>\n<p style=\"text-align: justify;\">&nbsp;<\/p>\n<p style=\"text-align: justify;\">De otra parte, Fabio Hern\u00e1n Zarama Gerente de la Terminal, manifest\u00f3 que el balance es positivo. \u201cHemos alcanzado un nivel de confianza muy alto dentro de la prestaci\u00f3n del servicio y en el tema de instalaciones. Estamos prestos a cualquier situaci\u00f3n que nos puedan notificar para ir mejorando todo en pro del bienestar de los usuarios\u201d. El funcionario agreg\u00f3 que se ha trabajado de la mano con la Polic\u00eda Nacional, con la puesta en marcha de la estaci\u00f3n de Polic\u00eda de la Terminal de Transporte lo que brindar\u00e1 seguridad tranquilidad a los usuarios.<\/p>\n<p style=\"text-align: justify;\">&nbsp;<\/p>\n<p style=\"text-align: justify;\">Articulo relacionado: Alcald\u00eda de Pasto<\/p>\n","protected":false},"excerpt":{"rendered":"<p>Al iniciar el a\u00f1o, es com\u00fan observar un gran flujo de turistas y nari\u00f1enses salir de la ciudad y de los diferentes municipios, una vez hayan terminado las festividades y visitas familiares.<\/p>\n","protected":false},"author":29,"featured_media":6051,"comment_status":"open","ping_status":"open","sticky":false,"template":"","format":"standard","meta":{"footnotes":""},"categories":[82],"tags":[],"class_list":["post-6052","post","type-post","status-publish","format-standard","has-post-thumbnail","hentry","category-ciudad-2"],"yoast_head":"<!-- This site is optimized with the Yoast SEO plugin v27.1.1 - https:\/\/yoast.com\/product\/yoast-seo-wordpress\/ -->\n<title>TERMINAL DE TRANSPORTE DE PASTO SUPER\u00d3 VISITA DE LA SUPERINTENDENCIA DE TRANSPORTE | P\u00e1gina10<\/title>\n<meta name=\"robots\" content=\"index, follow, max-snippet:-1, max-image-preview:large, max-video-preview:-1\" \/>\n<link rel=\"canonical\" href=\"https:\/\/pagina10.com\/web\/terminal-de-transporte-de-pasto-supero-visita-de-la-superintendencia-de-transporte\/\" \/>\n<meta property=\"og:locale\" content=\"es_ES\" \/>\n<meta property=\"og:type\" content=\"article\" \/>\n<meta property=\"og:title\" content=\"TERMINAL DE TRANSPORTE DE PASTO SUPER\u00d3 VISITA DE LA SUPERINTENDENCIA DE TRANSPORTE | P\u00e1gina10\" \/>\n<meta property=\"og:description\" content=\"Al iniciar el a\u00f1o, es com\u00fan observar un gran flujo de turistas y nari\u00f1enses salir de la ciudad y de los diferentes municipios, una vez hayan terminado las festividades y visitas familiares.\" \/>\n<meta property=\"og:url\" content=\"https:\/\/pagina10.com\/web\/terminal-de-transporte-de-pasto-supero-visita-de-la-superintendencia-de-transporte\/\" \/>\n<meta property=\"og:site_name\" content=\"P\u00e1gina10\" \/>\n<meta property=\"article:publisher\" content=\"https:\/\/www.facebook.com\/pag10com\" \/>\n<meta property=\"article:published_time\" content=\"2014-01-09T21:57:33+00:00\" \/>\n<meta property=\"og:image\" content=\"https:\/\/pagina10.com\/web\/wp-content\/uploads\/2014\/01\/66e356113e5c1129f26a7eaa3ebbd45c.jpg\" \/>\n\t<meta property=\"og:image:width\" content=\"940\" \/>\n\t<meta property=\"og:image:height\" content=\"360\" \/>\n\t<meta property=\"og:image:type\" content=\"image\/jpeg\" \/>\n<meta name=\"author\" content=\"P\u00e1gina 10\" \/>\n<meta name=\"twitter:card\" content=\"summary_large_image\" \/>\n<meta name=\"twitter:creator\" content=\"@Pag10com\" \/>\n<meta name=\"twitter:site\" content=\"@Pag10com\" \/>\n<meta name=\"twitter:label1\" content=\"Escrito por\" \/>\n\t<meta name=\"twitter:data1\" content=\"P\u00e1gina 10\" \/>\n\t<meta name=\"twitter:label2\" content=\"Tiempo de lectura\" \/>\n\t<meta name=\"twitter:data2\" content=\"1 minuto\" \/>\n<script type=\"application\/ld+json\" class=\"yoast-schema-graph\">{\"@context\":\"https:\/\/schema.org\",\"@graph\":[{\"@type\":\"Article\",\"@id\":\"https:\/\/pagina10.com\/web\/terminal-de-transporte-de-pasto-supero-visita-de-la-superintendencia-de-transporte\/#article\",\"isPartOf\":{\"@id\":\"https:\/\/pagina10.com\/web\/terminal-de-transporte-de-pasto-supero-visita-de-la-superintendencia-de-transporte\/\"},\"author\":{\"name\":\"P\u00e1gina 10\",\"@id\":\"https:\/\/pagina10.com\/web\/#\/schema\/person\/a7a5d38f0629dfc107f619fbae4f6cc3\"},\"headline\":\"TERMINAL DE TRANSPORTE DE PASTO SUPER\u00d3 VISITA DE LA SUPERINTENDENCIA DE TRANSPORTE\",\"datePublished\":\"2014-01-09T21:57:33+00:00\",\"mainEntityOfPage\":{\"@id\":\"https:\/\/pagina10.com\/web\/terminal-de-transporte-de-pasto-supero-visita-de-la-superintendencia-de-transporte\/\"},\"wordCount\":281,\"commentCount\":0,\"publisher\":{\"@id\":\"https:\/\/pagina10.com\/web\/#organization\"},\"image\":{\"@id\":\"https:\/\/pagina10.com\/web\/terminal-de-transporte-de-pasto-supero-visita-de-la-superintendencia-de-transporte\/#primaryimage\"},\"thumbnailUrl\":\"https:\/\/pagina10.com\/web\/wp-content\/uploads\/2014\/01\/66e356113e5c1129f26a7eaa3ebbd45c.jpg\",\"articleSection\":[\"Ciudad\"],\"inLanguage\":\"es\",\"potentialAction\":[{\"@type\":\"CommentAction\",\"name\":\"Comment\",\"target\":[\"https:\/\/pagina10.com\/web\/terminal-de-transporte-de-pasto-supero-visita-de-la-superintendencia-de-transporte\/#respond\"]}]},{\"@type\":\"WebPage\",\"@id\":\"https:\/\/pagina10.com\/web\/terminal-de-transporte-de-pasto-supero-visita-de-la-superintendencia-de-transporte\/\",\"url\":\"https:\/\/pagina10.com\/web\/terminal-de-transporte-de-pasto-supero-visita-de-la-superintendencia-de-transporte\/\",\"name\":\"TERMINAL DE TRANSPORTE DE PASTO SUPER\u00d3 VISITA DE LA SUPERINTENDENCIA DE TRANSPORTE | P\u00e1gina10\",\"isPartOf\":{\"@id\":\"https:\/\/pagina10.com\/web\/#website\"},\"primaryImageOfPage\":{\"@id\":\"https:\/\/pagina10.com\/web\/terminal-de-transporte-de-pasto-supero-visita-de-la-superintendencia-de-transporte\/#primaryimage\"},\"image\":{\"@id\":\"https:\/\/pagina10.com\/web\/terminal-de-transporte-de-pasto-supero-visita-de-la-superintendencia-de-transporte\/#primaryimage\"},\"thumbnailUrl\":\"https:\/\/pagina10.com\/web\/wp-content\/uploads\/2014\/01\/66e356113e5c1129f26a7eaa3ebbd45c.jpg\",\"datePublished\":\"2014-01-09T21:57:33+00:00\",\"breadcrumb\":{\"@id\":\"https:\/\/pagina10.com\/web\/terminal-de-transporte-de-pasto-supero-visita-de-la-superintendencia-de-transporte\/#breadcrumb\"},\"inLanguage\":\"es\",\"potentialAction\":[{\"@type\":\"ReadAction\",\"target\":[\"https:\/\/pagina10.com\/web\/terminal-de-transporte-de-pasto-supero-visita-de-la-superintendencia-de-transporte\/\"]}]},{\"@type\":\"ImageObject\",\"inLanguage\":\"es\",\"@id\":\"https:\/\/pagina10.com\/web\/terminal-de-transporte-de-pasto-supero-visita-de-la-superintendencia-de-transporte\/#primaryimage\",\"url\":\"https:\/\/pagina10.com\/web\/wp-content\/uploads\/2014\/01\/66e356113e5c1129f26a7eaa3ebbd45c.jpg\",\"contentUrl\":\"https:\/\/pagina10.com\/web\/wp-content\/uploads\/2014\/01\/66e356113e5c1129f26a7eaa3ebbd45c.jpg\",\"width\":940,\"height\":360},{\"@type\":\"BreadcrumbList\",\"@id\":\"https:\/\/pagina10.com\/web\/terminal-de-transporte-de-pasto-supero-visita-de-la-superintendencia-de-transporte\/#breadcrumb\",\"itemListElement\":[{\"@type\":\"ListItem\",\"position\":1,\"name\":\"Portada\",\"item\":\"https:\/\/pagina10.com\/web\/\"},{\"@type\":\"ListItem\",\"position\":2,\"name\":\"TERMINAL DE TRANSPORTE DE PASTO SUPER\u00d3 VISITA DE LA SUPERINTENDENCIA DE TRANSPORTE\"}]},{\"@type\":\"WebSite\",\"@id\":\"https:\/\/pagina10.com\/web\/#website\",\"url\":\"https:\/\/pagina10.com\/web\/\",\"name\":\"P\u00e1gina10\",\"description\":\"Peri\u00f3dico Regional\",\"publisher\":{\"@id\":\"https:\/\/pagina10.com\/web\/#organization\"},\"alternateName\":\"P\u00e1gina10 Peri\u00f3dico Regional\",\"potentialAction\":[{\"@type\":\"SearchAction\",\"target\":{\"@type\":\"EntryPoint\",\"urlTemplate\":\"https:\/\/pagina10.com\/web\/?s={search_term_string}\"},\"query-input\":{\"@type\":\"PropertyValueSpecification\",\"valueRequired\":true,\"valueName\":\"search_term_string\"}}],\"inLanguage\":\"es\"},{\"@type\":\"Organization\",\"@id\":\"https:\/\/pagina10.com\/web\/#organization\",\"name\":\"P\u00e1gina10\",\"alternateName\":\"P\u00e1gina10 Peri\u00f3dico Regional\",\"url\":\"https:\/\/pagina10.com\/web\/\",\"logo\":{\"@type\":\"ImageObject\",\"inLanguage\":\"es\",\"@id\":\"https:\/\/pagina10.com\/web\/#\/schema\/logo\/image\/\",\"url\":\"https:\/\/pagina10.com\/web\/wp-content\/uploads\/2024\/01\/40-pagina-10-periodico-regional-pasto.jpg\",\"contentUrl\":\"https:\/\/pagina10.com\/web\/wp-content\/uploads\/2024\/01\/40-pagina-10-periodico-regional-pasto.jpg\",\"width\":1280,\"height\":720,\"caption\":\"P\u00e1gina10\"},\"image\":{\"@id\":\"https:\/\/pagina10.com\/web\/#\/schema\/logo\/image\/\"},\"sameAs\":[\"https:\/\/www.facebook.com\/pag10com\",\"https:\/\/x.com\/Pag10com\",\"https:\/\/www.instagram.com\/pagina10col\/\",\"https:\/\/youtube.com\/channel\/pag10\",\"https:\/\/www.tiktok.com\/@p10col\"]},{\"@type\":\"Person\",\"@id\":\"https:\/\/pagina10.com\/web\/#\/schema\/person\/a7a5d38f0629dfc107f619fbae4f6cc3\",\"name\":\"P\u00e1gina 10\",\"description\":\"P\u00e1gina10.com es un peri\u00f3dico digital que nace en Colombia, en el departamento de Nari\u00f1o, con un enfoque global, fundamentado en cuatro pilares esenciales: la libertad, el pluralismo, la inclusi\u00f3n y la independencia. P\u00e1gina10.com hace referencia a Nari\u00f1o como el d\u00e9cimo departamento creado en Colombia, despu\u00e9s de un proceso pol\u00edtico liderado por actores y actrices regionales con el fin de obtener la independencia y autonom\u00eda de nuestros territorios. Con la creaci\u00f3n de P\u00e1gina10.com se pretende abrir un escenario para el dialogo, la reflexi\u00f3n y el debate que se extienda a otras geograf\u00edas de Am\u00e9rica Latina y del planeta, en una apuesta por transformar colectivamente los desaf\u00edos de un mundo contempor\u00e1neo, m\u00e1s all\u00e1 de las fronteras impuestas.\",\"url\":\"https:\/\/pagina10.com\/web\/author\/mcepeda\/\"}]}<\/script>\n<!-- \/ Yoast SEO plugin. -->","yoast_head_json":{"title":"TERMINAL DE TRANSPORTE DE PASTO SUPER\u00d3 VISITA DE LA SUPERINTENDENCIA DE TRANSPORTE | P\u00e1gina10","robots":{"index":"index","follow":"follow","max-snippet":"max-snippet:-1","max-image-preview":"max-image-preview:large","max-video-preview":"max-video-preview:-1"},"canonical":"https:\/\/pagina10.com\/web\/terminal-de-transporte-de-pasto-supero-visita-de-la-superintendencia-de-transporte\/","og_locale":"es_ES","og_type":"article","og_title":"TERMINAL DE TRANSPORTE DE PASTO SUPER\u00d3 VISITA DE LA SUPERINTENDENCIA DE TRANSPORTE | P\u00e1gina10","og_description":"Al iniciar el a\u00f1o, es com\u00fan observar un gran flujo de turistas y nari\u00f1enses salir de la ciudad y de los diferentes municipios, una vez hayan terminado las festividades y visitas familiares.","og_url":"https:\/\/pagina10.com\/web\/terminal-de-transporte-de-pasto-supero-visita-de-la-superintendencia-de-transporte\/","og_site_name":"P\u00e1gina10","article_publisher":"https:\/\/www.facebook.com\/pag10com","article_published_time":"2014-01-09T21:57:33+00:00","og_image":[{"width":940,"height":360,"url":"https:\/\/pagina10.com\/web\/wp-content\/uploads\/2014\/01\/66e356113e5c1129f26a7eaa3ebbd45c.jpg","type":"image\/jpeg"}],"author":"P\u00e1gina 10","twitter_card":"summary_large_image","twitter_creator":"@Pag10com","twitter_site":"@Pag10com","twitter_misc":{"Escrito por":"P\u00e1gina 10","Tiempo de lectura":"1 minuto"},"schema":{"@context":"https:\/\/schema.org","@graph":[{"@type":"Article","@id":"https:\/\/pagina10.com\/web\/terminal-de-transporte-de-pasto-supero-visita-de-la-superintendencia-de-transporte\/#article","isPartOf":{"@id":"https:\/\/pagina10.com\/web\/terminal-de-transporte-de-pasto-supero-visita-de-la-superintendencia-de-transporte\/"},"author":{"name":"P\u00e1gina 10","@id":"https:\/\/pagina10.com\/web\/#\/schema\/person\/a7a5d38f0629dfc107f619fbae4f6cc3"},"headline":"TERMINAL DE TRANSPORTE DE PASTO SUPER\u00d3 VISITA DE LA SUPERINTENDENCIA DE TRANSPORTE","datePublished":"2014-01-09T21:57:33+00:00","mainEntityOfPage":{"@id":"https:\/\/pagina10.com\/web\/terminal-de-transporte-de-pasto-supero-visita-de-la-superintendencia-de-transporte\/"},"wordCount":281,"commentCount":0,"publisher":{"@id":"https:\/\/pagina10.com\/web\/#organization"},"image":{"@id":"https:\/\/pagina10.com\/web\/terminal-de-transporte-de-pasto-supero-visita-de-la-superintendencia-de-transporte\/#primaryimage"},"thumbnailUrl":"https:\/\/pagina10.com\/web\/wp-content\/uploads\/2014\/01\/66e356113e5c1129f26a7eaa3ebbd45c.jpg","articleSection":["Ciudad"],"inLanguage":"es","potentialAction":[{"@type":"CommentAction","name":"Comment","target":["https:\/\/pagina10.com\/web\/terminal-de-transporte-de-pasto-supero-visita-de-la-superintendencia-de-transporte\/#respond"]}]},{"@type":"WebPage","@id":"https:\/\/pagina10.com\/web\/terminal-de-transporte-de-pasto-supero-visita-de-la-superintendencia-de-transporte\/","url":"https:\/\/pagina10.com\/web\/terminal-de-transporte-de-pasto-supero-visita-de-la-superintendencia-de-transporte\/","name":"TERMINAL DE TRANSPORTE DE PASTO SUPER\u00d3 VISITA DE LA SUPERINTENDENCIA DE TRANSPORTE | P\u00e1gina10","isPartOf":{"@id":"https:\/\/pagina10.com\/web\/#website"},"primaryImageOfPage":{"@id":"https:\/\/pagina10.com\/web\/terminal-de-transporte-de-pasto-supero-visita-de-la-superintendencia-de-transporte\/#primaryimage"},"image":{"@id":"https:\/\/pagina10.com\/web\/terminal-de-transporte-de-pasto-supero-visita-de-la-superintendencia-de-transporte\/#primaryimage"},"thumbnailUrl":"https:\/\/pagina10.com\/web\/wp-content\/uploads\/2014\/01\/66e356113e5c1129f26a7eaa3ebbd45c.jpg","datePublished":"2014-01-09T21:57:33+00:00","breadcrumb":{"@id":"https:\/\/pagina10.com\/web\/terminal-de-transporte-de-pasto-supero-visita-de-la-superintendencia-de-transporte\/#breadcrumb"},"inLanguage":"es","potentialAction":[{"@type":"ReadAction","target":["https:\/\/pagina10.com\/web\/terminal-de-transporte-de-pasto-supero-visita-de-la-superintendencia-de-transporte\/"]}]},{"@type":"ImageObject","inLanguage":"es","@id":"https:\/\/pagina10.com\/web\/terminal-de-transporte-de-pasto-supero-visita-de-la-superintendencia-de-transporte\/#primaryimage","url":"https:\/\/pagina10.com\/web\/wp-content\/uploads\/2014\/01\/66e356113e5c1129f26a7eaa3ebbd45c.jpg","contentUrl":"https:\/\/pagina10.com\/web\/wp-content\/uploads\/2014\/01\/66e356113e5c1129f26a7eaa3ebbd45c.jpg","width":940,"height":360},{"@type":"BreadcrumbList","@id":"https:\/\/pagina10.com\/web\/terminal-de-transporte-de-pasto-supero-visita-de-la-superintendencia-de-transporte\/#breadcrumb","itemListElement":[{"@type":"ListItem","position":1,"name":"Portada","item":"https:\/\/pagina10.com\/web\/"},{"@type":"ListItem","position":2,"name":"TERMINAL DE TRANSPORTE DE PASTO SUPER\u00d3 VISITA DE LA SUPERINTENDENCIA DE TRANSPORTE"}]},{"@type":"WebSite","@id":"https:\/\/pagina10.com\/web\/#website","url":"https:\/\/pagina10.com\/web\/","name":"P\u00e1gina10","description":"Peri\u00f3dico Regional","publisher":{"@id":"https:\/\/pagina10.com\/web\/#organization"},"alternateName":"P\u00e1gina10 Peri\u00f3dico Regional","potentialAction":[{"@type":"SearchAction","target":{"@type":"EntryPoint","urlTemplate":"https:\/\/pagina10.com\/web\/?s={search_term_string}"},"query-input":{"@type":"PropertyValueSpecification","valueRequired":true,"valueName":"search_term_string"}}],"inLanguage":"es"},{"@type":"Organization","@id":"https:\/\/pagina10.com\/web\/#organization","name":"P\u00e1gina10","alternateName":"P\u00e1gina10 Peri\u00f3dico Regional","url":"https:\/\/pagina10.com\/web\/","logo":{"@type":"ImageObject","inLanguage":"es","@id":"https:\/\/pagina10.com\/web\/#\/schema\/logo\/image\/","url":"https:\/\/pagina10.com\/web\/wp-content\/uploads\/2024\/01\/40-pagina-10-periodico-regional-pasto.jpg","contentUrl":"https:\/\/pagina10.com\/web\/wp-content\/uploads\/2024\/01\/40-pagina-10-periodico-regional-pasto.jpg","width":1280,"height":720,"caption":"P\u00e1gina10"},"image":{"@id":"https:\/\/pagina10.com\/web\/#\/schema\/logo\/image\/"},"sameAs":["https:\/\/www.facebook.com\/pag10com","https:\/\/x.com\/Pag10com","https:\/\/www.instagram.com\/pagina10col\/","https:\/\/youtube.com\/channel\/pag10","https:\/\/www.tiktok.com\/@p10col"]},{"@type":"Person","@id":"https:\/\/pagina10.com\/web\/#\/schema\/person\/a7a5d38f0629dfc107f619fbae4f6cc3","name":"P\u00e1gina 10","description":"P\u00e1gina10.com es un peri\u00f3dico digital que nace en Colombia, en el departamento de Nari\u00f1o, con un enfoque global, fundamentado en cuatro pilares esenciales: la libertad, el pluralismo, la inclusi\u00f3n y la independencia. P\u00e1gina10.com hace referencia a Nari\u00f1o como el d\u00e9cimo departamento creado en Colombia, despu\u00e9s de un proceso pol\u00edtico liderado por actores y actrices regionales con el fin de obtener la independencia y autonom\u00eda de nuestros territorios. Con la creaci\u00f3n de P\u00e1gina10.com se pretende abrir un escenario para el dialogo, la reflexi\u00f3n y el debate que se extienda a otras geograf\u00edas de Am\u00e9rica Latina y del planeta, en una apuesta por transformar colectivamente los desaf\u00edos de un mundo contempor\u00e1neo, m\u00e1s all\u00e1 de las fronteras impuestas.","url":"https:\/\/pagina10.com\/web\/author\/mcepeda\/"}]}},"_links":{"self":[{"href":"https:\/\/pagina10.com\/web\/wp-json\/wp\/v2\/posts\/6052","targetHints":{"allow":["GET"]}}],"collection":[{"href":"https:\/\/pagina10.com\/web\/wp-json\/wp\/v2\/posts"}],"about":[{"href":"https:\/\/pagina10.com\/web\/wp-json\/wp\/v2\/types\/post"}],"author":[{"embeddable":true,"href":"https:\/\/pagina10.com\/web\/wp-json\/wp\/v2\/users\/29"}],"replies":[{"embeddable":true,"href":"https:\/\/pagina10.com\/web\/wp-json\/wp\/v2\/comments?post=6052"}],"version-history":[{"count":0,"href":"https:\/\/pagina10.com\/web\/wp-json\/wp\/v2\/posts\/6052\/revisions"}],"wp:featuredmedia":[{"embeddable":true,"href":"https:\/\/pagina10.com\/web\/wp-json\/wp\/v2\/media\/6051"}],"wp:attachment":[{"href":"https:\/\/pagina10.com\/web\/wp-json\/wp\/v2\/media?parent=6052"}],"wp:term":[{"taxonomy":"category","embeddable":true,"href":"https:\/\/pagina10.com\/web\/wp-json\/wp\/v2\/categories?post=6052"},{"taxonomy":"post_tag","embeddable":true,"href":"https:\/\/pagina10.com\/web\/wp-json\/wp\/v2\/tags?post=6052"}],"curies":[{"name":"wp","href":"https:\/\/api.w.org\/{rel}","templated":true}]}}