{"id":60525,"date":"2022-07-20T09:11:07","date_gmt":"2022-07-20T14:11:07","guid":{"rendered":"https:\/\/pagina10.com\/web\/?p=60525"},"modified":"2022-07-20T09:11:07","modified_gmt":"2022-07-20T14:11:07","slug":"gobernacion-de-narino-participa-en-taller-de-construccion-para-la-prevencion-y-control-de-la-deforestacion-en-el-resguardo-indigena-del-gran-cumbal","status":"publish","type":"post","link":"https:\/\/pagina10.com\/web\/gobernacion-de-narino-participa-en-taller-de-construccion-para-la-prevencion-y-control-de-la-deforestacion-en-el-resguardo-indigena-del-gran-cumbal\/","title":{"rendered":"Gobernaci\u00f3n de Nari\u00f1o participa en taller de construcci\u00f3n para la prevenci\u00f3n y control de la deforestaci\u00f3n en el resguardo ind\u00edgena del Gran Cumbal"},"content":{"rendered":"<p style=\"text-align: justify;\">La Secretar\u00eda de Ambiente y Desarrollo Sostenible, particip\u00f3 del taller de socializaci\u00f3n y construcci\u00f3n concertada de la estrategia nacional para la prevenci\u00f3n y control de la deforestaci\u00f3n en territorios ind\u00edgenas, en el resguardo ind\u00edgena del Gran Cumbal, organizado por las Autoridades Ind\u00edgenas de Colombia- AICO.<br \/>\nLa jornada tuvo como objetivo crear de manera conjunta una estrategia nacional de corto, mediano y largo plazo, para promover la restauraci\u00f3n, como medidas de adaptaci\u00f3n y mitigaci\u00f3n al cambio clim\u00e1tico para los territorios ind\u00edgenas de acuerdo a la cosmovisi\u00f3n ind\u00edgena.<br \/>\nEl Secretario de Ambiente y Desarrollo Sostenible de Nari\u00f1o, Pablo Aguirre, indic\u00f3 que: \u201cEl departamento de Nari\u00f1o viene impulsando la construcci\u00f3n de una estrategia de econom\u00eda forestal sostenible, en la cual muchas de las iniciativas est\u00e1n respondiendo a las necesidades que hay desde los territorios colectivos, desde los territorios ind\u00edgenas y de las comunidades afrodescendientes\u201d.<br \/>\n\u201cNosotros necesitamos articular con las alcald\u00edas, con la Gobernaci\u00f3n de Nari\u00f1o, de manera que la coordinaci\u00f3n contribuye a articular acciones y a optimizar recursos para definir entre las instituciones, autoridades ind\u00edgenas, los ambientalistas y las organizaciones sociales y podamos tener muy en cuenta los temas de deforestaci\u00f3n, ampliaci\u00f3n de la frontera agr\u00edcola, la quema de los p\u00e1ramos. Por otro lado iniciaremos con otro proyecto que involucra estrategias concretas para la reforestaci\u00f3n\u201d, manifest\u00f3 Guillermo Buenaventura Tapie, Representante Legal de las Autoridades Ind\u00edgenas de Colombia &#8211; AICO<br \/>\n\u201cTodas las comunidades de los diferentes resguardos nos reunimos para mirar las problem\u00e1ticas que est\u00e1n dentro de nuestras comunidades, como lo es el medio ambiente, que nos est\u00e1 afectando que es lo que estamos haciendo y lo que debemos hacer\u201d expres\u00f3 Narcisa Tarapuez, del resguardo ind\u00edgena de Panan, en el municipio de Cumbal<br \/>\nDe esta manera, a nivel del Departamento, nos articulamos a estos procesos y contribuimos a la construcci\u00f3n desde los territorios ind\u00edgenas; en el caso de Nari\u00f1o, desde el Pueblo de los Pastos, pero es una estrategia a nivel nacional, que va a recoger las iniciativas de todas las comunidades ind\u00edgenas del pa\u00eds.<\/p>\n","protected":false},"excerpt":{"rendered":"<p>La Secretar\u00eda de Ambiente y Desarrollo Sostenible, particip\u00f3 del taller de socializaci\u00f3n y construcci\u00f3n concertada de la estrategia nacional para la prevenci\u00f3n y control de la deforestaci\u00f3n en territorios ind\u00edgenas, en el resguardo ind\u00edgena del Gran Cumbal, organizado por las Autoridades Ind\u00edgenas de Colombia- AICO. La jornada tuvo como objetivo crear de manera conjunta una [&hellip;]<\/p>\n","protected":false},"author":1,"featured_media":60526,"comment_status":"open","ping_status":"open","sticky":false,"template":"","format":"standard","meta":{"footnotes":""},"categories":[53],"tags":[],"class_list":["post-60525","post","type-post","status-publish","format-standard","has-post-thumbnail","hentry","category-regiones"],"yoast_head":"<!-- This site is optimized with the Yoast SEO plugin v27.1.1 - https:\/\/yoast.com\/product\/yoast-seo-wordpress\/ -->\n<title>Gobernaci\u00f3n de Nari\u00f1o participa en taller de construcci\u00f3n para la prevenci\u00f3n y control de la deforestaci\u00f3n en el resguardo ind\u00edgena del Gran Cumbal | P\u00e1gina10<\/title>\n<meta name=\"robots\" content=\"index, follow, max-snippet:-1, max-image-preview:large, max-video-preview:-1\" \/>\n<link rel=\"canonical\" href=\"https:\/\/pagina10.com\/web\/gobernacion-de-narino-participa-en-taller-de-construccion-para-la-prevencion-y-control-de-la-deforestacion-en-el-resguardo-indigena-del-gran-cumbal\/\" \/>\n<meta property=\"og:locale\" content=\"es_ES\" \/>\n<meta property=\"og:type\" content=\"article\" \/>\n<meta property=\"og:title\" content=\"Gobernaci\u00f3n de Nari\u00f1o participa en taller de construcci\u00f3n para la prevenci\u00f3n y control de la deforestaci\u00f3n en el resguardo ind\u00edgena del Gran Cumbal | P\u00e1gina10\" \/>\n<meta property=\"og:description\" content=\"La Secretar\u00eda de Ambiente y Desarrollo Sostenible, particip\u00f3 del taller de socializaci\u00f3n y construcci\u00f3n concertada de la estrategia nacional para la prevenci\u00f3n y control de la deforestaci\u00f3n en territorios ind\u00edgenas, en el resguardo ind\u00edgena del Gran Cumbal, organizado por las Autoridades Ind\u00edgenas de Colombia- AICO. La jornada tuvo como objetivo crear de manera conjunta una [&hellip;]\" \/>\n<meta property=\"og:url\" content=\"https:\/\/pagina10.com\/web\/gobernacion-de-narino-participa-en-taller-de-construccion-para-la-prevencion-y-control-de-la-deforestacion-en-el-resguardo-indigena-del-gran-cumbal\/\" \/>\n<meta property=\"og:site_name\" content=\"P\u00e1gina10\" \/>\n<meta property=\"article:publisher\" content=\"https:\/\/www.facebook.com\/pag10com\" \/>\n<meta property=\"article:published_time\" content=\"2022-07-20T14:11:07+00:00\" \/>\n<meta property=\"og:image\" content=\"https:\/\/pagina10.com\/web\/wp-content\/uploads\/2022\/07\/Captura-de-Pantalla-2022-07-20-a-las-4.10.36-p.-m..png\" \/>\n\t<meta property=\"og:image:width\" content=\"365\" \/>\n\t<meta property=\"og:image:height\" content=\"191\" \/>\n\t<meta property=\"og:image:type\" content=\"image\/png\" \/>\n<meta name=\"author\" content=\"P\u00e1gina 10\" \/>\n<meta name=\"twitter:card\" content=\"summary_large_image\" \/>\n<meta name=\"twitter:creator\" content=\"@Pag10com\" \/>\n<meta name=\"twitter:site\" content=\"@Pag10com\" \/>\n<meta name=\"twitter:label1\" content=\"Escrito por\" \/>\n\t<meta name=\"twitter:data1\" content=\"P\u00e1gina 10\" \/>\n\t<meta name=\"twitter:label2\" content=\"Tiempo de lectura\" \/>\n\t<meta name=\"twitter:data2\" content=\"2 minutos\" \/>\n<script type=\"application\/ld+json\" class=\"yoast-schema-graph\">{\"@context\":\"https:\/\/schema.org\",\"@graph\":[{\"@type\":\"Article\",\"@id\":\"https:\/\/pagina10.com\/web\/gobernacion-de-narino-participa-en-taller-de-construccion-para-la-prevencion-y-control-de-la-deforestacion-en-el-resguardo-indigena-del-gran-cumbal\/#article\",\"isPartOf\":{\"@id\":\"https:\/\/pagina10.com\/web\/gobernacion-de-narino-participa-en-taller-de-construccion-para-la-prevencion-y-control-de-la-deforestacion-en-el-resguardo-indigena-del-gran-cumbal\/\"},\"author\":{\"name\":\"P\u00e1gina 10\",\"@id\":\"https:\/\/pagina10.com\/web\/#\/schema\/person\/2efc4a090d25b667d3bc796798a3a81b\"},\"headline\":\"Gobernaci\u00f3n de Nari\u00f1o participa en taller de construcci\u00f3n para la prevenci\u00f3n y control de la deforestaci\u00f3n en el resguardo ind\u00edgena del Gran Cumbal\",\"datePublished\":\"2022-07-20T14:11:07+00:00\",\"mainEntityOfPage\":{\"@id\":\"https:\/\/pagina10.com\/web\/gobernacion-de-narino-participa-en-taller-de-construccion-para-la-prevencion-y-control-de-la-deforestacion-en-el-resguardo-indigena-del-gran-cumbal\/\"},\"wordCount\":400,\"commentCount\":0,\"publisher\":{\"@id\":\"https:\/\/pagina10.com\/web\/#organization\"},\"image\":{\"@id\":\"https:\/\/pagina10.com\/web\/gobernacion-de-narino-participa-en-taller-de-construccion-para-la-prevencion-y-control-de-la-deforestacion-en-el-resguardo-indigena-del-gran-cumbal\/#primaryimage\"},\"thumbnailUrl\":\"https:\/\/pagina10.com\/web\/wp-content\/uploads\/2022\/07\/Captura-de-Pantalla-2022-07-20-a-las-4.10.36-p.-m..png\",\"articleSection\":[\"Regiones\"],\"inLanguage\":\"es\",\"potentialAction\":[{\"@type\":\"CommentAction\",\"name\":\"Comment\",\"target\":[\"https:\/\/pagina10.com\/web\/gobernacion-de-narino-participa-en-taller-de-construccion-para-la-prevencion-y-control-de-la-deforestacion-en-el-resguardo-indigena-del-gran-cumbal\/#respond\"]}]},{\"@type\":\"WebPage\",\"@id\":\"https:\/\/pagina10.com\/web\/gobernacion-de-narino-participa-en-taller-de-construccion-para-la-prevencion-y-control-de-la-deforestacion-en-el-resguardo-indigena-del-gran-cumbal\/\",\"url\":\"https:\/\/pagina10.com\/web\/gobernacion-de-narino-participa-en-taller-de-construccion-para-la-prevencion-y-control-de-la-deforestacion-en-el-resguardo-indigena-del-gran-cumbal\/\",\"name\":\"Gobernaci\u00f3n de Nari\u00f1o participa en taller de construcci\u00f3n para la prevenci\u00f3n y control de la deforestaci\u00f3n en el resguardo ind\u00edgena del Gran Cumbal | P\u00e1gina10\",\"isPartOf\":{\"@id\":\"https:\/\/pagina10.com\/web\/#website\"},\"primaryImageOfPage\":{\"@id\":\"https:\/\/pagina10.com\/web\/gobernacion-de-narino-participa-en-taller-de-construccion-para-la-prevencion-y-control-de-la-deforestacion-en-el-resguardo-indigena-del-gran-cumbal\/#primaryimage\"},\"image\":{\"@id\":\"https:\/\/pagina10.com\/web\/gobernacion-de-narino-participa-en-taller-de-construccion-para-la-prevencion-y-control-de-la-deforestacion-en-el-resguardo-indigena-del-gran-cumbal\/#primaryimage\"},\"thumbnailUrl\":\"https:\/\/pagina10.com\/web\/wp-content\/uploads\/2022\/07\/Captura-de-Pantalla-2022-07-20-a-las-4.10.36-p.-m..png\",\"datePublished\":\"2022-07-20T14:11:07+00:00\",\"breadcrumb\":{\"@id\":\"https:\/\/pagina10.com\/web\/gobernacion-de-narino-participa-en-taller-de-construccion-para-la-prevencion-y-control-de-la-deforestacion-en-el-resguardo-indigena-del-gran-cumbal\/#breadcrumb\"},\"inLanguage\":\"es\",\"potentialAction\":[{\"@type\":\"ReadAction\",\"target\":[\"https:\/\/pagina10.com\/web\/gobernacion-de-narino-participa-en-taller-de-construccion-para-la-prevencion-y-control-de-la-deforestacion-en-el-resguardo-indigena-del-gran-cumbal\/\"]}]},{\"@type\":\"ImageObject\",\"inLanguage\":\"es\",\"@id\":\"https:\/\/pagina10.com\/web\/gobernacion-de-narino-participa-en-taller-de-construccion-para-la-prevencion-y-control-de-la-deforestacion-en-el-resguardo-indigena-del-gran-cumbal\/#primaryimage\",\"url\":\"https:\/\/pagina10.com\/web\/wp-content\/uploads\/2022\/07\/Captura-de-Pantalla-2022-07-20-a-las-4.10.36-p.-m..png\",\"contentUrl\":\"https:\/\/pagina10.com\/web\/wp-content\/uploads\/2022\/07\/Captura-de-Pantalla-2022-07-20-a-las-4.10.36-p.-m..png\",\"width\":365,\"height\":191},{\"@type\":\"BreadcrumbList\",\"@id\":\"https:\/\/pagina10.com\/web\/gobernacion-de-narino-participa-en-taller-de-construccion-para-la-prevencion-y-control-de-la-deforestacion-en-el-resguardo-indigena-del-gran-cumbal\/#breadcrumb\",\"itemListElement\":[{\"@type\":\"ListItem\",\"position\":1,\"name\":\"Portada\",\"item\":\"https:\/\/pagina10.com\/web\/\"},{\"@type\":\"ListItem\",\"position\":2,\"name\":\"Gobernaci\u00f3n de Nari\u00f1o participa en taller de construcci\u00f3n para la prevenci\u00f3n y control de la deforestaci\u00f3n en el resguardo ind\u00edgena del Gran Cumbal\"}]},{\"@type\":\"WebSite\",\"@id\":\"https:\/\/pagina10.com\/web\/#website\",\"url\":\"https:\/\/pagina10.com\/web\/\",\"name\":\"P\u00e1gina10\",\"description\":\"Peri\u00f3dico Regional\",\"publisher\":{\"@id\":\"https:\/\/pagina10.com\/web\/#organization\"},\"alternateName\":\"P\u00e1gina10 Peri\u00f3dico Regional\",\"potentialAction\":[{\"@type\":\"SearchAction\",\"target\":{\"@type\":\"EntryPoint\",\"urlTemplate\":\"https:\/\/pagina10.com\/web\/?s={search_term_string}\"},\"query-input\":{\"@type\":\"PropertyValueSpecification\",\"valueRequired\":true,\"valueName\":\"search_term_string\"}}],\"inLanguage\":\"es\"},{\"@type\":\"Organization\",\"@id\":\"https:\/\/pagina10.com\/web\/#organization\",\"name\":\"P\u00e1gina10\",\"alternateName\":\"P\u00e1gina10 Peri\u00f3dico Regional\",\"url\":\"https:\/\/pagina10.com\/web\/\",\"logo\":{\"@type\":\"ImageObject\",\"inLanguage\":\"es\",\"@id\":\"https:\/\/pagina10.com\/web\/#\/schema\/logo\/image\/\",\"url\":\"https:\/\/pagina10.com\/web\/wp-content\/uploads\/2024\/01\/40-pagina-10-periodico-regional-pasto.jpg\",\"contentUrl\":\"https:\/\/pagina10.com\/web\/wp-content\/uploads\/2024\/01\/40-pagina-10-periodico-regional-pasto.jpg\",\"width\":1280,\"height\":720,\"caption\":\"P\u00e1gina10\"},\"image\":{\"@id\":\"https:\/\/pagina10.com\/web\/#\/schema\/logo\/image\/\"},\"sameAs\":[\"https:\/\/www.facebook.com\/pag10com\",\"https:\/\/x.com\/Pag10com\",\"https:\/\/www.instagram.com\/pagina10col\/\",\"https:\/\/youtube.com\/channel\/pag10\",\"https:\/\/www.tiktok.com\/@p10col\"]},{\"@type\":\"Person\",\"@id\":\"https:\/\/pagina10.com\/web\/#\/schema\/person\/2efc4a090d25b667d3bc796798a3a81b\",\"name\":\"P\u00e1gina 10\",\"description\":\"P\u00e1gina 10 es un peri\u00f3dico regional que nace en Colombia, en el departamento de Nari\u00f1o, con un enfoque global, fundamentado en cuatro pilares esenciales: la libertad, el pluralismo, la inclusi\u00f3n y la independencia. P\u00e1gina 10 hace referencia a Nari\u00f1o como el d\u00e9cimo departamento creado en Colombia, despu\u00e9s de un proceso pol\u00edtico liderado por actores y actrices regionales con el fin de obtener la independencia y autonom\u00eda de nuestros territorios. Con la creaci\u00f3n de P\u00e1gina 10 se pretende abrir un escenario para el dialogo, la reflexi\u00f3n y el debate que se extienda a otras geograf\u00edas de Am\u00e9rica Latina y del planeta, en una apuesta por transformar colectivamente los desaf\u00edos de un mundo contempor\u00e1neo, m\u00e1s all\u00e1 de las fronteras impuestas.\",\"url\":\"https:\/\/pagina10.com\/web\/author\/pdiezadmin\/\"}]}<\/script>\n<!-- \/ Yoast SEO plugin. -->","yoast_head_json":{"title":"Gobernaci\u00f3n de Nari\u00f1o participa en taller de construcci\u00f3n para la prevenci\u00f3n y control de la deforestaci\u00f3n en el resguardo ind\u00edgena del Gran Cumbal | P\u00e1gina10","robots":{"index":"index","follow":"follow","max-snippet":"max-snippet:-1","max-image-preview":"max-image-preview:large","max-video-preview":"max-video-preview:-1"},"canonical":"https:\/\/pagina10.com\/web\/gobernacion-de-narino-participa-en-taller-de-construccion-para-la-prevencion-y-control-de-la-deforestacion-en-el-resguardo-indigena-del-gran-cumbal\/","og_locale":"es_ES","og_type":"article","og_title":"Gobernaci\u00f3n de Nari\u00f1o participa en taller de construcci\u00f3n para la prevenci\u00f3n y control de la deforestaci\u00f3n en el resguardo ind\u00edgena del Gran Cumbal | P\u00e1gina10","og_description":"La Secretar\u00eda de Ambiente y Desarrollo Sostenible, particip\u00f3 del taller de socializaci\u00f3n y construcci\u00f3n concertada de la estrategia nacional para la prevenci\u00f3n y control de la deforestaci\u00f3n en territorios ind\u00edgenas, en el resguardo ind\u00edgena del Gran Cumbal, organizado por las Autoridades Ind\u00edgenas de Colombia- AICO. La jornada tuvo como objetivo crear de manera conjunta una [&hellip;]","og_url":"https:\/\/pagina10.com\/web\/gobernacion-de-narino-participa-en-taller-de-construccion-para-la-prevencion-y-control-de-la-deforestacion-en-el-resguardo-indigena-del-gran-cumbal\/","og_site_name":"P\u00e1gina10","article_publisher":"https:\/\/www.facebook.com\/pag10com","article_published_time":"2022-07-20T14:11:07+00:00","og_image":[{"width":365,"height":191,"url":"https:\/\/pagina10.com\/web\/wp-content\/uploads\/2022\/07\/Captura-de-Pantalla-2022-07-20-a-las-4.10.36-p.-m..png","type":"image\/png"}],"author":"P\u00e1gina 10","twitter_card":"summary_large_image","twitter_creator":"@Pag10com","twitter_site":"@Pag10com","twitter_misc":{"Escrito por":"P\u00e1gina 10","Tiempo de lectura":"2 minutos"},"schema":{"@context":"https:\/\/schema.org","@graph":[{"@type":"Article","@id":"https:\/\/pagina10.com\/web\/gobernacion-de-narino-participa-en-taller-de-construccion-para-la-prevencion-y-control-de-la-deforestacion-en-el-resguardo-indigena-del-gran-cumbal\/#article","isPartOf":{"@id":"https:\/\/pagina10.com\/web\/gobernacion-de-narino-participa-en-taller-de-construccion-para-la-prevencion-y-control-de-la-deforestacion-en-el-resguardo-indigena-del-gran-cumbal\/"},"author":{"name":"P\u00e1gina 10","@id":"https:\/\/pagina10.com\/web\/#\/schema\/person\/2efc4a090d25b667d3bc796798a3a81b"},"headline":"Gobernaci\u00f3n de Nari\u00f1o participa en taller de construcci\u00f3n para la prevenci\u00f3n y control de la deforestaci\u00f3n en el resguardo ind\u00edgena del Gran Cumbal","datePublished":"2022-07-20T14:11:07+00:00","mainEntityOfPage":{"@id":"https:\/\/pagina10.com\/web\/gobernacion-de-narino-participa-en-taller-de-construccion-para-la-prevencion-y-control-de-la-deforestacion-en-el-resguardo-indigena-del-gran-cumbal\/"},"wordCount":400,"commentCount":0,"publisher":{"@id":"https:\/\/pagina10.com\/web\/#organization"},"image":{"@id":"https:\/\/pagina10.com\/web\/gobernacion-de-narino-participa-en-taller-de-construccion-para-la-prevencion-y-control-de-la-deforestacion-en-el-resguardo-indigena-del-gran-cumbal\/#primaryimage"},"thumbnailUrl":"https:\/\/pagina10.com\/web\/wp-content\/uploads\/2022\/07\/Captura-de-Pantalla-2022-07-20-a-las-4.10.36-p.-m..png","articleSection":["Regiones"],"inLanguage":"es","potentialAction":[{"@type":"CommentAction","name":"Comment","target":["https:\/\/pagina10.com\/web\/gobernacion-de-narino-participa-en-taller-de-construccion-para-la-prevencion-y-control-de-la-deforestacion-en-el-resguardo-indigena-del-gran-cumbal\/#respond"]}]},{"@type":"WebPage","@id":"https:\/\/pagina10.com\/web\/gobernacion-de-narino-participa-en-taller-de-construccion-para-la-prevencion-y-control-de-la-deforestacion-en-el-resguardo-indigena-del-gran-cumbal\/","url":"https:\/\/pagina10.com\/web\/gobernacion-de-narino-participa-en-taller-de-construccion-para-la-prevencion-y-control-de-la-deforestacion-en-el-resguardo-indigena-del-gran-cumbal\/","name":"Gobernaci\u00f3n de Nari\u00f1o participa en taller de construcci\u00f3n para la prevenci\u00f3n y control de la deforestaci\u00f3n en el resguardo ind\u00edgena del Gran Cumbal | P\u00e1gina10","isPartOf":{"@id":"https:\/\/pagina10.com\/web\/#website"},"primaryImageOfPage":{"@id":"https:\/\/pagina10.com\/web\/gobernacion-de-narino-participa-en-taller-de-construccion-para-la-prevencion-y-control-de-la-deforestacion-en-el-resguardo-indigena-del-gran-cumbal\/#primaryimage"},"image":{"@id":"https:\/\/pagina10.com\/web\/gobernacion-de-narino-participa-en-taller-de-construccion-para-la-prevencion-y-control-de-la-deforestacion-en-el-resguardo-indigena-del-gran-cumbal\/#primaryimage"},"thumbnailUrl":"https:\/\/pagina10.com\/web\/wp-content\/uploads\/2022\/07\/Captura-de-Pantalla-2022-07-20-a-las-4.10.36-p.-m..png","datePublished":"2022-07-20T14:11:07+00:00","breadcrumb":{"@id":"https:\/\/pagina10.com\/web\/gobernacion-de-narino-participa-en-taller-de-construccion-para-la-prevencion-y-control-de-la-deforestacion-en-el-resguardo-indigena-del-gran-cumbal\/#breadcrumb"},"inLanguage":"es","potentialAction":[{"@type":"ReadAction","target":["https:\/\/pagina10.com\/web\/gobernacion-de-narino-participa-en-taller-de-construccion-para-la-prevencion-y-control-de-la-deforestacion-en-el-resguardo-indigena-del-gran-cumbal\/"]}]},{"@type":"ImageObject","inLanguage":"es","@id":"https:\/\/pagina10.com\/web\/gobernacion-de-narino-participa-en-taller-de-construccion-para-la-prevencion-y-control-de-la-deforestacion-en-el-resguardo-indigena-del-gran-cumbal\/#primaryimage","url":"https:\/\/pagina10.com\/web\/wp-content\/uploads\/2022\/07\/Captura-de-Pantalla-2022-07-20-a-las-4.10.36-p.-m..png","contentUrl":"https:\/\/pagina10.com\/web\/wp-content\/uploads\/2022\/07\/Captura-de-Pantalla-2022-07-20-a-las-4.10.36-p.-m..png","width":365,"height":191},{"@type":"BreadcrumbList","@id":"https:\/\/pagina10.com\/web\/gobernacion-de-narino-participa-en-taller-de-construccion-para-la-prevencion-y-control-de-la-deforestacion-en-el-resguardo-indigena-del-gran-cumbal\/#breadcrumb","itemListElement":[{"@type":"ListItem","position":1,"name":"Portada","item":"https:\/\/pagina10.com\/web\/"},{"@type":"ListItem","position":2,"name":"Gobernaci\u00f3n de Nari\u00f1o participa en taller de construcci\u00f3n para la prevenci\u00f3n y control de la deforestaci\u00f3n en el resguardo ind\u00edgena del Gran Cumbal"}]},{"@type":"WebSite","@id":"https:\/\/pagina10.com\/web\/#website","url":"https:\/\/pagina10.com\/web\/","name":"P\u00e1gina10","description":"Peri\u00f3dico Regional","publisher":{"@id":"https:\/\/pagina10.com\/web\/#organization"},"alternateName":"P\u00e1gina10 Peri\u00f3dico Regional","potentialAction":[{"@type":"SearchAction","target":{"@type":"EntryPoint","urlTemplate":"https:\/\/pagina10.com\/web\/?s={search_term_string}"},"query-input":{"@type":"PropertyValueSpecification","valueRequired":true,"valueName":"search_term_string"}}],"inLanguage":"es"},{"@type":"Organization","@id":"https:\/\/pagina10.com\/web\/#organization","name":"P\u00e1gina10","alternateName":"P\u00e1gina10 Peri\u00f3dico Regional","url":"https:\/\/pagina10.com\/web\/","logo":{"@type":"ImageObject","inLanguage":"es","@id":"https:\/\/pagina10.com\/web\/#\/schema\/logo\/image\/","url":"https:\/\/pagina10.com\/web\/wp-content\/uploads\/2024\/01\/40-pagina-10-periodico-regional-pasto.jpg","contentUrl":"https:\/\/pagina10.com\/web\/wp-content\/uploads\/2024\/01\/40-pagina-10-periodico-regional-pasto.jpg","width":1280,"height":720,"caption":"P\u00e1gina10"},"image":{"@id":"https:\/\/pagina10.com\/web\/#\/schema\/logo\/image\/"},"sameAs":["https:\/\/www.facebook.com\/pag10com","https:\/\/x.com\/Pag10com","https:\/\/www.instagram.com\/pagina10col\/","https:\/\/youtube.com\/channel\/pag10","https:\/\/www.tiktok.com\/@p10col"]},{"@type":"Person","@id":"https:\/\/pagina10.com\/web\/#\/schema\/person\/2efc4a090d25b667d3bc796798a3a81b","name":"P\u00e1gina 10","description":"P\u00e1gina 10 es un peri\u00f3dico regional que nace en Colombia, en el departamento de Nari\u00f1o, con un enfoque global, fundamentado en cuatro pilares esenciales: la libertad, el pluralismo, la inclusi\u00f3n y la independencia. P\u00e1gina 10 hace referencia a Nari\u00f1o como el d\u00e9cimo departamento creado en Colombia, despu\u00e9s de un proceso pol\u00edtico liderado por actores y actrices regionales con el fin de obtener la independencia y autonom\u00eda de nuestros territorios. Con la creaci\u00f3n de P\u00e1gina 10 se pretende abrir un escenario para el dialogo, la reflexi\u00f3n y el debate que se extienda a otras geograf\u00edas de Am\u00e9rica Latina y del planeta, en una apuesta por transformar colectivamente los desaf\u00edos de un mundo contempor\u00e1neo, m\u00e1s all\u00e1 de las fronteras impuestas.","url":"https:\/\/pagina10.com\/web\/author\/pdiezadmin\/"}]}},"_links":{"self":[{"href":"https:\/\/pagina10.com\/web\/wp-json\/wp\/v2\/posts\/60525","targetHints":{"allow":["GET"]}}],"collection":[{"href":"https:\/\/pagina10.com\/web\/wp-json\/wp\/v2\/posts"}],"about":[{"href":"https:\/\/pagina10.com\/web\/wp-json\/wp\/v2\/types\/post"}],"author":[{"embeddable":true,"href":"https:\/\/pagina10.com\/web\/wp-json\/wp\/v2\/users\/1"}],"replies":[{"embeddable":true,"href":"https:\/\/pagina10.com\/web\/wp-json\/wp\/v2\/comments?post=60525"}],"version-history":[{"count":1,"href":"https:\/\/pagina10.com\/web\/wp-json\/wp\/v2\/posts\/60525\/revisions"}],"predecessor-version":[{"id":60527,"href":"https:\/\/pagina10.com\/web\/wp-json\/wp\/v2\/posts\/60525\/revisions\/60527"}],"wp:featuredmedia":[{"embeddable":true,"href":"https:\/\/pagina10.com\/web\/wp-json\/wp\/v2\/media\/60526"}],"wp:attachment":[{"href":"https:\/\/pagina10.com\/web\/wp-json\/wp\/v2\/media?parent=60525"}],"wp:term":[{"taxonomy":"category","embeddable":true,"href":"https:\/\/pagina10.com\/web\/wp-json\/wp\/v2\/categories?post=60525"},{"taxonomy":"post_tag","embeddable":true,"href":"https:\/\/pagina10.com\/web\/wp-json\/wp\/v2\/tags?post=60525"}],"curies":[{"name":"wp","href":"https:\/\/api.w.org\/{rel}","templated":true}]}}