{"id":60528,"date":"2022-07-20T09:25:05","date_gmt":"2022-07-20T14:25:05","guid":{"rendered":"https:\/\/pagina10.com\/web\/?p=60528"},"modified":"2022-07-20T09:25:05","modified_gmt":"2022-07-20T14:25:05","slug":"cedenar-s-a-e-s-p-realizara-actividades-de-mantenimiento-preventivo-en-la-zona-centro-del-departamento-de-narino","status":"publish","type":"post","link":"https:\/\/pagina10.com\/web\/cedenar-s-a-e-s-p-realizara-actividades-de-mantenimiento-preventivo-en-la-zona-centro-del-departamento-de-narino\/","title":{"rendered":"Cedenar S.A. E.S.P. realizar\u00e1 actividades de mantenimiento preventivo en la zona centro del departamento de Nari\u00f1o"},"content":{"rendered":"<p style=\"text-align: justify;\">Con el fin de brindar un servicio de calidad a nuestros usuarios de la ciudad de Pasto y mejorar las condiciones operativas de equipos y actualizaci\u00f3n de sistemas de Potencia, el personal t\u00e9cnico de CEDENAR S.A. E.S.P. realizar\u00e1 actividades de mantenimiento en subestaci\u00f3n Catambuco, para lo que se requiere realizar suspensiones breves del servicio de energ\u00eda el\u00e9ctrica, buscando garantizar condiciones \u00f3ptimas del sistema y permitir as\u00ed el avance de los planes de mantenimiento de la empresa. CEDENAR S.A. E.S.P. ha programado la suspensi\u00f3n de la siguiente manera:<\/p>\n<p style=\"text-align: justify;\">Fecha: Jueves 21 de Julio de 2022.<\/p>\n<p style=\"text-align: justify;\">Hora: 7:00 AM hasta 10:00 AM.<\/p>\n<p style=\"text-align: justify;\">\u00a0Sectores de suspensi\u00f3n:<\/p>\n<p style=\"text-align: justify;\">MUNICIPIO DE PASTO.<\/p>\n<p style=\"text-align: justify;\">Circuito 41CA11 comprende los siguientes sectores: Villa Aurora I y II, Achalay, Prados del Norte, Casita de Bel\u00e9n, Bachue, Los Balcones, Villa Lucia, Los \u00c1lamos, La Aurora, San Felipe, Las Violetas, Avenida Boyac\u00e1, Las Am\u00e9ricas entre calle 12 y 13 entre carreras 18 a 32, Santiago, Obrero, Carreras 25 entre calle 11 a 18 carrera 24 entre calles 11 a 18, Hotel Agualongo, San Ignacio, Bombona, Aire Libre, San Miguel, Granada, Niza I y II, Caicedo, Avenida Panamericana.<\/p>\n<p style=\"text-align: justify;\">\n<p style=\"text-align: justify;\">Circuito 41CA12 comprende los siguientes sectores: Granada, Estadio Libertad, Fundadores, Chapal, Violetas I, Las Lunas, hospital Departamental, Alkosto Bol\u00edvar.<\/p>\n<p style=\"text-align: justify;\">\n<p style=\"text-align: justify;\">Circuito 41CA13 comprende los siguientes sectores: Carreras 4 con calle 11, calle 11 con carrera 8, carrera 5 con calle 12B, Chapal, La Vega, El Progreso, Las Lunas, II El Pilar, Villa del Rio, Venecia, El Cilindro<\/p>\n<p style=\"text-align: justify;\">\n<p style=\"text-align: justify;\">CIRCUITO 41CA14 comprende los siguientes sectores: Agualongo, Sumatambo, Tamasagra, Santa Isabel, Acacias, El Dorado, Cl\u00ednica los Andes, Universidad San Mart\u00edn, antiguo Minercol, Cl\u00ednica Bellatriz.<\/p>\n","protected":false},"excerpt":{"rendered":"<p>Con el fin de brindar un servicio de calidad a nuestros usuarios de la ciudad de Pasto y mejorar las condiciones operativas de equipos y actualizaci\u00f3n de sistemas de Potencia, el personal t\u00e9cnico de CEDENAR S.A. E.S.P. realizar\u00e1 actividades de mantenimiento en subestaci\u00f3n Catambuco, para lo que se requiere realizar suspensiones breves del servicio de [&hellip;]<\/p>\n","protected":false},"author":1,"featured_media":60529,"comment_status":"open","ping_status":"open","sticky":false,"template":"","format":"standard","meta":{"footnotes":""},"categories":[82],"tags":[],"class_list":["post-60528","post","type-post","status-publish","format-standard","has-post-thumbnail","hentry","category-ciudad-2"],"yoast_head":"<!-- This site is optimized with the Yoast SEO plugin v27.1.1 - https:\/\/yoast.com\/product\/yoast-seo-wordpress\/ -->\n<title>Cedenar S.A. E.S.P. realizar\u00e1 actividades de mantenimiento preventivo en la zona centro del departamento de Nari\u00f1o | P\u00e1gina10<\/title>\n<meta name=\"robots\" content=\"index, follow, max-snippet:-1, max-image-preview:large, max-video-preview:-1\" \/>\n<link rel=\"canonical\" href=\"https:\/\/pagina10.com\/web\/cedenar-s-a-e-s-p-realizara-actividades-de-mantenimiento-preventivo-en-la-zona-centro-del-departamento-de-narino\/\" \/>\n<meta property=\"og:locale\" content=\"es_ES\" \/>\n<meta property=\"og:type\" content=\"article\" \/>\n<meta property=\"og:title\" content=\"Cedenar S.A. E.S.P. realizar\u00e1 actividades de mantenimiento preventivo en la zona centro del departamento de Nari\u00f1o | P\u00e1gina10\" \/>\n<meta property=\"og:description\" content=\"Con el fin de brindar un servicio de calidad a nuestros usuarios de la ciudad de Pasto y mejorar las condiciones operativas de equipos y actualizaci\u00f3n de sistemas de Potencia, el personal t\u00e9cnico de CEDENAR S.A. E.S.P. realizar\u00e1 actividades de mantenimiento en subestaci\u00f3n Catambuco, para lo que se requiere realizar suspensiones breves del servicio de [&hellip;]\" \/>\n<meta property=\"og:url\" content=\"https:\/\/pagina10.com\/web\/cedenar-s-a-e-s-p-realizara-actividades-de-mantenimiento-preventivo-en-la-zona-centro-del-departamento-de-narino\/\" \/>\n<meta property=\"og:site_name\" content=\"P\u00e1gina10\" \/>\n<meta property=\"article:publisher\" content=\"https:\/\/www.facebook.com\/pag10com\" \/>\n<meta property=\"article:published_time\" content=\"2022-07-20T14:25:05+00:00\" \/>\n<meta property=\"og:image\" content=\"https:\/\/pagina10.com\/web\/wp-content\/uploads\/2022\/07\/Captura-de-Pantalla-2022-07-20-a-las-4.24.35-p.-m..png\" \/>\n\t<meta property=\"og:image:width\" content=\"560\" \/>\n\t<meta property=\"og:image:height\" content=\"395\" \/>\n\t<meta property=\"og:image:type\" content=\"image\/png\" \/>\n<meta name=\"author\" content=\"P\u00e1gina 10\" \/>\n<meta name=\"twitter:card\" content=\"summary_large_image\" \/>\n<meta name=\"twitter:creator\" content=\"@Pag10com\" \/>\n<meta name=\"twitter:site\" content=\"@Pag10com\" \/>\n<meta name=\"twitter:label1\" content=\"Escrito por\" \/>\n\t<meta name=\"twitter:data1\" content=\"P\u00e1gina 10\" \/>\n\t<meta name=\"twitter:label2\" content=\"Tiempo de lectura\" \/>\n\t<meta name=\"twitter:data2\" content=\"1 minuto\" \/>\n<script type=\"application\/ld+json\" class=\"yoast-schema-graph\">{\"@context\":\"https:\/\/schema.org\",\"@graph\":[{\"@type\":\"Article\",\"@id\":\"https:\/\/pagina10.com\/web\/cedenar-s-a-e-s-p-realizara-actividades-de-mantenimiento-preventivo-en-la-zona-centro-del-departamento-de-narino\/#article\",\"isPartOf\":{\"@id\":\"https:\/\/pagina10.com\/web\/cedenar-s-a-e-s-p-realizara-actividades-de-mantenimiento-preventivo-en-la-zona-centro-del-departamento-de-narino\/\"},\"author\":{\"name\":\"P\u00e1gina 10\",\"@id\":\"https:\/\/pagina10.com\/web\/#\/schema\/person\/2efc4a090d25b667d3bc796798a3a81b\"},\"headline\":\"Cedenar S.A. E.S.P. realizar\u00e1 actividades de mantenimiento preventivo en la zona centro del departamento de Nari\u00f1o\",\"datePublished\":\"2022-07-20T14:25:05+00:00\",\"mainEntityOfPage\":{\"@id\":\"https:\/\/pagina10.com\/web\/cedenar-s-a-e-s-p-realizara-actividades-de-mantenimiento-preventivo-en-la-zona-centro-del-departamento-de-narino\/\"},\"wordCount\":284,\"commentCount\":0,\"publisher\":{\"@id\":\"https:\/\/pagina10.com\/web\/#organization\"},\"image\":{\"@id\":\"https:\/\/pagina10.com\/web\/cedenar-s-a-e-s-p-realizara-actividades-de-mantenimiento-preventivo-en-la-zona-centro-del-departamento-de-narino\/#primaryimage\"},\"thumbnailUrl\":\"https:\/\/pagina10.com\/web\/wp-content\/uploads\/2022\/07\/Captura-de-Pantalla-2022-07-20-a-las-4.24.35-p.-m..png\",\"articleSection\":[\"Ciudad\"],\"inLanguage\":\"es\",\"potentialAction\":[{\"@type\":\"CommentAction\",\"name\":\"Comment\",\"target\":[\"https:\/\/pagina10.com\/web\/cedenar-s-a-e-s-p-realizara-actividades-de-mantenimiento-preventivo-en-la-zona-centro-del-departamento-de-narino\/#respond\"]}]},{\"@type\":\"WebPage\",\"@id\":\"https:\/\/pagina10.com\/web\/cedenar-s-a-e-s-p-realizara-actividades-de-mantenimiento-preventivo-en-la-zona-centro-del-departamento-de-narino\/\",\"url\":\"https:\/\/pagina10.com\/web\/cedenar-s-a-e-s-p-realizara-actividades-de-mantenimiento-preventivo-en-la-zona-centro-del-departamento-de-narino\/\",\"name\":\"Cedenar S.A. E.S.P. realizar\u00e1 actividades de mantenimiento preventivo en la zona centro del departamento de Nari\u00f1o | P\u00e1gina10\",\"isPartOf\":{\"@id\":\"https:\/\/pagina10.com\/web\/#website\"},\"primaryImageOfPage\":{\"@id\":\"https:\/\/pagina10.com\/web\/cedenar-s-a-e-s-p-realizara-actividades-de-mantenimiento-preventivo-en-la-zona-centro-del-departamento-de-narino\/#primaryimage\"},\"image\":{\"@id\":\"https:\/\/pagina10.com\/web\/cedenar-s-a-e-s-p-realizara-actividades-de-mantenimiento-preventivo-en-la-zona-centro-del-departamento-de-narino\/#primaryimage\"},\"thumbnailUrl\":\"https:\/\/pagina10.com\/web\/wp-content\/uploads\/2022\/07\/Captura-de-Pantalla-2022-07-20-a-las-4.24.35-p.-m..png\",\"datePublished\":\"2022-07-20T14:25:05+00:00\",\"breadcrumb\":{\"@id\":\"https:\/\/pagina10.com\/web\/cedenar-s-a-e-s-p-realizara-actividades-de-mantenimiento-preventivo-en-la-zona-centro-del-departamento-de-narino\/#breadcrumb\"},\"inLanguage\":\"es\",\"potentialAction\":[{\"@type\":\"ReadAction\",\"target\":[\"https:\/\/pagina10.com\/web\/cedenar-s-a-e-s-p-realizara-actividades-de-mantenimiento-preventivo-en-la-zona-centro-del-departamento-de-narino\/\"]}]},{\"@type\":\"ImageObject\",\"inLanguage\":\"es\",\"@id\":\"https:\/\/pagina10.com\/web\/cedenar-s-a-e-s-p-realizara-actividades-de-mantenimiento-preventivo-en-la-zona-centro-del-departamento-de-narino\/#primaryimage\",\"url\":\"https:\/\/pagina10.com\/web\/wp-content\/uploads\/2022\/07\/Captura-de-Pantalla-2022-07-20-a-las-4.24.35-p.-m..png\",\"contentUrl\":\"https:\/\/pagina10.com\/web\/wp-content\/uploads\/2022\/07\/Captura-de-Pantalla-2022-07-20-a-las-4.24.35-p.-m..png\",\"width\":560,\"height\":395},{\"@type\":\"BreadcrumbList\",\"@id\":\"https:\/\/pagina10.com\/web\/cedenar-s-a-e-s-p-realizara-actividades-de-mantenimiento-preventivo-en-la-zona-centro-del-departamento-de-narino\/#breadcrumb\",\"itemListElement\":[{\"@type\":\"ListItem\",\"position\":1,\"name\":\"Portada\",\"item\":\"https:\/\/pagina10.com\/web\/\"},{\"@type\":\"ListItem\",\"position\":2,\"name\":\"Cedenar S.A. E.S.P. realizar\u00e1 actividades de mantenimiento preventivo en la zona centro del departamento de Nari\u00f1o\"}]},{\"@type\":\"WebSite\",\"@id\":\"https:\/\/pagina10.com\/web\/#website\",\"url\":\"https:\/\/pagina10.com\/web\/\",\"name\":\"P\u00e1gina10\",\"description\":\"Peri\u00f3dico Regional\",\"publisher\":{\"@id\":\"https:\/\/pagina10.com\/web\/#organization\"},\"alternateName\":\"P\u00e1gina10 Peri\u00f3dico Regional\",\"potentialAction\":[{\"@type\":\"SearchAction\",\"target\":{\"@type\":\"EntryPoint\",\"urlTemplate\":\"https:\/\/pagina10.com\/web\/?s={search_term_string}\"},\"query-input\":{\"@type\":\"PropertyValueSpecification\",\"valueRequired\":true,\"valueName\":\"search_term_string\"}}],\"inLanguage\":\"es\"},{\"@type\":\"Organization\",\"@id\":\"https:\/\/pagina10.com\/web\/#organization\",\"name\":\"P\u00e1gina10\",\"alternateName\":\"P\u00e1gina10 Peri\u00f3dico Regional\",\"url\":\"https:\/\/pagina10.com\/web\/\",\"logo\":{\"@type\":\"ImageObject\",\"inLanguage\":\"es\",\"@id\":\"https:\/\/pagina10.com\/web\/#\/schema\/logo\/image\/\",\"url\":\"https:\/\/pagina10.com\/web\/wp-content\/uploads\/2024\/01\/40-pagina-10-periodico-regional-pasto.jpg\",\"contentUrl\":\"https:\/\/pagina10.com\/web\/wp-content\/uploads\/2024\/01\/40-pagina-10-periodico-regional-pasto.jpg\",\"width\":1280,\"height\":720,\"caption\":\"P\u00e1gina10\"},\"image\":{\"@id\":\"https:\/\/pagina10.com\/web\/#\/schema\/logo\/image\/\"},\"sameAs\":[\"https:\/\/www.facebook.com\/pag10com\",\"https:\/\/x.com\/Pag10com\",\"https:\/\/www.instagram.com\/pagina10col\/\",\"https:\/\/youtube.com\/channel\/pag10\",\"https:\/\/www.tiktok.com\/@p10col\"]},{\"@type\":\"Person\",\"@id\":\"https:\/\/pagina10.com\/web\/#\/schema\/person\/2efc4a090d25b667d3bc796798a3a81b\",\"name\":\"P\u00e1gina 10\",\"description\":\"P\u00e1gina 10 es un peri\u00f3dico regional que nace en Colombia, en el departamento de Nari\u00f1o, con un enfoque global, fundamentado en cuatro pilares esenciales: la libertad, el pluralismo, la inclusi\u00f3n y la independencia. P\u00e1gina 10 hace referencia a Nari\u00f1o como el d\u00e9cimo departamento creado en Colombia, despu\u00e9s de un proceso pol\u00edtico liderado por actores y actrices regionales con el fin de obtener la independencia y autonom\u00eda de nuestros territorios. Con la creaci\u00f3n de P\u00e1gina 10 se pretende abrir un escenario para el dialogo, la reflexi\u00f3n y el debate que se extienda a otras geograf\u00edas de Am\u00e9rica Latina y del planeta, en una apuesta por transformar colectivamente los desaf\u00edos de un mundo contempor\u00e1neo, m\u00e1s all\u00e1 de las fronteras impuestas.\",\"url\":\"https:\/\/pagina10.com\/web\/author\/pdiezadmin\/\"}]}<\/script>\n<!-- \/ Yoast SEO plugin. -->","yoast_head_json":{"title":"Cedenar S.A. E.S.P. realizar\u00e1 actividades de mantenimiento preventivo en la zona centro del departamento de Nari\u00f1o | P\u00e1gina10","robots":{"index":"index","follow":"follow","max-snippet":"max-snippet:-1","max-image-preview":"max-image-preview:large","max-video-preview":"max-video-preview:-1"},"canonical":"https:\/\/pagina10.com\/web\/cedenar-s-a-e-s-p-realizara-actividades-de-mantenimiento-preventivo-en-la-zona-centro-del-departamento-de-narino\/","og_locale":"es_ES","og_type":"article","og_title":"Cedenar S.A. E.S.P. realizar\u00e1 actividades de mantenimiento preventivo en la zona centro del departamento de Nari\u00f1o | P\u00e1gina10","og_description":"Con el fin de brindar un servicio de calidad a nuestros usuarios de la ciudad de Pasto y mejorar las condiciones operativas de equipos y actualizaci\u00f3n de sistemas de Potencia, el personal t\u00e9cnico de CEDENAR S.A. E.S.P. realizar\u00e1 actividades de mantenimiento en subestaci\u00f3n Catambuco, para lo que se requiere realizar suspensiones breves del servicio de [&hellip;]","og_url":"https:\/\/pagina10.com\/web\/cedenar-s-a-e-s-p-realizara-actividades-de-mantenimiento-preventivo-en-la-zona-centro-del-departamento-de-narino\/","og_site_name":"P\u00e1gina10","article_publisher":"https:\/\/www.facebook.com\/pag10com","article_published_time":"2022-07-20T14:25:05+00:00","og_image":[{"width":560,"height":395,"url":"https:\/\/pagina10.com\/web\/wp-content\/uploads\/2022\/07\/Captura-de-Pantalla-2022-07-20-a-las-4.24.35-p.-m..png","type":"image\/png"}],"author":"P\u00e1gina 10","twitter_card":"summary_large_image","twitter_creator":"@Pag10com","twitter_site":"@Pag10com","twitter_misc":{"Escrito por":"P\u00e1gina 10","Tiempo de lectura":"1 minuto"},"schema":{"@context":"https:\/\/schema.org","@graph":[{"@type":"Article","@id":"https:\/\/pagina10.com\/web\/cedenar-s-a-e-s-p-realizara-actividades-de-mantenimiento-preventivo-en-la-zona-centro-del-departamento-de-narino\/#article","isPartOf":{"@id":"https:\/\/pagina10.com\/web\/cedenar-s-a-e-s-p-realizara-actividades-de-mantenimiento-preventivo-en-la-zona-centro-del-departamento-de-narino\/"},"author":{"name":"P\u00e1gina 10","@id":"https:\/\/pagina10.com\/web\/#\/schema\/person\/2efc4a090d25b667d3bc796798a3a81b"},"headline":"Cedenar S.A. E.S.P. realizar\u00e1 actividades de mantenimiento preventivo en la zona centro del departamento de Nari\u00f1o","datePublished":"2022-07-20T14:25:05+00:00","mainEntityOfPage":{"@id":"https:\/\/pagina10.com\/web\/cedenar-s-a-e-s-p-realizara-actividades-de-mantenimiento-preventivo-en-la-zona-centro-del-departamento-de-narino\/"},"wordCount":284,"commentCount":0,"publisher":{"@id":"https:\/\/pagina10.com\/web\/#organization"},"image":{"@id":"https:\/\/pagina10.com\/web\/cedenar-s-a-e-s-p-realizara-actividades-de-mantenimiento-preventivo-en-la-zona-centro-del-departamento-de-narino\/#primaryimage"},"thumbnailUrl":"https:\/\/pagina10.com\/web\/wp-content\/uploads\/2022\/07\/Captura-de-Pantalla-2022-07-20-a-las-4.24.35-p.-m..png","articleSection":["Ciudad"],"inLanguage":"es","potentialAction":[{"@type":"CommentAction","name":"Comment","target":["https:\/\/pagina10.com\/web\/cedenar-s-a-e-s-p-realizara-actividades-de-mantenimiento-preventivo-en-la-zona-centro-del-departamento-de-narino\/#respond"]}]},{"@type":"WebPage","@id":"https:\/\/pagina10.com\/web\/cedenar-s-a-e-s-p-realizara-actividades-de-mantenimiento-preventivo-en-la-zona-centro-del-departamento-de-narino\/","url":"https:\/\/pagina10.com\/web\/cedenar-s-a-e-s-p-realizara-actividades-de-mantenimiento-preventivo-en-la-zona-centro-del-departamento-de-narino\/","name":"Cedenar S.A. E.S.P. realizar\u00e1 actividades de mantenimiento preventivo en la zona centro del departamento de Nari\u00f1o | P\u00e1gina10","isPartOf":{"@id":"https:\/\/pagina10.com\/web\/#website"},"primaryImageOfPage":{"@id":"https:\/\/pagina10.com\/web\/cedenar-s-a-e-s-p-realizara-actividades-de-mantenimiento-preventivo-en-la-zona-centro-del-departamento-de-narino\/#primaryimage"},"image":{"@id":"https:\/\/pagina10.com\/web\/cedenar-s-a-e-s-p-realizara-actividades-de-mantenimiento-preventivo-en-la-zona-centro-del-departamento-de-narino\/#primaryimage"},"thumbnailUrl":"https:\/\/pagina10.com\/web\/wp-content\/uploads\/2022\/07\/Captura-de-Pantalla-2022-07-20-a-las-4.24.35-p.-m..png","datePublished":"2022-07-20T14:25:05+00:00","breadcrumb":{"@id":"https:\/\/pagina10.com\/web\/cedenar-s-a-e-s-p-realizara-actividades-de-mantenimiento-preventivo-en-la-zona-centro-del-departamento-de-narino\/#breadcrumb"},"inLanguage":"es","potentialAction":[{"@type":"ReadAction","target":["https:\/\/pagina10.com\/web\/cedenar-s-a-e-s-p-realizara-actividades-de-mantenimiento-preventivo-en-la-zona-centro-del-departamento-de-narino\/"]}]},{"@type":"ImageObject","inLanguage":"es","@id":"https:\/\/pagina10.com\/web\/cedenar-s-a-e-s-p-realizara-actividades-de-mantenimiento-preventivo-en-la-zona-centro-del-departamento-de-narino\/#primaryimage","url":"https:\/\/pagina10.com\/web\/wp-content\/uploads\/2022\/07\/Captura-de-Pantalla-2022-07-20-a-las-4.24.35-p.-m..png","contentUrl":"https:\/\/pagina10.com\/web\/wp-content\/uploads\/2022\/07\/Captura-de-Pantalla-2022-07-20-a-las-4.24.35-p.-m..png","width":560,"height":395},{"@type":"BreadcrumbList","@id":"https:\/\/pagina10.com\/web\/cedenar-s-a-e-s-p-realizara-actividades-de-mantenimiento-preventivo-en-la-zona-centro-del-departamento-de-narino\/#breadcrumb","itemListElement":[{"@type":"ListItem","position":1,"name":"Portada","item":"https:\/\/pagina10.com\/web\/"},{"@type":"ListItem","position":2,"name":"Cedenar S.A. E.S.P. realizar\u00e1 actividades de mantenimiento preventivo en la zona centro del departamento de Nari\u00f1o"}]},{"@type":"WebSite","@id":"https:\/\/pagina10.com\/web\/#website","url":"https:\/\/pagina10.com\/web\/","name":"P\u00e1gina10","description":"Peri\u00f3dico Regional","publisher":{"@id":"https:\/\/pagina10.com\/web\/#organization"},"alternateName":"P\u00e1gina10 Peri\u00f3dico Regional","potentialAction":[{"@type":"SearchAction","target":{"@type":"EntryPoint","urlTemplate":"https:\/\/pagina10.com\/web\/?s={search_term_string}"},"query-input":{"@type":"PropertyValueSpecification","valueRequired":true,"valueName":"search_term_string"}}],"inLanguage":"es"},{"@type":"Organization","@id":"https:\/\/pagina10.com\/web\/#organization","name":"P\u00e1gina10","alternateName":"P\u00e1gina10 Peri\u00f3dico Regional","url":"https:\/\/pagina10.com\/web\/","logo":{"@type":"ImageObject","inLanguage":"es","@id":"https:\/\/pagina10.com\/web\/#\/schema\/logo\/image\/","url":"https:\/\/pagina10.com\/web\/wp-content\/uploads\/2024\/01\/40-pagina-10-periodico-regional-pasto.jpg","contentUrl":"https:\/\/pagina10.com\/web\/wp-content\/uploads\/2024\/01\/40-pagina-10-periodico-regional-pasto.jpg","width":1280,"height":720,"caption":"P\u00e1gina10"},"image":{"@id":"https:\/\/pagina10.com\/web\/#\/schema\/logo\/image\/"},"sameAs":["https:\/\/www.facebook.com\/pag10com","https:\/\/x.com\/Pag10com","https:\/\/www.instagram.com\/pagina10col\/","https:\/\/youtube.com\/channel\/pag10","https:\/\/www.tiktok.com\/@p10col"]},{"@type":"Person","@id":"https:\/\/pagina10.com\/web\/#\/schema\/person\/2efc4a090d25b667d3bc796798a3a81b","name":"P\u00e1gina 10","description":"P\u00e1gina 10 es un peri\u00f3dico regional que nace en Colombia, en el departamento de Nari\u00f1o, con un enfoque global, fundamentado en cuatro pilares esenciales: la libertad, el pluralismo, la inclusi\u00f3n y la independencia. P\u00e1gina 10 hace referencia a Nari\u00f1o como el d\u00e9cimo departamento creado en Colombia, despu\u00e9s de un proceso pol\u00edtico liderado por actores y actrices regionales con el fin de obtener la independencia y autonom\u00eda de nuestros territorios. Con la creaci\u00f3n de P\u00e1gina 10 se pretende abrir un escenario para el dialogo, la reflexi\u00f3n y el debate que se extienda a otras geograf\u00edas de Am\u00e9rica Latina y del planeta, en una apuesta por transformar colectivamente los desaf\u00edos de un mundo contempor\u00e1neo, m\u00e1s all\u00e1 de las fronteras impuestas.","url":"https:\/\/pagina10.com\/web\/author\/pdiezadmin\/"}]}},"_links":{"self":[{"href":"https:\/\/pagina10.com\/web\/wp-json\/wp\/v2\/posts\/60528","targetHints":{"allow":["GET"]}}],"collection":[{"href":"https:\/\/pagina10.com\/web\/wp-json\/wp\/v2\/posts"}],"about":[{"href":"https:\/\/pagina10.com\/web\/wp-json\/wp\/v2\/types\/post"}],"author":[{"embeddable":true,"href":"https:\/\/pagina10.com\/web\/wp-json\/wp\/v2\/users\/1"}],"replies":[{"embeddable":true,"href":"https:\/\/pagina10.com\/web\/wp-json\/wp\/v2\/comments?post=60528"}],"version-history":[{"count":1,"href":"https:\/\/pagina10.com\/web\/wp-json\/wp\/v2\/posts\/60528\/revisions"}],"predecessor-version":[{"id":60530,"href":"https:\/\/pagina10.com\/web\/wp-json\/wp\/v2\/posts\/60528\/revisions\/60530"}],"wp:featuredmedia":[{"embeddable":true,"href":"https:\/\/pagina10.com\/web\/wp-json\/wp\/v2\/media\/60529"}],"wp:attachment":[{"href":"https:\/\/pagina10.com\/web\/wp-json\/wp\/v2\/media?parent=60528"}],"wp:term":[{"taxonomy":"category","embeddable":true,"href":"https:\/\/pagina10.com\/web\/wp-json\/wp\/v2\/categories?post=60528"},{"taxonomy":"post_tag","embeddable":true,"href":"https:\/\/pagina10.com\/web\/wp-json\/wp\/v2\/tags?post=60528"}],"curies":[{"name":"wp","href":"https:\/\/api.w.org\/{rel}","templated":true}]}}