{"id":60542,"date":"2022-07-20T09:45:57","date_gmt":"2022-07-20T14:45:57","guid":{"rendered":"https:\/\/pagina10.com\/web\/?p=60542"},"modified":"2022-07-20T09:45:57","modified_gmt":"2022-07-20T14:45:57","slug":"gobernacion-de-narino-y-pdt-mejoran-condiciones-de-atencion-en-la-casa-albergue-para-mujeres","status":"publish","type":"post","link":"https:\/\/pagina10.com\/web\/gobernacion-de-narino-y-pdt-mejoran-condiciones-de-atencion-en-la-casa-albergue-para-mujeres\/","title":{"rendered":"Gobernaci\u00f3n de Nari\u00f1o y PDT mejoran condiciones de atenci\u00f3n en la Casa Albergue para Mujeres"},"content":{"rendered":"<p style=\"text-align: justify;\">En b\u00fasqueda del fortalecimiento de las acciones que promuevan la garant\u00eda de los derechos y protecci\u00f3n de las mujeres v\u00edctimas de violencias basadas en g\u00e9nero \u2013 VBG, se logr\u00f3 la articulaci\u00f3n entre la Secretar\u00eda Equidad de G\u00e9nero e Inclusi\u00f3n Social con el Proyecto de Desarrollo Territorial en el departamento de Nari\u00f1o -PDT, para la entrega de insumos de aseo, escenarios de formaci\u00f3n y atenci\u00f3n psicol\u00f3gica y de diversi\u00f3n para mujeres y sus hijos, que permanecen bajo la protecci\u00f3n de la Casa Albergue.<\/p>\n<p style=\"text-align: justify;\">\u201cEl Programa de Desarrollo Territorial de Nari\u00f1o -PDT entreg\u00f3 en calidad de donaci\u00f3n a nuestra casa albergue elementos como: papel higi\u00e9nico, toallas higi\u00e9nicas, pa\u00f1ales de diferentes etapas, cepillos de dientes, crema dental, tiqueteras de alimentaci\u00f3n y realizaron tambi\u00e9n, la adecuaci\u00f3n de un parque para ni\u00f1os que sirve de distracci\u00f3n para estos peque\u00f1os en estos momentos de cambios en su vida\u201d, indic\u00f3 la Secretaria de la SEGIS, Ver\u00f3nica Caicedo.<\/p>\n<p style=\"text-align: justify;\">Por su parte, Dalal Mart\u00ednez Montes, responsable de G\u00e9nero del PDT, explico que con este tipo de procesos se garantiza una permanencia estable, segura y confortable en la casa, en medio de la medida de seguridad que corresponde. \u201cEn el marco de este proyecto lo que hemos logrado es brindar y adecuar unos espacios para garantizar calidad de vida de las mujeres que van a estar albergada\u201d, puntualiz\u00f3.<\/p>\n<p style=\"text-align: justify;\">La casa albergue para mujeres v\u00edctimas de violencias basadas en g\u00e9nero del departamento de Nari\u00f1o, es una medida de atenci\u00f3n para quienes est\u00e1n en extremo riesgo de feminicidio, creada para la protecci\u00f3n de su vida y su n\u00facleo familiar. Esta estrategia provee transporte, alimentaci\u00f3n y estad\u00eda por 6 meses y se puede extender hasta por 6 meses m\u00e1s, dependiendo del estudio de seguridad de cada una de las mujeres albergadas.<br \/>\nLa medida de atenci\u00f3n es emitida por una autoridad competente, en el entendido la Comisar\u00eda de Familia, Juez de familia o Inspector de polic\u00eda en los municipios donde no exista comisar\u00eda.<\/p>\n","protected":false},"excerpt":{"rendered":"<p>En b\u00fasqueda del fortalecimiento de las acciones que promuevan la garant\u00eda de los derechos y protecci\u00f3n de las mujeres v\u00edctimas de violencias basadas en g\u00e9nero \u2013 VBG, se logr\u00f3 la articulaci\u00f3n entre la Secretar\u00eda Equidad de G\u00e9nero e Inclusi\u00f3n Social con el Proyecto de Desarrollo Territorial en el departamento de Nari\u00f1o -PDT, para la entrega [&hellip;]<\/p>\n","protected":false},"author":1,"featured_media":60543,"comment_status":"open","ping_status":"open","sticky":false,"template":"","format":"standard","meta":{"footnotes":""},"categories":[53],"tags":[],"class_list":["post-60542","post","type-post","status-publish","format-standard","has-post-thumbnail","hentry","category-regiones"],"yoast_head":"<!-- This site is optimized with the Yoast SEO plugin v27.1.1 - https:\/\/yoast.com\/product\/yoast-seo-wordpress\/ -->\n<title>Gobernaci\u00f3n de Nari\u00f1o y PDT mejoran condiciones de atenci\u00f3n en la Casa Albergue para Mujeres | P\u00e1gina10<\/title>\n<meta name=\"robots\" content=\"index, follow, max-snippet:-1, max-image-preview:large, max-video-preview:-1\" \/>\n<link rel=\"canonical\" href=\"https:\/\/pagina10.com\/web\/gobernacion-de-narino-y-pdt-mejoran-condiciones-de-atencion-en-la-casa-albergue-para-mujeres\/\" \/>\n<meta property=\"og:locale\" content=\"es_ES\" \/>\n<meta property=\"og:type\" content=\"article\" \/>\n<meta property=\"og:title\" content=\"Gobernaci\u00f3n de Nari\u00f1o y PDT mejoran condiciones de atenci\u00f3n en la Casa Albergue para Mujeres | P\u00e1gina10\" \/>\n<meta property=\"og:description\" content=\"En b\u00fasqueda del fortalecimiento de las acciones que promuevan la garant\u00eda de los derechos y protecci\u00f3n de las mujeres v\u00edctimas de violencias basadas en g\u00e9nero \u2013 VBG, se logr\u00f3 la articulaci\u00f3n entre la Secretar\u00eda Equidad de G\u00e9nero e Inclusi\u00f3n Social con el Proyecto de Desarrollo Territorial en el departamento de Nari\u00f1o -PDT, para la entrega [&hellip;]\" \/>\n<meta property=\"og:url\" content=\"https:\/\/pagina10.com\/web\/gobernacion-de-narino-y-pdt-mejoran-condiciones-de-atencion-en-la-casa-albergue-para-mujeres\/\" \/>\n<meta property=\"og:site_name\" content=\"P\u00e1gina10\" \/>\n<meta property=\"article:publisher\" content=\"https:\/\/www.facebook.com\/pag10com\" \/>\n<meta property=\"article:published_time\" content=\"2022-07-20T14:45:57+00:00\" \/>\n<meta property=\"og:image\" content=\"https:\/\/pagina10.com\/web\/wp-content\/uploads\/2022\/07\/Captura-de-Pantalla-2022-07-20-a-las-4.45.28-p.-m..png\" \/>\n\t<meta property=\"og:image:width\" content=\"498\" \/>\n\t<meta property=\"og:image:height\" content=\"266\" \/>\n\t<meta property=\"og:image:type\" content=\"image\/png\" \/>\n<meta name=\"author\" content=\"P\u00e1gina 10\" \/>\n<meta name=\"twitter:card\" content=\"summary_large_image\" \/>\n<meta name=\"twitter:creator\" content=\"@Pag10com\" \/>\n<meta name=\"twitter:site\" content=\"@Pag10com\" \/>\n<meta name=\"twitter:label1\" content=\"Escrito por\" \/>\n\t<meta name=\"twitter:data1\" content=\"P\u00e1gina 10\" \/>\n\t<meta name=\"twitter:label2\" content=\"Tiempo de lectura\" \/>\n\t<meta name=\"twitter:data2\" content=\"2 minutos\" \/>\n<script type=\"application\/ld+json\" class=\"yoast-schema-graph\">{\"@context\":\"https:\/\/schema.org\",\"@graph\":[{\"@type\":\"Article\",\"@id\":\"https:\/\/pagina10.com\/web\/gobernacion-de-narino-y-pdt-mejoran-condiciones-de-atencion-en-la-casa-albergue-para-mujeres\/#article\",\"isPartOf\":{\"@id\":\"https:\/\/pagina10.com\/web\/gobernacion-de-narino-y-pdt-mejoran-condiciones-de-atencion-en-la-casa-albergue-para-mujeres\/\"},\"author\":{\"name\":\"P\u00e1gina 10\",\"@id\":\"https:\/\/pagina10.com\/web\/#\/schema\/person\/2efc4a090d25b667d3bc796798a3a81b\"},\"headline\":\"Gobernaci\u00f3n de Nari\u00f1o y PDT mejoran condiciones de atenci\u00f3n en la Casa Albergue para Mujeres\",\"datePublished\":\"2022-07-20T14:45:57+00:00\",\"mainEntityOfPage\":{\"@id\":\"https:\/\/pagina10.com\/web\/gobernacion-de-narino-y-pdt-mejoran-condiciones-de-atencion-en-la-casa-albergue-para-mujeres\/\"},\"wordCount\":377,\"commentCount\":0,\"publisher\":{\"@id\":\"https:\/\/pagina10.com\/web\/#organization\"},\"image\":{\"@id\":\"https:\/\/pagina10.com\/web\/gobernacion-de-narino-y-pdt-mejoran-condiciones-de-atencion-en-la-casa-albergue-para-mujeres\/#primaryimage\"},\"thumbnailUrl\":\"https:\/\/pagina10.com\/web\/wp-content\/uploads\/2022\/07\/Captura-de-Pantalla-2022-07-20-a-las-4.45.28-p.-m..png\",\"articleSection\":[\"Regiones\"],\"inLanguage\":\"es\",\"potentialAction\":[{\"@type\":\"CommentAction\",\"name\":\"Comment\",\"target\":[\"https:\/\/pagina10.com\/web\/gobernacion-de-narino-y-pdt-mejoran-condiciones-de-atencion-en-la-casa-albergue-para-mujeres\/#respond\"]}]},{\"@type\":\"WebPage\",\"@id\":\"https:\/\/pagina10.com\/web\/gobernacion-de-narino-y-pdt-mejoran-condiciones-de-atencion-en-la-casa-albergue-para-mujeres\/\",\"url\":\"https:\/\/pagina10.com\/web\/gobernacion-de-narino-y-pdt-mejoran-condiciones-de-atencion-en-la-casa-albergue-para-mujeres\/\",\"name\":\"Gobernaci\u00f3n de Nari\u00f1o y PDT mejoran condiciones de atenci\u00f3n en la Casa Albergue para Mujeres | P\u00e1gina10\",\"isPartOf\":{\"@id\":\"https:\/\/pagina10.com\/web\/#website\"},\"primaryImageOfPage\":{\"@id\":\"https:\/\/pagina10.com\/web\/gobernacion-de-narino-y-pdt-mejoran-condiciones-de-atencion-en-la-casa-albergue-para-mujeres\/#primaryimage\"},\"image\":{\"@id\":\"https:\/\/pagina10.com\/web\/gobernacion-de-narino-y-pdt-mejoran-condiciones-de-atencion-en-la-casa-albergue-para-mujeres\/#primaryimage\"},\"thumbnailUrl\":\"https:\/\/pagina10.com\/web\/wp-content\/uploads\/2022\/07\/Captura-de-Pantalla-2022-07-20-a-las-4.45.28-p.-m..png\",\"datePublished\":\"2022-07-20T14:45:57+00:00\",\"breadcrumb\":{\"@id\":\"https:\/\/pagina10.com\/web\/gobernacion-de-narino-y-pdt-mejoran-condiciones-de-atencion-en-la-casa-albergue-para-mujeres\/#breadcrumb\"},\"inLanguage\":\"es\",\"potentialAction\":[{\"@type\":\"ReadAction\",\"target\":[\"https:\/\/pagina10.com\/web\/gobernacion-de-narino-y-pdt-mejoran-condiciones-de-atencion-en-la-casa-albergue-para-mujeres\/\"]}]},{\"@type\":\"ImageObject\",\"inLanguage\":\"es\",\"@id\":\"https:\/\/pagina10.com\/web\/gobernacion-de-narino-y-pdt-mejoran-condiciones-de-atencion-en-la-casa-albergue-para-mujeres\/#primaryimage\",\"url\":\"https:\/\/pagina10.com\/web\/wp-content\/uploads\/2022\/07\/Captura-de-Pantalla-2022-07-20-a-las-4.45.28-p.-m..png\",\"contentUrl\":\"https:\/\/pagina10.com\/web\/wp-content\/uploads\/2022\/07\/Captura-de-Pantalla-2022-07-20-a-las-4.45.28-p.-m..png\",\"width\":498,\"height\":266},{\"@type\":\"BreadcrumbList\",\"@id\":\"https:\/\/pagina10.com\/web\/gobernacion-de-narino-y-pdt-mejoran-condiciones-de-atencion-en-la-casa-albergue-para-mujeres\/#breadcrumb\",\"itemListElement\":[{\"@type\":\"ListItem\",\"position\":1,\"name\":\"Portada\",\"item\":\"https:\/\/pagina10.com\/web\/\"},{\"@type\":\"ListItem\",\"position\":2,\"name\":\"Gobernaci\u00f3n de Nari\u00f1o y PDT mejoran condiciones de atenci\u00f3n en la Casa Albergue para Mujeres\"}]},{\"@type\":\"WebSite\",\"@id\":\"https:\/\/pagina10.com\/web\/#website\",\"url\":\"https:\/\/pagina10.com\/web\/\",\"name\":\"P\u00e1gina10\",\"description\":\"Peri\u00f3dico Regional\",\"publisher\":{\"@id\":\"https:\/\/pagina10.com\/web\/#organization\"},\"alternateName\":\"P\u00e1gina10 Peri\u00f3dico Regional\",\"potentialAction\":[{\"@type\":\"SearchAction\",\"target\":{\"@type\":\"EntryPoint\",\"urlTemplate\":\"https:\/\/pagina10.com\/web\/?s={search_term_string}\"},\"query-input\":{\"@type\":\"PropertyValueSpecification\",\"valueRequired\":true,\"valueName\":\"search_term_string\"}}],\"inLanguage\":\"es\"},{\"@type\":\"Organization\",\"@id\":\"https:\/\/pagina10.com\/web\/#organization\",\"name\":\"P\u00e1gina10\",\"alternateName\":\"P\u00e1gina10 Peri\u00f3dico Regional\",\"url\":\"https:\/\/pagina10.com\/web\/\",\"logo\":{\"@type\":\"ImageObject\",\"inLanguage\":\"es\",\"@id\":\"https:\/\/pagina10.com\/web\/#\/schema\/logo\/image\/\",\"url\":\"https:\/\/pagina10.com\/web\/wp-content\/uploads\/2024\/01\/40-pagina-10-periodico-regional-pasto.jpg\",\"contentUrl\":\"https:\/\/pagina10.com\/web\/wp-content\/uploads\/2024\/01\/40-pagina-10-periodico-regional-pasto.jpg\",\"width\":1280,\"height\":720,\"caption\":\"P\u00e1gina10\"},\"image\":{\"@id\":\"https:\/\/pagina10.com\/web\/#\/schema\/logo\/image\/\"},\"sameAs\":[\"https:\/\/www.facebook.com\/pag10com\",\"https:\/\/x.com\/Pag10com\",\"https:\/\/www.instagram.com\/pagina10col\/\",\"https:\/\/youtube.com\/channel\/pag10\",\"https:\/\/www.tiktok.com\/@p10col\"]},{\"@type\":\"Person\",\"@id\":\"https:\/\/pagina10.com\/web\/#\/schema\/person\/2efc4a090d25b667d3bc796798a3a81b\",\"name\":\"P\u00e1gina 10\",\"description\":\"P\u00e1gina 10 es un peri\u00f3dico regional que nace en Colombia, en el departamento de Nari\u00f1o, con un enfoque global, fundamentado en cuatro pilares esenciales: la libertad, el pluralismo, la inclusi\u00f3n y la independencia. P\u00e1gina 10 hace referencia a Nari\u00f1o como el d\u00e9cimo departamento creado en Colombia, despu\u00e9s de un proceso pol\u00edtico liderado por actores y actrices regionales con el fin de obtener la independencia y autonom\u00eda de nuestros territorios. Con la creaci\u00f3n de P\u00e1gina 10 se pretende abrir un escenario para el dialogo, la reflexi\u00f3n y el debate que se extienda a otras geograf\u00edas de Am\u00e9rica Latina y del planeta, en una apuesta por transformar colectivamente los desaf\u00edos de un mundo contempor\u00e1neo, m\u00e1s all\u00e1 de las fronteras impuestas.\",\"url\":\"https:\/\/pagina10.com\/web\/author\/pdiezadmin\/\"}]}<\/script>\n<!-- \/ Yoast SEO plugin. -->","yoast_head_json":{"title":"Gobernaci\u00f3n de Nari\u00f1o y PDT mejoran condiciones de atenci\u00f3n en la Casa Albergue para Mujeres | P\u00e1gina10","robots":{"index":"index","follow":"follow","max-snippet":"max-snippet:-1","max-image-preview":"max-image-preview:large","max-video-preview":"max-video-preview:-1"},"canonical":"https:\/\/pagina10.com\/web\/gobernacion-de-narino-y-pdt-mejoran-condiciones-de-atencion-en-la-casa-albergue-para-mujeres\/","og_locale":"es_ES","og_type":"article","og_title":"Gobernaci\u00f3n de Nari\u00f1o y PDT mejoran condiciones de atenci\u00f3n en la Casa Albergue para Mujeres | P\u00e1gina10","og_description":"En b\u00fasqueda del fortalecimiento de las acciones que promuevan la garant\u00eda de los derechos y protecci\u00f3n de las mujeres v\u00edctimas de violencias basadas en g\u00e9nero \u2013 VBG, se logr\u00f3 la articulaci\u00f3n entre la Secretar\u00eda Equidad de G\u00e9nero e Inclusi\u00f3n Social con el Proyecto de Desarrollo Territorial en el departamento de Nari\u00f1o -PDT, para la entrega [&hellip;]","og_url":"https:\/\/pagina10.com\/web\/gobernacion-de-narino-y-pdt-mejoran-condiciones-de-atencion-en-la-casa-albergue-para-mujeres\/","og_site_name":"P\u00e1gina10","article_publisher":"https:\/\/www.facebook.com\/pag10com","article_published_time":"2022-07-20T14:45:57+00:00","og_image":[{"width":498,"height":266,"url":"https:\/\/pagina10.com\/web\/wp-content\/uploads\/2022\/07\/Captura-de-Pantalla-2022-07-20-a-las-4.45.28-p.-m..png","type":"image\/png"}],"author":"P\u00e1gina 10","twitter_card":"summary_large_image","twitter_creator":"@Pag10com","twitter_site":"@Pag10com","twitter_misc":{"Escrito por":"P\u00e1gina 10","Tiempo de lectura":"2 minutos"},"schema":{"@context":"https:\/\/schema.org","@graph":[{"@type":"Article","@id":"https:\/\/pagina10.com\/web\/gobernacion-de-narino-y-pdt-mejoran-condiciones-de-atencion-en-la-casa-albergue-para-mujeres\/#article","isPartOf":{"@id":"https:\/\/pagina10.com\/web\/gobernacion-de-narino-y-pdt-mejoran-condiciones-de-atencion-en-la-casa-albergue-para-mujeres\/"},"author":{"name":"P\u00e1gina 10","@id":"https:\/\/pagina10.com\/web\/#\/schema\/person\/2efc4a090d25b667d3bc796798a3a81b"},"headline":"Gobernaci\u00f3n de Nari\u00f1o y PDT mejoran condiciones de atenci\u00f3n en la Casa Albergue para Mujeres","datePublished":"2022-07-20T14:45:57+00:00","mainEntityOfPage":{"@id":"https:\/\/pagina10.com\/web\/gobernacion-de-narino-y-pdt-mejoran-condiciones-de-atencion-en-la-casa-albergue-para-mujeres\/"},"wordCount":377,"commentCount":0,"publisher":{"@id":"https:\/\/pagina10.com\/web\/#organization"},"image":{"@id":"https:\/\/pagina10.com\/web\/gobernacion-de-narino-y-pdt-mejoran-condiciones-de-atencion-en-la-casa-albergue-para-mujeres\/#primaryimage"},"thumbnailUrl":"https:\/\/pagina10.com\/web\/wp-content\/uploads\/2022\/07\/Captura-de-Pantalla-2022-07-20-a-las-4.45.28-p.-m..png","articleSection":["Regiones"],"inLanguage":"es","potentialAction":[{"@type":"CommentAction","name":"Comment","target":["https:\/\/pagina10.com\/web\/gobernacion-de-narino-y-pdt-mejoran-condiciones-de-atencion-en-la-casa-albergue-para-mujeres\/#respond"]}]},{"@type":"WebPage","@id":"https:\/\/pagina10.com\/web\/gobernacion-de-narino-y-pdt-mejoran-condiciones-de-atencion-en-la-casa-albergue-para-mujeres\/","url":"https:\/\/pagina10.com\/web\/gobernacion-de-narino-y-pdt-mejoran-condiciones-de-atencion-en-la-casa-albergue-para-mujeres\/","name":"Gobernaci\u00f3n de Nari\u00f1o y PDT mejoran condiciones de atenci\u00f3n en la Casa Albergue para Mujeres | P\u00e1gina10","isPartOf":{"@id":"https:\/\/pagina10.com\/web\/#website"},"primaryImageOfPage":{"@id":"https:\/\/pagina10.com\/web\/gobernacion-de-narino-y-pdt-mejoran-condiciones-de-atencion-en-la-casa-albergue-para-mujeres\/#primaryimage"},"image":{"@id":"https:\/\/pagina10.com\/web\/gobernacion-de-narino-y-pdt-mejoran-condiciones-de-atencion-en-la-casa-albergue-para-mujeres\/#primaryimage"},"thumbnailUrl":"https:\/\/pagina10.com\/web\/wp-content\/uploads\/2022\/07\/Captura-de-Pantalla-2022-07-20-a-las-4.45.28-p.-m..png","datePublished":"2022-07-20T14:45:57+00:00","breadcrumb":{"@id":"https:\/\/pagina10.com\/web\/gobernacion-de-narino-y-pdt-mejoran-condiciones-de-atencion-en-la-casa-albergue-para-mujeres\/#breadcrumb"},"inLanguage":"es","potentialAction":[{"@type":"ReadAction","target":["https:\/\/pagina10.com\/web\/gobernacion-de-narino-y-pdt-mejoran-condiciones-de-atencion-en-la-casa-albergue-para-mujeres\/"]}]},{"@type":"ImageObject","inLanguage":"es","@id":"https:\/\/pagina10.com\/web\/gobernacion-de-narino-y-pdt-mejoran-condiciones-de-atencion-en-la-casa-albergue-para-mujeres\/#primaryimage","url":"https:\/\/pagina10.com\/web\/wp-content\/uploads\/2022\/07\/Captura-de-Pantalla-2022-07-20-a-las-4.45.28-p.-m..png","contentUrl":"https:\/\/pagina10.com\/web\/wp-content\/uploads\/2022\/07\/Captura-de-Pantalla-2022-07-20-a-las-4.45.28-p.-m..png","width":498,"height":266},{"@type":"BreadcrumbList","@id":"https:\/\/pagina10.com\/web\/gobernacion-de-narino-y-pdt-mejoran-condiciones-de-atencion-en-la-casa-albergue-para-mujeres\/#breadcrumb","itemListElement":[{"@type":"ListItem","position":1,"name":"Portada","item":"https:\/\/pagina10.com\/web\/"},{"@type":"ListItem","position":2,"name":"Gobernaci\u00f3n de Nari\u00f1o y PDT mejoran condiciones de atenci\u00f3n en la Casa Albergue para Mujeres"}]},{"@type":"WebSite","@id":"https:\/\/pagina10.com\/web\/#website","url":"https:\/\/pagina10.com\/web\/","name":"P\u00e1gina10","description":"Peri\u00f3dico Regional","publisher":{"@id":"https:\/\/pagina10.com\/web\/#organization"},"alternateName":"P\u00e1gina10 Peri\u00f3dico Regional","potentialAction":[{"@type":"SearchAction","target":{"@type":"EntryPoint","urlTemplate":"https:\/\/pagina10.com\/web\/?s={search_term_string}"},"query-input":{"@type":"PropertyValueSpecification","valueRequired":true,"valueName":"search_term_string"}}],"inLanguage":"es"},{"@type":"Organization","@id":"https:\/\/pagina10.com\/web\/#organization","name":"P\u00e1gina10","alternateName":"P\u00e1gina10 Peri\u00f3dico Regional","url":"https:\/\/pagina10.com\/web\/","logo":{"@type":"ImageObject","inLanguage":"es","@id":"https:\/\/pagina10.com\/web\/#\/schema\/logo\/image\/","url":"https:\/\/pagina10.com\/web\/wp-content\/uploads\/2024\/01\/40-pagina-10-periodico-regional-pasto.jpg","contentUrl":"https:\/\/pagina10.com\/web\/wp-content\/uploads\/2024\/01\/40-pagina-10-periodico-regional-pasto.jpg","width":1280,"height":720,"caption":"P\u00e1gina10"},"image":{"@id":"https:\/\/pagina10.com\/web\/#\/schema\/logo\/image\/"},"sameAs":["https:\/\/www.facebook.com\/pag10com","https:\/\/x.com\/Pag10com","https:\/\/www.instagram.com\/pagina10col\/","https:\/\/youtube.com\/channel\/pag10","https:\/\/www.tiktok.com\/@p10col"]},{"@type":"Person","@id":"https:\/\/pagina10.com\/web\/#\/schema\/person\/2efc4a090d25b667d3bc796798a3a81b","name":"P\u00e1gina 10","description":"P\u00e1gina 10 es un peri\u00f3dico regional que nace en Colombia, en el departamento de Nari\u00f1o, con un enfoque global, fundamentado en cuatro pilares esenciales: la libertad, el pluralismo, la inclusi\u00f3n y la independencia. P\u00e1gina 10 hace referencia a Nari\u00f1o como el d\u00e9cimo departamento creado en Colombia, despu\u00e9s de un proceso pol\u00edtico liderado por actores y actrices regionales con el fin de obtener la independencia y autonom\u00eda de nuestros territorios. Con la creaci\u00f3n de P\u00e1gina 10 se pretende abrir un escenario para el dialogo, la reflexi\u00f3n y el debate que se extienda a otras geograf\u00edas de Am\u00e9rica Latina y del planeta, en una apuesta por transformar colectivamente los desaf\u00edos de un mundo contempor\u00e1neo, m\u00e1s all\u00e1 de las fronteras impuestas.","url":"https:\/\/pagina10.com\/web\/author\/pdiezadmin\/"}]}},"_links":{"self":[{"href":"https:\/\/pagina10.com\/web\/wp-json\/wp\/v2\/posts\/60542","targetHints":{"allow":["GET"]}}],"collection":[{"href":"https:\/\/pagina10.com\/web\/wp-json\/wp\/v2\/posts"}],"about":[{"href":"https:\/\/pagina10.com\/web\/wp-json\/wp\/v2\/types\/post"}],"author":[{"embeddable":true,"href":"https:\/\/pagina10.com\/web\/wp-json\/wp\/v2\/users\/1"}],"replies":[{"embeddable":true,"href":"https:\/\/pagina10.com\/web\/wp-json\/wp\/v2\/comments?post=60542"}],"version-history":[{"count":1,"href":"https:\/\/pagina10.com\/web\/wp-json\/wp\/v2\/posts\/60542\/revisions"}],"predecessor-version":[{"id":60544,"href":"https:\/\/pagina10.com\/web\/wp-json\/wp\/v2\/posts\/60542\/revisions\/60544"}],"wp:featuredmedia":[{"embeddable":true,"href":"https:\/\/pagina10.com\/web\/wp-json\/wp\/v2\/media\/60543"}],"wp:attachment":[{"href":"https:\/\/pagina10.com\/web\/wp-json\/wp\/v2\/media?parent=60542"}],"wp:term":[{"taxonomy":"category","embeddable":true,"href":"https:\/\/pagina10.com\/web\/wp-json\/wp\/v2\/categories?post=60542"},{"taxonomy":"post_tag","embeddable":true,"href":"https:\/\/pagina10.com\/web\/wp-json\/wp\/v2\/tags?post=60542"}],"curies":[{"name":"wp","href":"https:\/\/api.w.org\/{rel}","templated":true}]}}