{"id":60548,"date":"2022-07-07T10:01:44","date_gmt":"2022-07-07T15:01:44","guid":{"rendered":"https:\/\/pagina10.com\/web\/?p=60548"},"modified":"2022-07-20T10:03:41","modified_gmt":"2022-07-20T15:03:41","slug":"4-000-millones-se-invierten-en-agua-potable-y-saneamiento-basico-en-pasto-gobernacion-de-narino-aporta-2-000-millones","status":"publish","type":"post","link":"https:\/\/pagina10.com\/web\/4-000-millones-se-invierten-en-agua-potable-y-saneamiento-basico-en-pasto-gobernacion-de-narino-aporta-2-000-millones\/","title":{"rendered":"$4.000 millones se invierten en agua potable y saneamiento b\u00e1sico en Pasto. Gobernaci\u00f3n de Nari\u00f1o aporta $2.000 millones"},"content":{"rendered":"<div style=\"text-align: justify;\">El Gobernador de Nari\u00f1o, Jhon Rojas, junto al Plan Departamental de Agua de Nari\u00f1o, verifican las condiciones y el avance \u00f3ptimo de la obra de mejoramiento de las redes de acueducto y alcantarillado en el casco urbano, fase II, en el municipio de Pasto.<\/div>\n<div style=\"text-align: justify;\">Una de las obras m\u00e1s importantes en infraestructura, la ejecuta actualmente el Plan Departamental de Agua de Nari\u00f1o y tiene que ver con el mejoramiento de las redes de acueducto y alcantarillado del casco urbano, en el municipio de Pasto. El convenio interadminsitartivo se desarrolla con EMPOPASTO por un valor de $4.000 millones. El proyecto beneficia una poblaci\u00f3n cercana a los 1.200 habitantes de los sectores priorizados y permite la reactivaci\u00f3n econ\u00f3mica de la ciudad, con la generaci\u00f3n de m\u00e1s de 150 empleos directos y la convergencia de distintos actores del sector de la construcci\u00f3n.<\/div>\n<div style=\"text-align: justify;\">\u201cEstamos verificando las condiciones de la ejecuci\u00f3n de obra, tenemos un compromiso con la Ciudad de Pasto de apoyar estas iniciativas. Reconocemos el trabajo del Plan Departamental de Agua con el liderazgo del Ingeniero Dar\u00edo Chaves y el trabajo efectivo de EMPOPASTO. Estamos trabajando para mejorar la calidad de vida de los habitantes de la ciudad\u201d, afirm\u00f3 el Gobernador de Nari\u00f1o, Jhon Rojas, durante el recorrido de obra.<\/div>\n<div style=\"text-align: justify;\">Los sectores intervenidos son:<\/div>\n<div style=\"text-align: justify;\">N\u00b0 OBJETO Porcentaje de avance<\/div>\n<div style=\"text-align: justify;\">1. SECTOR BARRIO AGUALONGO<\/div>\n<div style=\"text-align: justify;\">1.1 Etapa1. Mejoramiento de redes de acueducto y alcantarillado v\u00eda entre manzanas 3-4 y calle 4 sur 46%<\/div>\n<div style=\"text-align: justify;\">2. SECTOR BARRIO MERCEDARIO<\/div>\n<div style=\"text-align: justify;\">2.1 Etapa 1. Mejoramiento de redes de acueducto y alcantarillado de la carrera 1 entre calles 21d a 21e y calle 21d entre carreras 1ae 1a Barrio Mercedario 48.60%<\/div>\n<div style=\"text-align: justify;\">2.2 Etapa 2. Mejoramiento de redes de acueducto y alcantarillado de la carrera 1ae entre calles 21d a 21e y carrera 1ed entre cl 21c-21e Barrio Mercedario 36.54%<\/div>\n<div style=\"text-align: justify;\">3. SECTOR BARRIO SANTA B\u00c1RBARA<\/div>\n<div style=\"text-align: justify;\">3.1 Etapa 2. Mejoramiento de red \u00a0 \u00a0 \u00a0 \u00a0 \u00a0 \u00a0 \u00a0 \u00a0 \u00a0 \u00a0 \u00a0 \u00a0 \u00a0 \u00a0 \u00a0 \u00a0 \u00a0 \u00a0 \u00a0 \u00a0 \u00a0 \u00a0 \u00a0 \u00a0 \u00a0 \u00a0 \u00a0 \u00a0 \u00a0 \u00a0 \u00a0 \u00a0 \u00a0 \u00a0 \u00a0 \u00a0 \u00a0 \u00a0 \u00a0 \u00a0 \u00a0 \u00a0 \u00a0 \u00a0 \u00a0 \u00a0 \u00a0 \u00a0 \u00a0 \u00a0 \u00a0 \u00a0 \u00a0 \u00a0 \u00a0 \u00a0 \u00a0 \u00a0 \u00a0 \u00a0 \u00a0 \u00a0 \u00a0 \u00a0 \u00a0 \u00a0 \u00a0 \u00a0 \u00a0 \u00a0 \u00a0 \u00a0 \u00a0 \u00a0 \u00a0 \u00a0 \u00a0 \u00a0 \u00a0 \u00a0 \u00a0 \u00a0 \u00a0 \u00a0 \u00a0 \u00a0 \u00a0 \u00a0 \u00a0 \u00a0 \u00a0 \u00a0 \u00a0 \u00a0 \u00a0 \u00a0 \u00a0 \u00a0 \u00a0 \u00a0 \u00a0 \u00a0 \u00a0 \u00a0 \u00a0 \u00a0 \u00a0 \u00a0 \u00a0 \u00a0 \u00a0 \u00a0 \u00a0 \u00a0 \u00a0 \u00a0 \u00a0 \u00a0 \u00a0 \u00a0 \u00a0 \u00a0 \u00a0 \u00a0 \u00a0 \u00a0 \u00a0 \u00a0 \u00a0 \u00a0 \u00a0 \u00a0 \u00a0 \u00a0 \u00a0 \u00a0 \u00a0 \u00a0 \u00a0 \u00a0 \u00a0 \u00a0 \u00a0 \u00a0 \u00a0 \u00a0 \u00a0 \u00a0 \u00a0 \u00a0 \u00a0 \u00a0 \u00a0 \u00a0 \u00a0 \u00a0 \u00a0 \u00a0 \u00a0 \u00a0 \u00a0 \u00a0 \u00a0 \u00a0 \u00a0 \u00a0 \u00a0 \u00a0 \u00a0 \u00a0 \u00a0 \u00a0 \u00a0 \u00a0 \u00a0 \u00a0 \u00a0 \u00a0 \u00a0 \u00a0 \u00a0 \u00a0 \u00a0 \u00a0 \u00a0 \u00a0 \u00a0 \u00a0 \u00a0 \u00a0 \u00a0 \u00a0 \u00a0 \u00a0 \u00a0 \u00a0 \u00a0 \u00a0 \u00a0 \u00a0 \u00a0 \u00a0 \u00a0 \u00a0 \u00a0 \u00a0 \u00a0 \u00a0 \u00a0 \u00a0 \u00a0 \u00a0 \u00a0 \u00a0 \u00a0 \u00a0 \u00a0 \u00a0 \u00a0 \u00a0 \u00a0 \u00a0 \u00a0 \u00a0 \u00a0 \u00a0 \u00a0 \u00a0 \u00a0 \u00a0 \u00a0 \u00a0 \u00a0 \u00a0 \u00a0 \u00a0 \u00a0 \u00a0 \u00a0 \u00a0 \u00a0 \u00a0 \u00a0 \u00a0 \u00a0 \u00a0 \u00a0 \u00a0 \u00a0 \u00a0 \u00a0 \u00a0 \u00a0 \u00a0 \u00a0 \u00a0 \u00a0 \u00a0 \u00a0 \u00a0 \u00a0 \u00a0 \u00a0 \u00a0 \u00a0 \u00a0 \u00a0 \u00a0 \u00a0 \u00a0 \u00a0 \u00a0 \u00a0 \u00a0 \u00a0 \u00a0 \u00a0 \u00a0 \u00a0 \u00a0 \u00a0 \u00a0 \u00a0 \u00a0 \u00a0 \u00a0 \u00a0 \u00a0 \u00a0 \u00a0 \u00a0 \u00a0 \u00a0 \u00a0 \u00a0 \u00a0 \u00a0 \u00a0 \u00a0 \u00a0 \u00a0 \u00a0 \u00a0 \u00a0 \u00a0 \u00a0 \u00a0 \u00a0 \u00a0 \u00a0 \u00a0 \u00a0 \u00a0es de acueducto y alcantarillado de la carrera 4E entre calles 20\u00aa Y 21 entre cra 3e y 4e Barrio Santa Barbara 63%<\/div>\n<div style=\"text-align: justify;\">4. SECTOR BARRIO PANOR\u00c1MICO I Y II<\/div>\n<div style=\"text-align: justify;\">4.1 Etapa 1. Mejoramiento sistema de calle 2 entre manzana W y carrera 36a Barrio Panor\u00e1mico 49.95%<\/div>\n<div style=\"text-align: justify;\">4.2 *Etapa 3. Mejoramiento sistema de calle 4 Oeste entre y carrera 36\u00aa y 37 Barrio Panor\u00e1mico. (En proceso de contrataci\u00f3n) &#8211;<\/div>\n<div style=\"text-align: justify;\">5. SECTOR BARRIO TAMASAGRA I<\/div>\n<div style=\"text-align: justify;\">5.1 *Etapa1. Mejoramiento de redes de acueducto y alcantarillado combinado en la transversal 25 entre calles 8s a 6s Barrio Tamasagra. (En proceso de contrataci\u00f3n) &#8211;<\/div>\n<div style=\"text-align: justify;\"><\/div>\n<div style=\"text-align: justify;\">Por su parte, el Gestor del Plan Departamental de Agua, Dar\u00edo Alexander Chaves L\u00f3pez, afirm\u00f3: \u201cEstamos haciendo un recorrido t\u00e9cnico en 7 tramos intervenidos por la Gobernaci\u00f3n de Nari\u00f1o, en un convenio interadministrativo con EMPOPASTO. Esta alianza estrat\u00e9gica mejorar\u00e1 el saneamiento b\u00e1sico y acueducto de los habitantes de estas zonas. El avance de este proyecto reactiva la econom\u00eda de la ciudad y generan empleos. Estamos convencidos que el agua potable es un elemento fundamental en la construcci\u00f3n de un Departamento m\u00e1s sostenible e incluyente\u201d<\/div>\n<div style=\"text-align: justify;\">La situaci\u00f3n actual de las redes de acueducto y alcantarillado en algunos sectores de la ciudad han cumplido su vida \u00fatil; redes con m\u00e1s de 40 a\u00f1os de construcci\u00f3n requirieron la intervenci\u00f3n de la Gobernaci\u00f3n de Nari\u00f1o, entregando soluciones de agua potable y saneamiento b\u00e1sico a la ciudad. La inversi\u00f3n para estas obras, corresponde a $4.000 millones, de los cuales EMPOPASTO aporta $ 2.000 millones y la Gobernaci\u00f3n de Nari\u00f1o $2.000 millones.<\/div>\n<div style=\"text-align: justify;\">La obra avanza de manera satisfactoria y en concordancia a las necesidades de la ciudadan\u00eda. Los habitantes de los sectores intervenidos manifiestan con benepl\u00e1cito el avance de las mismas, pues esto repercute en el bienestar de sus familias y hogares.<\/div>\n","protected":false},"excerpt":{"rendered":"<p>El Gobernador de Nari\u00f1o, Jhon Rojas, junto al Plan Departamental de Agua de Nari\u00f1o, verifican las condiciones y el avance \u00f3ptimo de la obra de mejoramiento de las redes de acueducto y alcantarillado en el casco urbano, fase II, en el municipio de Pasto. Una de las obras m\u00e1s importantes en infraestructura, la ejecuta actualmente [&hellip;]<\/p>\n","protected":false},"author":1,"featured_media":60549,"comment_status":"open","ping_status":"open","sticky":false,"template":"","format":"standard","meta":{"footnotes":""},"categories":[82],"tags":[],"class_list":["post-60548","post","type-post","status-publish","format-standard","has-post-thumbnail","hentry","category-ciudad-2"],"yoast_head":"<!-- This site is optimized with the Yoast SEO plugin v27.1.1 - https:\/\/yoast.com\/product\/yoast-seo-wordpress\/ -->\n<title>$4.000 millones se invierten en agua potable y saneamiento b\u00e1sico en Pasto. Gobernaci\u00f3n de Nari\u00f1o aporta $2.000 millones | P\u00e1gina10<\/title>\n<meta name=\"robots\" content=\"index, follow, max-snippet:-1, max-image-preview:large, max-video-preview:-1\" \/>\n<link rel=\"canonical\" href=\"https:\/\/pagina10.com\/web\/4-000-millones-se-invierten-en-agua-potable-y-saneamiento-basico-en-pasto-gobernacion-de-narino-aporta-2-000-millones\/\" \/>\n<meta property=\"og:locale\" content=\"es_ES\" \/>\n<meta property=\"og:type\" content=\"article\" \/>\n<meta property=\"og:title\" content=\"$4.000 millones se invierten en agua potable y saneamiento b\u00e1sico en Pasto. Gobernaci\u00f3n de Nari\u00f1o aporta $2.000 millones | P\u00e1gina10\" \/>\n<meta property=\"og:description\" content=\"El Gobernador de Nari\u00f1o, Jhon Rojas, junto al Plan Departamental de Agua de Nari\u00f1o, verifican las condiciones y el avance \u00f3ptimo de la obra de mejoramiento de las redes de acueducto y alcantarillado en el casco urbano, fase II, en el municipio de Pasto. Una de las obras m\u00e1s importantes en infraestructura, la ejecuta actualmente [&hellip;]\" \/>\n<meta property=\"og:url\" content=\"https:\/\/pagina10.com\/web\/4-000-millones-se-invierten-en-agua-potable-y-saneamiento-basico-en-pasto-gobernacion-de-narino-aporta-2-000-millones\/\" \/>\n<meta property=\"og:site_name\" content=\"P\u00e1gina10\" \/>\n<meta property=\"article:publisher\" content=\"https:\/\/www.facebook.com\/pag10com\" \/>\n<meta property=\"article:published_time\" content=\"2022-07-07T15:01:44+00:00\" \/>\n<meta property=\"article:modified_time\" content=\"2022-07-20T15:03:41+00:00\" \/>\n<meta property=\"og:image\" content=\"https:\/\/pagina10.com\/web\/wp-content\/uploads\/2022\/07\/Captura-de-Pantalla-2022-07-20-a-las-5.02.50-p.-m..png\" \/>\n\t<meta property=\"og:image:width\" content=\"455\" \/>\n\t<meta property=\"og:image:height\" content=\"288\" \/>\n\t<meta property=\"og:image:type\" content=\"image\/png\" \/>\n<meta name=\"author\" content=\"P\u00e1gina 10\" \/>\n<meta name=\"twitter:card\" content=\"summary_large_image\" \/>\n<meta name=\"twitter:creator\" content=\"@Pag10com\" \/>\n<meta name=\"twitter:site\" content=\"@Pag10com\" \/>\n<meta name=\"twitter:label1\" content=\"Escrito por\" \/>\n\t<meta name=\"twitter:data1\" content=\"P\u00e1gina 10\" \/>\n\t<meta name=\"twitter:label2\" content=\"Tiempo de lectura\" \/>\n\t<meta name=\"twitter:data2\" content=\"3 minutos\" \/>\n<script type=\"application\/ld+json\" class=\"yoast-schema-graph\">{\"@context\":\"https:\/\/schema.org\",\"@graph\":[{\"@type\":\"Article\",\"@id\":\"https:\/\/pagina10.com\/web\/4-000-millones-se-invierten-en-agua-potable-y-saneamiento-basico-en-pasto-gobernacion-de-narino-aporta-2-000-millones\/#article\",\"isPartOf\":{\"@id\":\"https:\/\/pagina10.com\/web\/4-000-millones-se-invierten-en-agua-potable-y-saneamiento-basico-en-pasto-gobernacion-de-narino-aporta-2-000-millones\/\"},\"author\":{\"name\":\"P\u00e1gina 10\",\"@id\":\"https:\/\/pagina10.com\/web\/#\/schema\/person\/2efc4a090d25b667d3bc796798a3a81b\"},\"headline\":\"$4.000 millones se invierten en agua potable y saneamiento b\u00e1sico en Pasto. Gobernaci\u00f3n de Nari\u00f1o aporta $2.000 millones\",\"datePublished\":\"2022-07-07T15:01:44+00:00\",\"dateModified\":\"2022-07-20T15:03:41+00:00\",\"mainEntityOfPage\":{\"@id\":\"https:\/\/pagina10.com\/web\/4-000-millones-se-invierten-en-agua-potable-y-saneamiento-basico-en-pasto-gobernacion-de-narino-aporta-2-000-millones\/\"},\"wordCount\":629,\"commentCount\":0,\"publisher\":{\"@id\":\"https:\/\/pagina10.com\/web\/#organization\"},\"image\":{\"@id\":\"https:\/\/pagina10.com\/web\/4-000-millones-se-invierten-en-agua-potable-y-saneamiento-basico-en-pasto-gobernacion-de-narino-aporta-2-000-millones\/#primaryimage\"},\"thumbnailUrl\":\"https:\/\/pagina10.com\/web\/wp-content\/uploads\/2022\/07\/Captura-de-Pantalla-2022-07-20-a-las-5.02.50-p.-m..png\",\"articleSection\":[\"Ciudad\"],\"inLanguage\":\"es\",\"potentialAction\":[{\"@type\":\"CommentAction\",\"name\":\"Comment\",\"target\":[\"https:\/\/pagina10.com\/web\/4-000-millones-se-invierten-en-agua-potable-y-saneamiento-basico-en-pasto-gobernacion-de-narino-aporta-2-000-millones\/#respond\"]}]},{\"@type\":\"WebPage\",\"@id\":\"https:\/\/pagina10.com\/web\/4-000-millones-se-invierten-en-agua-potable-y-saneamiento-basico-en-pasto-gobernacion-de-narino-aporta-2-000-millones\/\",\"url\":\"https:\/\/pagina10.com\/web\/4-000-millones-se-invierten-en-agua-potable-y-saneamiento-basico-en-pasto-gobernacion-de-narino-aporta-2-000-millones\/\",\"name\":\"$4.000 millones se invierten en agua potable y saneamiento b\u00e1sico en Pasto. Gobernaci\u00f3n de Nari\u00f1o aporta $2.000 millones | P\u00e1gina10\",\"isPartOf\":{\"@id\":\"https:\/\/pagina10.com\/web\/#website\"},\"primaryImageOfPage\":{\"@id\":\"https:\/\/pagina10.com\/web\/4-000-millones-se-invierten-en-agua-potable-y-saneamiento-basico-en-pasto-gobernacion-de-narino-aporta-2-000-millones\/#primaryimage\"},\"image\":{\"@id\":\"https:\/\/pagina10.com\/web\/4-000-millones-se-invierten-en-agua-potable-y-saneamiento-basico-en-pasto-gobernacion-de-narino-aporta-2-000-millones\/#primaryimage\"},\"thumbnailUrl\":\"https:\/\/pagina10.com\/web\/wp-content\/uploads\/2022\/07\/Captura-de-Pantalla-2022-07-20-a-las-5.02.50-p.-m..png\",\"datePublished\":\"2022-07-07T15:01:44+00:00\",\"dateModified\":\"2022-07-20T15:03:41+00:00\",\"breadcrumb\":{\"@id\":\"https:\/\/pagina10.com\/web\/4-000-millones-se-invierten-en-agua-potable-y-saneamiento-basico-en-pasto-gobernacion-de-narino-aporta-2-000-millones\/#breadcrumb\"},\"inLanguage\":\"es\",\"potentialAction\":[{\"@type\":\"ReadAction\",\"target\":[\"https:\/\/pagina10.com\/web\/4-000-millones-se-invierten-en-agua-potable-y-saneamiento-basico-en-pasto-gobernacion-de-narino-aporta-2-000-millones\/\"]}]},{\"@type\":\"ImageObject\",\"inLanguage\":\"es\",\"@id\":\"https:\/\/pagina10.com\/web\/4-000-millones-se-invierten-en-agua-potable-y-saneamiento-basico-en-pasto-gobernacion-de-narino-aporta-2-000-millones\/#primaryimage\",\"url\":\"https:\/\/pagina10.com\/web\/wp-content\/uploads\/2022\/07\/Captura-de-Pantalla-2022-07-20-a-las-5.02.50-p.-m..png\",\"contentUrl\":\"https:\/\/pagina10.com\/web\/wp-content\/uploads\/2022\/07\/Captura-de-Pantalla-2022-07-20-a-las-5.02.50-p.-m..png\",\"width\":455,\"height\":288},{\"@type\":\"BreadcrumbList\",\"@id\":\"https:\/\/pagina10.com\/web\/4-000-millones-se-invierten-en-agua-potable-y-saneamiento-basico-en-pasto-gobernacion-de-narino-aporta-2-000-millones\/#breadcrumb\",\"itemListElement\":[{\"@type\":\"ListItem\",\"position\":1,\"name\":\"Portada\",\"item\":\"https:\/\/pagina10.com\/web\/\"},{\"@type\":\"ListItem\",\"position\":2,\"name\":\"$4.000 millones se invierten en agua potable y saneamiento b\u00e1sico en Pasto. Gobernaci\u00f3n de Nari\u00f1o aporta $2.000 millones\"}]},{\"@type\":\"WebSite\",\"@id\":\"https:\/\/pagina10.com\/web\/#website\",\"url\":\"https:\/\/pagina10.com\/web\/\",\"name\":\"P\u00e1gina10\",\"description\":\"Peri\u00f3dico Regional\",\"publisher\":{\"@id\":\"https:\/\/pagina10.com\/web\/#organization\"},\"alternateName\":\"P\u00e1gina10 Peri\u00f3dico Regional\",\"potentialAction\":[{\"@type\":\"SearchAction\",\"target\":{\"@type\":\"EntryPoint\",\"urlTemplate\":\"https:\/\/pagina10.com\/web\/?s={search_term_string}\"},\"query-input\":{\"@type\":\"PropertyValueSpecification\",\"valueRequired\":true,\"valueName\":\"search_term_string\"}}],\"inLanguage\":\"es\"},{\"@type\":\"Organization\",\"@id\":\"https:\/\/pagina10.com\/web\/#organization\",\"name\":\"P\u00e1gina10\",\"alternateName\":\"P\u00e1gina10 Peri\u00f3dico Regional\",\"url\":\"https:\/\/pagina10.com\/web\/\",\"logo\":{\"@type\":\"ImageObject\",\"inLanguage\":\"es\",\"@id\":\"https:\/\/pagina10.com\/web\/#\/schema\/logo\/image\/\",\"url\":\"https:\/\/pagina10.com\/web\/wp-content\/uploads\/2024\/01\/40-pagina-10-periodico-regional-pasto.jpg\",\"contentUrl\":\"https:\/\/pagina10.com\/web\/wp-content\/uploads\/2024\/01\/40-pagina-10-periodico-regional-pasto.jpg\",\"width\":1280,\"height\":720,\"caption\":\"P\u00e1gina10\"},\"image\":{\"@id\":\"https:\/\/pagina10.com\/web\/#\/schema\/logo\/image\/\"},\"sameAs\":[\"https:\/\/www.facebook.com\/pag10com\",\"https:\/\/x.com\/Pag10com\",\"https:\/\/www.instagram.com\/pagina10col\/\",\"https:\/\/youtube.com\/channel\/pag10\",\"https:\/\/www.tiktok.com\/@p10col\"]},{\"@type\":\"Person\",\"@id\":\"https:\/\/pagina10.com\/web\/#\/schema\/person\/2efc4a090d25b667d3bc796798a3a81b\",\"name\":\"P\u00e1gina 10\",\"description\":\"P\u00e1gina 10 es un peri\u00f3dico regional que nace en Colombia, en el departamento de Nari\u00f1o, con un enfoque global, fundamentado en cuatro pilares esenciales: la libertad, el pluralismo, la inclusi\u00f3n y la independencia. P\u00e1gina 10 hace referencia a Nari\u00f1o como el d\u00e9cimo departamento creado en Colombia, despu\u00e9s de un proceso pol\u00edtico liderado por actores y actrices regionales con el fin de obtener la independencia y autonom\u00eda de nuestros territorios. Con la creaci\u00f3n de P\u00e1gina 10 se pretende abrir un escenario para el dialogo, la reflexi\u00f3n y el debate que se extienda a otras geograf\u00edas de Am\u00e9rica Latina y del planeta, en una apuesta por transformar colectivamente los desaf\u00edos de un mundo contempor\u00e1neo, m\u00e1s all\u00e1 de las fronteras impuestas.\",\"url\":\"https:\/\/pagina10.com\/web\/author\/pdiezadmin\/\"}]}<\/script>\n<!-- \/ Yoast SEO plugin. -->","yoast_head_json":{"title":"$4.000 millones se invierten en agua potable y saneamiento b\u00e1sico en Pasto. Gobernaci\u00f3n de Nari\u00f1o aporta $2.000 millones | P\u00e1gina10","robots":{"index":"index","follow":"follow","max-snippet":"max-snippet:-1","max-image-preview":"max-image-preview:large","max-video-preview":"max-video-preview:-1"},"canonical":"https:\/\/pagina10.com\/web\/4-000-millones-se-invierten-en-agua-potable-y-saneamiento-basico-en-pasto-gobernacion-de-narino-aporta-2-000-millones\/","og_locale":"es_ES","og_type":"article","og_title":"$4.000 millones se invierten en agua potable y saneamiento b\u00e1sico en Pasto. Gobernaci\u00f3n de Nari\u00f1o aporta $2.000 millones | P\u00e1gina10","og_description":"El Gobernador de Nari\u00f1o, Jhon Rojas, junto al Plan Departamental de Agua de Nari\u00f1o, verifican las condiciones y el avance \u00f3ptimo de la obra de mejoramiento de las redes de acueducto y alcantarillado en el casco urbano, fase II, en el municipio de Pasto. Una de las obras m\u00e1s importantes en infraestructura, la ejecuta actualmente [&hellip;]","og_url":"https:\/\/pagina10.com\/web\/4-000-millones-se-invierten-en-agua-potable-y-saneamiento-basico-en-pasto-gobernacion-de-narino-aporta-2-000-millones\/","og_site_name":"P\u00e1gina10","article_publisher":"https:\/\/www.facebook.com\/pag10com","article_published_time":"2022-07-07T15:01:44+00:00","article_modified_time":"2022-07-20T15:03:41+00:00","og_image":[{"width":455,"height":288,"url":"https:\/\/pagina10.com\/web\/wp-content\/uploads\/2022\/07\/Captura-de-Pantalla-2022-07-20-a-las-5.02.50-p.-m..png","type":"image\/png"}],"author":"P\u00e1gina 10","twitter_card":"summary_large_image","twitter_creator":"@Pag10com","twitter_site":"@Pag10com","twitter_misc":{"Escrito por":"P\u00e1gina 10","Tiempo de lectura":"3 minutos"},"schema":{"@context":"https:\/\/schema.org","@graph":[{"@type":"Article","@id":"https:\/\/pagina10.com\/web\/4-000-millones-se-invierten-en-agua-potable-y-saneamiento-basico-en-pasto-gobernacion-de-narino-aporta-2-000-millones\/#article","isPartOf":{"@id":"https:\/\/pagina10.com\/web\/4-000-millones-se-invierten-en-agua-potable-y-saneamiento-basico-en-pasto-gobernacion-de-narino-aporta-2-000-millones\/"},"author":{"name":"P\u00e1gina 10","@id":"https:\/\/pagina10.com\/web\/#\/schema\/person\/2efc4a090d25b667d3bc796798a3a81b"},"headline":"$4.000 millones se invierten en agua potable y saneamiento b\u00e1sico en Pasto. Gobernaci\u00f3n de Nari\u00f1o aporta $2.000 millones","datePublished":"2022-07-07T15:01:44+00:00","dateModified":"2022-07-20T15:03:41+00:00","mainEntityOfPage":{"@id":"https:\/\/pagina10.com\/web\/4-000-millones-se-invierten-en-agua-potable-y-saneamiento-basico-en-pasto-gobernacion-de-narino-aporta-2-000-millones\/"},"wordCount":629,"commentCount":0,"publisher":{"@id":"https:\/\/pagina10.com\/web\/#organization"},"image":{"@id":"https:\/\/pagina10.com\/web\/4-000-millones-se-invierten-en-agua-potable-y-saneamiento-basico-en-pasto-gobernacion-de-narino-aporta-2-000-millones\/#primaryimage"},"thumbnailUrl":"https:\/\/pagina10.com\/web\/wp-content\/uploads\/2022\/07\/Captura-de-Pantalla-2022-07-20-a-las-5.02.50-p.-m..png","articleSection":["Ciudad"],"inLanguage":"es","potentialAction":[{"@type":"CommentAction","name":"Comment","target":["https:\/\/pagina10.com\/web\/4-000-millones-se-invierten-en-agua-potable-y-saneamiento-basico-en-pasto-gobernacion-de-narino-aporta-2-000-millones\/#respond"]}]},{"@type":"WebPage","@id":"https:\/\/pagina10.com\/web\/4-000-millones-se-invierten-en-agua-potable-y-saneamiento-basico-en-pasto-gobernacion-de-narino-aporta-2-000-millones\/","url":"https:\/\/pagina10.com\/web\/4-000-millones-se-invierten-en-agua-potable-y-saneamiento-basico-en-pasto-gobernacion-de-narino-aporta-2-000-millones\/","name":"$4.000 millones se invierten en agua potable y saneamiento b\u00e1sico en Pasto. Gobernaci\u00f3n de Nari\u00f1o aporta $2.000 millones | P\u00e1gina10","isPartOf":{"@id":"https:\/\/pagina10.com\/web\/#website"},"primaryImageOfPage":{"@id":"https:\/\/pagina10.com\/web\/4-000-millones-se-invierten-en-agua-potable-y-saneamiento-basico-en-pasto-gobernacion-de-narino-aporta-2-000-millones\/#primaryimage"},"image":{"@id":"https:\/\/pagina10.com\/web\/4-000-millones-se-invierten-en-agua-potable-y-saneamiento-basico-en-pasto-gobernacion-de-narino-aporta-2-000-millones\/#primaryimage"},"thumbnailUrl":"https:\/\/pagina10.com\/web\/wp-content\/uploads\/2022\/07\/Captura-de-Pantalla-2022-07-20-a-las-5.02.50-p.-m..png","datePublished":"2022-07-07T15:01:44+00:00","dateModified":"2022-07-20T15:03:41+00:00","breadcrumb":{"@id":"https:\/\/pagina10.com\/web\/4-000-millones-se-invierten-en-agua-potable-y-saneamiento-basico-en-pasto-gobernacion-de-narino-aporta-2-000-millones\/#breadcrumb"},"inLanguage":"es","potentialAction":[{"@type":"ReadAction","target":["https:\/\/pagina10.com\/web\/4-000-millones-se-invierten-en-agua-potable-y-saneamiento-basico-en-pasto-gobernacion-de-narino-aporta-2-000-millones\/"]}]},{"@type":"ImageObject","inLanguage":"es","@id":"https:\/\/pagina10.com\/web\/4-000-millones-se-invierten-en-agua-potable-y-saneamiento-basico-en-pasto-gobernacion-de-narino-aporta-2-000-millones\/#primaryimage","url":"https:\/\/pagina10.com\/web\/wp-content\/uploads\/2022\/07\/Captura-de-Pantalla-2022-07-20-a-las-5.02.50-p.-m..png","contentUrl":"https:\/\/pagina10.com\/web\/wp-content\/uploads\/2022\/07\/Captura-de-Pantalla-2022-07-20-a-las-5.02.50-p.-m..png","width":455,"height":288},{"@type":"BreadcrumbList","@id":"https:\/\/pagina10.com\/web\/4-000-millones-se-invierten-en-agua-potable-y-saneamiento-basico-en-pasto-gobernacion-de-narino-aporta-2-000-millones\/#breadcrumb","itemListElement":[{"@type":"ListItem","position":1,"name":"Portada","item":"https:\/\/pagina10.com\/web\/"},{"@type":"ListItem","position":2,"name":"$4.000 millones se invierten en agua potable y saneamiento b\u00e1sico en Pasto. Gobernaci\u00f3n de Nari\u00f1o aporta $2.000 millones"}]},{"@type":"WebSite","@id":"https:\/\/pagina10.com\/web\/#website","url":"https:\/\/pagina10.com\/web\/","name":"P\u00e1gina10","description":"Peri\u00f3dico Regional","publisher":{"@id":"https:\/\/pagina10.com\/web\/#organization"},"alternateName":"P\u00e1gina10 Peri\u00f3dico Regional","potentialAction":[{"@type":"SearchAction","target":{"@type":"EntryPoint","urlTemplate":"https:\/\/pagina10.com\/web\/?s={search_term_string}"},"query-input":{"@type":"PropertyValueSpecification","valueRequired":true,"valueName":"search_term_string"}}],"inLanguage":"es"},{"@type":"Organization","@id":"https:\/\/pagina10.com\/web\/#organization","name":"P\u00e1gina10","alternateName":"P\u00e1gina10 Peri\u00f3dico Regional","url":"https:\/\/pagina10.com\/web\/","logo":{"@type":"ImageObject","inLanguage":"es","@id":"https:\/\/pagina10.com\/web\/#\/schema\/logo\/image\/","url":"https:\/\/pagina10.com\/web\/wp-content\/uploads\/2024\/01\/40-pagina-10-periodico-regional-pasto.jpg","contentUrl":"https:\/\/pagina10.com\/web\/wp-content\/uploads\/2024\/01\/40-pagina-10-periodico-regional-pasto.jpg","width":1280,"height":720,"caption":"P\u00e1gina10"},"image":{"@id":"https:\/\/pagina10.com\/web\/#\/schema\/logo\/image\/"},"sameAs":["https:\/\/www.facebook.com\/pag10com","https:\/\/x.com\/Pag10com","https:\/\/www.instagram.com\/pagina10col\/","https:\/\/youtube.com\/channel\/pag10","https:\/\/www.tiktok.com\/@p10col"]},{"@type":"Person","@id":"https:\/\/pagina10.com\/web\/#\/schema\/person\/2efc4a090d25b667d3bc796798a3a81b","name":"P\u00e1gina 10","description":"P\u00e1gina 10 es un peri\u00f3dico regional que nace en Colombia, en el departamento de Nari\u00f1o, con un enfoque global, fundamentado en cuatro pilares esenciales: la libertad, el pluralismo, la inclusi\u00f3n y la independencia. P\u00e1gina 10 hace referencia a Nari\u00f1o como el d\u00e9cimo departamento creado en Colombia, despu\u00e9s de un proceso pol\u00edtico liderado por actores y actrices regionales con el fin de obtener la independencia y autonom\u00eda de nuestros territorios. Con la creaci\u00f3n de P\u00e1gina 10 se pretende abrir un escenario para el dialogo, la reflexi\u00f3n y el debate que se extienda a otras geograf\u00edas de Am\u00e9rica Latina y del planeta, en una apuesta por transformar colectivamente los desaf\u00edos de un mundo contempor\u00e1neo, m\u00e1s all\u00e1 de las fronteras impuestas.","url":"https:\/\/pagina10.com\/web\/author\/pdiezadmin\/"}]}},"_links":{"self":[{"href":"https:\/\/pagina10.com\/web\/wp-json\/wp\/v2\/posts\/60548","targetHints":{"allow":["GET"]}}],"collection":[{"href":"https:\/\/pagina10.com\/web\/wp-json\/wp\/v2\/posts"}],"about":[{"href":"https:\/\/pagina10.com\/web\/wp-json\/wp\/v2\/types\/post"}],"author":[{"embeddable":true,"href":"https:\/\/pagina10.com\/web\/wp-json\/wp\/v2\/users\/1"}],"replies":[{"embeddable":true,"href":"https:\/\/pagina10.com\/web\/wp-json\/wp\/v2\/comments?post=60548"}],"version-history":[{"count":1,"href":"https:\/\/pagina10.com\/web\/wp-json\/wp\/v2\/posts\/60548\/revisions"}],"predecessor-version":[{"id":60550,"href":"https:\/\/pagina10.com\/web\/wp-json\/wp\/v2\/posts\/60548\/revisions\/60550"}],"wp:featuredmedia":[{"embeddable":true,"href":"https:\/\/pagina10.com\/web\/wp-json\/wp\/v2\/media\/60549"}],"wp:attachment":[{"href":"https:\/\/pagina10.com\/web\/wp-json\/wp\/v2\/media?parent=60548"}],"wp:term":[{"taxonomy":"category","embeddable":true,"href":"https:\/\/pagina10.com\/web\/wp-json\/wp\/v2\/categories?post=60548"},{"taxonomy":"post_tag","embeddable":true,"href":"https:\/\/pagina10.com\/web\/wp-json\/wp\/v2\/tags?post=60548"}],"curies":[{"name":"wp","href":"https:\/\/api.w.org\/{rel}","templated":true}]}}