{"id":60569,"date":"2022-07-20T16:06:10","date_gmt":"2022-07-20T21:06:10","guid":{"rendered":"https:\/\/pagina10.com\/web\/?p=60569"},"modified":"2022-07-20T16:06:10","modified_gmt":"2022-07-20T21:06:10","slug":"concejo-de-pasto-regresa-a-presenciales-el-25-de-julio","status":"publish","type":"post","link":"https:\/\/pagina10.com\/web\/concejo-de-pasto-regresa-a-presenciales-el-25-de-julio\/","title":{"rendered":"Concejo de Pasto regresa a presenciales el 25 de julio"},"content":{"rendered":"<p style=\"text-align: justify;\">En la tarde del lunes 25 de julio se inaugurar\u00e1 el nuevo sal\u00f3n de sesiones \u2018Ricardo Cer\u00f3n Salas\u2019 donde el Concejo de Pasto retomar\u00e1 la presencialidad luego de m\u00e1s de dos a\u00f1os de sesionar virtualmente. As\u00ed lo manifest\u00f3 el cabildante del Partido Conservador \u00c1lvaro Figueroa Mora.<\/p>\n<p style=\"text-align: justify;\">Seg\u00fan el concejal, la iniciativa de adecuar un recinto adecuado para el cabildo municipal surgi\u00f3 durante la presidencia de Gustavo N\u00fa\u00f1ez quien recibi\u00f3 el respaldo de los concejales Andr\u00e9s Meneses y Jos\u00e9 Henry Criollo, adem\u00e1s del Alcalde Germ\u00e1n Chamorro de la Rosa y el secretario general Orlando Ch\u00e1vez.<\/p>\n<p style=\"text-align: justify;\">Sobre las mejoras, Figueroa Mora afirm\u00f3 que las nuevas instalaciones contar\u00e1n con un amplio sal\u00f3n para sesionar, sala de prensa, y salones donde cada bancada podr\u00e1 atender los requerimientos de los ciudadanos. As\u00ed mismo, destac\u00f3 la implementaci\u00f3n de equipos de tecnolog\u00eda como micr\u00f3fonos y parlantes para adelantar las sesiones.<\/p>\n","protected":false},"excerpt":{"rendered":"<p>En la tarde del lunes 25 de julio se inaugurar\u00e1 el nuevo sal\u00f3n de sesiones \u2018Ricardo Cer\u00f3n Salas\u2019 donde el Concejo de Pasto retomar\u00e1 la presencialidad luego de m\u00e1s de dos a\u00f1os de sesionar virtualmente. As\u00ed lo manifest\u00f3 el cabildante del Partido Conservador \u00c1lvaro Figueroa Mora. Seg\u00fan el concejal, la iniciativa de adecuar un recinto [&hellip;]<\/p>\n","protected":false},"author":1,"featured_media":60570,"comment_status":"open","ping_status":"open","sticky":false,"template":"","format":"standard","meta":{"footnotes":""},"categories":[82],"tags":[],"class_list":["post-60569","post","type-post","status-publish","format-standard","has-post-thumbnail","hentry","category-ciudad-2"],"yoast_head":"<!-- This site is optimized with the Yoast SEO plugin v27.1.1 - https:\/\/yoast.com\/product\/yoast-seo-wordpress\/ -->\n<title>Concejo de Pasto regresa a presenciales el 25 de julio | P\u00e1gina10<\/title>\n<meta name=\"robots\" content=\"index, follow, max-snippet:-1, max-image-preview:large, max-video-preview:-1\" \/>\n<link rel=\"canonical\" href=\"https:\/\/pagina10.com\/web\/concejo-de-pasto-regresa-a-presenciales-el-25-de-julio\/\" \/>\n<meta property=\"og:locale\" content=\"es_ES\" \/>\n<meta property=\"og:type\" content=\"article\" \/>\n<meta property=\"og:title\" content=\"Concejo de Pasto regresa a presenciales el 25 de julio | P\u00e1gina10\" \/>\n<meta property=\"og:description\" content=\"En la tarde del lunes 25 de julio se inaugurar\u00e1 el nuevo sal\u00f3n de sesiones \u2018Ricardo Cer\u00f3n Salas\u2019 donde el Concejo de Pasto retomar\u00e1 la presencialidad luego de m\u00e1s de dos a\u00f1os de sesionar virtualmente. As\u00ed lo manifest\u00f3 el cabildante del Partido Conservador \u00c1lvaro Figueroa Mora. Seg\u00fan el concejal, la iniciativa de adecuar un recinto [&hellip;]\" \/>\n<meta property=\"og:url\" content=\"https:\/\/pagina10.com\/web\/concejo-de-pasto-regresa-a-presenciales-el-25-de-julio\/\" \/>\n<meta property=\"og:site_name\" content=\"P\u00e1gina10\" \/>\n<meta property=\"article:publisher\" content=\"https:\/\/www.facebook.com\/pag10com\" \/>\n<meta property=\"article:published_time\" content=\"2022-07-20T21:06:10+00:00\" \/>\n<meta property=\"og:image\" content=\"https:\/\/pagina10.com\/web\/wp-content\/uploads\/2022\/07\/bc0d104cceda94bc0828d3165841cf11-750x430-1.jpg\" \/>\n\t<meta property=\"og:image:width\" content=\"750\" \/>\n\t<meta property=\"og:image:height\" content=\"430\" \/>\n\t<meta property=\"og:image:type\" content=\"image\/jpeg\" \/>\n<meta name=\"author\" content=\"P\u00e1gina 10\" \/>\n<meta name=\"twitter:card\" content=\"summary_large_image\" \/>\n<meta name=\"twitter:creator\" content=\"@Pag10com\" \/>\n<meta name=\"twitter:site\" content=\"@Pag10com\" \/>\n<meta name=\"twitter:label1\" content=\"Escrito por\" \/>\n\t<meta name=\"twitter:data1\" content=\"P\u00e1gina 10\" \/>\n\t<meta name=\"twitter:label2\" content=\"Tiempo de lectura\" \/>\n\t<meta name=\"twitter:data2\" content=\"1 minuto\" \/>\n<script type=\"application\/ld+json\" class=\"yoast-schema-graph\">{\"@context\":\"https:\/\/schema.org\",\"@graph\":[{\"@type\":\"Article\",\"@id\":\"https:\/\/pagina10.com\/web\/concejo-de-pasto-regresa-a-presenciales-el-25-de-julio\/#article\",\"isPartOf\":{\"@id\":\"https:\/\/pagina10.com\/web\/concejo-de-pasto-regresa-a-presenciales-el-25-de-julio\/\"},\"author\":{\"name\":\"P\u00e1gina 10\",\"@id\":\"https:\/\/pagina10.com\/web\/#\/schema\/person\/2efc4a090d25b667d3bc796798a3a81b\"},\"headline\":\"Concejo de Pasto regresa a presenciales el 25 de julio\",\"datePublished\":\"2022-07-20T21:06:10+00:00\",\"mainEntityOfPage\":{\"@id\":\"https:\/\/pagina10.com\/web\/concejo-de-pasto-regresa-a-presenciales-el-25-de-julio\/\"},\"wordCount\":166,\"commentCount\":0,\"publisher\":{\"@id\":\"https:\/\/pagina10.com\/web\/#organization\"},\"image\":{\"@id\":\"https:\/\/pagina10.com\/web\/concejo-de-pasto-regresa-a-presenciales-el-25-de-julio\/#primaryimage\"},\"thumbnailUrl\":\"https:\/\/pagina10.com\/web\/wp-content\/uploads\/2022\/07\/bc0d104cceda94bc0828d3165841cf11-750x430-1.jpg\",\"articleSection\":[\"Ciudad\"],\"inLanguage\":\"es\",\"potentialAction\":[{\"@type\":\"CommentAction\",\"name\":\"Comment\",\"target\":[\"https:\/\/pagina10.com\/web\/concejo-de-pasto-regresa-a-presenciales-el-25-de-julio\/#respond\"]}]},{\"@type\":\"WebPage\",\"@id\":\"https:\/\/pagina10.com\/web\/concejo-de-pasto-regresa-a-presenciales-el-25-de-julio\/\",\"url\":\"https:\/\/pagina10.com\/web\/concejo-de-pasto-regresa-a-presenciales-el-25-de-julio\/\",\"name\":\"Concejo de Pasto regresa a presenciales el 25 de julio | P\u00e1gina10\",\"isPartOf\":{\"@id\":\"https:\/\/pagina10.com\/web\/#website\"},\"primaryImageOfPage\":{\"@id\":\"https:\/\/pagina10.com\/web\/concejo-de-pasto-regresa-a-presenciales-el-25-de-julio\/#primaryimage\"},\"image\":{\"@id\":\"https:\/\/pagina10.com\/web\/concejo-de-pasto-regresa-a-presenciales-el-25-de-julio\/#primaryimage\"},\"thumbnailUrl\":\"https:\/\/pagina10.com\/web\/wp-content\/uploads\/2022\/07\/bc0d104cceda94bc0828d3165841cf11-750x430-1.jpg\",\"datePublished\":\"2022-07-20T21:06:10+00:00\",\"breadcrumb\":{\"@id\":\"https:\/\/pagina10.com\/web\/concejo-de-pasto-regresa-a-presenciales-el-25-de-julio\/#breadcrumb\"},\"inLanguage\":\"es\",\"potentialAction\":[{\"@type\":\"ReadAction\",\"target\":[\"https:\/\/pagina10.com\/web\/concejo-de-pasto-regresa-a-presenciales-el-25-de-julio\/\"]}]},{\"@type\":\"ImageObject\",\"inLanguage\":\"es\",\"@id\":\"https:\/\/pagina10.com\/web\/concejo-de-pasto-regresa-a-presenciales-el-25-de-julio\/#primaryimage\",\"url\":\"https:\/\/pagina10.com\/web\/wp-content\/uploads\/2022\/07\/bc0d104cceda94bc0828d3165841cf11-750x430-1.jpg\",\"contentUrl\":\"https:\/\/pagina10.com\/web\/wp-content\/uploads\/2022\/07\/bc0d104cceda94bc0828d3165841cf11-750x430-1.jpg\",\"width\":750,\"height\":430},{\"@type\":\"BreadcrumbList\",\"@id\":\"https:\/\/pagina10.com\/web\/concejo-de-pasto-regresa-a-presenciales-el-25-de-julio\/#breadcrumb\",\"itemListElement\":[{\"@type\":\"ListItem\",\"position\":1,\"name\":\"Portada\",\"item\":\"https:\/\/pagina10.com\/web\/\"},{\"@type\":\"ListItem\",\"position\":2,\"name\":\"Concejo de Pasto regresa a presenciales el 25 de julio\"}]},{\"@type\":\"WebSite\",\"@id\":\"https:\/\/pagina10.com\/web\/#website\",\"url\":\"https:\/\/pagina10.com\/web\/\",\"name\":\"P\u00e1gina10\",\"description\":\"Peri\u00f3dico Regional\",\"publisher\":{\"@id\":\"https:\/\/pagina10.com\/web\/#organization\"},\"alternateName\":\"P\u00e1gina10 Peri\u00f3dico Regional\",\"potentialAction\":[{\"@type\":\"SearchAction\",\"target\":{\"@type\":\"EntryPoint\",\"urlTemplate\":\"https:\/\/pagina10.com\/web\/?s={search_term_string}\"},\"query-input\":{\"@type\":\"PropertyValueSpecification\",\"valueRequired\":true,\"valueName\":\"search_term_string\"}}],\"inLanguage\":\"es\"},{\"@type\":\"Organization\",\"@id\":\"https:\/\/pagina10.com\/web\/#organization\",\"name\":\"P\u00e1gina10\",\"alternateName\":\"P\u00e1gina10 Peri\u00f3dico Regional\",\"url\":\"https:\/\/pagina10.com\/web\/\",\"logo\":{\"@type\":\"ImageObject\",\"inLanguage\":\"es\",\"@id\":\"https:\/\/pagina10.com\/web\/#\/schema\/logo\/image\/\",\"url\":\"https:\/\/pagina10.com\/web\/wp-content\/uploads\/2024\/01\/40-pagina-10-periodico-regional-pasto.jpg\",\"contentUrl\":\"https:\/\/pagina10.com\/web\/wp-content\/uploads\/2024\/01\/40-pagina-10-periodico-regional-pasto.jpg\",\"width\":1280,\"height\":720,\"caption\":\"P\u00e1gina10\"},\"image\":{\"@id\":\"https:\/\/pagina10.com\/web\/#\/schema\/logo\/image\/\"},\"sameAs\":[\"https:\/\/www.facebook.com\/pag10com\",\"https:\/\/x.com\/Pag10com\",\"https:\/\/www.instagram.com\/pagina10col\/\",\"https:\/\/youtube.com\/channel\/pag10\",\"https:\/\/www.tiktok.com\/@p10col\"]},{\"@type\":\"Person\",\"@id\":\"https:\/\/pagina10.com\/web\/#\/schema\/person\/2efc4a090d25b667d3bc796798a3a81b\",\"name\":\"P\u00e1gina 10\",\"description\":\"P\u00e1gina 10 es un peri\u00f3dico regional que nace en Colombia, en el departamento de Nari\u00f1o, con un enfoque global, fundamentado en cuatro pilares esenciales: la libertad, el pluralismo, la inclusi\u00f3n y la independencia. P\u00e1gina 10 hace referencia a Nari\u00f1o como el d\u00e9cimo departamento creado en Colombia, despu\u00e9s de un proceso pol\u00edtico liderado por actores y actrices regionales con el fin de obtener la independencia y autonom\u00eda de nuestros territorios. Con la creaci\u00f3n de P\u00e1gina 10 se pretende abrir un escenario para el dialogo, la reflexi\u00f3n y el debate que se extienda a otras geograf\u00edas de Am\u00e9rica Latina y del planeta, en una apuesta por transformar colectivamente los desaf\u00edos de un mundo contempor\u00e1neo, m\u00e1s all\u00e1 de las fronteras impuestas.\",\"url\":\"https:\/\/pagina10.com\/web\/author\/pdiezadmin\/\"}]}<\/script>\n<!-- \/ Yoast SEO plugin. -->","yoast_head_json":{"title":"Concejo de Pasto regresa a presenciales el 25 de julio | P\u00e1gina10","robots":{"index":"index","follow":"follow","max-snippet":"max-snippet:-1","max-image-preview":"max-image-preview:large","max-video-preview":"max-video-preview:-1"},"canonical":"https:\/\/pagina10.com\/web\/concejo-de-pasto-regresa-a-presenciales-el-25-de-julio\/","og_locale":"es_ES","og_type":"article","og_title":"Concejo de Pasto regresa a presenciales el 25 de julio | P\u00e1gina10","og_description":"En la tarde del lunes 25 de julio se inaugurar\u00e1 el nuevo sal\u00f3n de sesiones \u2018Ricardo Cer\u00f3n Salas\u2019 donde el Concejo de Pasto retomar\u00e1 la presencialidad luego de m\u00e1s de dos a\u00f1os de sesionar virtualmente. As\u00ed lo manifest\u00f3 el cabildante del Partido Conservador \u00c1lvaro Figueroa Mora. Seg\u00fan el concejal, la iniciativa de adecuar un recinto [&hellip;]","og_url":"https:\/\/pagina10.com\/web\/concejo-de-pasto-regresa-a-presenciales-el-25-de-julio\/","og_site_name":"P\u00e1gina10","article_publisher":"https:\/\/www.facebook.com\/pag10com","article_published_time":"2022-07-20T21:06:10+00:00","og_image":[{"width":750,"height":430,"url":"https:\/\/pagina10.com\/web\/wp-content\/uploads\/2022\/07\/bc0d104cceda94bc0828d3165841cf11-750x430-1.jpg","type":"image\/jpeg"}],"author":"P\u00e1gina 10","twitter_card":"summary_large_image","twitter_creator":"@Pag10com","twitter_site":"@Pag10com","twitter_misc":{"Escrito por":"P\u00e1gina 10","Tiempo de lectura":"1 minuto"},"schema":{"@context":"https:\/\/schema.org","@graph":[{"@type":"Article","@id":"https:\/\/pagina10.com\/web\/concejo-de-pasto-regresa-a-presenciales-el-25-de-julio\/#article","isPartOf":{"@id":"https:\/\/pagina10.com\/web\/concejo-de-pasto-regresa-a-presenciales-el-25-de-julio\/"},"author":{"name":"P\u00e1gina 10","@id":"https:\/\/pagina10.com\/web\/#\/schema\/person\/2efc4a090d25b667d3bc796798a3a81b"},"headline":"Concejo de Pasto regresa a presenciales el 25 de julio","datePublished":"2022-07-20T21:06:10+00:00","mainEntityOfPage":{"@id":"https:\/\/pagina10.com\/web\/concejo-de-pasto-regresa-a-presenciales-el-25-de-julio\/"},"wordCount":166,"commentCount":0,"publisher":{"@id":"https:\/\/pagina10.com\/web\/#organization"},"image":{"@id":"https:\/\/pagina10.com\/web\/concejo-de-pasto-regresa-a-presenciales-el-25-de-julio\/#primaryimage"},"thumbnailUrl":"https:\/\/pagina10.com\/web\/wp-content\/uploads\/2022\/07\/bc0d104cceda94bc0828d3165841cf11-750x430-1.jpg","articleSection":["Ciudad"],"inLanguage":"es","potentialAction":[{"@type":"CommentAction","name":"Comment","target":["https:\/\/pagina10.com\/web\/concejo-de-pasto-regresa-a-presenciales-el-25-de-julio\/#respond"]}]},{"@type":"WebPage","@id":"https:\/\/pagina10.com\/web\/concejo-de-pasto-regresa-a-presenciales-el-25-de-julio\/","url":"https:\/\/pagina10.com\/web\/concejo-de-pasto-regresa-a-presenciales-el-25-de-julio\/","name":"Concejo de Pasto regresa a presenciales el 25 de julio | P\u00e1gina10","isPartOf":{"@id":"https:\/\/pagina10.com\/web\/#website"},"primaryImageOfPage":{"@id":"https:\/\/pagina10.com\/web\/concejo-de-pasto-regresa-a-presenciales-el-25-de-julio\/#primaryimage"},"image":{"@id":"https:\/\/pagina10.com\/web\/concejo-de-pasto-regresa-a-presenciales-el-25-de-julio\/#primaryimage"},"thumbnailUrl":"https:\/\/pagina10.com\/web\/wp-content\/uploads\/2022\/07\/bc0d104cceda94bc0828d3165841cf11-750x430-1.jpg","datePublished":"2022-07-20T21:06:10+00:00","breadcrumb":{"@id":"https:\/\/pagina10.com\/web\/concejo-de-pasto-regresa-a-presenciales-el-25-de-julio\/#breadcrumb"},"inLanguage":"es","potentialAction":[{"@type":"ReadAction","target":["https:\/\/pagina10.com\/web\/concejo-de-pasto-regresa-a-presenciales-el-25-de-julio\/"]}]},{"@type":"ImageObject","inLanguage":"es","@id":"https:\/\/pagina10.com\/web\/concejo-de-pasto-regresa-a-presenciales-el-25-de-julio\/#primaryimage","url":"https:\/\/pagina10.com\/web\/wp-content\/uploads\/2022\/07\/bc0d104cceda94bc0828d3165841cf11-750x430-1.jpg","contentUrl":"https:\/\/pagina10.com\/web\/wp-content\/uploads\/2022\/07\/bc0d104cceda94bc0828d3165841cf11-750x430-1.jpg","width":750,"height":430},{"@type":"BreadcrumbList","@id":"https:\/\/pagina10.com\/web\/concejo-de-pasto-regresa-a-presenciales-el-25-de-julio\/#breadcrumb","itemListElement":[{"@type":"ListItem","position":1,"name":"Portada","item":"https:\/\/pagina10.com\/web\/"},{"@type":"ListItem","position":2,"name":"Concejo de Pasto regresa a presenciales el 25 de julio"}]},{"@type":"WebSite","@id":"https:\/\/pagina10.com\/web\/#website","url":"https:\/\/pagina10.com\/web\/","name":"P\u00e1gina10","description":"Peri\u00f3dico Regional","publisher":{"@id":"https:\/\/pagina10.com\/web\/#organization"},"alternateName":"P\u00e1gina10 Peri\u00f3dico Regional","potentialAction":[{"@type":"SearchAction","target":{"@type":"EntryPoint","urlTemplate":"https:\/\/pagina10.com\/web\/?s={search_term_string}"},"query-input":{"@type":"PropertyValueSpecification","valueRequired":true,"valueName":"search_term_string"}}],"inLanguage":"es"},{"@type":"Organization","@id":"https:\/\/pagina10.com\/web\/#organization","name":"P\u00e1gina10","alternateName":"P\u00e1gina10 Peri\u00f3dico Regional","url":"https:\/\/pagina10.com\/web\/","logo":{"@type":"ImageObject","inLanguage":"es","@id":"https:\/\/pagina10.com\/web\/#\/schema\/logo\/image\/","url":"https:\/\/pagina10.com\/web\/wp-content\/uploads\/2024\/01\/40-pagina-10-periodico-regional-pasto.jpg","contentUrl":"https:\/\/pagina10.com\/web\/wp-content\/uploads\/2024\/01\/40-pagina-10-periodico-regional-pasto.jpg","width":1280,"height":720,"caption":"P\u00e1gina10"},"image":{"@id":"https:\/\/pagina10.com\/web\/#\/schema\/logo\/image\/"},"sameAs":["https:\/\/www.facebook.com\/pag10com","https:\/\/x.com\/Pag10com","https:\/\/www.instagram.com\/pagina10col\/","https:\/\/youtube.com\/channel\/pag10","https:\/\/www.tiktok.com\/@p10col"]},{"@type":"Person","@id":"https:\/\/pagina10.com\/web\/#\/schema\/person\/2efc4a090d25b667d3bc796798a3a81b","name":"P\u00e1gina 10","description":"P\u00e1gina 10 es un peri\u00f3dico regional que nace en Colombia, en el departamento de Nari\u00f1o, con un enfoque global, fundamentado en cuatro pilares esenciales: la libertad, el pluralismo, la inclusi\u00f3n y la independencia. P\u00e1gina 10 hace referencia a Nari\u00f1o como el d\u00e9cimo departamento creado en Colombia, despu\u00e9s de un proceso pol\u00edtico liderado por actores y actrices regionales con el fin de obtener la independencia y autonom\u00eda de nuestros territorios. Con la creaci\u00f3n de P\u00e1gina 10 se pretende abrir un escenario para el dialogo, la reflexi\u00f3n y el debate que se extienda a otras geograf\u00edas de Am\u00e9rica Latina y del planeta, en una apuesta por transformar colectivamente los desaf\u00edos de un mundo contempor\u00e1neo, m\u00e1s all\u00e1 de las fronteras impuestas.","url":"https:\/\/pagina10.com\/web\/author\/pdiezadmin\/"}]}},"_links":{"self":[{"href":"https:\/\/pagina10.com\/web\/wp-json\/wp\/v2\/posts\/60569","targetHints":{"allow":["GET"]}}],"collection":[{"href":"https:\/\/pagina10.com\/web\/wp-json\/wp\/v2\/posts"}],"about":[{"href":"https:\/\/pagina10.com\/web\/wp-json\/wp\/v2\/types\/post"}],"author":[{"embeddable":true,"href":"https:\/\/pagina10.com\/web\/wp-json\/wp\/v2\/users\/1"}],"replies":[{"embeddable":true,"href":"https:\/\/pagina10.com\/web\/wp-json\/wp\/v2\/comments?post=60569"}],"version-history":[{"count":1,"href":"https:\/\/pagina10.com\/web\/wp-json\/wp\/v2\/posts\/60569\/revisions"}],"predecessor-version":[{"id":60571,"href":"https:\/\/pagina10.com\/web\/wp-json\/wp\/v2\/posts\/60569\/revisions\/60571"}],"wp:featuredmedia":[{"embeddable":true,"href":"https:\/\/pagina10.com\/web\/wp-json\/wp\/v2\/media\/60570"}],"wp:attachment":[{"href":"https:\/\/pagina10.com\/web\/wp-json\/wp\/v2\/media?parent=60569"}],"wp:term":[{"taxonomy":"category","embeddable":true,"href":"https:\/\/pagina10.com\/web\/wp-json\/wp\/v2\/categories?post=60569"},{"taxonomy":"post_tag","embeddable":true,"href":"https:\/\/pagina10.com\/web\/wp-json\/wp\/v2\/tags?post=60569"}],"curies":[{"name":"wp","href":"https:\/\/api.w.org\/{rel}","templated":true}]}}