{"id":60572,"date":"2022-07-20T16:30:29","date_gmt":"2022-07-20T21:30:29","guid":{"rendered":"https:\/\/pagina10.com\/web\/?p=60572"},"modified":"2022-07-20T16:09:27","modified_gmt":"2022-07-20T21:09:27","slug":"contraloria-inspeccionara-avance-de-obras-en-narino","status":"publish","type":"post","link":"https:\/\/pagina10.com\/web\/contraloria-inspeccionara-avance-de-obras-en-narino\/","title":{"rendered":"Contralor\u00eda inspeccionar\u00e1 avance de obras en Nari\u00f1o"},"content":{"rendered":"<p style=\"text-align: justify;\">Una delegaci\u00f3n especial de la Contralor\u00eda visita desde el lunes 18 y hasta el s\u00e1bado 30 de julio el departamento de Nari\u00f1o, para realizar tareas de control preventivo en obras adelantadas en 11 municipios, incluyendo la ciudad de Pasto.<\/p>\n<p style=\"text-align: justify;\">Esta visita se realiza en el marco de la estrategia conocida como Contralor\u00eda M\u00f3vil, con la cual se ha recorrido buena parte del pa\u00eds con el objeto de buscar el rescate de elefantes blancos y comprometer a la ciudadan\u00eda con el control social a los recursos p\u00fablicos<\/p>\n<p style=\"text-align: justify;\">El recorrido que comenz\u00f3 en el municipio de Cumbal, seguir\u00e1 ma\u00f1ana en Guachucal y despu\u00e9s se trasladar\u00e1 hasta Imu\u00e9s, Pasto, San Pablo, La Cruz, La Uni\u00f3n, Arboleda, Alb\u00e1n y Buesaco.<\/p>\n<p style=\"text-align: justify;\">La idea, como lo ha manifestado el Contralor General, Felipe C\u00f3rdoba, es invitar a los colombianos a que se conviertan en guardianes de los recursos p\u00fablicos y denuncien irregularidades en contratos y obras.<\/p>\n","protected":false},"excerpt":{"rendered":"<p>Una delegaci\u00f3n especial de la Contralor\u00eda visita desde el lunes 18 y hasta el s\u00e1bado 30 de julio el departamento de Nari\u00f1o, para realizar tareas de control preventivo en obras adelantadas en 11 municipios, incluyendo la ciudad de Pasto. Esta visita se realiza en el marco de la estrategia conocida como Contralor\u00eda M\u00f3vil, con la [&hellip;]<\/p>\n","protected":false},"author":1,"featured_media":60573,"comment_status":"open","ping_status":"open","sticky":false,"template":"","format":"standard","meta":{"footnotes":""},"categories":[53],"tags":[],"class_list":["post-60572","post","type-post","status-publish","format-standard","has-post-thumbnail","hentry","category-regiones"],"yoast_head":"<!-- This site is optimized with the Yoast SEO plugin v27.1.1 - https:\/\/yoast.com\/product\/yoast-seo-wordpress\/ -->\n<title>Contralor\u00eda inspeccionar\u00e1 avance de obras en Nari\u00f1o | P\u00e1gina10<\/title>\n<meta name=\"robots\" content=\"index, follow, max-snippet:-1, max-image-preview:large, max-video-preview:-1\" \/>\n<link rel=\"canonical\" href=\"https:\/\/pagina10.com\/web\/contraloria-inspeccionara-avance-de-obras-en-narino\/\" \/>\n<meta property=\"og:locale\" content=\"es_ES\" \/>\n<meta property=\"og:type\" content=\"article\" \/>\n<meta property=\"og:title\" content=\"Contralor\u00eda inspeccionar\u00e1 avance de obras en Nari\u00f1o | P\u00e1gina10\" \/>\n<meta property=\"og:description\" content=\"Una delegaci\u00f3n especial de la Contralor\u00eda visita desde el lunes 18 y hasta el s\u00e1bado 30 de julio el departamento de Nari\u00f1o, para realizar tareas de control preventivo en obras adelantadas en 11 municipios, incluyendo la ciudad de Pasto. Esta visita se realiza en el marco de la estrategia conocida como Contralor\u00eda M\u00f3vil, con la [&hellip;]\" \/>\n<meta property=\"og:url\" content=\"https:\/\/pagina10.com\/web\/contraloria-inspeccionara-avance-de-obras-en-narino\/\" \/>\n<meta property=\"og:site_name\" content=\"P\u00e1gina10\" \/>\n<meta property=\"article:publisher\" content=\"https:\/\/www.facebook.com\/pag10com\" \/>\n<meta property=\"article:published_time\" content=\"2022-07-20T21:30:29+00:00\" \/>\n<meta property=\"og:image\" content=\"https:\/\/pagina10.com\/web\/wp-content\/uploads\/2022\/07\/7_18_2022_96_MovilNarino_CLIC.jpg\" \/>\n\t<meta property=\"og:image:width\" content=\"1029\" \/>\n\t<meta property=\"og:image:height\" content=\"525\" \/>\n\t<meta property=\"og:image:type\" content=\"image\/jpeg\" \/>\n<meta name=\"author\" content=\"P\u00e1gina 10\" \/>\n<meta name=\"twitter:card\" content=\"summary_large_image\" \/>\n<meta name=\"twitter:creator\" content=\"@Pag10com\" \/>\n<meta name=\"twitter:site\" content=\"@Pag10com\" \/>\n<meta name=\"twitter:label1\" content=\"Escrito por\" \/>\n\t<meta name=\"twitter:data1\" content=\"P\u00e1gina 10\" \/>\n\t<meta name=\"twitter:label2\" content=\"Tiempo de lectura\" \/>\n\t<meta name=\"twitter:data2\" content=\"1 minuto\" \/>\n<script type=\"application\/ld+json\" class=\"yoast-schema-graph\">{\"@context\":\"https:\/\/schema.org\",\"@graph\":[{\"@type\":\"Article\",\"@id\":\"https:\/\/pagina10.com\/web\/contraloria-inspeccionara-avance-de-obras-en-narino\/#article\",\"isPartOf\":{\"@id\":\"https:\/\/pagina10.com\/web\/contraloria-inspeccionara-avance-de-obras-en-narino\/\"},\"author\":{\"name\":\"P\u00e1gina 10\",\"@id\":\"https:\/\/pagina10.com\/web\/#\/schema\/person\/2efc4a090d25b667d3bc796798a3a81b\"},\"headline\":\"Contralor\u00eda inspeccionar\u00e1 avance de obras en Nari\u00f1o\",\"datePublished\":\"2022-07-20T21:30:29+00:00\",\"mainEntityOfPage\":{\"@id\":\"https:\/\/pagina10.com\/web\/contraloria-inspeccionara-avance-de-obras-en-narino\/\"},\"wordCount\":171,\"commentCount\":0,\"publisher\":{\"@id\":\"https:\/\/pagina10.com\/web\/#organization\"},\"image\":{\"@id\":\"https:\/\/pagina10.com\/web\/contraloria-inspeccionara-avance-de-obras-en-narino\/#primaryimage\"},\"thumbnailUrl\":\"https:\/\/pagina10.com\/web\/wp-content\/uploads\/2022\/07\/7_18_2022_96_MovilNarino_CLIC.jpg\",\"articleSection\":[\"Regiones\"],\"inLanguage\":\"es\",\"potentialAction\":[{\"@type\":\"CommentAction\",\"name\":\"Comment\",\"target\":[\"https:\/\/pagina10.com\/web\/contraloria-inspeccionara-avance-de-obras-en-narino\/#respond\"]}]},{\"@type\":\"WebPage\",\"@id\":\"https:\/\/pagina10.com\/web\/contraloria-inspeccionara-avance-de-obras-en-narino\/\",\"url\":\"https:\/\/pagina10.com\/web\/contraloria-inspeccionara-avance-de-obras-en-narino\/\",\"name\":\"Contralor\u00eda inspeccionar\u00e1 avance de obras en Nari\u00f1o | P\u00e1gina10\",\"isPartOf\":{\"@id\":\"https:\/\/pagina10.com\/web\/#website\"},\"primaryImageOfPage\":{\"@id\":\"https:\/\/pagina10.com\/web\/contraloria-inspeccionara-avance-de-obras-en-narino\/#primaryimage\"},\"image\":{\"@id\":\"https:\/\/pagina10.com\/web\/contraloria-inspeccionara-avance-de-obras-en-narino\/#primaryimage\"},\"thumbnailUrl\":\"https:\/\/pagina10.com\/web\/wp-content\/uploads\/2022\/07\/7_18_2022_96_MovilNarino_CLIC.jpg\",\"datePublished\":\"2022-07-20T21:30:29+00:00\",\"breadcrumb\":{\"@id\":\"https:\/\/pagina10.com\/web\/contraloria-inspeccionara-avance-de-obras-en-narino\/#breadcrumb\"},\"inLanguage\":\"es\",\"potentialAction\":[{\"@type\":\"ReadAction\",\"target\":[\"https:\/\/pagina10.com\/web\/contraloria-inspeccionara-avance-de-obras-en-narino\/\"]}]},{\"@type\":\"ImageObject\",\"inLanguage\":\"es\",\"@id\":\"https:\/\/pagina10.com\/web\/contraloria-inspeccionara-avance-de-obras-en-narino\/#primaryimage\",\"url\":\"https:\/\/pagina10.com\/web\/wp-content\/uploads\/2022\/07\/7_18_2022_96_MovilNarino_CLIC.jpg\",\"contentUrl\":\"https:\/\/pagina10.com\/web\/wp-content\/uploads\/2022\/07\/7_18_2022_96_MovilNarino_CLIC.jpg\",\"width\":1029,\"height\":525},{\"@type\":\"BreadcrumbList\",\"@id\":\"https:\/\/pagina10.com\/web\/contraloria-inspeccionara-avance-de-obras-en-narino\/#breadcrumb\",\"itemListElement\":[{\"@type\":\"ListItem\",\"position\":1,\"name\":\"Portada\",\"item\":\"https:\/\/pagina10.com\/web\/\"},{\"@type\":\"ListItem\",\"position\":2,\"name\":\"Contralor\u00eda inspeccionar\u00e1 avance de obras en Nari\u00f1o\"}]},{\"@type\":\"WebSite\",\"@id\":\"https:\/\/pagina10.com\/web\/#website\",\"url\":\"https:\/\/pagina10.com\/web\/\",\"name\":\"P\u00e1gina10\",\"description\":\"Peri\u00f3dico Regional\",\"publisher\":{\"@id\":\"https:\/\/pagina10.com\/web\/#organization\"},\"alternateName\":\"P\u00e1gina10 Peri\u00f3dico Regional\",\"potentialAction\":[{\"@type\":\"SearchAction\",\"target\":{\"@type\":\"EntryPoint\",\"urlTemplate\":\"https:\/\/pagina10.com\/web\/?s={search_term_string}\"},\"query-input\":{\"@type\":\"PropertyValueSpecification\",\"valueRequired\":true,\"valueName\":\"search_term_string\"}}],\"inLanguage\":\"es\"},{\"@type\":\"Organization\",\"@id\":\"https:\/\/pagina10.com\/web\/#organization\",\"name\":\"P\u00e1gina10\",\"alternateName\":\"P\u00e1gina10 Peri\u00f3dico Regional\",\"url\":\"https:\/\/pagina10.com\/web\/\",\"logo\":{\"@type\":\"ImageObject\",\"inLanguage\":\"es\",\"@id\":\"https:\/\/pagina10.com\/web\/#\/schema\/logo\/image\/\",\"url\":\"https:\/\/pagina10.com\/web\/wp-content\/uploads\/2024\/01\/40-pagina-10-periodico-regional-pasto.jpg\",\"contentUrl\":\"https:\/\/pagina10.com\/web\/wp-content\/uploads\/2024\/01\/40-pagina-10-periodico-regional-pasto.jpg\",\"width\":1280,\"height\":720,\"caption\":\"P\u00e1gina10\"},\"image\":{\"@id\":\"https:\/\/pagina10.com\/web\/#\/schema\/logo\/image\/\"},\"sameAs\":[\"https:\/\/www.facebook.com\/pag10com\",\"https:\/\/x.com\/Pag10com\",\"https:\/\/www.instagram.com\/pagina10col\/\",\"https:\/\/youtube.com\/channel\/pag10\",\"https:\/\/www.tiktok.com\/@p10col\"]},{\"@type\":\"Person\",\"@id\":\"https:\/\/pagina10.com\/web\/#\/schema\/person\/2efc4a090d25b667d3bc796798a3a81b\",\"name\":\"P\u00e1gina 10\",\"description\":\"P\u00e1gina 10 es un peri\u00f3dico regional que nace en Colombia, en el departamento de Nari\u00f1o, con un enfoque global, fundamentado en cuatro pilares esenciales: la libertad, el pluralismo, la inclusi\u00f3n y la independencia. P\u00e1gina 10 hace referencia a Nari\u00f1o como el d\u00e9cimo departamento creado en Colombia, despu\u00e9s de un proceso pol\u00edtico liderado por actores y actrices regionales con el fin de obtener la independencia y autonom\u00eda de nuestros territorios. Con la creaci\u00f3n de P\u00e1gina 10 se pretende abrir un escenario para el dialogo, la reflexi\u00f3n y el debate que se extienda a otras geograf\u00edas de Am\u00e9rica Latina y del planeta, en una apuesta por transformar colectivamente los desaf\u00edos de un mundo contempor\u00e1neo, m\u00e1s all\u00e1 de las fronteras impuestas.\",\"url\":\"https:\/\/pagina10.com\/web\/author\/pdiezadmin\/\"}]}<\/script>\n<!-- \/ Yoast SEO plugin. -->","yoast_head_json":{"title":"Contralor\u00eda inspeccionar\u00e1 avance de obras en Nari\u00f1o | P\u00e1gina10","robots":{"index":"index","follow":"follow","max-snippet":"max-snippet:-1","max-image-preview":"max-image-preview:large","max-video-preview":"max-video-preview:-1"},"canonical":"https:\/\/pagina10.com\/web\/contraloria-inspeccionara-avance-de-obras-en-narino\/","og_locale":"es_ES","og_type":"article","og_title":"Contralor\u00eda inspeccionar\u00e1 avance de obras en Nari\u00f1o | P\u00e1gina10","og_description":"Una delegaci\u00f3n especial de la Contralor\u00eda visita desde el lunes 18 y hasta el s\u00e1bado 30 de julio el departamento de Nari\u00f1o, para realizar tareas de control preventivo en obras adelantadas en 11 municipios, incluyendo la ciudad de Pasto. Esta visita se realiza en el marco de la estrategia conocida como Contralor\u00eda M\u00f3vil, con la [&hellip;]","og_url":"https:\/\/pagina10.com\/web\/contraloria-inspeccionara-avance-de-obras-en-narino\/","og_site_name":"P\u00e1gina10","article_publisher":"https:\/\/www.facebook.com\/pag10com","article_published_time":"2022-07-20T21:30:29+00:00","og_image":[{"width":1029,"height":525,"url":"https:\/\/pagina10.com\/web\/wp-content\/uploads\/2022\/07\/7_18_2022_96_MovilNarino_CLIC.jpg","type":"image\/jpeg"}],"author":"P\u00e1gina 10","twitter_card":"summary_large_image","twitter_creator":"@Pag10com","twitter_site":"@Pag10com","twitter_misc":{"Escrito por":"P\u00e1gina 10","Tiempo de lectura":"1 minuto"},"schema":{"@context":"https:\/\/schema.org","@graph":[{"@type":"Article","@id":"https:\/\/pagina10.com\/web\/contraloria-inspeccionara-avance-de-obras-en-narino\/#article","isPartOf":{"@id":"https:\/\/pagina10.com\/web\/contraloria-inspeccionara-avance-de-obras-en-narino\/"},"author":{"name":"P\u00e1gina 10","@id":"https:\/\/pagina10.com\/web\/#\/schema\/person\/2efc4a090d25b667d3bc796798a3a81b"},"headline":"Contralor\u00eda inspeccionar\u00e1 avance de obras en Nari\u00f1o","datePublished":"2022-07-20T21:30:29+00:00","mainEntityOfPage":{"@id":"https:\/\/pagina10.com\/web\/contraloria-inspeccionara-avance-de-obras-en-narino\/"},"wordCount":171,"commentCount":0,"publisher":{"@id":"https:\/\/pagina10.com\/web\/#organization"},"image":{"@id":"https:\/\/pagina10.com\/web\/contraloria-inspeccionara-avance-de-obras-en-narino\/#primaryimage"},"thumbnailUrl":"https:\/\/pagina10.com\/web\/wp-content\/uploads\/2022\/07\/7_18_2022_96_MovilNarino_CLIC.jpg","articleSection":["Regiones"],"inLanguage":"es","potentialAction":[{"@type":"CommentAction","name":"Comment","target":["https:\/\/pagina10.com\/web\/contraloria-inspeccionara-avance-de-obras-en-narino\/#respond"]}]},{"@type":"WebPage","@id":"https:\/\/pagina10.com\/web\/contraloria-inspeccionara-avance-de-obras-en-narino\/","url":"https:\/\/pagina10.com\/web\/contraloria-inspeccionara-avance-de-obras-en-narino\/","name":"Contralor\u00eda inspeccionar\u00e1 avance de obras en Nari\u00f1o | P\u00e1gina10","isPartOf":{"@id":"https:\/\/pagina10.com\/web\/#website"},"primaryImageOfPage":{"@id":"https:\/\/pagina10.com\/web\/contraloria-inspeccionara-avance-de-obras-en-narino\/#primaryimage"},"image":{"@id":"https:\/\/pagina10.com\/web\/contraloria-inspeccionara-avance-de-obras-en-narino\/#primaryimage"},"thumbnailUrl":"https:\/\/pagina10.com\/web\/wp-content\/uploads\/2022\/07\/7_18_2022_96_MovilNarino_CLIC.jpg","datePublished":"2022-07-20T21:30:29+00:00","breadcrumb":{"@id":"https:\/\/pagina10.com\/web\/contraloria-inspeccionara-avance-de-obras-en-narino\/#breadcrumb"},"inLanguage":"es","potentialAction":[{"@type":"ReadAction","target":["https:\/\/pagina10.com\/web\/contraloria-inspeccionara-avance-de-obras-en-narino\/"]}]},{"@type":"ImageObject","inLanguage":"es","@id":"https:\/\/pagina10.com\/web\/contraloria-inspeccionara-avance-de-obras-en-narino\/#primaryimage","url":"https:\/\/pagina10.com\/web\/wp-content\/uploads\/2022\/07\/7_18_2022_96_MovilNarino_CLIC.jpg","contentUrl":"https:\/\/pagina10.com\/web\/wp-content\/uploads\/2022\/07\/7_18_2022_96_MovilNarino_CLIC.jpg","width":1029,"height":525},{"@type":"BreadcrumbList","@id":"https:\/\/pagina10.com\/web\/contraloria-inspeccionara-avance-de-obras-en-narino\/#breadcrumb","itemListElement":[{"@type":"ListItem","position":1,"name":"Portada","item":"https:\/\/pagina10.com\/web\/"},{"@type":"ListItem","position":2,"name":"Contralor\u00eda inspeccionar\u00e1 avance de obras en Nari\u00f1o"}]},{"@type":"WebSite","@id":"https:\/\/pagina10.com\/web\/#website","url":"https:\/\/pagina10.com\/web\/","name":"P\u00e1gina10","description":"Peri\u00f3dico Regional","publisher":{"@id":"https:\/\/pagina10.com\/web\/#organization"},"alternateName":"P\u00e1gina10 Peri\u00f3dico Regional","potentialAction":[{"@type":"SearchAction","target":{"@type":"EntryPoint","urlTemplate":"https:\/\/pagina10.com\/web\/?s={search_term_string}"},"query-input":{"@type":"PropertyValueSpecification","valueRequired":true,"valueName":"search_term_string"}}],"inLanguage":"es"},{"@type":"Organization","@id":"https:\/\/pagina10.com\/web\/#organization","name":"P\u00e1gina10","alternateName":"P\u00e1gina10 Peri\u00f3dico Regional","url":"https:\/\/pagina10.com\/web\/","logo":{"@type":"ImageObject","inLanguage":"es","@id":"https:\/\/pagina10.com\/web\/#\/schema\/logo\/image\/","url":"https:\/\/pagina10.com\/web\/wp-content\/uploads\/2024\/01\/40-pagina-10-periodico-regional-pasto.jpg","contentUrl":"https:\/\/pagina10.com\/web\/wp-content\/uploads\/2024\/01\/40-pagina-10-periodico-regional-pasto.jpg","width":1280,"height":720,"caption":"P\u00e1gina10"},"image":{"@id":"https:\/\/pagina10.com\/web\/#\/schema\/logo\/image\/"},"sameAs":["https:\/\/www.facebook.com\/pag10com","https:\/\/x.com\/Pag10com","https:\/\/www.instagram.com\/pagina10col\/","https:\/\/youtube.com\/channel\/pag10","https:\/\/www.tiktok.com\/@p10col"]},{"@type":"Person","@id":"https:\/\/pagina10.com\/web\/#\/schema\/person\/2efc4a090d25b667d3bc796798a3a81b","name":"P\u00e1gina 10","description":"P\u00e1gina 10 es un peri\u00f3dico regional que nace en Colombia, en el departamento de Nari\u00f1o, con un enfoque global, fundamentado en cuatro pilares esenciales: la libertad, el pluralismo, la inclusi\u00f3n y la independencia. P\u00e1gina 10 hace referencia a Nari\u00f1o como el d\u00e9cimo departamento creado en Colombia, despu\u00e9s de un proceso pol\u00edtico liderado por actores y actrices regionales con el fin de obtener la independencia y autonom\u00eda de nuestros territorios. Con la creaci\u00f3n de P\u00e1gina 10 se pretende abrir un escenario para el dialogo, la reflexi\u00f3n y el debate que se extienda a otras geograf\u00edas de Am\u00e9rica Latina y del planeta, en una apuesta por transformar colectivamente los desaf\u00edos de un mundo contempor\u00e1neo, m\u00e1s all\u00e1 de las fronteras impuestas.","url":"https:\/\/pagina10.com\/web\/author\/pdiezadmin\/"}]}},"_links":{"self":[{"href":"https:\/\/pagina10.com\/web\/wp-json\/wp\/v2\/posts\/60572","targetHints":{"allow":["GET"]}}],"collection":[{"href":"https:\/\/pagina10.com\/web\/wp-json\/wp\/v2\/posts"}],"about":[{"href":"https:\/\/pagina10.com\/web\/wp-json\/wp\/v2\/types\/post"}],"author":[{"embeddable":true,"href":"https:\/\/pagina10.com\/web\/wp-json\/wp\/v2\/users\/1"}],"replies":[{"embeddable":true,"href":"https:\/\/pagina10.com\/web\/wp-json\/wp\/v2\/comments?post=60572"}],"version-history":[{"count":1,"href":"https:\/\/pagina10.com\/web\/wp-json\/wp\/v2\/posts\/60572\/revisions"}],"predecessor-version":[{"id":60574,"href":"https:\/\/pagina10.com\/web\/wp-json\/wp\/v2\/posts\/60572\/revisions\/60574"}],"wp:featuredmedia":[{"embeddable":true,"href":"https:\/\/pagina10.com\/web\/wp-json\/wp\/v2\/media\/60573"}],"wp:attachment":[{"href":"https:\/\/pagina10.com\/web\/wp-json\/wp\/v2\/media?parent=60572"}],"wp:term":[{"taxonomy":"category","embeddable":true,"href":"https:\/\/pagina10.com\/web\/wp-json\/wp\/v2\/categories?post=60572"},{"taxonomy":"post_tag","embeddable":true,"href":"https:\/\/pagina10.com\/web\/wp-json\/wp\/v2\/tags?post=60572"}],"curies":[{"name":"wp","href":"https:\/\/api.w.org\/{rel}","templated":true}]}}