{"id":60579,"date":"2022-07-21T13:38:15","date_gmt":"2022-07-21T18:38:15","guid":{"rendered":"https:\/\/pagina10.com\/web\/?p=60579"},"modified":"2022-07-21T13:38:15","modified_gmt":"2022-07-21T18:38:15","slug":"asesinan-a-lideresa-social-de-tumaco","status":"publish","type":"post","link":"https:\/\/pagina10.com\/web\/asesinan-a-lideresa-social-de-tumaco\/","title":{"rendered":"Asesinan a lideresa social de Tumaco"},"content":{"rendered":"<p style=\"text-align: justify;\">El Instituto de Estudios para el Desarrollo y la Paz (Indepaz) de Colombia, denunci\u00f3 este mi\u00e9rcoles el asesinato de otra lideresa social en el municipio de Tumaco, Nari\u00f1o. Se trata de Mar\u00eda Piedad Aguirre, reconocida lideresa vinculada a la organizaci\u00f3n Caminos de Mujer \u2013CCM.<\/p>\n<p style=\"text-align: justify;\">Seg\u00fan el Indepaz, la mujer fue ultimada de forma violenta la tarde del martes cuando se hallaba en su vivienda ubicada en el barrio de Los \u00c1ngeles, California. La v\u00edctima era reconocida por su labor como sabedora de la cultura ancestral, y defensora de los derechos de las comunidades negras.<\/p>\n<p style=\"text-align: justify;\">Con Aguirre son 104 l\u00edderes sociales asesinados en el pa\u00eds en lo que va de 2022. La cifra de asesinatos de estas personas desde que se firm\u00f3 el acuerdo de paz asciende a 1.331 por lo que la Defensor\u00eda del Pueblo emiti\u00f3 una alerta temprana ante la posible ocurrencia de vulneraciones contra el derecho a la vida, la libertad y la seguridad tanto en Nari\u00f1o como en el resto del pa\u00eds.<\/p>\n","protected":false},"excerpt":{"rendered":"<p>El Instituto de Estudios para el Desarrollo y la Paz (Indepaz) de Colombia, denunci\u00f3 este mi\u00e9rcoles el asesinato de otra lideresa social en el municipio de Tumaco, Nari\u00f1o. Se trata de Mar\u00eda Piedad Aguirre, reconocida lideresa vinculada a la organizaci\u00f3n Caminos de Mujer \u2013CCM. Seg\u00fan el Indepaz, la mujer fue ultimada de forma violenta la [&hellip;]<\/p>\n","protected":false},"author":1,"featured_media":60580,"comment_status":"open","ping_status":"open","sticky":false,"template":"","format":"standard","meta":{"footnotes":""},"categories":[61],"tags":[],"class_list":["post-60579","post","type-post","status-publish","format-standard","has-post-thumbnail","hentry","category-judicial"],"yoast_head":"<!-- This site is optimized with the Yoast SEO plugin v27.1.1 - https:\/\/yoast.com\/product\/yoast-seo-wordpress\/ -->\n<title>Asesinan a lideresa social de Tumaco | P\u00e1gina10<\/title>\n<meta name=\"robots\" content=\"index, follow, max-snippet:-1, max-image-preview:large, max-video-preview:-1\" \/>\n<link rel=\"canonical\" href=\"https:\/\/pagina10.com\/web\/asesinan-a-lideresa-social-de-tumaco\/\" \/>\n<meta property=\"og:locale\" content=\"es_ES\" \/>\n<meta property=\"og:type\" content=\"article\" \/>\n<meta property=\"og:title\" content=\"Asesinan a lideresa social de Tumaco | P\u00e1gina10\" \/>\n<meta property=\"og:description\" content=\"El Instituto de Estudios para el Desarrollo y la Paz (Indepaz) de Colombia, denunci\u00f3 este mi\u00e9rcoles el asesinato de otra lideresa social en el municipio de Tumaco, Nari\u00f1o. Se trata de Mar\u00eda Piedad Aguirre, reconocida lideresa vinculada a la organizaci\u00f3n Caminos de Mujer \u2013CCM. Seg\u00fan el Indepaz, la mujer fue ultimada de forma violenta la [&hellip;]\" \/>\n<meta property=\"og:url\" content=\"https:\/\/pagina10.com\/web\/asesinan-a-lideresa-social-de-tumaco\/\" \/>\n<meta property=\"og:site_name\" content=\"P\u00e1gina10\" \/>\n<meta property=\"article:publisher\" content=\"https:\/\/www.facebook.com\/pag10com\" \/>\n<meta property=\"article:published_time\" content=\"2022-07-21T18:38:15+00:00\" \/>\n<meta property=\"og:image\" content=\"https:\/\/pagina10.com\/web\/wp-content\/uploads\/2022\/07\/294549739_7666600093414081_3561162691939389049_n-e1658428688172.jpg\" \/>\n\t<meta property=\"og:image:width\" content=\"718\" \/>\n\t<meta property=\"og:image:height\" content=\"379\" \/>\n\t<meta property=\"og:image:type\" content=\"image\/jpeg\" \/>\n<meta name=\"author\" content=\"P\u00e1gina 10\" \/>\n<meta name=\"twitter:card\" content=\"summary_large_image\" \/>\n<meta name=\"twitter:creator\" content=\"@Pag10com\" \/>\n<meta name=\"twitter:site\" content=\"@Pag10com\" \/>\n<meta name=\"twitter:label1\" content=\"Escrito por\" \/>\n\t<meta name=\"twitter:data1\" content=\"P\u00e1gina 10\" \/>\n\t<meta name=\"twitter:label2\" content=\"Tiempo de lectura\" \/>\n\t<meta name=\"twitter:data2\" content=\"1 minuto\" \/>\n<script type=\"application\/ld+json\" class=\"yoast-schema-graph\">{\"@context\":\"https:\/\/schema.org\",\"@graph\":[{\"@type\":\"Article\",\"@id\":\"https:\/\/pagina10.com\/web\/asesinan-a-lideresa-social-de-tumaco\/#article\",\"isPartOf\":{\"@id\":\"https:\/\/pagina10.com\/web\/asesinan-a-lideresa-social-de-tumaco\/\"},\"author\":{\"name\":\"P\u00e1gina 10\",\"@id\":\"https:\/\/pagina10.com\/web\/#\/schema\/person\/2efc4a090d25b667d3bc796798a3a81b\"},\"headline\":\"Asesinan a lideresa social de Tumaco\",\"datePublished\":\"2022-07-21T18:38:15+00:00\",\"mainEntityOfPage\":{\"@id\":\"https:\/\/pagina10.com\/web\/asesinan-a-lideresa-social-de-tumaco\/\"},\"wordCount\":179,\"commentCount\":0,\"publisher\":{\"@id\":\"https:\/\/pagina10.com\/web\/#organization\"},\"image\":{\"@id\":\"https:\/\/pagina10.com\/web\/asesinan-a-lideresa-social-de-tumaco\/#primaryimage\"},\"thumbnailUrl\":\"https:\/\/pagina10.com\/web\/wp-content\/uploads\/2022\/07\/294549739_7666600093414081_3561162691939389049_n-e1658428688172.jpg\",\"articleSection\":[\"Judicial\"],\"inLanguage\":\"es\",\"potentialAction\":[{\"@type\":\"CommentAction\",\"name\":\"Comment\",\"target\":[\"https:\/\/pagina10.com\/web\/asesinan-a-lideresa-social-de-tumaco\/#respond\"]}]},{\"@type\":\"WebPage\",\"@id\":\"https:\/\/pagina10.com\/web\/asesinan-a-lideresa-social-de-tumaco\/\",\"url\":\"https:\/\/pagina10.com\/web\/asesinan-a-lideresa-social-de-tumaco\/\",\"name\":\"Asesinan a lideresa social de Tumaco | P\u00e1gina10\",\"isPartOf\":{\"@id\":\"https:\/\/pagina10.com\/web\/#website\"},\"primaryImageOfPage\":{\"@id\":\"https:\/\/pagina10.com\/web\/asesinan-a-lideresa-social-de-tumaco\/#primaryimage\"},\"image\":{\"@id\":\"https:\/\/pagina10.com\/web\/asesinan-a-lideresa-social-de-tumaco\/#primaryimage\"},\"thumbnailUrl\":\"https:\/\/pagina10.com\/web\/wp-content\/uploads\/2022\/07\/294549739_7666600093414081_3561162691939389049_n-e1658428688172.jpg\",\"datePublished\":\"2022-07-21T18:38:15+00:00\",\"breadcrumb\":{\"@id\":\"https:\/\/pagina10.com\/web\/asesinan-a-lideresa-social-de-tumaco\/#breadcrumb\"},\"inLanguage\":\"es\",\"potentialAction\":[{\"@type\":\"ReadAction\",\"target\":[\"https:\/\/pagina10.com\/web\/asesinan-a-lideresa-social-de-tumaco\/\"]}]},{\"@type\":\"ImageObject\",\"inLanguage\":\"es\",\"@id\":\"https:\/\/pagina10.com\/web\/asesinan-a-lideresa-social-de-tumaco\/#primaryimage\",\"url\":\"https:\/\/pagina10.com\/web\/wp-content\/uploads\/2022\/07\/294549739_7666600093414081_3561162691939389049_n-e1658428688172.jpg\",\"contentUrl\":\"https:\/\/pagina10.com\/web\/wp-content\/uploads\/2022\/07\/294549739_7666600093414081_3561162691939389049_n-e1658428688172.jpg\",\"width\":718,\"height\":379},{\"@type\":\"BreadcrumbList\",\"@id\":\"https:\/\/pagina10.com\/web\/asesinan-a-lideresa-social-de-tumaco\/#breadcrumb\",\"itemListElement\":[{\"@type\":\"ListItem\",\"position\":1,\"name\":\"Portada\",\"item\":\"https:\/\/pagina10.com\/web\/\"},{\"@type\":\"ListItem\",\"position\":2,\"name\":\"Asesinan a lideresa social de Tumaco\"}]},{\"@type\":\"WebSite\",\"@id\":\"https:\/\/pagina10.com\/web\/#website\",\"url\":\"https:\/\/pagina10.com\/web\/\",\"name\":\"P\u00e1gina10\",\"description\":\"Peri\u00f3dico Regional\",\"publisher\":{\"@id\":\"https:\/\/pagina10.com\/web\/#organization\"},\"alternateName\":\"P\u00e1gina10 Peri\u00f3dico Regional\",\"potentialAction\":[{\"@type\":\"SearchAction\",\"target\":{\"@type\":\"EntryPoint\",\"urlTemplate\":\"https:\/\/pagina10.com\/web\/?s={search_term_string}\"},\"query-input\":{\"@type\":\"PropertyValueSpecification\",\"valueRequired\":true,\"valueName\":\"search_term_string\"}}],\"inLanguage\":\"es\"},{\"@type\":\"Organization\",\"@id\":\"https:\/\/pagina10.com\/web\/#organization\",\"name\":\"P\u00e1gina10\",\"alternateName\":\"P\u00e1gina10 Peri\u00f3dico Regional\",\"url\":\"https:\/\/pagina10.com\/web\/\",\"logo\":{\"@type\":\"ImageObject\",\"inLanguage\":\"es\",\"@id\":\"https:\/\/pagina10.com\/web\/#\/schema\/logo\/image\/\",\"url\":\"https:\/\/pagina10.com\/web\/wp-content\/uploads\/2024\/01\/40-pagina-10-periodico-regional-pasto.jpg\",\"contentUrl\":\"https:\/\/pagina10.com\/web\/wp-content\/uploads\/2024\/01\/40-pagina-10-periodico-regional-pasto.jpg\",\"width\":1280,\"height\":720,\"caption\":\"P\u00e1gina10\"},\"image\":{\"@id\":\"https:\/\/pagina10.com\/web\/#\/schema\/logo\/image\/\"},\"sameAs\":[\"https:\/\/www.facebook.com\/pag10com\",\"https:\/\/x.com\/Pag10com\",\"https:\/\/www.instagram.com\/pagina10col\/\",\"https:\/\/youtube.com\/channel\/pag10\",\"https:\/\/www.tiktok.com\/@p10col\"]},{\"@type\":\"Person\",\"@id\":\"https:\/\/pagina10.com\/web\/#\/schema\/person\/2efc4a090d25b667d3bc796798a3a81b\",\"name\":\"P\u00e1gina 10\",\"description\":\"P\u00e1gina 10 es un peri\u00f3dico regional que nace en Colombia, en el departamento de Nari\u00f1o, con un enfoque global, fundamentado en cuatro pilares esenciales: la libertad, el pluralismo, la inclusi\u00f3n y la independencia. P\u00e1gina 10 hace referencia a Nari\u00f1o como el d\u00e9cimo departamento creado en Colombia, despu\u00e9s de un proceso pol\u00edtico liderado por actores y actrices regionales con el fin de obtener la independencia y autonom\u00eda de nuestros territorios. Con la creaci\u00f3n de P\u00e1gina 10 se pretende abrir un escenario para el dialogo, la reflexi\u00f3n y el debate que se extienda a otras geograf\u00edas de Am\u00e9rica Latina y del planeta, en una apuesta por transformar colectivamente los desaf\u00edos de un mundo contempor\u00e1neo, m\u00e1s all\u00e1 de las fronteras impuestas.\",\"url\":\"https:\/\/pagina10.com\/web\/author\/pdiezadmin\/\"}]}<\/script>\n<!-- \/ Yoast SEO plugin. -->","yoast_head_json":{"title":"Asesinan a lideresa social de Tumaco | P\u00e1gina10","robots":{"index":"index","follow":"follow","max-snippet":"max-snippet:-1","max-image-preview":"max-image-preview:large","max-video-preview":"max-video-preview:-1"},"canonical":"https:\/\/pagina10.com\/web\/asesinan-a-lideresa-social-de-tumaco\/","og_locale":"es_ES","og_type":"article","og_title":"Asesinan a lideresa social de Tumaco | P\u00e1gina10","og_description":"El Instituto de Estudios para el Desarrollo y la Paz (Indepaz) de Colombia, denunci\u00f3 este mi\u00e9rcoles el asesinato de otra lideresa social en el municipio de Tumaco, Nari\u00f1o. Se trata de Mar\u00eda Piedad Aguirre, reconocida lideresa vinculada a la organizaci\u00f3n Caminos de Mujer \u2013CCM. Seg\u00fan el Indepaz, la mujer fue ultimada de forma violenta la [&hellip;]","og_url":"https:\/\/pagina10.com\/web\/asesinan-a-lideresa-social-de-tumaco\/","og_site_name":"P\u00e1gina10","article_publisher":"https:\/\/www.facebook.com\/pag10com","article_published_time":"2022-07-21T18:38:15+00:00","og_image":[{"width":718,"height":379,"url":"https:\/\/pagina10.com\/web\/wp-content\/uploads\/2022\/07\/294549739_7666600093414081_3561162691939389049_n-e1658428688172.jpg","type":"image\/jpeg"}],"author":"P\u00e1gina 10","twitter_card":"summary_large_image","twitter_creator":"@Pag10com","twitter_site":"@Pag10com","twitter_misc":{"Escrito por":"P\u00e1gina 10","Tiempo de lectura":"1 minuto"},"schema":{"@context":"https:\/\/schema.org","@graph":[{"@type":"Article","@id":"https:\/\/pagina10.com\/web\/asesinan-a-lideresa-social-de-tumaco\/#article","isPartOf":{"@id":"https:\/\/pagina10.com\/web\/asesinan-a-lideresa-social-de-tumaco\/"},"author":{"name":"P\u00e1gina 10","@id":"https:\/\/pagina10.com\/web\/#\/schema\/person\/2efc4a090d25b667d3bc796798a3a81b"},"headline":"Asesinan a lideresa social de Tumaco","datePublished":"2022-07-21T18:38:15+00:00","mainEntityOfPage":{"@id":"https:\/\/pagina10.com\/web\/asesinan-a-lideresa-social-de-tumaco\/"},"wordCount":179,"commentCount":0,"publisher":{"@id":"https:\/\/pagina10.com\/web\/#organization"},"image":{"@id":"https:\/\/pagina10.com\/web\/asesinan-a-lideresa-social-de-tumaco\/#primaryimage"},"thumbnailUrl":"https:\/\/pagina10.com\/web\/wp-content\/uploads\/2022\/07\/294549739_7666600093414081_3561162691939389049_n-e1658428688172.jpg","articleSection":["Judicial"],"inLanguage":"es","potentialAction":[{"@type":"CommentAction","name":"Comment","target":["https:\/\/pagina10.com\/web\/asesinan-a-lideresa-social-de-tumaco\/#respond"]}]},{"@type":"WebPage","@id":"https:\/\/pagina10.com\/web\/asesinan-a-lideresa-social-de-tumaco\/","url":"https:\/\/pagina10.com\/web\/asesinan-a-lideresa-social-de-tumaco\/","name":"Asesinan a lideresa social de Tumaco | P\u00e1gina10","isPartOf":{"@id":"https:\/\/pagina10.com\/web\/#website"},"primaryImageOfPage":{"@id":"https:\/\/pagina10.com\/web\/asesinan-a-lideresa-social-de-tumaco\/#primaryimage"},"image":{"@id":"https:\/\/pagina10.com\/web\/asesinan-a-lideresa-social-de-tumaco\/#primaryimage"},"thumbnailUrl":"https:\/\/pagina10.com\/web\/wp-content\/uploads\/2022\/07\/294549739_7666600093414081_3561162691939389049_n-e1658428688172.jpg","datePublished":"2022-07-21T18:38:15+00:00","breadcrumb":{"@id":"https:\/\/pagina10.com\/web\/asesinan-a-lideresa-social-de-tumaco\/#breadcrumb"},"inLanguage":"es","potentialAction":[{"@type":"ReadAction","target":["https:\/\/pagina10.com\/web\/asesinan-a-lideresa-social-de-tumaco\/"]}]},{"@type":"ImageObject","inLanguage":"es","@id":"https:\/\/pagina10.com\/web\/asesinan-a-lideresa-social-de-tumaco\/#primaryimage","url":"https:\/\/pagina10.com\/web\/wp-content\/uploads\/2022\/07\/294549739_7666600093414081_3561162691939389049_n-e1658428688172.jpg","contentUrl":"https:\/\/pagina10.com\/web\/wp-content\/uploads\/2022\/07\/294549739_7666600093414081_3561162691939389049_n-e1658428688172.jpg","width":718,"height":379},{"@type":"BreadcrumbList","@id":"https:\/\/pagina10.com\/web\/asesinan-a-lideresa-social-de-tumaco\/#breadcrumb","itemListElement":[{"@type":"ListItem","position":1,"name":"Portada","item":"https:\/\/pagina10.com\/web\/"},{"@type":"ListItem","position":2,"name":"Asesinan a lideresa social de Tumaco"}]},{"@type":"WebSite","@id":"https:\/\/pagina10.com\/web\/#website","url":"https:\/\/pagina10.com\/web\/","name":"P\u00e1gina10","description":"Peri\u00f3dico Regional","publisher":{"@id":"https:\/\/pagina10.com\/web\/#organization"},"alternateName":"P\u00e1gina10 Peri\u00f3dico Regional","potentialAction":[{"@type":"SearchAction","target":{"@type":"EntryPoint","urlTemplate":"https:\/\/pagina10.com\/web\/?s={search_term_string}"},"query-input":{"@type":"PropertyValueSpecification","valueRequired":true,"valueName":"search_term_string"}}],"inLanguage":"es"},{"@type":"Organization","@id":"https:\/\/pagina10.com\/web\/#organization","name":"P\u00e1gina10","alternateName":"P\u00e1gina10 Peri\u00f3dico Regional","url":"https:\/\/pagina10.com\/web\/","logo":{"@type":"ImageObject","inLanguage":"es","@id":"https:\/\/pagina10.com\/web\/#\/schema\/logo\/image\/","url":"https:\/\/pagina10.com\/web\/wp-content\/uploads\/2024\/01\/40-pagina-10-periodico-regional-pasto.jpg","contentUrl":"https:\/\/pagina10.com\/web\/wp-content\/uploads\/2024\/01\/40-pagina-10-periodico-regional-pasto.jpg","width":1280,"height":720,"caption":"P\u00e1gina10"},"image":{"@id":"https:\/\/pagina10.com\/web\/#\/schema\/logo\/image\/"},"sameAs":["https:\/\/www.facebook.com\/pag10com","https:\/\/x.com\/Pag10com","https:\/\/www.instagram.com\/pagina10col\/","https:\/\/youtube.com\/channel\/pag10","https:\/\/www.tiktok.com\/@p10col"]},{"@type":"Person","@id":"https:\/\/pagina10.com\/web\/#\/schema\/person\/2efc4a090d25b667d3bc796798a3a81b","name":"P\u00e1gina 10","description":"P\u00e1gina 10 es un peri\u00f3dico regional que nace en Colombia, en el departamento de Nari\u00f1o, con un enfoque global, fundamentado en cuatro pilares esenciales: la libertad, el pluralismo, la inclusi\u00f3n y la independencia. P\u00e1gina 10 hace referencia a Nari\u00f1o como el d\u00e9cimo departamento creado en Colombia, despu\u00e9s de un proceso pol\u00edtico liderado por actores y actrices regionales con el fin de obtener la independencia y autonom\u00eda de nuestros territorios. Con la creaci\u00f3n de P\u00e1gina 10 se pretende abrir un escenario para el dialogo, la reflexi\u00f3n y el debate que se extienda a otras geograf\u00edas de Am\u00e9rica Latina y del planeta, en una apuesta por transformar colectivamente los desaf\u00edos de un mundo contempor\u00e1neo, m\u00e1s all\u00e1 de las fronteras impuestas.","url":"https:\/\/pagina10.com\/web\/author\/pdiezadmin\/"}]}},"_links":{"self":[{"href":"https:\/\/pagina10.com\/web\/wp-json\/wp\/v2\/posts\/60579","targetHints":{"allow":["GET"]}}],"collection":[{"href":"https:\/\/pagina10.com\/web\/wp-json\/wp\/v2\/posts"}],"about":[{"href":"https:\/\/pagina10.com\/web\/wp-json\/wp\/v2\/types\/post"}],"author":[{"embeddable":true,"href":"https:\/\/pagina10.com\/web\/wp-json\/wp\/v2\/users\/1"}],"replies":[{"embeddable":true,"href":"https:\/\/pagina10.com\/web\/wp-json\/wp\/v2\/comments?post=60579"}],"version-history":[{"count":1,"href":"https:\/\/pagina10.com\/web\/wp-json\/wp\/v2\/posts\/60579\/revisions"}],"predecessor-version":[{"id":60581,"href":"https:\/\/pagina10.com\/web\/wp-json\/wp\/v2\/posts\/60579\/revisions\/60581"}],"wp:featuredmedia":[{"embeddable":true,"href":"https:\/\/pagina10.com\/web\/wp-json\/wp\/v2\/media\/60580"}],"wp:attachment":[{"href":"https:\/\/pagina10.com\/web\/wp-json\/wp\/v2\/media?parent=60579"}],"wp:term":[{"taxonomy":"category","embeddable":true,"href":"https:\/\/pagina10.com\/web\/wp-json\/wp\/v2\/categories?post=60579"},{"taxonomy":"post_tag","embeddable":true,"href":"https:\/\/pagina10.com\/web\/wp-json\/wp\/v2\/tags?post=60579"}],"curies":[{"name":"wp","href":"https:\/\/api.w.org\/{rel}","templated":true}]}}