{"id":60588,"date":"2022-07-21T23:35:10","date_gmt":"2022-07-22T04:35:10","guid":{"rendered":"https:\/\/pagina10.com\/web\/?p=60588"},"modified":"2022-07-21T23:35:10","modified_gmt":"2022-07-22T04:35:10","slug":"capturan-a-dos-presuntos-responsables-del-secuestro-de-alcalde-de-el-charco","status":"publish","type":"post","link":"https:\/\/pagina10.com\/web\/capturan-a-dos-presuntos-responsables-del-secuestro-de-alcalde-de-el-charco\/","title":{"rendered":"Capturan a dos presuntos responsables del secuestro de alcalde de El Charco"},"content":{"rendered":"<p style=\"text-align: justify;\">Como Joffer Hurtado Cundum\u00ed alias Cumbamba y Cristian David Pay\u00e1n alias Cristian, fueron identificados los presuntos miembros de la estructura disdente de las Farc \u2018Franco Benavides\u2019, sindicados del secuestro del mandatario de El Charco, Jes\u00fas David Ure\u00f1a, ocurrido el pasado 24 de abril en la costa pac\u00edfica de Nari\u00f1o.<\/p>\n<p style=\"text-align: justify;\">Seg\u00fan el Gaula de la Polic\u00eda, los sujetos habr\u00edan solicitado a la familia del alcalde la suma de 1.500 millones de pesos para su liberaci\u00f3n. Sin embargo, desde el momento de esa comunicaci\u00f3n hasta la fecha, no volvieron a comunicarse ni revelar informaci\u00f3n sobre Ure\u00f1a.<\/p>\n<p style=\"text-align: justify;\">A partir de ese momento comenz\u00f3 la investigaci\u00f3n de las autoridades que termin\u00f3 con la captura de \u2018Cumbamba\u2019 y \u2018Cristian\u2019. Las detenciones se reportaron en el barrio El Jard\u00edn en el municipio de Guap\u00ed Cauca y el barrio El Porvenir ubicado en el Charco, Nari\u00f1o. Durante el operativo se le hall\u00f3 un arma traum\u00e1tica con un proveedor y cuatro cartuchos para la misma.<\/p>\n<p style=\"text-align: justify;\">Ambos disidentes de las Farc son se\u00f1alados por la Fiscal\u00eda como responsables de los delitos de secuestro extorsivo agravado y desaparici\u00f3n forzada. Ante ello, un juez de garant\u00eda les impuso medida de aseguramiento. A pesar de estas capturas, el paradero del mandatario a\u00fan sigue siendo desconocido.<\/p>\n","protected":false},"excerpt":{"rendered":"<p>Como Joffer Hurtado Cundum\u00ed alias Cumbamba y Cristian David Pay\u00e1n alias Cristian, fueron identificados los presuntos miembros de la estructura disdente de las Farc \u2018Franco Benavides\u2019, sindicados del secuestro del mandatario de El Charco, Jes\u00fas David Ure\u00f1a, ocurrido el pasado 24 de abril en la costa pac\u00edfica de Nari\u00f1o. Seg\u00fan el Gaula de la Polic\u00eda, [&hellip;]<\/p>\n","protected":false},"author":1,"featured_media":60589,"comment_status":"open","ping_status":"open","sticky":false,"template":"","format":"standard","meta":{"footnotes":""},"categories":[61],"tags":[],"class_list":["post-60588","post","type-post","status-publish","format-standard","has-post-thumbnail","hentry","category-judicial"],"yoast_head":"<!-- This site is optimized with the Yoast SEO plugin v27.1.1 - https:\/\/yoast.com\/product\/yoast-seo-wordpress\/ -->\n<title>Capturan a dos presuntos responsables del secuestro de alcalde de El Charco | P\u00e1gina10<\/title>\n<meta name=\"robots\" content=\"index, follow, max-snippet:-1, max-image-preview:large, max-video-preview:-1\" \/>\n<link rel=\"canonical\" href=\"https:\/\/pagina10.com\/web\/capturan-a-dos-presuntos-responsables-del-secuestro-de-alcalde-de-el-charco\/\" \/>\n<meta property=\"og:locale\" content=\"es_ES\" \/>\n<meta property=\"og:type\" content=\"article\" \/>\n<meta property=\"og:title\" content=\"Capturan a dos presuntos responsables del secuestro de alcalde de El Charco | P\u00e1gina10\" \/>\n<meta property=\"og:description\" content=\"Como Joffer Hurtado Cundum\u00ed alias Cumbamba y Cristian David Pay\u00e1n alias Cristian, fueron identificados los presuntos miembros de la estructura disdente de las Farc \u2018Franco Benavides\u2019, sindicados del secuestro del mandatario de El Charco, Jes\u00fas David Ure\u00f1a, ocurrido el pasado 24 de abril en la costa pac\u00edfica de Nari\u00f1o. Seg\u00fan el Gaula de la Polic\u00eda, [&hellip;]\" \/>\n<meta property=\"og:url\" content=\"https:\/\/pagina10.com\/web\/capturan-a-dos-presuntos-responsables-del-secuestro-de-alcalde-de-el-charco\/\" \/>\n<meta property=\"og:site_name\" content=\"P\u00e1gina10\" \/>\n<meta property=\"article:publisher\" content=\"https:\/\/www.facebook.com\/pag10com\" \/>\n<meta property=\"article:published_time\" content=\"2022-07-22T04:35:10+00:00\" \/>\n<meta property=\"og:image\" content=\"https:\/\/pagina10.com\/web\/wp-content\/uploads\/2022\/07\/capturados-caso-el-charco.jpeg\" \/>\n\t<meta property=\"og:image:width\" content=\"1280\" \/>\n\t<meta property=\"og:image:height\" content=\"853\" \/>\n\t<meta property=\"og:image:type\" content=\"image\/jpeg\" \/>\n<meta name=\"author\" content=\"P\u00e1gina 10\" \/>\n<meta name=\"twitter:card\" content=\"summary_large_image\" \/>\n<meta name=\"twitter:creator\" content=\"@Pag10com\" \/>\n<meta name=\"twitter:site\" content=\"@Pag10com\" \/>\n<meta name=\"twitter:label1\" content=\"Escrito por\" \/>\n\t<meta name=\"twitter:data1\" content=\"P\u00e1gina 10\" \/>\n\t<meta name=\"twitter:label2\" content=\"Tiempo de lectura\" \/>\n\t<meta name=\"twitter:data2\" content=\"1 minuto\" \/>\n<script type=\"application\/ld+json\" class=\"yoast-schema-graph\">{\"@context\":\"https:\/\/schema.org\",\"@graph\":[{\"@type\":\"Article\",\"@id\":\"https:\/\/pagina10.com\/web\/capturan-a-dos-presuntos-responsables-del-secuestro-de-alcalde-de-el-charco\/#article\",\"isPartOf\":{\"@id\":\"https:\/\/pagina10.com\/web\/capturan-a-dos-presuntos-responsables-del-secuestro-de-alcalde-de-el-charco\/\"},\"author\":{\"name\":\"P\u00e1gina 10\",\"@id\":\"https:\/\/pagina10.com\/web\/#\/schema\/person\/2efc4a090d25b667d3bc796798a3a81b\"},\"headline\":\"Capturan a dos presuntos responsables del secuestro de alcalde de El Charco\",\"datePublished\":\"2022-07-22T04:35:10+00:00\",\"mainEntityOfPage\":{\"@id\":\"https:\/\/pagina10.com\/web\/capturan-a-dos-presuntos-responsables-del-secuestro-de-alcalde-de-el-charco\/\"},\"wordCount\":234,\"commentCount\":0,\"publisher\":{\"@id\":\"https:\/\/pagina10.com\/web\/#organization\"},\"image\":{\"@id\":\"https:\/\/pagina10.com\/web\/capturan-a-dos-presuntos-responsables-del-secuestro-de-alcalde-de-el-charco\/#primaryimage\"},\"thumbnailUrl\":\"https:\/\/pagina10.com\/web\/wp-content\/uploads\/2022\/07\/capturados-caso-el-charco.jpeg\",\"articleSection\":[\"Judicial\"],\"inLanguage\":\"es\",\"potentialAction\":[{\"@type\":\"CommentAction\",\"name\":\"Comment\",\"target\":[\"https:\/\/pagina10.com\/web\/capturan-a-dos-presuntos-responsables-del-secuestro-de-alcalde-de-el-charco\/#respond\"]}]},{\"@type\":\"WebPage\",\"@id\":\"https:\/\/pagina10.com\/web\/capturan-a-dos-presuntos-responsables-del-secuestro-de-alcalde-de-el-charco\/\",\"url\":\"https:\/\/pagina10.com\/web\/capturan-a-dos-presuntos-responsables-del-secuestro-de-alcalde-de-el-charco\/\",\"name\":\"Capturan a dos presuntos responsables del secuestro de alcalde de El Charco | P\u00e1gina10\",\"isPartOf\":{\"@id\":\"https:\/\/pagina10.com\/web\/#website\"},\"primaryImageOfPage\":{\"@id\":\"https:\/\/pagina10.com\/web\/capturan-a-dos-presuntos-responsables-del-secuestro-de-alcalde-de-el-charco\/#primaryimage\"},\"image\":{\"@id\":\"https:\/\/pagina10.com\/web\/capturan-a-dos-presuntos-responsables-del-secuestro-de-alcalde-de-el-charco\/#primaryimage\"},\"thumbnailUrl\":\"https:\/\/pagina10.com\/web\/wp-content\/uploads\/2022\/07\/capturados-caso-el-charco.jpeg\",\"datePublished\":\"2022-07-22T04:35:10+00:00\",\"breadcrumb\":{\"@id\":\"https:\/\/pagina10.com\/web\/capturan-a-dos-presuntos-responsables-del-secuestro-de-alcalde-de-el-charco\/#breadcrumb\"},\"inLanguage\":\"es\",\"potentialAction\":[{\"@type\":\"ReadAction\",\"target\":[\"https:\/\/pagina10.com\/web\/capturan-a-dos-presuntos-responsables-del-secuestro-de-alcalde-de-el-charco\/\"]}]},{\"@type\":\"ImageObject\",\"inLanguage\":\"es\",\"@id\":\"https:\/\/pagina10.com\/web\/capturan-a-dos-presuntos-responsables-del-secuestro-de-alcalde-de-el-charco\/#primaryimage\",\"url\":\"https:\/\/pagina10.com\/web\/wp-content\/uploads\/2022\/07\/capturados-caso-el-charco.jpeg\",\"contentUrl\":\"https:\/\/pagina10.com\/web\/wp-content\/uploads\/2022\/07\/capturados-caso-el-charco.jpeg\",\"width\":1280,\"height\":853},{\"@type\":\"BreadcrumbList\",\"@id\":\"https:\/\/pagina10.com\/web\/capturan-a-dos-presuntos-responsables-del-secuestro-de-alcalde-de-el-charco\/#breadcrumb\",\"itemListElement\":[{\"@type\":\"ListItem\",\"position\":1,\"name\":\"Portada\",\"item\":\"https:\/\/pagina10.com\/web\/\"},{\"@type\":\"ListItem\",\"position\":2,\"name\":\"Capturan a dos presuntos responsables del secuestro de alcalde de El Charco\"}]},{\"@type\":\"WebSite\",\"@id\":\"https:\/\/pagina10.com\/web\/#website\",\"url\":\"https:\/\/pagina10.com\/web\/\",\"name\":\"P\u00e1gina10\",\"description\":\"Peri\u00f3dico Regional\",\"publisher\":{\"@id\":\"https:\/\/pagina10.com\/web\/#organization\"},\"alternateName\":\"P\u00e1gina10 Peri\u00f3dico Regional\",\"potentialAction\":[{\"@type\":\"SearchAction\",\"target\":{\"@type\":\"EntryPoint\",\"urlTemplate\":\"https:\/\/pagina10.com\/web\/?s={search_term_string}\"},\"query-input\":{\"@type\":\"PropertyValueSpecification\",\"valueRequired\":true,\"valueName\":\"search_term_string\"}}],\"inLanguage\":\"es\"},{\"@type\":\"Organization\",\"@id\":\"https:\/\/pagina10.com\/web\/#organization\",\"name\":\"P\u00e1gina10\",\"alternateName\":\"P\u00e1gina10 Peri\u00f3dico Regional\",\"url\":\"https:\/\/pagina10.com\/web\/\",\"logo\":{\"@type\":\"ImageObject\",\"inLanguage\":\"es\",\"@id\":\"https:\/\/pagina10.com\/web\/#\/schema\/logo\/image\/\",\"url\":\"https:\/\/pagina10.com\/web\/wp-content\/uploads\/2024\/01\/40-pagina-10-periodico-regional-pasto.jpg\",\"contentUrl\":\"https:\/\/pagina10.com\/web\/wp-content\/uploads\/2024\/01\/40-pagina-10-periodico-regional-pasto.jpg\",\"width\":1280,\"height\":720,\"caption\":\"P\u00e1gina10\"},\"image\":{\"@id\":\"https:\/\/pagina10.com\/web\/#\/schema\/logo\/image\/\"},\"sameAs\":[\"https:\/\/www.facebook.com\/pag10com\",\"https:\/\/x.com\/Pag10com\",\"https:\/\/www.instagram.com\/pagina10col\/\",\"https:\/\/youtube.com\/channel\/pag10\",\"https:\/\/www.tiktok.com\/@p10col\"]},{\"@type\":\"Person\",\"@id\":\"https:\/\/pagina10.com\/web\/#\/schema\/person\/2efc4a090d25b667d3bc796798a3a81b\",\"name\":\"P\u00e1gina 10\",\"description\":\"P\u00e1gina 10 es un peri\u00f3dico regional que nace en Colombia, en el departamento de Nari\u00f1o, con un enfoque global, fundamentado en cuatro pilares esenciales: la libertad, el pluralismo, la inclusi\u00f3n y la independencia. P\u00e1gina 10 hace referencia a Nari\u00f1o como el d\u00e9cimo departamento creado en Colombia, despu\u00e9s de un proceso pol\u00edtico liderado por actores y actrices regionales con el fin de obtener la independencia y autonom\u00eda de nuestros territorios. Con la creaci\u00f3n de P\u00e1gina 10 se pretende abrir un escenario para el dialogo, la reflexi\u00f3n y el debate que se extienda a otras geograf\u00edas de Am\u00e9rica Latina y del planeta, en una apuesta por transformar colectivamente los desaf\u00edos de un mundo contempor\u00e1neo, m\u00e1s all\u00e1 de las fronteras impuestas.\",\"url\":\"https:\/\/pagina10.com\/web\/author\/pdiezadmin\/\"}]}<\/script>\n<!-- \/ Yoast SEO plugin. -->","yoast_head_json":{"title":"Capturan a dos presuntos responsables del secuestro de alcalde de El Charco | P\u00e1gina10","robots":{"index":"index","follow":"follow","max-snippet":"max-snippet:-1","max-image-preview":"max-image-preview:large","max-video-preview":"max-video-preview:-1"},"canonical":"https:\/\/pagina10.com\/web\/capturan-a-dos-presuntos-responsables-del-secuestro-de-alcalde-de-el-charco\/","og_locale":"es_ES","og_type":"article","og_title":"Capturan a dos presuntos responsables del secuestro de alcalde de El Charco | P\u00e1gina10","og_description":"Como Joffer Hurtado Cundum\u00ed alias Cumbamba y Cristian David Pay\u00e1n alias Cristian, fueron identificados los presuntos miembros de la estructura disdente de las Farc \u2018Franco Benavides\u2019, sindicados del secuestro del mandatario de El Charco, Jes\u00fas David Ure\u00f1a, ocurrido el pasado 24 de abril en la costa pac\u00edfica de Nari\u00f1o. Seg\u00fan el Gaula de la Polic\u00eda, [&hellip;]","og_url":"https:\/\/pagina10.com\/web\/capturan-a-dos-presuntos-responsables-del-secuestro-de-alcalde-de-el-charco\/","og_site_name":"P\u00e1gina10","article_publisher":"https:\/\/www.facebook.com\/pag10com","article_published_time":"2022-07-22T04:35:10+00:00","og_image":[{"width":1280,"height":853,"url":"https:\/\/pagina10.com\/web\/wp-content\/uploads\/2022\/07\/capturados-caso-el-charco.jpeg","type":"image\/jpeg"}],"author":"P\u00e1gina 10","twitter_card":"summary_large_image","twitter_creator":"@Pag10com","twitter_site":"@Pag10com","twitter_misc":{"Escrito por":"P\u00e1gina 10","Tiempo de lectura":"1 minuto"},"schema":{"@context":"https:\/\/schema.org","@graph":[{"@type":"Article","@id":"https:\/\/pagina10.com\/web\/capturan-a-dos-presuntos-responsables-del-secuestro-de-alcalde-de-el-charco\/#article","isPartOf":{"@id":"https:\/\/pagina10.com\/web\/capturan-a-dos-presuntos-responsables-del-secuestro-de-alcalde-de-el-charco\/"},"author":{"name":"P\u00e1gina 10","@id":"https:\/\/pagina10.com\/web\/#\/schema\/person\/2efc4a090d25b667d3bc796798a3a81b"},"headline":"Capturan a dos presuntos responsables del secuestro de alcalde de El Charco","datePublished":"2022-07-22T04:35:10+00:00","mainEntityOfPage":{"@id":"https:\/\/pagina10.com\/web\/capturan-a-dos-presuntos-responsables-del-secuestro-de-alcalde-de-el-charco\/"},"wordCount":234,"commentCount":0,"publisher":{"@id":"https:\/\/pagina10.com\/web\/#organization"},"image":{"@id":"https:\/\/pagina10.com\/web\/capturan-a-dos-presuntos-responsables-del-secuestro-de-alcalde-de-el-charco\/#primaryimage"},"thumbnailUrl":"https:\/\/pagina10.com\/web\/wp-content\/uploads\/2022\/07\/capturados-caso-el-charco.jpeg","articleSection":["Judicial"],"inLanguage":"es","potentialAction":[{"@type":"CommentAction","name":"Comment","target":["https:\/\/pagina10.com\/web\/capturan-a-dos-presuntos-responsables-del-secuestro-de-alcalde-de-el-charco\/#respond"]}]},{"@type":"WebPage","@id":"https:\/\/pagina10.com\/web\/capturan-a-dos-presuntos-responsables-del-secuestro-de-alcalde-de-el-charco\/","url":"https:\/\/pagina10.com\/web\/capturan-a-dos-presuntos-responsables-del-secuestro-de-alcalde-de-el-charco\/","name":"Capturan a dos presuntos responsables del secuestro de alcalde de El Charco | P\u00e1gina10","isPartOf":{"@id":"https:\/\/pagina10.com\/web\/#website"},"primaryImageOfPage":{"@id":"https:\/\/pagina10.com\/web\/capturan-a-dos-presuntos-responsables-del-secuestro-de-alcalde-de-el-charco\/#primaryimage"},"image":{"@id":"https:\/\/pagina10.com\/web\/capturan-a-dos-presuntos-responsables-del-secuestro-de-alcalde-de-el-charco\/#primaryimage"},"thumbnailUrl":"https:\/\/pagina10.com\/web\/wp-content\/uploads\/2022\/07\/capturados-caso-el-charco.jpeg","datePublished":"2022-07-22T04:35:10+00:00","breadcrumb":{"@id":"https:\/\/pagina10.com\/web\/capturan-a-dos-presuntos-responsables-del-secuestro-de-alcalde-de-el-charco\/#breadcrumb"},"inLanguage":"es","potentialAction":[{"@type":"ReadAction","target":["https:\/\/pagina10.com\/web\/capturan-a-dos-presuntos-responsables-del-secuestro-de-alcalde-de-el-charco\/"]}]},{"@type":"ImageObject","inLanguage":"es","@id":"https:\/\/pagina10.com\/web\/capturan-a-dos-presuntos-responsables-del-secuestro-de-alcalde-de-el-charco\/#primaryimage","url":"https:\/\/pagina10.com\/web\/wp-content\/uploads\/2022\/07\/capturados-caso-el-charco.jpeg","contentUrl":"https:\/\/pagina10.com\/web\/wp-content\/uploads\/2022\/07\/capturados-caso-el-charco.jpeg","width":1280,"height":853},{"@type":"BreadcrumbList","@id":"https:\/\/pagina10.com\/web\/capturan-a-dos-presuntos-responsables-del-secuestro-de-alcalde-de-el-charco\/#breadcrumb","itemListElement":[{"@type":"ListItem","position":1,"name":"Portada","item":"https:\/\/pagina10.com\/web\/"},{"@type":"ListItem","position":2,"name":"Capturan a dos presuntos responsables del secuestro de alcalde de El Charco"}]},{"@type":"WebSite","@id":"https:\/\/pagina10.com\/web\/#website","url":"https:\/\/pagina10.com\/web\/","name":"P\u00e1gina10","description":"Peri\u00f3dico Regional","publisher":{"@id":"https:\/\/pagina10.com\/web\/#organization"},"alternateName":"P\u00e1gina10 Peri\u00f3dico Regional","potentialAction":[{"@type":"SearchAction","target":{"@type":"EntryPoint","urlTemplate":"https:\/\/pagina10.com\/web\/?s={search_term_string}"},"query-input":{"@type":"PropertyValueSpecification","valueRequired":true,"valueName":"search_term_string"}}],"inLanguage":"es"},{"@type":"Organization","@id":"https:\/\/pagina10.com\/web\/#organization","name":"P\u00e1gina10","alternateName":"P\u00e1gina10 Peri\u00f3dico Regional","url":"https:\/\/pagina10.com\/web\/","logo":{"@type":"ImageObject","inLanguage":"es","@id":"https:\/\/pagina10.com\/web\/#\/schema\/logo\/image\/","url":"https:\/\/pagina10.com\/web\/wp-content\/uploads\/2024\/01\/40-pagina-10-periodico-regional-pasto.jpg","contentUrl":"https:\/\/pagina10.com\/web\/wp-content\/uploads\/2024\/01\/40-pagina-10-periodico-regional-pasto.jpg","width":1280,"height":720,"caption":"P\u00e1gina10"},"image":{"@id":"https:\/\/pagina10.com\/web\/#\/schema\/logo\/image\/"},"sameAs":["https:\/\/www.facebook.com\/pag10com","https:\/\/x.com\/Pag10com","https:\/\/www.instagram.com\/pagina10col\/","https:\/\/youtube.com\/channel\/pag10","https:\/\/www.tiktok.com\/@p10col"]},{"@type":"Person","@id":"https:\/\/pagina10.com\/web\/#\/schema\/person\/2efc4a090d25b667d3bc796798a3a81b","name":"P\u00e1gina 10","description":"P\u00e1gina 10 es un peri\u00f3dico regional que nace en Colombia, en el departamento de Nari\u00f1o, con un enfoque global, fundamentado en cuatro pilares esenciales: la libertad, el pluralismo, la inclusi\u00f3n y la independencia. P\u00e1gina 10 hace referencia a Nari\u00f1o como el d\u00e9cimo departamento creado en Colombia, despu\u00e9s de un proceso pol\u00edtico liderado por actores y actrices regionales con el fin de obtener la independencia y autonom\u00eda de nuestros territorios. Con la creaci\u00f3n de P\u00e1gina 10 se pretende abrir un escenario para el dialogo, la reflexi\u00f3n y el debate que se extienda a otras geograf\u00edas de Am\u00e9rica Latina y del planeta, en una apuesta por transformar colectivamente los desaf\u00edos de un mundo contempor\u00e1neo, m\u00e1s all\u00e1 de las fronteras impuestas.","url":"https:\/\/pagina10.com\/web\/author\/pdiezadmin\/"}]}},"_links":{"self":[{"href":"https:\/\/pagina10.com\/web\/wp-json\/wp\/v2\/posts\/60588","targetHints":{"allow":["GET"]}}],"collection":[{"href":"https:\/\/pagina10.com\/web\/wp-json\/wp\/v2\/posts"}],"about":[{"href":"https:\/\/pagina10.com\/web\/wp-json\/wp\/v2\/types\/post"}],"author":[{"embeddable":true,"href":"https:\/\/pagina10.com\/web\/wp-json\/wp\/v2\/users\/1"}],"replies":[{"embeddable":true,"href":"https:\/\/pagina10.com\/web\/wp-json\/wp\/v2\/comments?post=60588"}],"version-history":[{"count":1,"href":"https:\/\/pagina10.com\/web\/wp-json\/wp\/v2\/posts\/60588\/revisions"}],"predecessor-version":[{"id":60590,"href":"https:\/\/pagina10.com\/web\/wp-json\/wp\/v2\/posts\/60588\/revisions\/60590"}],"wp:featuredmedia":[{"embeddable":true,"href":"https:\/\/pagina10.com\/web\/wp-json\/wp\/v2\/media\/60589"}],"wp:attachment":[{"href":"https:\/\/pagina10.com\/web\/wp-json\/wp\/v2\/media?parent=60588"}],"wp:term":[{"taxonomy":"category","embeddable":true,"href":"https:\/\/pagina10.com\/web\/wp-json\/wp\/v2\/categories?post=60588"},{"taxonomy":"post_tag","embeddable":true,"href":"https:\/\/pagina10.com\/web\/wp-json\/wp\/v2\/tags?post=60588"}],"curies":[{"name":"wp","href":"https:\/\/api.w.org\/{rel}","templated":true}]}}