{"id":60597,"date":"2022-07-23T14:24:20","date_gmt":"2022-07-23T19:24:20","guid":{"rendered":"https:\/\/pagina10.com\/web\/?p=60597"},"modified":"2022-07-23T14:24:20","modified_gmt":"2022-07-23T19:24:20","slug":"gobernador-ofrecio-a-narino-como-sede-para-acercamientos-con-grupos-ilegales","status":"publish","type":"post","link":"https:\/\/pagina10.com\/web\/gobernador-ofrecio-a-narino-como-sede-para-acercamientos-con-grupos-ilegales\/","title":{"rendered":"Gobernador ofreci\u00f3 a Nari\u00f1o como sede para acercamientos con grupos ilegales"},"content":{"rendered":"<p style=\"text-align: justify;\">Frente al anuncio del gobierno del presidente electo Gustavo Petro de iniciar di\u00e1logos con la guerrilla del Eln y grupos armados al margen de la ley, el gobernador de Nari\u00f1o Jhon Rojas expres\u00f3 su la idea de proponer al departamento como sede de dichos acercamientos.<\/p>\n<p style=\"text-align: justify;\">En su pronunciamiento, el mandatario de los nari\u00f1enses se\u00f1al\u00f3 que el deseo de la regi\u00f3n es construir la paz. \u201cNuestro territorio est\u00e1 dispuesto a terminar con el conflicto y sustituir los cultivos il\u00edcitos que son los principales generadores de violencia en Nari\u00f1o. Aqu\u00ed hay 13 grupos al margen de la ley y por eso, esperamos que estos di\u00e1logos inicien en nuestro departamento\u201d, se\u00f1al\u00f3.<\/p>\n<p style=\"text-align: justify;\">As\u00ed mismo, Rojas indic\u00f3 que con estos acercamientos se espera controlar la escalada violenta que afronta la regi\u00f3n desde hace varios meses, lo que ha cobrado la vida de varios miembros de la Fuerza P\u00fablica y l\u00edderes sociales. \u201cCreemos que la mejor noticia que puede vivir nuestro departamento es establecer di\u00e1logos con el Eln y con los grupos al margen de la Ley que quieran ya buscar una alternativa de paz\u201d, precis\u00f3.<\/p>\n","protected":false},"excerpt":{"rendered":"<p>Frente al anuncio del gobierno del presidente electo Gustavo Petro de iniciar di\u00e1logos con la guerrilla del Eln y grupos armados al margen de la ley, el gobernador de Nari\u00f1o Jhon Rojas expres\u00f3 su la idea de proponer al departamento como sede de dichos acercamientos. En su pronunciamiento, el mandatario de los nari\u00f1enses se\u00f1al\u00f3 que [&hellip;]<\/p>\n","protected":false},"author":1,"featured_media":60598,"comment_status":"open","ping_status":"open","sticky":false,"template":"","format":"standard","meta":{"footnotes":""},"categories":[53],"tags":[],"class_list":["post-60597","post","type-post","status-publish","format-standard","has-post-thumbnail","hentry","category-regiones"],"yoast_head":"<!-- This site is optimized with the Yoast SEO plugin v27.1.1 - https:\/\/yoast.com\/product\/yoast-seo-wordpress\/ -->\n<title>Gobernador ofreci\u00f3 a Nari\u00f1o como sede para acercamientos con grupos ilegales | P\u00e1gina10<\/title>\n<meta name=\"robots\" content=\"index, follow, max-snippet:-1, max-image-preview:large, max-video-preview:-1\" \/>\n<link rel=\"canonical\" href=\"https:\/\/pagina10.com\/web\/gobernador-ofrecio-a-narino-como-sede-para-acercamientos-con-grupos-ilegales\/\" \/>\n<meta property=\"og:locale\" content=\"es_ES\" \/>\n<meta property=\"og:type\" content=\"article\" \/>\n<meta property=\"og:title\" content=\"Gobernador ofreci\u00f3 a Nari\u00f1o como sede para acercamientos con grupos ilegales | P\u00e1gina10\" \/>\n<meta property=\"og:description\" content=\"Frente al anuncio del gobierno del presidente electo Gustavo Petro de iniciar di\u00e1logos con la guerrilla del Eln y grupos armados al margen de la ley, el gobernador de Nari\u00f1o Jhon Rojas expres\u00f3 su la idea de proponer al departamento como sede de dichos acercamientos. En su pronunciamiento, el mandatario de los nari\u00f1enses se\u00f1al\u00f3 que [&hellip;]\" \/>\n<meta property=\"og:url\" content=\"https:\/\/pagina10.com\/web\/gobernador-ofrecio-a-narino-como-sede-para-acercamientos-con-grupos-ilegales\/\" \/>\n<meta property=\"og:site_name\" content=\"P\u00e1gina10\" \/>\n<meta property=\"article:publisher\" content=\"https:\/\/www.facebook.com\/pag10com\" \/>\n<meta property=\"article:published_time\" content=\"2022-07-23T19:24:20+00:00\" \/>\n<meta property=\"og:image\" content=\"https:\/\/pagina10.com\/web\/wp-content\/uploads\/2022\/07\/Gobernador-Jhon-Rojas-1-636x334-1.jpg\" \/>\n\t<meta property=\"og:image:width\" content=\"636\" \/>\n\t<meta property=\"og:image:height\" content=\"334\" \/>\n\t<meta property=\"og:image:type\" content=\"image\/jpeg\" \/>\n<meta name=\"author\" content=\"P\u00e1gina 10\" \/>\n<meta name=\"twitter:card\" content=\"summary_large_image\" \/>\n<meta name=\"twitter:creator\" content=\"@Pag10com\" \/>\n<meta name=\"twitter:site\" content=\"@Pag10com\" \/>\n<meta name=\"twitter:label1\" content=\"Escrito por\" \/>\n\t<meta name=\"twitter:data1\" content=\"P\u00e1gina 10\" \/>\n\t<meta name=\"twitter:label2\" content=\"Tiempo de lectura\" \/>\n\t<meta name=\"twitter:data2\" content=\"1 minuto\" \/>\n<script type=\"application\/ld+json\" class=\"yoast-schema-graph\">{\"@context\":\"https:\/\/schema.org\",\"@graph\":[{\"@type\":\"Article\",\"@id\":\"https:\/\/pagina10.com\/web\/gobernador-ofrecio-a-narino-como-sede-para-acercamientos-con-grupos-ilegales\/#article\",\"isPartOf\":{\"@id\":\"https:\/\/pagina10.com\/web\/gobernador-ofrecio-a-narino-como-sede-para-acercamientos-con-grupos-ilegales\/\"},\"author\":{\"name\":\"P\u00e1gina 10\",\"@id\":\"https:\/\/pagina10.com\/web\/#\/schema\/person\/2efc4a090d25b667d3bc796798a3a81b\"},\"headline\":\"Gobernador ofreci\u00f3 a Nari\u00f1o como sede para acercamientos con grupos ilegales\",\"datePublished\":\"2022-07-23T19:24:20+00:00\",\"mainEntityOfPage\":{\"@id\":\"https:\/\/pagina10.com\/web\/gobernador-ofrecio-a-narino-como-sede-para-acercamientos-con-grupos-ilegales\/\"},\"wordCount\":204,\"commentCount\":0,\"publisher\":{\"@id\":\"https:\/\/pagina10.com\/web\/#organization\"},\"image\":{\"@id\":\"https:\/\/pagina10.com\/web\/gobernador-ofrecio-a-narino-como-sede-para-acercamientos-con-grupos-ilegales\/#primaryimage\"},\"thumbnailUrl\":\"https:\/\/pagina10.com\/web\/wp-content\/uploads\/2022\/07\/Gobernador-Jhon-Rojas-1-636x334-1.jpg\",\"articleSection\":[\"Regiones\"],\"inLanguage\":\"es\",\"potentialAction\":[{\"@type\":\"CommentAction\",\"name\":\"Comment\",\"target\":[\"https:\/\/pagina10.com\/web\/gobernador-ofrecio-a-narino-como-sede-para-acercamientos-con-grupos-ilegales\/#respond\"]}]},{\"@type\":\"WebPage\",\"@id\":\"https:\/\/pagina10.com\/web\/gobernador-ofrecio-a-narino-como-sede-para-acercamientos-con-grupos-ilegales\/\",\"url\":\"https:\/\/pagina10.com\/web\/gobernador-ofrecio-a-narino-como-sede-para-acercamientos-con-grupos-ilegales\/\",\"name\":\"Gobernador ofreci\u00f3 a Nari\u00f1o como sede para acercamientos con grupos ilegales | P\u00e1gina10\",\"isPartOf\":{\"@id\":\"https:\/\/pagina10.com\/web\/#website\"},\"primaryImageOfPage\":{\"@id\":\"https:\/\/pagina10.com\/web\/gobernador-ofrecio-a-narino-como-sede-para-acercamientos-con-grupos-ilegales\/#primaryimage\"},\"image\":{\"@id\":\"https:\/\/pagina10.com\/web\/gobernador-ofrecio-a-narino-como-sede-para-acercamientos-con-grupos-ilegales\/#primaryimage\"},\"thumbnailUrl\":\"https:\/\/pagina10.com\/web\/wp-content\/uploads\/2022\/07\/Gobernador-Jhon-Rojas-1-636x334-1.jpg\",\"datePublished\":\"2022-07-23T19:24:20+00:00\",\"breadcrumb\":{\"@id\":\"https:\/\/pagina10.com\/web\/gobernador-ofrecio-a-narino-como-sede-para-acercamientos-con-grupos-ilegales\/#breadcrumb\"},\"inLanguage\":\"es\",\"potentialAction\":[{\"@type\":\"ReadAction\",\"target\":[\"https:\/\/pagina10.com\/web\/gobernador-ofrecio-a-narino-como-sede-para-acercamientos-con-grupos-ilegales\/\"]}]},{\"@type\":\"ImageObject\",\"inLanguage\":\"es\",\"@id\":\"https:\/\/pagina10.com\/web\/gobernador-ofrecio-a-narino-como-sede-para-acercamientos-con-grupos-ilegales\/#primaryimage\",\"url\":\"https:\/\/pagina10.com\/web\/wp-content\/uploads\/2022\/07\/Gobernador-Jhon-Rojas-1-636x334-1.jpg\",\"contentUrl\":\"https:\/\/pagina10.com\/web\/wp-content\/uploads\/2022\/07\/Gobernador-Jhon-Rojas-1-636x334-1.jpg\",\"width\":636,\"height\":334},{\"@type\":\"BreadcrumbList\",\"@id\":\"https:\/\/pagina10.com\/web\/gobernador-ofrecio-a-narino-como-sede-para-acercamientos-con-grupos-ilegales\/#breadcrumb\",\"itemListElement\":[{\"@type\":\"ListItem\",\"position\":1,\"name\":\"Portada\",\"item\":\"https:\/\/pagina10.com\/web\/\"},{\"@type\":\"ListItem\",\"position\":2,\"name\":\"Gobernador ofreci\u00f3 a Nari\u00f1o como sede para acercamientos con grupos ilegales\"}]},{\"@type\":\"WebSite\",\"@id\":\"https:\/\/pagina10.com\/web\/#website\",\"url\":\"https:\/\/pagina10.com\/web\/\",\"name\":\"P\u00e1gina10\",\"description\":\"Peri\u00f3dico Regional\",\"publisher\":{\"@id\":\"https:\/\/pagina10.com\/web\/#organization\"},\"alternateName\":\"P\u00e1gina10 Peri\u00f3dico Regional\",\"potentialAction\":[{\"@type\":\"SearchAction\",\"target\":{\"@type\":\"EntryPoint\",\"urlTemplate\":\"https:\/\/pagina10.com\/web\/?s={search_term_string}\"},\"query-input\":{\"@type\":\"PropertyValueSpecification\",\"valueRequired\":true,\"valueName\":\"search_term_string\"}}],\"inLanguage\":\"es\"},{\"@type\":\"Organization\",\"@id\":\"https:\/\/pagina10.com\/web\/#organization\",\"name\":\"P\u00e1gina10\",\"alternateName\":\"P\u00e1gina10 Peri\u00f3dico Regional\",\"url\":\"https:\/\/pagina10.com\/web\/\",\"logo\":{\"@type\":\"ImageObject\",\"inLanguage\":\"es\",\"@id\":\"https:\/\/pagina10.com\/web\/#\/schema\/logo\/image\/\",\"url\":\"https:\/\/pagina10.com\/web\/wp-content\/uploads\/2024\/01\/40-pagina-10-periodico-regional-pasto.jpg\",\"contentUrl\":\"https:\/\/pagina10.com\/web\/wp-content\/uploads\/2024\/01\/40-pagina-10-periodico-regional-pasto.jpg\",\"width\":1280,\"height\":720,\"caption\":\"P\u00e1gina10\"},\"image\":{\"@id\":\"https:\/\/pagina10.com\/web\/#\/schema\/logo\/image\/\"},\"sameAs\":[\"https:\/\/www.facebook.com\/pag10com\",\"https:\/\/x.com\/Pag10com\",\"https:\/\/www.instagram.com\/pagina10col\/\",\"https:\/\/youtube.com\/channel\/pag10\",\"https:\/\/www.tiktok.com\/@p10col\"]},{\"@type\":\"Person\",\"@id\":\"https:\/\/pagina10.com\/web\/#\/schema\/person\/2efc4a090d25b667d3bc796798a3a81b\",\"name\":\"P\u00e1gina 10\",\"description\":\"P\u00e1gina 10 es un peri\u00f3dico regional que nace en Colombia, en el departamento de Nari\u00f1o, con un enfoque global, fundamentado en cuatro pilares esenciales: la libertad, el pluralismo, la inclusi\u00f3n y la independencia. P\u00e1gina 10 hace referencia a Nari\u00f1o como el d\u00e9cimo departamento creado en Colombia, despu\u00e9s de un proceso pol\u00edtico liderado por actores y actrices regionales con el fin de obtener la independencia y autonom\u00eda de nuestros territorios. Con la creaci\u00f3n de P\u00e1gina 10 se pretende abrir un escenario para el dialogo, la reflexi\u00f3n y el debate que se extienda a otras geograf\u00edas de Am\u00e9rica Latina y del planeta, en una apuesta por transformar colectivamente los desaf\u00edos de un mundo contempor\u00e1neo, m\u00e1s all\u00e1 de las fronteras impuestas.\",\"url\":\"https:\/\/pagina10.com\/web\/author\/pdiezadmin\/\"}]}<\/script>\n<!-- \/ Yoast SEO plugin. -->","yoast_head_json":{"title":"Gobernador ofreci\u00f3 a Nari\u00f1o como sede para acercamientos con grupos ilegales | P\u00e1gina10","robots":{"index":"index","follow":"follow","max-snippet":"max-snippet:-1","max-image-preview":"max-image-preview:large","max-video-preview":"max-video-preview:-1"},"canonical":"https:\/\/pagina10.com\/web\/gobernador-ofrecio-a-narino-como-sede-para-acercamientos-con-grupos-ilegales\/","og_locale":"es_ES","og_type":"article","og_title":"Gobernador ofreci\u00f3 a Nari\u00f1o como sede para acercamientos con grupos ilegales | P\u00e1gina10","og_description":"Frente al anuncio del gobierno del presidente electo Gustavo Petro de iniciar di\u00e1logos con la guerrilla del Eln y grupos armados al margen de la ley, el gobernador de Nari\u00f1o Jhon Rojas expres\u00f3 su la idea de proponer al departamento como sede de dichos acercamientos. En su pronunciamiento, el mandatario de los nari\u00f1enses se\u00f1al\u00f3 que [&hellip;]","og_url":"https:\/\/pagina10.com\/web\/gobernador-ofrecio-a-narino-como-sede-para-acercamientos-con-grupos-ilegales\/","og_site_name":"P\u00e1gina10","article_publisher":"https:\/\/www.facebook.com\/pag10com","article_published_time":"2022-07-23T19:24:20+00:00","og_image":[{"width":636,"height":334,"url":"https:\/\/pagina10.com\/web\/wp-content\/uploads\/2022\/07\/Gobernador-Jhon-Rojas-1-636x334-1.jpg","type":"image\/jpeg"}],"author":"P\u00e1gina 10","twitter_card":"summary_large_image","twitter_creator":"@Pag10com","twitter_site":"@Pag10com","twitter_misc":{"Escrito por":"P\u00e1gina 10","Tiempo de lectura":"1 minuto"},"schema":{"@context":"https:\/\/schema.org","@graph":[{"@type":"Article","@id":"https:\/\/pagina10.com\/web\/gobernador-ofrecio-a-narino-como-sede-para-acercamientos-con-grupos-ilegales\/#article","isPartOf":{"@id":"https:\/\/pagina10.com\/web\/gobernador-ofrecio-a-narino-como-sede-para-acercamientos-con-grupos-ilegales\/"},"author":{"name":"P\u00e1gina 10","@id":"https:\/\/pagina10.com\/web\/#\/schema\/person\/2efc4a090d25b667d3bc796798a3a81b"},"headline":"Gobernador ofreci\u00f3 a Nari\u00f1o como sede para acercamientos con grupos ilegales","datePublished":"2022-07-23T19:24:20+00:00","mainEntityOfPage":{"@id":"https:\/\/pagina10.com\/web\/gobernador-ofrecio-a-narino-como-sede-para-acercamientos-con-grupos-ilegales\/"},"wordCount":204,"commentCount":0,"publisher":{"@id":"https:\/\/pagina10.com\/web\/#organization"},"image":{"@id":"https:\/\/pagina10.com\/web\/gobernador-ofrecio-a-narino-como-sede-para-acercamientos-con-grupos-ilegales\/#primaryimage"},"thumbnailUrl":"https:\/\/pagina10.com\/web\/wp-content\/uploads\/2022\/07\/Gobernador-Jhon-Rojas-1-636x334-1.jpg","articleSection":["Regiones"],"inLanguage":"es","potentialAction":[{"@type":"CommentAction","name":"Comment","target":["https:\/\/pagina10.com\/web\/gobernador-ofrecio-a-narino-como-sede-para-acercamientos-con-grupos-ilegales\/#respond"]}]},{"@type":"WebPage","@id":"https:\/\/pagina10.com\/web\/gobernador-ofrecio-a-narino-como-sede-para-acercamientos-con-grupos-ilegales\/","url":"https:\/\/pagina10.com\/web\/gobernador-ofrecio-a-narino-como-sede-para-acercamientos-con-grupos-ilegales\/","name":"Gobernador ofreci\u00f3 a Nari\u00f1o como sede para acercamientos con grupos ilegales | P\u00e1gina10","isPartOf":{"@id":"https:\/\/pagina10.com\/web\/#website"},"primaryImageOfPage":{"@id":"https:\/\/pagina10.com\/web\/gobernador-ofrecio-a-narino-como-sede-para-acercamientos-con-grupos-ilegales\/#primaryimage"},"image":{"@id":"https:\/\/pagina10.com\/web\/gobernador-ofrecio-a-narino-como-sede-para-acercamientos-con-grupos-ilegales\/#primaryimage"},"thumbnailUrl":"https:\/\/pagina10.com\/web\/wp-content\/uploads\/2022\/07\/Gobernador-Jhon-Rojas-1-636x334-1.jpg","datePublished":"2022-07-23T19:24:20+00:00","breadcrumb":{"@id":"https:\/\/pagina10.com\/web\/gobernador-ofrecio-a-narino-como-sede-para-acercamientos-con-grupos-ilegales\/#breadcrumb"},"inLanguage":"es","potentialAction":[{"@type":"ReadAction","target":["https:\/\/pagina10.com\/web\/gobernador-ofrecio-a-narino-como-sede-para-acercamientos-con-grupos-ilegales\/"]}]},{"@type":"ImageObject","inLanguage":"es","@id":"https:\/\/pagina10.com\/web\/gobernador-ofrecio-a-narino-como-sede-para-acercamientos-con-grupos-ilegales\/#primaryimage","url":"https:\/\/pagina10.com\/web\/wp-content\/uploads\/2022\/07\/Gobernador-Jhon-Rojas-1-636x334-1.jpg","contentUrl":"https:\/\/pagina10.com\/web\/wp-content\/uploads\/2022\/07\/Gobernador-Jhon-Rojas-1-636x334-1.jpg","width":636,"height":334},{"@type":"BreadcrumbList","@id":"https:\/\/pagina10.com\/web\/gobernador-ofrecio-a-narino-como-sede-para-acercamientos-con-grupos-ilegales\/#breadcrumb","itemListElement":[{"@type":"ListItem","position":1,"name":"Portada","item":"https:\/\/pagina10.com\/web\/"},{"@type":"ListItem","position":2,"name":"Gobernador ofreci\u00f3 a Nari\u00f1o como sede para acercamientos con grupos ilegales"}]},{"@type":"WebSite","@id":"https:\/\/pagina10.com\/web\/#website","url":"https:\/\/pagina10.com\/web\/","name":"P\u00e1gina10","description":"Peri\u00f3dico Regional","publisher":{"@id":"https:\/\/pagina10.com\/web\/#organization"},"alternateName":"P\u00e1gina10 Peri\u00f3dico Regional","potentialAction":[{"@type":"SearchAction","target":{"@type":"EntryPoint","urlTemplate":"https:\/\/pagina10.com\/web\/?s={search_term_string}"},"query-input":{"@type":"PropertyValueSpecification","valueRequired":true,"valueName":"search_term_string"}}],"inLanguage":"es"},{"@type":"Organization","@id":"https:\/\/pagina10.com\/web\/#organization","name":"P\u00e1gina10","alternateName":"P\u00e1gina10 Peri\u00f3dico Regional","url":"https:\/\/pagina10.com\/web\/","logo":{"@type":"ImageObject","inLanguage":"es","@id":"https:\/\/pagina10.com\/web\/#\/schema\/logo\/image\/","url":"https:\/\/pagina10.com\/web\/wp-content\/uploads\/2024\/01\/40-pagina-10-periodico-regional-pasto.jpg","contentUrl":"https:\/\/pagina10.com\/web\/wp-content\/uploads\/2024\/01\/40-pagina-10-periodico-regional-pasto.jpg","width":1280,"height":720,"caption":"P\u00e1gina10"},"image":{"@id":"https:\/\/pagina10.com\/web\/#\/schema\/logo\/image\/"},"sameAs":["https:\/\/www.facebook.com\/pag10com","https:\/\/x.com\/Pag10com","https:\/\/www.instagram.com\/pagina10col\/","https:\/\/youtube.com\/channel\/pag10","https:\/\/www.tiktok.com\/@p10col"]},{"@type":"Person","@id":"https:\/\/pagina10.com\/web\/#\/schema\/person\/2efc4a090d25b667d3bc796798a3a81b","name":"P\u00e1gina 10","description":"P\u00e1gina 10 es un peri\u00f3dico regional que nace en Colombia, en el departamento de Nari\u00f1o, con un enfoque global, fundamentado en cuatro pilares esenciales: la libertad, el pluralismo, la inclusi\u00f3n y la independencia. P\u00e1gina 10 hace referencia a Nari\u00f1o como el d\u00e9cimo departamento creado en Colombia, despu\u00e9s de un proceso pol\u00edtico liderado por actores y actrices regionales con el fin de obtener la independencia y autonom\u00eda de nuestros territorios. Con la creaci\u00f3n de P\u00e1gina 10 se pretende abrir un escenario para el dialogo, la reflexi\u00f3n y el debate que se extienda a otras geograf\u00edas de Am\u00e9rica Latina y del planeta, en una apuesta por transformar colectivamente los desaf\u00edos de un mundo contempor\u00e1neo, m\u00e1s all\u00e1 de las fronteras impuestas.","url":"https:\/\/pagina10.com\/web\/author\/pdiezadmin\/"}]}},"_links":{"self":[{"href":"https:\/\/pagina10.com\/web\/wp-json\/wp\/v2\/posts\/60597","targetHints":{"allow":["GET"]}}],"collection":[{"href":"https:\/\/pagina10.com\/web\/wp-json\/wp\/v2\/posts"}],"about":[{"href":"https:\/\/pagina10.com\/web\/wp-json\/wp\/v2\/types\/post"}],"author":[{"embeddable":true,"href":"https:\/\/pagina10.com\/web\/wp-json\/wp\/v2\/users\/1"}],"replies":[{"embeddable":true,"href":"https:\/\/pagina10.com\/web\/wp-json\/wp\/v2\/comments?post=60597"}],"version-history":[{"count":1,"href":"https:\/\/pagina10.com\/web\/wp-json\/wp\/v2\/posts\/60597\/revisions"}],"predecessor-version":[{"id":60599,"href":"https:\/\/pagina10.com\/web\/wp-json\/wp\/v2\/posts\/60597\/revisions\/60599"}],"wp:featuredmedia":[{"embeddable":true,"href":"https:\/\/pagina10.com\/web\/wp-json\/wp\/v2\/media\/60598"}],"wp:attachment":[{"href":"https:\/\/pagina10.com\/web\/wp-json\/wp\/v2\/media?parent=60597"}],"wp:term":[{"taxonomy":"category","embeddable":true,"href":"https:\/\/pagina10.com\/web\/wp-json\/wp\/v2\/categories?post=60597"},{"taxonomy":"post_tag","embeddable":true,"href":"https:\/\/pagina10.com\/web\/wp-json\/wp\/v2\/tags?post=60597"}],"curies":[{"name":"wp","href":"https:\/\/api.w.org\/{rel}","templated":true}]}}