{"id":60605,"date":"2022-07-23T19:41:22","date_gmt":"2022-07-24T00:41:22","guid":{"rendered":"https:\/\/pagina10.com\/web\/?p=60605"},"modified":"2022-07-23T19:41:22","modified_gmt":"2022-07-24T00:41:22","slug":"ante-inseguridad-en-la-via-hacia-el-cauca-reforzaran-presencia-de-la-fuerza-publica","status":"publish","type":"post","link":"https:\/\/pagina10.com\/web\/ante-inseguridad-en-la-via-hacia-el-cauca-reforzaran-presencia-de-la-fuerza-publica\/","title":{"rendered":"Ante inseguridad en la v\u00eda hacia el Cauca reforzar\u00e1n presencia de la Fuerza P\u00fablica"},"content":{"rendered":"<p style=\"text-align: justify;\">Tras el consejo de seguridad liderado por el gobernador de Nari\u00f1o, Jhon Rojas, se definieron varias estrategias con el fin de hacerle frente a los hechos delictivos ocurridos en ese importante corredor vial que conecta a Nari\u00f1o con el departamento del Cauca.<\/p>\n<p style=\"text-align: justify;\">Entre las principales acciones se destaca la de la Brigada 29 del Ej\u00e9rcito Nacional que dispondr\u00e1 del Batall\u00f3n de Alta Monta\u00f1a para hacer presencia permanente en los municipios de la zona fronteriza entre ambos departamentos. De igual forma, dispondr\u00e1 un pelot\u00f3n m\u00f3vil de patrullaje permanente en la v\u00eda Panamericana.<\/p>\n<p style=\"text-align: justify;\">As\u00ed mismo, la Fiscal\u00eda de Cauca y Nari\u00f1o intensificar\u00e1 investigaciones para desarticular las estructuras delictivas, mientras que la Defensor\u00eda del Pueblo realizar\u00e1 seguimiento a los compromisos institucionales. Por su parte, la Polic\u00eda del Cauca destinar\u00e1 una unidad especial de patrullaje para la zona. Sumado a ello, se coordinar\u00e1n caravanas nocturnas.<\/p>\n<p style=\"text-align: justify;\">Se confirm\u00f3 que desde ambas gobernaciones se realizar\u00e1 una solicitud a INV\u00cdAS para la intervenci\u00f3n inmediata de los puntos cr\u00edticos de la v\u00eda que son aprovechados por la delincuencia. Finalmente, se adelantar\u00e1 un trabajo articulado entre autoridades, civiles y de fuerza p\u00fablica, en beneficio de las comunidades de los dos departamentos.<\/p>\n","protected":false},"excerpt":{"rendered":"<p>Tras el consejo de seguridad liderado por el gobernador de Nari\u00f1o, Jhon Rojas, se definieron varias estrategias con el fin de hacerle frente a los hechos delictivos ocurridos en ese importante corredor vial que conecta a Nari\u00f1o con el departamento del Cauca. Entre las principales acciones se destaca la de la Brigada 29 del Ej\u00e9rcito [&hellip;]<\/p>\n","protected":false},"author":1,"featured_media":60606,"comment_status":"open","ping_status":"open","sticky":false,"template":"","format":"standard","meta":{"footnotes":""},"categories":[53],"tags":[],"class_list":["post-60605","post","type-post","status-publish","format-standard","has-post-thumbnail","hentry","category-regiones"],"yoast_head":"<!-- This site is optimized with the Yoast SEO plugin v27.1.1 - https:\/\/yoast.com\/product\/yoast-seo-wordpress\/ -->\n<title>Ante inseguridad en la v\u00eda hacia el Cauca reforzar\u00e1n presencia de la Fuerza P\u00fablica | P\u00e1gina10<\/title>\n<meta name=\"robots\" content=\"index, follow, max-snippet:-1, max-image-preview:large, max-video-preview:-1\" \/>\n<link rel=\"canonical\" href=\"https:\/\/pagina10.com\/web\/ante-inseguridad-en-la-via-hacia-el-cauca-reforzaran-presencia-de-la-fuerza-publica\/\" \/>\n<meta property=\"og:locale\" content=\"es_ES\" \/>\n<meta property=\"og:type\" content=\"article\" \/>\n<meta property=\"og:title\" content=\"Ante inseguridad en la v\u00eda hacia el Cauca reforzar\u00e1n presencia de la Fuerza P\u00fablica | P\u00e1gina10\" \/>\n<meta property=\"og:description\" content=\"Tras el consejo de seguridad liderado por el gobernador de Nari\u00f1o, Jhon Rojas, se definieron varias estrategias con el fin de hacerle frente a los hechos delictivos ocurridos en ese importante corredor vial que conecta a Nari\u00f1o con el departamento del Cauca. Entre las principales acciones se destaca la de la Brigada 29 del Ej\u00e9rcito [&hellip;]\" \/>\n<meta property=\"og:url\" content=\"https:\/\/pagina10.com\/web\/ante-inseguridad-en-la-via-hacia-el-cauca-reforzaran-presencia-de-la-fuerza-publica\/\" \/>\n<meta property=\"og:site_name\" content=\"P\u00e1gina10\" \/>\n<meta property=\"article:publisher\" content=\"https:\/\/www.facebook.com\/pag10com\" \/>\n<meta property=\"article:published_time\" content=\"2022-07-24T00:41:22+00:00\" \/>\n<meta property=\"og:image\" content=\"https:\/\/pagina10.com\/web\/wp-content\/uploads\/2022\/07\/CamionesCauca-TwitterComandoRegion4-26032019.png\" \/>\n\t<meta property=\"og:image:width\" content=\"900\" \/>\n\t<meta property=\"og:image:height\" content=\"500\" \/>\n\t<meta property=\"og:image:type\" content=\"image\/png\" \/>\n<meta name=\"author\" content=\"P\u00e1gina 10\" \/>\n<meta name=\"twitter:card\" content=\"summary_large_image\" \/>\n<meta name=\"twitter:creator\" content=\"@Pag10com\" \/>\n<meta name=\"twitter:site\" content=\"@Pag10com\" \/>\n<meta name=\"twitter:label1\" content=\"Escrito por\" \/>\n\t<meta name=\"twitter:data1\" content=\"P\u00e1gina 10\" \/>\n\t<meta name=\"twitter:label2\" content=\"Tiempo de lectura\" \/>\n\t<meta name=\"twitter:data2\" content=\"1 minuto\" \/>\n<script type=\"application\/ld+json\" class=\"yoast-schema-graph\">{\"@context\":\"https:\/\/schema.org\",\"@graph\":[{\"@type\":\"Article\",\"@id\":\"https:\/\/pagina10.com\/web\/ante-inseguridad-en-la-via-hacia-el-cauca-reforzaran-presencia-de-la-fuerza-publica\/#article\",\"isPartOf\":{\"@id\":\"https:\/\/pagina10.com\/web\/ante-inseguridad-en-la-via-hacia-el-cauca-reforzaran-presencia-de-la-fuerza-publica\/\"},\"author\":{\"name\":\"P\u00e1gina 10\",\"@id\":\"https:\/\/pagina10.com\/web\/#\/schema\/person\/2efc4a090d25b667d3bc796798a3a81b\"},\"headline\":\"Ante inseguridad en la v\u00eda hacia el Cauca reforzar\u00e1n presencia de la Fuerza P\u00fablica\",\"datePublished\":\"2022-07-24T00:41:22+00:00\",\"mainEntityOfPage\":{\"@id\":\"https:\/\/pagina10.com\/web\/ante-inseguridad-en-la-via-hacia-el-cauca-reforzaran-presencia-de-la-fuerza-publica\/\"},\"wordCount\":226,\"commentCount\":0,\"publisher\":{\"@id\":\"https:\/\/pagina10.com\/web\/#organization\"},\"image\":{\"@id\":\"https:\/\/pagina10.com\/web\/ante-inseguridad-en-la-via-hacia-el-cauca-reforzaran-presencia-de-la-fuerza-publica\/#primaryimage\"},\"thumbnailUrl\":\"https:\/\/pagina10.com\/web\/wp-content\/uploads\/2022\/07\/CamionesCauca-TwitterComandoRegion4-26032019.png\",\"articleSection\":[\"Regiones\"],\"inLanguage\":\"es\",\"potentialAction\":[{\"@type\":\"CommentAction\",\"name\":\"Comment\",\"target\":[\"https:\/\/pagina10.com\/web\/ante-inseguridad-en-la-via-hacia-el-cauca-reforzaran-presencia-de-la-fuerza-publica\/#respond\"]}]},{\"@type\":\"WebPage\",\"@id\":\"https:\/\/pagina10.com\/web\/ante-inseguridad-en-la-via-hacia-el-cauca-reforzaran-presencia-de-la-fuerza-publica\/\",\"url\":\"https:\/\/pagina10.com\/web\/ante-inseguridad-en-la-via-hacia-el-cauca-reforzaran-presencia-de-la-fuerza-publica\/\",\"name\":\"Ante inseguridad en la v\u00eda hacia el Cauca reforzar\u00e1n presencia de la Fuerza P\u00fablica | P\u00e1gina10\",\"isPartOf\":{\"@id\":\"https:\/\/pagina10.com\/web\/#website\"},\"primaryImageOfPage\":{\"@id\":\"https:\/\/pagina10.com\/web\/ante-inseguridad-en-la-via-hacia-el-cauca-reforzaran-presencia-de-la-fuerza-publica\/#primaryimage\"},\"image\":{\"@id\":\"https:\/\/pagina10.com\/web\/ante-inseguridad-en-la-via-hacia-el-cauca-reforzaran-presencia-de-la-fuerza-publica\/#primaryimage\"},\"thumbnailUrl\":\"https:\/\/pagina10.com\/web\/wp-content\/uploads\/2022\/07\/CamionesCauca-TwitterComandoRegion4-26032019.png\",\"datePublished\":\"2022-07-24T00:41:22+00:00\",\"breadcrumb\":{\"@id\":\"https:\/\/pagina10.com\/web\/ante-inseguridad-en-la-via-hacia-el-cauca-reforzaran-presencia-de-la-fuerza-publica\/#breadcrumb\"},\"inLanguage\":\"es\",\"potentialAction\":[{\"@type\":\"ReadAction\",\"target\":[\"https:\/\/pagina10.com\/web\/ante-inseguridad-en-la-via-hacia-el-cauca-reforzaran-presencia-de-la-fuerza-publica\/\"]}]},{\"@type\":\"ImageObject\",\"inLanguage\":\"es\",\"@id\":\"https:\/\/pagina10.com\/web\/ante-inseguridad-en-la-via-hacia-el-cauca-reforzaran-presencia-de-la-fuerza-publica\/#primaryimage\",\"url\":\"https:\/\/pagina10.com\/web\/wp-content\/uploads\/2022\/07\/CamionesCauca-TwitterComandoRegion4-26032019.png\",\"contentUrl\":\"https:\/\/pagina10.com\/web\/wp-content\/uploads\/2022\/07\/CamionesCauca-TwitterComandoRegion4-26032019.png\",\"width\":900,\"height\":500},{\"@type\":\"BreadcrumbList\",\"@id\":\"https:\/\/pagina10.com\/web\/ante-inseguridad-en-la-via-hacia-el-cauca-reforzaran-presencia-de-la-fuerza-publica\/#breadcrumb\",\"itemListElement\":[{\"@type\":\"ListItem\",\"position\":1,\"name\":\"Portada\",\"item\":\"https:\/\/pagina10.com\/web\/\"},{\"@type\":\"ListItem\",\"position\":2,\"name\":\"Ante inseguridad en la v\u00eda hacia el Cauca reforzar\u00e1n presencia de la Fuerza P\u00fablica\"}]},{\"@type\":\"WebSite\",\"@id\":\"https:\/\/pagina10.com\/web\/#website\",\"url\":\"https:\/\/pagina10.com\/web\/\",\"name\":\"P\u00e1gina10\",\"description\":\"Peri\u00f3dico Regional\",\"publisher\":{\"@id\":\"https:\/\/pagina10.com\/web\/#organization\"},\"alternateName\":\"P\u00e1gina10 Peri\u00f3dico Regional\",\"potentialAction\":[{\"@type\":\"SearchAction\",\"target\":{\"@type\":\"EntryPoint\",\"urlTemplate\":\"https:\/\/pagina10.com\/web\/?s={search_term_string}\"},\"query-input\":{\"@type\":\"PropertyValueSpecification\",\"valueRequired\":true,\"valueName\":\"search_term_string\"}}],\"inLanguage\":\"es\"},{\"@type\":\"Organization\",\"@id\":\"https:\/\/pagina10.com\/web\/#organization\",\"name\":\"P\u00e1gina10\",\"alternateName\":\"P\u00e1gina10 Peri\u00f3dico Regional\",\"url\":\"https:\/\/pagina10.com\/web\/\",\"logo\":{\"@type\":\"ImageObject\",\"inLanguage\":\"es\",\"@id\":\"https:\/\/pagina10.com\/web\/#\/schema\/logo\/image\/\",\"url\":\"https:\/\/pagina10.com\/web\/wp-content\/uploads\/2024\/01\/40-pagina-10-periodico-regional-pasto.jpg\",\"contentUrl\":\"https:\/\/pagina10.com\/web\/wp-content\/uploads\/2024\/01\/40-pagina-10-periodico-regional-pasto.jpg\",\"width\":1280,\"height\":720,\"caption\":\"P\u00e1gina10\"},\"image\":{\"@id\":\"https:\/\/pagina10.com\/web\/#\/schema\/logo\/image\/\"},\"sameAs\":[\"https:\/\/www.facebook.com\/pag10com\",\"https:\/\/x.com\/Pag10com\",\"https:\/\/www.instagram.com\/pagina10col\/\",\"https:\/\/youtube.com\/channel\/pag10\",\"https:\/\/www.tiktok.com\/@p10col\"]},{\"@type\":\"Person\",\"@id\":\"https:\/\/pagina10.com\/web\/#\/schema\/person\/2efc4a090d25b667d3bc796798a3a81b\",\"name\":\"P\u00e1gina 10\",\"description\":\"P\u00e1gina 10 es un peri\u00f3dico regional que nace en Colombia, en el departamento de Nari\u00f1o, con un enfoque global, fundamentado en cuatro pilares esenciales: la libertad, el pluralismo, la inclusi\u00f3n y la independencia. P\u00e1gina 10 hace referencia a Nari\u00f1o como el d\u00e9cimo departamento creado en Colombia, despu\u00e9s de un proceso pol\u00edtico liderado por actores y actrices regionales con el fin de obtener la independencia y autonom\u00eda de nuestros territorios. Con la creaci\u00f3n de P\u00e1gina 10 se pretende abrir un escenario para el dialogo, la reflexi\u00f3n y el debate que se extienda a otras geograf\u00edas de Am\u00e9rica Latina y del planeta, en una apuesta por transformar colectivamente los desaf\u00edos de un mundo contempor\u00e1neo, m\u00e1s all\u00e1 de las fronteras impuestas.\",\"url\":\"https:\/\/pagina10.com\/web\/author\/pdiezadmin\/\"}]}<\/script>\n<!-- \/ Yoast SEO plugin. -->","yoast_head_json":{"title":"Ante inseguridad en la v\u00eda hacia el Cauca reforzar\u00e1n presencia de la Fuerza P\u00fablica | P\u00e1gina10","robots":{"index":"index","follow":"follow","max-snippet":"max-snippet:-1","max-image-preview":"max-image-preview:large","max-video-preview":"max-video-preview:-1"},"canonical":"https:\/\/pagina10.com\/web\/ante-inseguridad-en-la-via-hacia-el-cauca-reforzaran-presencia-de-la-fuerza-publica\/","og_locale":"es_ES","og_type":"article","og_title":"Ante inseguridad en la v\u00eda hacia el Cauca reforzar\u00e1n presencia de la Fuerza P\u00fablica | P\u00e1gina10","og_description":"Tras el consejo de seguridad liderado por el gobernador de Nari\u00f1o, Jhon Rojas, se definieron varias estrategias con el fin de hacerle frente a los hechos delictivos ocurridos en ese importante corredor vial que conecta a Nari\u00f1o con el departamento del Cauca. Entre las principales acciones se destaca la de la Brigada 29 del Ej\u00e9rcito [&hellip;]","og_url":"https:\/\/pagina10.com\/web\/ante-inseguridad-en-la-via-hacia-el-cauca-reforzaran-presencia-de-la-fuerza-publica\/","og_site_name":"P\u00e1gina10","article_publisher":"https:\/\/www.facebook.com\/pag10com","article_published_time":"2022-07-24T00:41:22+00:00","og_image":[{"width":900,"height":500,"url":"https:\/\/pagina10.com\/web\/wp-content\/uploads\/2022\/07\/CamionesCauca-TwitterComandoRegion4-26032019.png","type":"image\/png"}],"author":"P\u00e1gina 10","twitter_card":"summary_large_image","twitter_creator":"@Pag10com","twitter_site":"@Pag10com","twitter_misc":{"Escrito por":"P\u00e1gina 10","Tiempo de lectura":"1 minuto"},"schema":{"@context":"https:\/\/schema.org","@graph":[{"@type":"Article","@id":"https:\/\/pagina10.com\/web\/ante-inseguridad-en-la-via-hacia-el-cauca-reforzaran-presencia-de-la-fuerza-publica\/#article","isPartOf":{"@id":"https:\/\/pagina10.com\/web\/ante-inseguridad-en-la-via-hacia-el-cauca-reforzaran-presencia-de-la-fuerza-publica\/"},"author":{"name":"P\u00e1gina 10","@id":"https:\/\/pagina10.com\/web\/#\/schema\/person\/2efc4a090d25b667d3bc796798a3a81b"},"headline":"Ante inseguridad en la v\u00eda hacia el Cauca reforzar\u00e1n presencia de la Fuerza P\u00fablica","datePublished":"2022-07-24T00:41:22+00:00","mainEntityOfPage":{"@id":"https:\/\/pagina10.com\/web\/ante-inseguridad-en-la-via-hacia-el-cauca-reforzaran-presencia-de-la-fuerza-publica\/"},"wordCount":226,"commentCount":0,"publisher":{"@id":"https:\/\/pagina10.com\/web\/#organization"},"image":{"@id":"https:\/\/pagina10.com\/web\/ante-inseguridad-en-la-via-hacia-el-cauca-reforzaran-presencia-de-la-fuerza-publica\/#primaryimage"},"thumbnailUrl":"https:\/\/pagina10.com\/web\/wp-content\/uploads\/2022\/07\/CamionesCauca-TwitterComandoRegion4-26032019.png","articleSection":["Regiones"],"inLanguage":"es","potentialAction":[{"@type":"CommentAction","name":"Comment","target":["https:\/\/pagina10.com\/web\/ante-inseguridad-en-la-via-hacia-el-cauca-reforzaran-presencia-de-la-fuerza-publica\/#respond"]}]},{"@type":"WebPage","@id":"https:\/\/pagina10.com\/web\/ante-inseguridad-en-la-via-hacia-el-cauca-reforzaran-presencia-de-la-fuerza-publica\/","url":"https:\/\/pagina10.com\/web\/ante-inseguridad-en-la-via-hacia-el-cauca-reforzaran-presencia-de-la-fuerza-publica\/","name":"Ante inseguridad en la v\u00eda hacia el Cauca reforzar\u00e1n presencia de la Fuerza P\u00fablica | P\u00e1gina10","isPartOf":{"@id":"https:\/\/pagina10.com\/web\/#website"},"primaryImageOfPage":{"@id":"https:\/\/pagina10.com\/web\/ante-inseguridad-en-la-via-hacia-el-cauca-reforzaran-presencia-de-la-fuerza-publica\/#primaryimage"},"image":{"@id":"https:\/\/pagina10.com\/web\/ante-inseguridad-en-la-via-hacia-el-cauca-reforzaran-presencia-de-la-fuerza-publica\/#primaryimage"},"thumbnailUrl":"https:\/\/pagina10.com\/web\/wp-content\/uploads\/2022\/07\/CamionesCauca-TwitterComandoRegion4-26032019.png","datePublished":"2022-07-24T00:41:22+00:00","breadcrumb":{"@id":"https:\/\/pagina10.com\/web\/ante-inseguridad-en-la-via-hacia-el-cauca-reforzaran-presencia-de-la-fuerza-publica\/#breadcrumb"},"inLanguage":"es","potentialAction":[{"@type":"ReadAction","target":["https:\/\/pagina10.com\/web\/ante-inseguridad-en-la-via-hacia-el-cauca-reforzaran-presencia-de-la-fuerza-publica\/"]}]},{"@type":"ImageObject","inLanguage":"es","@id":"https:\/\/pagina10.com\/web\/ante-inseguridad-en-la-via-hacia-el-cauca-reforzaran-presencia-de-la-fuerza-publica\/#primaryimage","url":"https:\/\/pagina10.com\/web\/wp-content\/uploads\/2022\/07\/CamionesCauca-TwitterComandoRegion4-26032019.png","contentUrl":"https:\/\/pagina10.com\/web\/wp-content\/uploads\/2022\/07\/CamionesCauca-TwitterComandoRegion4-26032019.png","width":900,"height":500},{"@type":"BreadcrumbList","@id":"https:\/\/pagina10.com\/web\/ante-inseguridad-en-la-via-hacia-el-cauca-reforzaran-presencia-de-la-fuerza-publica\/#breadcrumb","itemListElement":[{"@type":"ListItem","position":1,"name":"Portada","item":"https:\/\/pagina10.com\/web\/"},{"@type":"ListItem","position":2,"name":"Ante inseguridad en la v\u00eda hacia el Cauca reforzar\u00e1n presencia de la Fuerza P\u00fablica"}]},{"@type":"WebSite","@id":"https:\/\/pagina10.com\/web\/#website","url":"https:\/\/pagina10.com\/web\/","name":"P\u00e1gina10","description":"Peri\u00f3dico Regional","publisher":{"@id":"https:\/\/pagina10.com\/web\/#organization"},"alternateName":"P\u00e1gina10 Peri\u00f3dico Regional","potentialAction":[{"@type":"SearchAction","target":{"@type":"EntryPoint","urlTemplate":"https:\/\/pagina10.com\/web\/?s={search_term_string}"},"query-input":{"@type":"PropertyValueSpecification","valueRequired":true,"valueName":"search_term_string"}}],"inLanguage":"es"},{"@type":"Organization","@id":"https:\/\/pagina10.com\/web\/#organization","name":"P\u00e1gina10","alternateName":"P\u00e1gina10 Peri\u00f3dico Regional","url":"https:\/\/pagina10.com\/web\/","logo":{"@type":"ImageObject","inLanguage":"es","@id":"https:\/\/pagina10.com\/web\/#\/schema\/logo\/image\/","url":"https:\/\/pagina10.com\/web\/wp-content\/uploads\/2024\/01\/40-pagina-10-periodico-regional-pasto.jpg","contentUrl":"https:\/\/pagina10.com\/web\/wp-content\/uploads\/2024\/01\/40-pagina-10-periodico-regional-pasto.jpg","width":1280,"height":720,"caption":"P\u00e1gina10"},"image":{"@id":"https:\/\/pagina10.com\/web\/#\/schema\/logo\/image\/"},"sameAs":["https:\/\/www.facebook.com\/pag10com","https:\/\/x.com\/Pag10com","https:\/\/www.instagram.com\/pagina10col\/","https:\/\/youtube.com\/channel\/pag10","https:\/\/www.tiktok.com\/@p10col"]},{"@type":"Person","@id":"https:\/\/pagina10.com\/web\/#\/schema\/person\/2efc4a090d25b667d3bc796798a3a81b","name":"P\u00e1gina 10","description":"P\u00e1gina 10 es un peri\u00f3dico regional que nace en Colombia, en el departamento de Nari\u00f1o, con un enfoque global, fundamentado en cuatro pilares esenciales: la libertad, el pluralismo, la inclusi\u00f3n y la independencia. P\u00e1gina 10 hace referencia a Nari\u00f1o como el d\u00e9cimo departamento creado en Colombia, despu\u00e9s de un proceso pol\u00edtico liderado por actores y actrices regionales con el fin de obtener la independencia y autonom\u00eda de nuestros territorios. Con la creaci\u00f3n de P\u00e1gina 10 se pretende abrir un escenario para el dialogo, la reflexi\u00f3n y el debate que se extienda a otras geograf\u00edas de Am\u00e9rica Latina y del planeta, en una apuesta por transformar colectivamente los desaf\u00edos de un mundo contempor\u00e1neo, m\u00e1s all\u00e1 de las fronteras impuestas.","url":"https:\/\/pagina10.com\/web\/author\/pdiezadmin\/"}]}},"_links":{"self":[{"href":"https:\/\/pagina10.com\/web\/wp-json\/wp\/v2\/posts\/60605","targetHints":{"allow":["GET"]}}],"collection":[{"href":"https:\/\/pagina10.com\/web\/wp-json\/wp\/v2\/posts"}],"about":[{"href":"https:\/\/pagina10.com\/web\/wp-json\/wp\/v2\/types\/post"}],"author":[{"embeddable":true,"href":"https:\/\/pagina10.com\/web\/wp-json\/wp\/v2\/users\/1"}],"replies":[{"embeddable":true,"href":"https:\/\/pagina10.com\/web\/wp-json\/wp\/v2\/comments?post=60605"}],"version-history":[{"count":1,"href":"https:\/\/pagina10.com\/web\/wp-json\/wp\/v2\/posts\/60605\/revisions"}],"predecessor-version":[{"id":60607,"href":"https:\/\/pagina10.com\/web\/wp-json\/wp\/v2\/posts\/60605\/revisions\/60607"}],"wp:featuredmedia":[{"embeddable":true,"href":"https:\/\/pagina10.com\/web\/wp-json\/wp\/v2\/media\/60606"}],"wp:attachment":[{"href":"https:\/\/pagina10.com\/web\/wp-json\/wp\/v2\/media?parent=60605"}],"wp:term":[{"taxonomy":"category","embeddable":true,"href":"https:\/\/pagina10.com\/web\/wp-json\/wp\/v2\/categories?post=60605"},{"taxonomy":"post_tag","embeddable":true,"href":"https:\/\/pagina10.com\/web\/wp-json\/wp\/v2\/tags?post=60605"}],"curies":[{"name":"wp","href":"https:\/\/api.w.org\/{rel}","templated":true}]}}