{"id":6062,"date":"2014-01-10T15:03:44","date_gmt":"2014-01-10T15:03:44","guid":{"rendered":"https:\/\/pagina10.com\/web\/pico-y-placa-dia-sabado-continua-hasta-enero-18\/"},"modified":"2014-01-10T15:03:44","modified_gmt":"2014-01-10T15:03:44","slug":"pico-y-placa-dia-sabado-continua-hasta-enero-18","status":"publish","type":"post","link":"https:\/\/pagina10.com\/web\/pico-y-placa-dia-sabado-continua-hasta-enero-18\/","title":{"rendered":"Pico y placa d\u00eda s\u00e1bado continua hasta enero 18"},"content":{"rendered":"<p><img fetchpriority=\"high\" decoding=\"async\" class=\" size-full wp-image-6061\" src=\"https:\/\/pagina10.com\/web\/wp-content\/uploads\/2014\/01\/57a563bcafe5adb5a476933fe298e364.jpg\" alt=\"\" width=\"620\" height=\"412\" srcset=\"https:\/\/pagina10.com\/web\/wp-content\/uploads\/2014\/01\/57a563bcafe5adb5a476933fe298e364.jpg 620w, https:\/\/pagina10.com\/web\/wp-content\/uploads\/2014\/01\/57a563bcafe5adb5a476933fe298e364-300x199.jpg 300w, https:\/\/pagina10.com\/web\/wp-content\/uploads\/2014\/01\/57a563bcafe5adb5a476933fe298e364-450x300.jpg 450w\" sizes=\"(max-width: 620px) 100vw, 620px\" \/><\/p>\n<p style=\"text-align: justify;\">El secretario de Tr\u00e1nsito de Pasto Guillermo Villota G\u00f3mez, inform\u00f3 que la medida de pico y placa contin\u00faa normalmente como se ven\u00eda desarrollando desde el a\u00f1o 2013. El funcionario record\u00f3 que la medida restrictiva que se hab\u00eda ampliado para los d\u00edas s\u00e1bados con el fin de permitir una mejor movilidad, estar\u00e1 vigente hasta el s\u00e1bado 18 de enero del a\u00f1o en curso.<\/p>\n<p style=\"text-align: justify;\">&nbsp;<\/p>\n<p style=\"text-align: justify;\">Villota G\u00f3mez manifest\u00f3 que como estrategia de informaci\u00f3n, la secretar\u00eda viene entregando 15 mil calendarios con la media de restricci\u00f3n y a partir del pr\u00f3ximo 20 de enero se repartir\u00e1n otros 40 mil. La informaci\u00f3n tambi\u00e9n circular\u00e1 en los medios de comunicaci\u00f3n institucionales como la p\u00e1gina web de la alcald\u00eda www.pasto.gov.co, redes sociales, entre otros.<\/p>\n<p style=\"text-align: justify;\">&nbsp;<\/p>\n<p style=\"text-align: justify;\">Fuente: Alcald\u00eda de Pasto&nbsp;<\/p>\n","protected":false},"excerpt":{"rendered":"<p>El secretario de Tr\u00e1nsito de Pasto Guillermo Villota G\u00f3mez, inform\u00f3 que la medida de pico y placa contin\u00faa normalmente como se ven\u00eda desarrollando desde el a\u00f1o 2013. El funcionario record\u00f3 que la medida restrictiva que se hab\u00eda ampliado para los d\u00edas s\u00e1bados con el fin de permitir una mejor movilidad, estar\u00e1 vigente hasta el s\u00e1bado [&hellip;]<\/p>\n","protected":false},"author":29,"featured_media":6061,"comment_status":"open","ping_status":"open","sticky":false,"template":"","format":"standard","meta":{"footnotes":""},"categories":[82],"tags":[],"class_list":["post-6062","post","type-post","status-publish","format-standard","has-post-thumbnail","hentry","category-ciudad-2"],"yoast_head":"<!-- This site is optimized with the Yoast SEO plugin v27.1.1 - https:\/\/yoast.com\/product\/yoast-seo-wordpress\/ -->\n<title>Pico y placa d\u00eda s\u00e1bado continua hasta enero 18 | P\u00e1gina10<\/title>\n<meta name=\"robots\" content=\"index, follow, max-snippet:-1, max-image-preview:large, max-video-preview:-1\" \/>\n<link rel=\"canonical\" href=\"https:\/\/pagina10.com\/web\/pico-y-placa-dia-sabado-continua-hasta-enero-18\/\" \/>\n<meta property=\"og:locale\" content=\"es_ES\" \/>\n<meta property=\"og:type\" content=\"article\" \/>\n<meta property=\"og:title\" content=\"Pico y placa d\u00eda s\u00e1bado continua hasta enero 18 | P\u00e1gina10\" \/>\n<meta property=\"og:description\" content=\"El secretario de Tr\u00e1nsito de Pasto Guillermo Villota G\u00f3mez, inform\u00f3 que la medida de pico y placa contin\u00faa normalmente como se ven\u00eda desarrollando desde el a\u00f1o 2013. El funcionario record\u00f3 que la medida restrictiva que se hab\u00eda ampliado para los d\u00edas s\u00e1bados con el fin de permitir una mejor movilidad, estar\u00e1 vigente hasta el s\u00e1bado [&hellip;]\" \/>\n<meta property=\"og:url\" content=\"https:\/\/pagina10.com\/web\/pico-y-placa-dia-sabado-continua-hasta-enero-18\/\" \/>\n<meta property=\"og:site_name\" content=\"P\u00e1gina10\" \/>\n<meta property=\"article:publisher\" content=\"https:\/\/www.facebook.com\/pag10com\" \/>\n<meta property=\"article:published_time\" content=\"2014-01-10T15:03:44+00:00\" \/>\n<meta property=\"og:image\" content=\"https:\/\/pagina10.com\/web\/wp-content\/uploads\/2014\/01\/57a563bcafe5adb5a476933fe298e364.jpg\" \/>\n\t<meta property=\"og:image:width\" content=\"620\" \/>\n\t<meta property=\"og:image:height\" content=\"412\" \/>\n\t<meta property=\"og:image:type\" content=\"image\/jpeg\" \/>\n<meta name=\"author\" content=\"P\u00e1gina 10\" \/>\n<meta name=\"twitter:card\" content=\"summary_large_image\" \/>\n<meta name=\"twitter:creator\" content=\"@Pag10com\" \/>\n<meta name=\"twitter:site\" content=\"@Pag10com\" \/>\n<meta name=\"twitter:label1\" content=\"Escrito por\" \/>\n\t<meta name=\"twitter:data1\" content=\"P\u00e1gina 10\" \/>\n\t<meta name=\"twitter:label2\" content=\"Tiempo de lectura\" \/>\n\t<meta name=\"twitter:data2\" content=\"1 minuto\" \/>\n<script type=\"application\/ld+json\" class=\"yoast-schema-graph\">{\"@context\":\"https:\/\/schema.org\",\"@graph\":[{\"@type\":\"Article\",\"@id\":\"https:\/\/pagina10.com\/web\/pico-y-placa-dia-sabado-continua-hasta-enero-18\/#article\",\"isPartOf\":{\"@id\":\"https:\/\/pagina10.com\/web\/pico-y-placa-dia-sabado-continua-hasta-enero-18\/\"},\"author\":{\"name\":\"P\u00e1gina 10\",\"@id\":\"https:\/\/pagina10.com\/web\/#\/schema\/person\/a7a5d38f0629dfc107f619fbae4f6cc3\"},\"headline\":\"Pico y placa d\u00eda s\u00e1bado continua hasta enero 18\",\"datePublished\":\"2014-01-10T15:03:44+00:00\",\"mainEntityOfPage\":{\"@id\":\"https:\/\/pagina10.com\/web\/pico-y-placa-dia-sabado-continua-hasta-enero-18\/\"},\"wordCount\":154,\"commentCount\":0,\"publisher\":{\"@id\":\"https:\/\/pagina10.com\/web\/#organization\"},\"image\":{\"@id\":\"https:\/\/pagina10.com\/web\/pico-y-placa-dia-sabado-continua-hasta-enero-18\/#primaryimage\"},\"thumbnailUrl\":\"https:\/\/pagina10.com\/web\/wp-content\/uploads\/2014\/01\/57a563bcafe5adb5a476933fe298e364.jpg\",\"articleSection\":[\"Ciudad\"],\"inLanguage\":\"es\",\"potentialAction\":[{\"@type\":\"CommentAction\",\"name\":\"Comment\",\"target\":[\"https:\/\/pagina10.com\/web\/pico-y-placa-dia-sabado-continua-hasta-enero-18\/#respond\"]}]},{\"@type\":\"WebPage\",\"@id\":\"https:\/\/pagina10.com\/web\/pico-y-placa-dia-sabado-continua-hasta-enero-18\/\",\"url\":\"https:\/\/pagina10.com\/web\/pico-y-placa-dia-sabado-continua-hasta-enero-18\/\",\"name\":\"Pico y placa d\u00eda s\u00e1bado continua hasta enero 18 | P\u00e1gina10\",\"isPartOf\":{\"@id\":\"https:\/\/pagina10.com\/web\/#website\"},\"primaryImageOfPage\":{\"@id\":\"https:\/\/pagina10.com\/web\/pico-y-placa-dia-sabado-continua-hasta-enero-18\/#primaryimage\"},\"image\":{\"@id\":\"https:\/\/pagina10.com\/web\/pico-y-placa-dia-sabado-continua-hasta-enero-18\/#primaryimage\"},\"thumbnailUrl\":\"https:\/\/pagina10.com\/web\/wp-content\/uploads\/2014\/01\/57a563bcafe5adb5a476933fe298e364.jpg\",\"datePublished\":\"2014-01-10T15:03:44+00:00\",\"breadcrumb\":{\"@id\":\"https:\/\/pagina10.com\/web\/pico-y-placa-dia-sabado-continua-hasta-enero-18\/#breadcrumb\"},\"inLanguage\":\"es\",\"potentialAction\":[{\"@type\":\"ReadAction\",\"target\":[\"https:\/\/pagina10.com\/web\/pico-y-placa-dia-sabado-continua-hasta-enero-18\/\"]}]},{\"@type\":\"ImageObject\",\"inLanguage\":\"es\",\"@id\":\"https:\/\/pagina10.com\/web\/pico-y-placa-dia-sabado-continua-hasta-enero-18\/#primaryimage\",\"url\":\"https:\/\/pagina10.com\/web\/wp-content\/uploads\/2014\/01\/57a563bcafe5adb5a476933fe298e364.jpg\",\"contentUrl\":\"https:\/\/pagina10.com\/web\/wp-content\/uploads\/2014\/01\/57a563bcafe5adb5a476933fe298e364.jpg\",\"width\":620,\"height\":412},{\"@type\":\"BreadcrumbList\",\"@id\":\"https:\/\/pagina10.com\/web\/pico-y-placa-dia-sabado-continua-hasta-enero-18\/#breadcrumb\",\"itemListElement\":[{\"@type\":\"ListItem\",\"position\":1,\"name\":\"Portada\",\"item\":\"https:\/\/pagina10.com\/web\/\"},{\"@type\":\"ListItem\",\"position\":2,\"name\":\"Pico y placa d\u00eda s\u00e1bado continua hasta enero 18\"}]},{\"@type\":\"WebSite\",\"@id\":\"https:\/\/pagina10.com\/web\/#website\",\"url\":\"https:\/\/pagina10.com\/web\/\",\"name\":\"P\u00e1gina10\",\"description\":\"Peri\u00f3dico Regional\",\"publisher\":{\"@id\":\"https:\/\/pagina10.com\/web\/#organization\"},\"alternateName\":\"P\u00e1gina10 Peri\u00f3dico Regional\",\"potentialAction\":[{\"@type\":\"SearchAction\",\"target\":{\"@type\":\"EntryPoint\",\"urlTemplate\":\"https:\/\/pagina10.com\/web\/?s={search_term_string}\"},\"query-input\":{\"@type\":\"PropertyValueSpecification\",\"valueRequired\":true,\"valueName\":\"search_term_string\"}}],\"inLanguage\":\"es\"},{\"@type\":\"Organization\",\"@id\":\"https:\/\/pagina10.com\/web\/#organization\",\"name\":\"P\u00e1gina10\",\"alternateName\":\"P\u00e1gina10 Peri\u00f3dico Regional\",\"url\":\"https:\/\/pagina10.com\/web\/\",\"logo\":{\"@type\":\"ImageObject\",\"inLanguage\":\"es\",\"@id\":\"https:\/\/pagina10.com\/web\/#\/schema\/logo\/image\/\",\"url\":\"https:\/\/pagina10.com\/web\/wp-content\/uploads\/2024\/01\/40-pagina-10-periodico-regional-pasto.jpg\",\"contentUrl\":\"https:\/\/pagina10.com\/web\/wp-content\/uploads\/2024\/01\/40-pagina-10-periodico-regional-pasto.jpg\",\"width\":1280,\"height\":720,\"caption\":\"P\u00e1gina10\"},\"image\":{\"@id\":\"https:\/\/pagina10.com\/web\/#\/schema\/logo\/image\/\"},\"sameAs\":[\"https:\/\/www.facebook.com\/pag10com\",\"https:\/\/x.com\/Pag10com\",\"https:\/\/www.instagram.com\/pagina10col\/\",\"https:\/\/youtube.com\/channel\/pag10\",\"https:\/\/www.tiktok.com\/@p10col\"]},{\"@type\":\"Person\",\"@id\":\"https:\/\/pagina10.com\/web\/#\/schema\/person\/a7a5d38f0629dfc107f619fbae4f6cc3\",\"name\":\"P\u00e1gina 10\",\"description\":\"P\u00e1gina10.com es un peri\u00f3dico digital que nace en Colombia, en el departamento de Nari\u00f1o, con un enfoque global, fundamentado en cuatro pilares esenciales: la libertad, el pluralismo, la inclusi\u00f3n y la independencia. P\u00e1gina10.com hace referencia a Nari\u00f1o como el d\u00e9cimo departamento creado en Colombia, despu\u00e9s de un proceso pol\u00edtico liderado por actores y actrices regionales con el fin de obtener la independencia y autonom\u00eda de nuestros territorios. Con la creaci\u00f3n de P\u00e1gina10.com se pretende abrir un escenario para el dialogo, la reflexi\u00f3n y el debate que se extienda a otras geograf\u00edas de Am\u00e9rica Latina y del planeta, en una apuesta por transformar colectivamente los desaf\u00edos de un mundo contempor\u00e1neo, m\u00e1s all\u00e1 de las fronteras impuestas.\",\"url\":\"https:\/\/pagina10.com\/web\/author\/mcepeda\/\"}]}<\/script>\n<!-- \/ Yoast SEO plugin. -->","yoast_head_json":{"title":"Pico y placa d\u00eda s\u00e1bado continua hasta enero 18 | P\u00e1gina10","robots":{"index":"index","follow":"follow","max-snippet":"max-snippet:-1","max-image-preview":"max-image-preview:large","max-video-preview":"max-video-preview:-1"},"canonical":"https:\/\/pagina10.com\/web\/pico-y-placa-dia-sabado-continua-hasta-enero-18\/","og_locale":"es_ES","og_type":"article","og_title":"Pico y placa d\u00eda s\u00e1bado continua hasta enero 18 | P\u00e1gina10","og_description":"El secretario de Tr\u00e1nsito de Pasto Guillermo Villota G\u00f3mez, inform\u00f3 que la medida de pico y placa contin\u00faa normalmente como se ven\u00eda desarrollando desde el a\u00f1o 2013. El funcionario record\u00f3 que la medida restrictiva que se hab\u00eda ampliado para los d\u00edas s\u00e1bados con el fin de permitir una mejor movilidad, estar\u00e1 vigente hasta el s\u00e1bado [&hellip;]","og_url":"https:\/\/pagina10.com\/web\/pico-y-placa-dia-sabado-continua-hasta-enero-18\/","og_site_name":"P\u00e1gina10","article_publisher":"https:\/\/www.facebook.com\/pag10com","article_published_time":"2014-01-10T15:03:44+00:00","og_image":[{"width":620,"height":412,"url":"https:\/\/pagina10.com\/web\/wp-content\/uploads\/2014\/01\/57a563bcafe5adb5a476933fe298e364.jpg","type":"image\/jpeg"}],"author":"P\u00e1gina 10","twitter_card":"summary_large_image","twitter_creator":"@Pag10com","twitter_site":"@Pag10com","twitter_misc":{"Escrito por":"P\u00e1gina 10","Tiempo de lectura":"1 minuto"},"schema":{"@context":"https:\/\/schema.org","@graph":[{"@type":"Article","@id":"https:\/\/pagina10.com\/web\/pico-y-placa-dia-sabado-continua-hasta-enero-18\/#article","isPartOf":{"@id":"https:\/\/pagina10.com\/web\/pico-y-placa-dia-sabado-continua-hasta-enero-18\/"},"author":{"name":"P\u00e1gina 10","@id":"https:\/\/pagina10.com\/web\/#\/schema\/person\/a7a5d38f0629dfc107f619fbae4f6cc3"},"headline":"Pico y placa d\u00eda s\u00e1bado continua hasta enero 18","datePublished":"2014-01-10T15:03:44+00:00","mainEntityOfPage":{"@id":"https:\/\/pagina10.com\/web\/pico-y-placa-dia-sabado-continua-hasta-enero-18\/"},"wordCount":154,"commentCount":0,"publisher":{"@id":"https:\/\/pagina10.com\/web\/#organization"},"image":{"@id":"https:\/\/pagina10.com\/web\/pico-y-placa-dia-sabado-continua-hasta-enero-18\/#primaryimage"},"thumbnailUrl":"https:\/\/pagina10.com\/web\/wp-content\/uploads\/2014\/01\/57a563bcafe5adb5a476933fe298e364.jpg","articleSection":["Ciudad"],"inLanguage":"es","potentialAction":[{"@type":"CommentAction","name":"Comment","target":["https:\/\/pagina10.com\/web\/pico-y-placa-dia-sabado-continua-hasta-enero-18\/#respond"]}]},{"@type":"WebPage","@id":"https:\/\/pagina10.com\/web\/pico-y-placa-dia-sabado-continua-hasta-enero-18\/","url":"https:\/\/pagina10.com\/web\/pico-y-placa-dia-sabado-continua-hasta-enero-18\/","name":"Pico y placa d\u00eda s\u00e1bado continua hasta enero 18 | P\u00e1gina10","isPartOf":{"@id":"https:\/\/pagina10.com\/web\/#website"},"primaryImageOfPage":{"@id":"https:\/\/pagina10.com\/web\/pico-y-placa-dia-sabado-continua-hasta-enero-18\/#primaryimage"},"image":{"@id":"https:\/\/pagina10.com\/web\/pico-y-placa-dia-sabado-continua-hasta-enero-18\/#primaryimage"},"thumbnailUrl":"https:\/\/pagina10.com\/web\/wp-content\/uploads\/2014\/01\/57a563bcafe5adb5a476933fe298e364.jpg","datePublished":"2014-01-10T15:03:44+00:00","breadcrumb":{"@id":"https:\/\/pagina10.com\/web\/pico-y-placa-dia-sabado-continua-hasta-enero-18\/#breadcrumb"},"inLanguage":"es","potentialAction":[{"@type":"ReadAction","target":["https:\/\/pagina10.com\/web\/pico-y-placa-dia-sabado-continua-hasta-enero-18\/"]}]},{"@type":"ImageObject","inLanguage":"es","@id":"https:\/\/pagina10.com\/web\/pico-y-placa-dia-sabado-continua-hasta-enero-18\/#primaryimage","url":"https:\/\/pagina10.com\/web\/wp-content\/uploads\/2014\/01\/57a563bcafe5adb5a476933fe298e364.jpg","contentUrl":"https:\/\/pagina10.com\/web\/wp-content\/uploads\/2014\/01\/57a563bcafe5adb5a476933fe298e364.jpg","width":620,"height":412},{"@type":"BreadcrumbList","@id":"https:\/\/pagina10.com\/web\/pico-y-placa-dia-sabado-continua-hasta-enero-18\/#breadcrumb","itemListElement":[{"@type":"ListItem","position":1,"name":"Portada","item":"https:\/\/pagina10.com\/web\/"},{"@type":"ListItem","position":2,"name":"Pico y placa d\u00eda s\u00e1bado continua hasta enero 18"}]},{"@type":"WebSite","@id":"https:\/\/pagina10.com\/web\/#website","url":"https:\/\/pagina10.com\/web\/","name":"P\u00e1gina10","description":"Peri\u00f3dico Regional","publisher":{"@id":"https:\/\/pagina10.com\/web\/#organization"},"alternateName":"P\u00e1gina10 Peri\u00f3dico Regional","potentialAction":[{"@type":"SearchAction","target":{"@type":"EntryPoint","urlTemplate":"https:\/\/pagina10.com\/web\/?s={search_term_string}"},"query-input":{"@type":"PropertyValueSpecification","valueRequired":true,"valueName":"search_term_string"}}],"inLanguage":"es"},{"@type":"Organization","@id":"https:\/\/pagina10.com\/web\/#organization","name":"P\u00e1gina10","alternateName":"P\u00e1gina10 Peri\u00f3dico Regional","url":"https:\/\/pagina10.com\/web\/","logo":{"@type":"ImageObject","inLanguage":"es","@id":"https:\/\/pagina10.com\/web\/#\/schema\/logo\/image\/","url":"https:\/\/pagina10.com\/web\/wp-content\/uploads\/2024\/01\/40-pagina-10-periodico-regional-pasto.jpg","contentUrl":"https:\/\/pagina10.com\/web\/wp-content\/uploads\/2024\/01\/40-pagina-10-periodico-regional-pasto.jpg","width":1280,"height":720,"caption":"P\u00e1gina10"},"image":{"@id":"https:\/\/pagina10.com\/web\/#\/schema\/logo\/image\/"},"sameAs":["https:\/\/www.facebook.com\/pag10com","https:\/\/x.com\/Pag10com","https:\/\/www.instagram.com\/pagina10col\/","https:\/\/youtube.com\/channel\/pag10","https:\/\/www.tiktok.com\/@p10col"]},{"@type":"Person","@id":"https:\/\/pagina10.com\/web\/#\/schema\/person\/a7a5d38f0629dfc107f619fbae4f6cc3","name":"P\u00e1gina 10","description":"P\u00e1gina10.com es un peri\u00f3dico digital que nace en Colombia, en el departamento de Nari\u00f1o, con un enfoque global, fundamentado en cuatro pilares esenciales: la libertad, el pluralismo, la inclusi\u00f3n y la independencia. P\u00e1gina10.com hace referencia a Nari\u00f1o como el d\u00e9cimo departamento creado en Colombia, despu\u00e9s de un proceso pol\u00edtico liderado por actores y actrices regionales con el fin de obtener la independencia y autonom\u00eda de nuestros territorios. Con la creaci\u00f3n de P\u00e1gina10.com se pretende abrir un escenario para el dialogo, la reflexi\u00f3n y el debate que se extienda a otras geograf\u00edas de Am\u00e9rica Latina y del planeta, en una apuesta por transformar colectivamente los desaf\u00edos de un mundo contempor\u00e1neo, m\u00e1s all\u00e1 de las fronteras impuestas.","url":"https:\/\/pagina10.com\/web\/author\/mcepeda\/"}]}},"_links":{"self":[{"href":"https:\/\/pagina10.com\/web\/wp-json\/wp\/v2\/posts\/6062","targetHints":{"allow":["GET"]}}],"collection":[{"href":"https:\/\/pagina10.com\/web\/wp-json\/wp\/v2\/posts"}],"about":[{"href":"https:\/\/pagina10.com\/web\/wp-json\/wp\/v2\/types\/post"}],"author":[{"embeddable":true,"href":"https:\/\/pagina10.com\/web\/wp-json\/wp\/v2\/users\/29"}],"replies":[{"embeddable":true,"href":"https:\/\/pagina10.com\/web\/wp-json\/wp\/v2\/comments?post=6062"}],"version-history":[{"count":0,"href":"https:\/\/pagina10.com\/web\/wp-json\/wp\/v2\/posts\/6062\/revisions"}],"wp:featuredmedia":[{"embeddable":true,"href":"https:\/\/pagina10.com\/web\/wp-json\/wp\/v2\/media\/6061"}],"wp:attachment":[{"href":"https:\/\/pagina10.com\/web\/wp-json\/wp\/v2\/media?parent=6062"}],"wp:term":[{"taxonomy":"category","embeddable":true,"href":"https:\/\/pagina10.com\/web\/wp-json\/wp\/v2\/categories?post=6062"},{"taxonomy":"post_tag","embeddable":true,"href":"https:\/\/pagina10.com\/web\/wp-json\/wp\/v2\/tags?post=6062"}],"curies":[{"name":"wp","href":"https:\/\/api.w.org\/{rel}","templated":true}]}}