{"id":60630,"date":"2022-07-25T08:41:18","date_gmt":"2022-07-25T13:41:18","guid":{"rendered":"https:\/\/pagina10.com\/web\/?p=60630"},"modified":"2022-07-25T08:41:18","modified_gmt":"2022-07-25T13:41:18","slug":"gobernacion-de-narino-apoyara-la-habilitacion-de-la-institucion-educativa-la-ciudadela-de-chachagui","status":"publish","type":"post","link":"https:\/\/pagina10.com\/web\/gobernacion-de-narino-apoyara-la-habilitacion-de-la-institucion-educativa-la-ciudadela-de-chachagui\/","title":{"rendered":"Gobernaci\u00f3n de Nari\u00f1o apoyar\u00e1 la habilitaci\u00f3n de la Instituci\u00f3n Educativa La Ciudadela, de Chachag\u00fc\u00ed"},"content":{"rendered":"<p style=\"text-align: justify;\">El Gobernador de Nari\u00f1o, Jhon Rojas, visit\u00f3 la obra del Colegio La Ciudadela en el municipio de Chachag\u00fc\u00ed y se comprometi\u00f3 con una inversi\u00f3n con recursos propios de la Gobernaci\u00f3n de $570 millones para la culminaci\u00f3n total de uno de los bloques y la puesta en funcionamiento de los servicios p\u00fablicos para habilitar la instituci\u00f3n educativa.<\/p>\n<p style=\"text-align: justify;\">El mandatario departamental manifest\u00f3 que los ni\u00f1os, ni\u00f1as, adolescentes y j\u00f3venes de Chachag\u00fc\u00ed merecen tener las instalaciones de esta instituci\u00f3n en las mejores condiciones. \u201cEl otro compromiso que hemos adquirido con la comunidad es presentar el total de este proyecto al nuevo Gobierno Nacional, que ha decidido apoyar la educaci\u00f3n, ya que se han invertido $7.000 millones y la totalidad costar\u00eda $12.000 para culminar la obra\u201d.<\/p>\n<p style=\"text-align: justify;\">As\u00ed mismo el Gobernador indic\u00f3 que se dispondr\u00e1 del banco de maquinaria de la Gobernaci\u00f3n para habilitar la v\u00eda hacia a instituci\u00f3n educativa. Adem\u00e1s, que se debe pensar que en Chachag\u00fc\u00ed se pueda tener una sede de la Universidad de Nari\u00f1o como una oportunidad para los j\u00f3venes de esta regi\u00f3n.<\/p>\n","protected":false},"excerpt":{"rendered":"<p>El Gobernador de Nari\u00f1o, Jhon Rojas, visit\u00f3 la obra del Colegio La Ciudadela en el municipio de Chachag\u00fc\u00ed y se comprometi\u00f3 con una inversi\u00f3n con recursos propios de la Gobernaci\u00f3n de $570 millones para la culminaci\u00f3n total de uno de los bloques y la puesta en funcionamiento de los servicios p\u00fablicos para habilitar la instituci\u00f3n [&hellip;]<\/p>\n","protected":false},"author":1,"featured_media":60631,"comment_status":"open","ping_status":"open","sticky":false,"template":"","format":"standard","meta":{"footnotes":""},"categories":[53],"tags":[],"class_list":["post-60630","post","type-post","status-publish","format-standard","has-post-thumbnail","hentry","category-regiones"],"yoast_head":"<!-- This site is optimized with the Yoast SEO plugin v27.1.1 - https:\/\/yoast.com\/product\/yoast-seo-wordpress\/ -->\n<title>Gobernaci\u00f3n de Nari\u00f1o apoyar\u00e1 la habilitaci\u00f3n de la Instituci\u00f3n Educativa La Ciudadela, de Chachag\u00fc\u00ed | P\u00e1gina10<\/title>\n<meta name=\"robots\" content=\"index, follow, max-snippet:-1, max-image-preview:large, max-video-preview:-1\" \/>\n<link rel=\"canonical\" href=\"https:\/\/pagina10.com\/web\/gobernacion-de-narino-apoyara-la-habilitacion-de-la-institucion-educativa-la-ciudadela-de-chachagui\/\" \/>\n<meta property=\"og:locale\" content=\"es_ES\" \/>\n<meta property=\"og:type\" content=\"article\" \/>\n<meta property=\"og:title\" content=\"Gobernaci\u00f3n de Nari\u00f1o apoyar\u00e1 la habilitaci\u00f3n de la Instituci\u00f3n Educativa La Ciudadela, de Chachag\u00fc\u00ed | P\u00e1gina10\" \/>\n<meta property=\"og:description\" content=\"El Gobernador de Nari\u00f1o, Jhon Rojas, visit\u00f3 la obra del Colegio La Ciudadela en el municipio de Chachag\u00fc\u00ed y se comprometi\u00f3 con una inversi\u00f3n con recursos propios de la Gobernaci\u00f3n de $570 millones para la culminaci\u00f3n total de uno de los bloques y la puesta en funcionamiento de los servicios p\u00fablicos para habilitar la instituci\u00f3n [&hellip;]\" \/>\n<meta property=\"og:url\" content=\"https:\/\/pagina10.com\/web\/gobernacion-de-narino-apoyara-la-habilitacion-de-la-institucion-educativa-la-ciudadela-de-chachagui\/\" \/>\n<meta property=\"og:site_name\" content=\"P\u00e1gina10\" \/>\n<meta property=\"article:publisher\" content=\"https:\/\/www.facebook.com\/pag10com\" \/>\n<meta property=\"article:published_time\" content=\"2022-07-25T13:41:18+00:00\" \/>\n<meta property=\"og:image\" content=\"https:\/\/pagina10.com\/web\/wp-content\/uploads\/2022\/07\/Captura-de-Pantalla-2022-07-25-a-las-8.40.44-a.-m..png\" \/>\n\t<meta property=\"og:image:width\" content=\"498\" \/>\n\t<meta property=\"og:image:height\" content=\"292\" \/>\n\t<meta property=\"og:image:type\" content=\"image\/png\" \/>\n<meta name=\"author\" content=\"P\u00e1gina 10\" \/>\n<meta name=\"twitter:card\" content=\"summary_large_image\" \/>\n<meta name=\"twitter:creator\" content=\"@Pag10com\" \/>\n<meta name=\"twitter:site\" content=\"@Pag10com\" \/>\n<meta name=\"twitter:label1\" content=\"Escrito por\" \/>\n\t<meta name=\"twitter:data1\" content=\"P\u00e1gina 10\" \/>\n\t<meta name=\"twitter:label2\" content=\"Tiempo de lectura\" \/>\n\t<meta name=\"twitter:data2\" content=\"1 minuto\" \/>\n<script type=\"application\/ld+json\" class=\"yoast-schema-graph\">{\"@context\":\"https:\/\/schema.org\",\"@graph\":[{\"@type\":\"Article\",\"@id\":\"https:\/\/pagina10.com\/web\/gobernacion-de-narino-apoyara-la-habilitacion-de-la-institucion-educativa-la-ciudadela-de-chachagui\/#article\",\"isPartOf\":{\"@id\":\"https:\/\/pagina10.com\/web\/gobernacion-de-narino-apoyara-la-habilitacion-de-la-institucion-educativa-la-ciudadela-de-chachagui\/\"},\"author\":{\"name\":\"P\u00e1gina 10\",\"@id\":\"https:\/\/pagina10.com\/web\/#\/schema\/person\/2efc4a090d25b667d3bc796798a3a81b\"},\"headline\":\"Gobernaci\u00f3n de Nari\u00f1o apoyar\u00e1 la habilitaci\u00f3n de la Instituci\u00f3n Educativa La Ciudadela, de Chachag\u00fc\u00ed\",\"datePublished\":\"2022-07-25T13:41:18+00:00\",\"mainEntityOfPage\":{\"@id\":\"https:\/\/pagina10.com\/web\/gobernacion-de-narino-apoyara-la-habilitacion-de-la-institucion-educativa-la-ciudadela-de-chachagui\/\"},\"wordCount\":206,\"commentCount\":0,\"publisher\":{\"@id\":\"https:\/\/pagina10.com\/web\/#organization\"},\"image\":{\"@id\":\"https:\/\/pagina10.com\/web\/gobernacion-de-narino-apoyara-la-habilitacion-de-la-institucion-educativa-la-ciudadela-de-chachagui\/#primaryimage\"},\"thumbnailUrl\":\"https:\/\/pagina10.com\/web\/wp-content\/uploads\/2022\/07\/Captura-de-Pantalla-2022-07-25-a-las-8.40.44-a.-m..png\",\"articleSection\":[\"Regiones\"],\"inLanguage\":\"es\",\"potentialAction\":[{\"@type\":\"CommentAction\",\"name\":\"Comment\",\"target\":[\"https:\/\/pagina10.com\/web\/gobernacion-de-narino-apoyara-la-habilitacion-de-la-institucion-educativa-la-ciudadela-de-chachagui\/#respond\"]}]},{\"@type\":\"WebPage\",\"@id\":\"https:\/\/pagina10.com\/web\/gobernacion-de-narino-apoyara-la-habilitacion-de-la-institucion-educativa-la-ciudadela-de-chachagui\/\",\"url\":\"https:\/\/pagina10.com\/web\/gobernacion-de-narino-apoyara-la-habilitacion-de-la-institucion-educativa-la-ciudadela-de-chachagui\/\",\"name\":\"Gobernaci\u00f3n de Nari\u00f1o apoyar\u00e1 la habilitaci\u00f3n de la Instituci\u00f3n Educativa La Ciudadela, de Chachag\u00fc\u00ed | P\u00e1gina10\",\"isPartOf\":{\"@id\":\"https:\/\/pagina10.com\/web\/#website\"},\"primaryImageOfPage\":{\"@id\":\"https:\/\/pagina10.com\/web\/gobernacion-de-narino-apoyara-la-habilitacion-de-la-institucion-educativa-la-ciudadela-de-chachagui\/#primaryimage\"},\"image\":{\"@id\":\"https:\/\/pagina10.com\/web\/gobernacion-de-narino-apoyara-la-habilitacion-de-la-institucion-educativa-la-ciudadela-de-chachagui\/#primaryimage\"},\"thumbnailUrl\":\"https:\/\/pagina10.com\/web\/wp-content\/uploads\/2022\/07\/Captura-de-Pantalla-2022-07-25-a-las-8.40.44-a.-m..png\",\"datePublished\":\"2022-07-25T13:41:18+00:00\",\"breadcrumb\":{\"@id\":\"https:\/\/pagina10.com\/web\/gobernacion-de-narino-apoyara-la-habilitacion-de-la-institucion-educativa-la-ciudadela-de-chachagui\/#breadcrumb\"},\"inLanguage\":\"es\",\"potentialAction\":[{\"@type\":\"ReadAction\",\"target\":[\"https:\/\/pagina10.com\/web\/gobernacion-de-narino-apoyara-la-habilitacion-de-la-institucion-educativa-la-ciudadela-de-chachagui\/\"]}]},{\"@type\":\"ImageObject\",\"inLanguage\":\"es\",\"@id\":\"https:\/\/pagina10.com\/web\/gobernacion-de-narino-apoyara-la-habilitacion-de-la-institucion-educativa-la-ciudadela-de-chachagui\/#primaryimage\",\"url\":\"https:\/\/pagina10.com\/web\/wp-content\/uploads\/2022\/07\/Captura-de-Pantalla-2022-07-25-a-las-8.40.44-a.-m..png\",\"contentUrl\":\"https:\/\/pagina10.com\/web\/wp-content\/uploads\/2022\/07\/Captura-de-Pantalla-2022-07-25-a-las-8.40.44-a.-m..png\",\"width\":498,\"height\":292},{\"@type\":\"BreadcrumbList\",\"@id\":\"https:\/\/pagina10.com\/web\/gobernacion-de-narino-apoyara-la-habilitacion-de-la-institucion-educativa-la-ciudadela-de-chachagui\/#breadcrumb\",\"itemListElement\":[{\"@type\":\"ListItem\",\"position\":1,\"name\":\"Portada\",\"item\":\"https:\/\/pagina10.com\/web\/\"},{\"@type\":\"ListItem\",\"position\":2,\"name\":\"Gobernaci\u00f3n de Nari\u00f1o apoyar\u00e1 la habilitaci\u00f3n de la Instituci\u00f3n Educativa La Ciudadela, de Chachag\u00fc\u00ed\"}]},{\"@type\":\"WebSite\",\"@id\":\"https:\/\/pagina10.com\/web\/#website\",\"url\":\"https:\/\/pagina10.com\/web\/\",\"name\":\"P\u00e1gina10\",\"description\":\"Peri\u00f3dico Regional\",\"publisher\":{\"@id\":\"https:\/\/pagina10.com\/web\/#organization\"},\"alternateName\":\"P\u00e1gina10 Peri\u00f3dico Regional\",\"potentialAction\":[{\"@type\":\"SearchAction\",\"target\":{\"@type\":\"EntryPoint\",\"urlTemplate\":\"https:\/\/pagina10.com\/web\/?s={search_term_string}\"},\"query-input\":{\"@type\":\"PropertyValueSpecification\",\"valueRequired\":true,\"valueName\":\"search_term_string\"}}],\"inLanguage\":\"es\"},{\"@type\":\"Organization\",\"@id\":\"https:\/\/pagina10.com\/web\/#organization\",\"name\":\"P\u00e1gina10\",\"alternateName\":\"P\u00e1gina10 Peri\u00f3dico Regional\",\"url\":\"https:\/\/pagina10.com\/web\/\",\"logo\":{\"@type\":\"ImageObject\",\"inLanguage\":\"es\",\"@id\":\"https:\/\/pagina10.com\/web\/#\/schema\/logo\/image\/\",\"url\":\"https:\/\/pagina10.com\/web\/wp-content\/uploads\/2024\/01\/40-pagina-10-periodico-regional-pasto.jpg\",\"contentUrl\":\"https:\/\/pagina10.com\/web\/wp-content\/uploads\/2024\/01\/40-pagina-10-periodico-regional-pasto.jpg\",\"width\":1280,\"height\":720,\"caption\":\"P\u00e1gina10\"},\"image\":{\"@id\":\"https:\/\/pagina10.com\/web\/#\/schema\/logo\/image\/\"},\"sameAs\":[\"https:\/\/www.facebook.com\/pag10com\",\"https:\/\/x.com\/Pag10com\",\"https:\/\/www.instagram.com\/pagina10col\/\",\"https:\/\/youtube.com\/channel\/pag10\",\"https:\/\/www.tiktok.com\/@p10col\"]},{\"@type\":\"Person\",\"@id\":\"https:\/\/pagina10.com\/web\/#\/schema\/person\/2efc4a090d25b667d3bc796798a3a81b\",\"name\":\"P\u00e1gina 10\",\"description\":\"P\u00e1gina 10 es un peri\u00f3dico regional que nace en Colombia, en el departamento de Nari\u00f1o, con un enfoque global, fundamentado en cuatro pilares esenciales: la libertad, el pluralismo, la inclusi\u00f3n y la independencia. P\u00e1gina 10 hace referencia a Nari\u00f1o como el d\u00e9cimo departamento creado en Colombia, despu\u00e9s de un proceso pol\u00edtico liderado por actores y actrices regionales con el fin de obtener la independencia y autonom\u00eda de nuestros territorios. Con la creaci\u00f3n de P\u00e1gina 10 se pretende abrir un escenario para el dialogo, la reflexi\u00f3n y el debate que se extienda a otras geograf\u00edas de Am\u00e9rica Latina y del planeta, en una apuesta por transformar colectivamente los desaf\u00edos de un mundo contempor\u00e1neo, m\u00e1s all\u00e1 de las fronteras impuestas.\",\"url\":\"https:\/\/pagina10.com\/web\/author\/pdiezadmin\/\"}]}<\/script>\n<!-- \/ Yoast SEO plugin. -->","yoast_head_json":{"title":"Gobernaci\u00f3n de Nari\u00f1o apoyar\u00e1 la habilitaci\u00f3n de la Instituci\u00f3n Educativa La Ciudadela, de Chachag\u00fc\u00ed | P\u00e1gina10","robots":{"index":"index","follow":"follow","max-snippet":"max-snippet:-1","max-image-preview":"max-image-preview:large","max-video-preview":"max-video-preview:-1"},"canonical":"https:\/\/pagina10.com\/web\/gobernacion-de-narino-apoyara-la-habilitacion-de-la-institucion-educativa-la-ciudadela-de-chachagui\/","og_locale":"es_ES","og_type":"article","og_title":"Gobernaci\u00f3n de Nari\u00f1o apoyar\u00e1 la habilitaci\u00f3n de la Instituci\u00f3n Educativa La Ciudadela, de Chachag\u00fc\u00ed | P\u00e1gina10","og_description":"El Gobernador de Nari\u00f1o, Jhon Rojas, visit\u00f3 la obra del Colegio La Ciudadela en el municipio de Chachag\u00fc\u00ed y se comprometi\u00f3 con una inversi\u00f3n con recursos propios de la Gobernaci\u00f3n de $570 millones para la culminaci\u00f3n total de uno de los bloques y la puesta en funcionamiento de los servicios p\u00fablicos para habilitar la instituci\u00f3n [&hellip;]","og_url":"https:\/\/pagina10.com\/web\/gobernacion-de-narino-apoyara-la-habilitacion-de-la-institucion-educativa-la-ciudadela-de-chachagui\/","og_site_name":"P\u00e1gina10","article_publisher":"https:\/\/www.facebook.com\/pag10com","article_published_time":"2022-07-25T13:41:18+00:00","og_image":[{"width":498,"height":292,"url":"https:\/\/pagina10.com\/web\/wp-content\/uploads\/2022\/07\/Captura-de-Pantalla-2022-07-25-a-las-8.40.44-a.-m..png","type":"image\/png"}],"author":"P\u00e1gina 10","twitter_card":"summary_large_image","twitter_creator":"@Pag10com","twitter_site":"@Pag10com","twitter_misc":{"Escrito por":"P\u00e1gina 10","Tiempo de lectura":"1 minuto"},"schema":{"@context":"https:\/\/schema.org","@graph":[{"@type":"Article","@id":"https:\/\/pagina10.com\/web\/gobernacion-de-narino-apoyara-la-habilitacion-de-la-institucion-educativa-la-ciudadela-de-chachagui\/#article","isPartOf":{"@id":"https:\/\/pagina10.com\/web\/gobernacion-de-narino-apoyara-la-habilitacion-de-la-institucion-educativa-la-ciudadela-de-chachagui\/"},"author":{"name":"P\u00e1gina 10","@id":"https:\/\/pagina10.com\/web\/#\/schema\/person\/2efc4a090d25b667d3bc796798a3a81b"},"headline":"Gobernaci\u00f3n de Nari\u00f1o apoyar\u00e1 la habilitaci\u00f3n de la Instituci\u00f3n Educativa La Ciudadela, de Chachag\u00fc\u00ed","datePublished":"2022-07-25T13:41:18+00:00","mainEntityOfPage":{"@id":"https:\/\/pagina10.com\/web\/gobernacion-de-narino-apoyara-la-habilitacion-de-la-institucion-educativa-la-ciudadela-de-chachagui\/"},"wordCount":206,"commentCount":0,"publisher":{"@id":"https:\/\/pagina10.com\/web\/#organization"},"image":{"@id":"https:\/\/pagina10.com\/web\/gobernacion-de-narino-apoyara-la-habilitacion-de-la-institucion-educativa-la-ciudadela-de-chachagui\/#primaryimage"},"thumbnailUrl":"https:\/\/pagina10.com\/web\/wp-content\/uploads\/2022\/07\/Captura-de-Pantalla-2022-07-25-a-las-8.40.44-a.-m..png","articleSection":["Regiones"],"inLanguage":"es","potentialAction":[{"@type":"CommentAction","name":"Comment","target":["https:\/\/pagina10.com\/web\/gobernacion-de-narino-apoyara-la-habilitacion-de-la-institucion-educativa-la-ciudadela-de-chachagui\/#respond"]}]},{"@type":"WebPage","@id":"https:\/\/pagina10.com\/web\/gobernacion-de-narino-apoyara-la-habilitacion-de-la-institucion-educativa-la-ciudadela-de-chachagui\/","url":"https:\/\/pagina10.com\/web\/gobernacion-de-narino-apoyara-la-habilitacion-de-la-institucion-educativa-la-ciudadela-de-chachagui\/","name":"Gobernaci\u00f3n de Nari\u00f1o apoyar\u00e1 la habilitaci\u00f3n de la Instituci\u00f3n Educativa La Ciudadela, de Chachag\u00fc\u00ed | P\u00e1gina10","isPartOf":{"@id":"https:\/\/pagina10.com\/web\/#website"},"primaryImageOfPage":{"@id":"https:\/\/pagina10.com\/web\/gobernacion-de-narino-apoyara-la-habilitacion-de-la-institucion-educativa-la-ciudadela-de-chachagui\/#primaryimage"},"image":{"@id":"https:\/\/pagina10.com\/web\/gobernacion-de-narino-apoyara-la-habilitacion-de-la-institucion-educativa-la-ciudadela-de-chachagui\/#primaryimage"},"thumbnailUrl":"https:\/\/pagina10.com\/web\/wp-content\/uploads\/2022\/07\/Captura-de-Pantalla-2022-07-25-a-las-8.40.44-a.-m..png","datePublished":"2022-07-25T13:41:18+00:00","breadcrumb":{"@id":"https:\/\/pagina10.com\/web\/gobernacion-de-narino-apoyara-la-habilitacion-de-la-institucion-educativa-la-ciudadela-de-chachagui\/#breadcrumb"},"inLanguage":"es","potentialAction":[{"@type":"ReadAction","target":["https:\/\/pagina10.com\/web\/gobernacion-de-narino-apoyara-la-habilitacion-de-la-institucion-educativa-la-ciudadela-de-chachagui\/"]}]},{"@type":"ImageObject","inLanguage":"es","@id":"https:\/\/pagina10.com\/web\/gobernacion-de-narino-apoyara-la-habilitacion-de-la-institucion-educativa-la-ciudadela-de-chachagui\/#primaryimage","url":"https:\/\/pagina10.com\/web\/wp-content\/uploads\/2022\/07\/Captura-de-Pantalla-2022-07-25-a-las-8.40.44-a.-m..png","contentUrl":"https:\/\/pagina10.com\/web\/wp-content\/uploads\/2022\/07\/Captura-de-Pantalla-2022-07-25-a-las-8.40.44-a.-m..png","width":498,"height":292},{"@type":"BreadcrumbList","@id":"https:\/\/pagina10.com\/web\/gobernacion-de-narino-apoyara-la-habilitacion-de-la-institucion-educativa-la-ciudadela-de-chachagui\/#breadcrumb","itemListElement":[{"@type":"ListItem","position":1,"name":"Portada","item":"https:\/\/pagina10.com\/web\/"},{"@type":"ListItem","position":2,"name":"Gobernaci\u00f3n de Nari\u00f1o apoyar\u00e1 la habilitaci\u00f3n de la Instituci\u00f3n Educativa La Ciudadela, de Chachag\u00fc\u00ed"}]},{"@type":"WebSite","@id":"https:\/\/pagina10.com\/web\/#website","url":"https:\/\/pagina10.com\/web\/","name":"P\u00e1gina10","description":"Peri\u00f3dico Regional","publisher":{"@id":"https:\/\/pagina10.com\/web\/#organization"},"alternateName":"P\u00e1gina10 Peri\u00f3dico Regional","potentialAction":[{"@type":"SearchAction","target":{"@type":"EntryPoint","urlTemplate":"https:\/\/pagina10.com\/web\/?s={search_term_string}"},"query-input":{"@type":"PropertyValueSpecification","valueRequired":true,"valueName":"search_term_string"}}],"inLanguage":"es"},{"@type":"Organization","@id":"https:\/\/pagina10.com\/web\/#organization","name":"P\u00e1gina10","alternateName":"P\u00e1gina10 Peri\u00f3dico Regional","url":"https:\/\/pagina10.com\/web\/","logo":{"@type":"ImageObject","inLanguage":"es","@id":"https:\/\/pagina10.com\/web\/#\/schema\/logo\/image\/","url":"https:\/\/pagina10.com\/web\/wp-content\/uploads\/2024\/01\/40-pagina-10-periodico-regional-pasto.jpg","contentUrl":"https:\/\/pagina10.com\/web\/wp-content\/uploads\/2024\/01\/40-pagina-10-periodico-regional-pasto.jpg","width":1280,"height":720,"caption":"P\u00e1gina10"},"image":{"@id":"https:\/\/pagina10.com\/web\/#\/schema\/logo\/image\/"},"sameAs":["https:\/\/www.facebook.com\/pag10com","https:\/\/x.com\/Pag10com","https:\/\/www.instagram.com\/pagina10col\/","https:\/\/youtube.com\/channel\/pag10","https:\/\/www.tiktok.com\/@p10col"]},{"@type":"Person","@id":"https:\/\/pagina10.com\/web\/#\/schema\/person\/2efc4a090d25b667d3bc796798a3a81b","name":"P\u00e1gina 10","description":"P\u00e1gina 10 es un peri\u00f3dico regional que nace en Colombia, en el departamento de Nari\u00f1o, con un enfoque global, fundamentado en cuatro pilares esenciales: la libertad, el pluralismo, la inclusi\u00f3n y la independencia. P\u00e1gina 10 hace referencia a Nari\u00f1o como el d\u00e9cimo departamento creado en Colombia, despu\u00e9s de un proceso pol\u00edtico liderado por actores y actrices regionales con el fin de obtener la independencia y autonom\u00eda de nuestros territorios. Con la creaci\u00f3n de P\u00e1gina 10 se pretende abrir un escenario para el dialogo, la reflexi\u00f3n y el debate que se extienda a otras geograf\u00edas de Am\u00e9rica Latina y del planeta, en una apuesta por transformar colectivamente los desaf\u00edos de un mundo contempor\u00e1neo, m\u00e1s all\u00e1 de las fronteras impuestas.","url":"https:\/\/pagina10.com\/web\/author\/pdiezadmin\/"}]}},"_links":{"self":[{"href":"https:\/\/pagina10.com\/web\/wp-json\/wp\/v2\/posts\/60630","targetHints":{"allow":["GET"]}}],"collection":[{"href":"https:\/\/pagina10.com\/web\/wp-json\/wp\/v2\/posts"}],"about":[{"href":"https:\/\/pagina10.com\/web\/wp-json\/wp\/v2\/types\/post"}],"author":[{"embeddable":true,"href":"https:\/\/pagina10.com\/web\/wp-json\/wp\/v2\/users\/1"}],"replies":[{"embeddable":true,"href":"https:\/\/pagina10.com\/web\/wp-json\/wp\/v2\/comments?post=60630"}],"version-history":[{"count":1,"href":"https:\/\/pagina10.com\/web\/wp-json\/wp\/v2\/posts\/60630\/revisions"}],"predecessor-version":[{"id":60632,"href":"https:\/\/pagina10.com\/web\/wp-json\/wp\/v2\/posts\/60630\/revisions\/60632"}],"wp:featuredmedia":[{"embeddable":true,"href":"https:\/\/pagina10.com\/web\/wp-json\/wp\/v2\/media\/60631"}],"wp:attachment":[{"href":"https:\/\/pagina10.com\/web\/wp-json\/wp\/v2\/media?parent=60630"}],"wp:term":[{"taxonomy":"category","embeddable":true,"href":"https:\/\/pagina10.com\/web\/wp-json\/wp\/v2\/categories?post=60630"},{"taxonomy":"post_tag","embeddable":true,"href":"https:\/\/pagina10.com\/web\/wp-json\/wp\/v2\/tags?post=60630"}],"curies":[{"name":"wp","href":"https:\/\/api.w.org\/{rel}","templated":true}]}}