{"id":60643,"date":"2022-07-25T14:10:51","date_gmt":"2022-07-25T19:10:51","guid":{"rendered":"https:\/\/pagina10.com\/web\/?p=60643"},"modified":"2022-07-25T13:53:15","modified_gmt":"2022-07-25T18:53:15","slug":"capturan-a-medico-que-recibia-45-millones-por-atender-a-disidentes-de-las-farc-en-tumaco","status":"publish","type":"post","link":"https:\/\/pagina10.com\/web\/capturan-a-medico-que-recibia-45-millones-por-atender-a-disidentes-de-las-farc-en-tumaco\/","title":{"rendered":"Capturan a m\u00e9dico que recib\u00eda $45 millones por atender a disidentes de las Farc en Tumaco"},"content":{"rendered":"<p>Seg\u00fan la investigaci\u00f3n coordinada por la Fiscal\u00eda, el m\u00e9dico Carlos Alberto Rosero Angulo, alias Caliche, ser\u00eda el encargado de atender a integrantes de las estructuras Iv\u00e1n R\u00edos y Alfonso Cano de las disidencias de las Farc que resultaban heridos en enfrentamientos con la fuerza p\u00fablica o padec\u00edan enfermedades tropicales, virosis, entre otros padecimientos.<\/p>\n<p>El material probatorio puso al descubierto que \u2018Caliche\u2019 habr\u00eda montado un consultorio clandestino en Tumaco, el cual cambiaba de sede espor\u00e1dicamente y era trasladado a distintos inmuebles o bodegas para evitar ser detectado. En este lugar, al parecer, brindaba servicio hospitalario, suministraba medicamentos y realizaba procedimientos para interrumpir embarazos.<\/p>\n<p>Por estas labores, Rosero Angulo recib\u00eda 45 millones de pesos mensuales. En ese sentido, una fiscal de la Direcci\u00f3n Especializada contra las Organizaciones Criminales le imput\u00f3 los delitos de concierto para delinquir agravado, y asesoramiento a grupos delictivos organizados y grupos armados organizados. El procesado, aunque no acept\u00f3 los cargos, fue cobijado con medida de aseguramiento privativa de la libertad en centro carcelario.<\/p>\n","protected":false},"excerpt":{"rendered":"<p>Seg\u00fan la investigaci\u00f3n coordinada por la Fiscal\u00eda, el m\u00e9dico Carlos Alberto Rosero Angulo, alias Caliche, ser\u00eda el encargado de atender a integrantes de las estructuras Iv\u00e1n R\u00edos y Alfonso Cano de las disidencias de las Farc que resultaban heridos en enfrentamientos con la fuerza p\u00fablica o padec\u00edan enfermedades tropicales, virosis, entre otros padecimientos. El material [&hellip;]<\/p>\n","protected":false},"author":1,"featured_media":60644,"comment_status":"open","ping_status":"open","sticky":false,"template":"","format":"standard","meta":{"footnotes":""},"categories":[61],"tags":[],"class_list":["post-60643","post","type-post","status-publish","format-standard","has-post-thumbnail","hentry","category-judicial"],"yoast_head":"<!-- This site is optimized with the Yoast SEO plugin v27.1.1 - https:\/\/yoast.com\/product\/yoast-seo-wordpress\/ -->\n<title>Capturan a m\u00e9dico que recib\u00eda $45 millones por atender a disidentes de las Farc en Tumaco | P\u00e1gina10<\/title>\n<meta name=\"robots\" content=\"index, follow, max-snippet:-1, max-image-preview:large, max-video-preview:-1\" \/>\n<link rel=\"canonical\" href=\"https:\/\/pagina10.com\/web\/capturan-a-medico-que-recibia-45-millones-por-atender-a-disidentes-de-las-farc-en-tumaco\/\" \/>\n<meta property=\"og:locale\" content=\"es_ES\" \/>\n<meta property=\"og:type\" content=\"article\" \/>\n<meta property=\"og:title\" content=\"Capturan a m\u00e9dico que recib\u00eda $45 millones por atender a disidentes de las Farc en Tumaco | P\u00e1gina10\" \/>\n<meta property=\"og:description\" content=\"Seg\u00fan la investigaci\u00f3n coordinada por la Fiscal\u00eda, el m\u00e9dico Carlos Alberto Rosero Angulo, alias Caliche, ser\u00eda el encargado de atender a integrantes de las estructuras Iv\u00e1n R\u00edos y Alfonso Cano de las disidencias de las Farc que resultaban heridos en enfrentamientos con la fuerza p\u00fablica o padec\u00edan enfermedades tropicales, virosis, entre otros padecimientos. El material [&hellip;]\" \/>\n<meta property=\"og:url\" content=\"https:\/\/pagina10.com\/web\/capturan-a-medico-que-recibia-45-millones-por-atender-a-disidentes-de-las-farc-en-tumaco\/\" \/>\n<meta property=\"og:site_name\" content=\"P\u00e1gina10\" \/>\n<meta property=\"article:publisher\" content=\"https:\/\/www.facebook.com\/pag10com\" \/>\n<meta property=\"article:published_time\" content=\"2022-07-25T19:10:51+00:00\" \/>\n<meta property=\"og:image\" content=\"https:\/\/pagina10.com\/web\/wp-content\/uploads\/2022\/07\/WhatsApp-Image-2022-07-25-at-7.02.33-AM.jpeg\" \/>\n\t<meta property=\"og:image:width\" content=\"1280\" \/>\n\t<meta property=\"og:image:height\" content=\"948\" \/>\n\t<meta property=\"og:image:type\" content=\"image\/jpeg\" \/>\n<meta name=\"author\" content=\"P\u00e1gina 10\" \/>\n<meta name=\"twitter:card\" content=\"summary_large_image\" \/>\n<meta name=\"twitter:creator\" content=\"@Pag10com\" \/>\n<meta name=\"twitter:site\" content=\"@Pag10com\" \/>\n<meta name=\"twitter:label1\" content=\"Escrito por\" \/>\n\t<meta name=\"twitter:data1\" content=\"P\u00e1gina 10\" \/>\n\t<meta name=\"twitter:label2\" content=\"Tiempo de lectura\" \/>\n\t<meta name=\"twitter:data2\" content=\"1 minuto\" \/>\n<script type=\"application\/ld+json\" class=\"yoast-schema-graph\">{\"@context\":\"https:\/\/schema.org\",\"@graph\":[{\"@type\":\"Article\",\"@id\":\"https:\/\/pagina10.com\/web\/capturan-a-medico-que-recibia-45-millones-por-atender-a-disidentes-de-las-farc-en-tumaco\/#article\",\"isPartOf\":{\"@id\":\"https:\/\/pagina10.com\/web\/capturan-a-medico-que-recibia-45-millones-por-atender-a-disidentes-de-las-farc-en-tumaco\/\"},\"author\":{\"name\":\"P\u00e1gina 10\",\"@id\":\"https:\/\/pagina10.com\/web\/#\/schema\/person\/2efc4a090d25b667d3bc796798a3a81b\"},\"headline\":\"Capturan a m\u00e9dico que recib\u00eda $45 millones por atender a disidentes de las Farc en Tumaco\",\"datePublished\":\"2022-07-25T19:10:51+00:00\",\"mainEntityOfPage\":{\"@id\":\"https:\/\/pagina10.com\/web\/capturan-a-medico-que-recibia-45-millones-por-atender-a-disidentes-de-las-farc-en-tumaco\/\"},\"wordCount\":194,\"commentCount\":0,\"publisher\":{\"@id\":\"https:\/\/pagina10.com\/web\/#organization\"},\"image\":{\"@id\":\"https:\/\/pagina10.com\/web\/capturan-a-medico-que-recibia-45-millones-por-atender-a-disidentes-de-las-farc-en-tumaco\/#primaryimage\"},\"thumbnailUrl\":\"https:\/\/pagina10.com\/web\/wp-content\/uploads\/2022\/07\/WhatsApp-Image-2022-07-25-at-7.02.33-AM.jpeg\",\"articleSection\":[\"Judicial\"],\"inLanguage\":\"es\",\"potentialAction\":[{\"@type\":\"CommentAction\",\"name\":\"Comment\",\"target\":[\"https:\/\/pagina10.com\/web\/capturan-a-medico-que-recibia-45-millones-por-atender-a-disidentes-de-las-farc-en-tumaco\/#respond\"]}]},{\"@type\":\"WebPage\",\"@id\":\"https:\/\/pagina10.com\/web\/capturan-a-medico-que-recibia-45-millones-por-atender-a-disidentes-de-las-farc-en-tumaco\/\",\"url\":\"https:\/\/pagina10.com\/web\/capturan-a-medico-que-recibia-45-millones-por-atender-a-disidentes-de-las-farc-en-tumaco\/\",\"name\":\"Capturan a m\u00e9dico que recib\u00eda $45 millones por atender a disidentes de las Farc en Tumaco | P\u00e1gina10\",\"isPartOf\":{\"@id\":\"https:\/\/pagina10.com\/web\/#website\"},\"primaryImageOfPage\":{\"@id\":\"https:\/\/pagina10.com\/web\/capturan-a-medico-que-recibia-45-millones-por-atender-a-disidentes-de-las-farc-en-tumaco\/#primaryimage\"},\"image\":{\"@id\":\"https:\/\/pagina10.com\/web\/capturan-a-medico-que-recibia-45-millones-por-atender-a-disidentes-de-las-farc-en-tumaco\/#primaryimage\"},\"thumbnailUrl\":\"https:\/\/pagina10.com\/web\/wp-content\/uploads\/2022\/07\/WhatsApp-Image-2022-07-25-at-7.02.33-AM.jpeg\",\"datePublished\":\"2022-07-25T19:10:51+00:00\",\"breadcrumb\":{\"@id\":\"https:\/\/pagina10.com\/web\/capturan-a-medico-que-recibia-45-millones-por-atender-a-disidentes-de-las-farc-en-tumaco\/#breadcrumb\"},\"inLanguage\":\"es\",\"potentialAction\":[{\"@type\":\"ReadAction\",\"target\":[\"https:\/\/pagina10.com\/web\/capturan-a-medico-que-recibia-45-millones-por-atender-a-disidentes-de-las-farc-en-tumaco\/\"]}]},{\"@type\":\"ImageObject\",\"inLanguage\":\"es\",\"@id\":\"https:\/\/pagina10.com\/web\/capturan-a-medico-que-recibia-45-millones-por-atender-a-disidentes-de-las-farc-en-tumaco\/#primaryimage\",\"url\":\"https:\/\/pagina10.com\/web\/wp-content\/uploads\/2022\/07\/WhatsApp-Image-2022-07-25-at-7.02.33-AM.jpeg\",\"contentUrl\":\"https:\/\/pagina10.com\/web\/wp-content\/uploads\/2022\/07\/WhatsApp-Image-2022-07-25-at-7.02.33-AM.jpeg\",\"width\":1280,\"height\":948},{\"@type\":\"BreadcrumbList\",\"@id\":\"https:\/\/pagina10.com\/web\/capturan-a-medico-que-recibia-45-millones-por-atender-a-disidentes-de-las-farc-en-tumaco\/#breadcrumb\",\"itemListElement\":[{\"@type\":\"ListItem\",\"position\":1,\"name\":\"Portada\",\"item\":\"https:\/\/pagina10.com\/web\/\"},{\"@type\":\"ListItem\",\"position\":2,\"name\":\"Capturan a m\u00e9dico que recib\u00eda $45 millones por atender a disidentes de las Farc en Tumaco\"}]},{\"@type\":\"WebSite\",\"@id\":\"https:\/\/pagina10.com\/web\/#website\",\"url\":\"https:\/\/pagina10.com\/web\/\",\"name\":\"P\u00e1gina10\",\"description\":\"Peri\u00f3dico Regional\",\"publisher\":{\"@id\":\"https:\/\/pagina10.com\/web\/#organization\"},\"alternateName\":\"P\u00e1gina10 Peri\u00f3dico Regional\",\"potentialAction\":[{\"@type\":\"SearchAction\",\"target\":{\"@type\":\"EntryPoint\",\"urlTemplate\":\"https:\/\/pagina10.com\/web\/?s={search_term_string}\"},\"query-input\":{\"@type\":\"PropertyValueSpecification\",\"valueRequired\":true,\"valueName\":\"search_term_string\"}}],\"inLanguage\":\"es\"},{\"@type\":\"Organization\",\"@id\":\"https:\/\/pagina10.com\/web\/#organization\",\"name\":\"P\u00e1gina10\",\"alternateName\":\"P\u00e1gina10 Peri\u00f3dico Regional\",\"url\":\"https:\/\/pagina10.com\/web\/\",\"logo\":{\"@type\":\"ImageObject\",\"inLanguage\":\"es\",\"@id\":\"https:\/\/pagina10.com\/web\/#\/schema\/logo\/image\/\",\"url\":\"https:\/\/pagina10.com\/web\/wp-content\/uploads\/2024\/01\/40-pagina-10-periodico-regional-pasto.jpg\",\"contentUrl\":\"https:\/\/pagina10.com\/web\/wp-content\/uploads\/2024\/01\/40-pagina-10-periodico-regional-pasto.jpg\",\"width\":1280,\"height\":720,\"caption\":\"P\u00e1gina10\"},\"image\":{\"@id\":\"https:\/\/pagina10.com\/web\/#\/schema\/logo\/image\/\"},\"sameAs\":[\"https:\/\/www.facebook.com\/pag10com\",\"https:\/\/x.com\/Pag10com\",\"https:\/\/www.instagram.com\/pagina10col\/\",\"https:\/\/youtube.com\/channel\/pag10\",\"https:\/\/www.tiktok.com\/@p10col\"]},{\"@type\":\"Person\",\"@id\":\"https:\/\/pagina10.com\/web\/#\/schema\/person\/2efc4a090d25b667d3bc796798a3a81b\",\"name\":\"P\u00e1gina 10\",\"description\":\"P\u00e1gina 10 es un peri\u00f3dico regional que nace en Colombia, en el departamento de Nari\u00f1o, con un enfoque global, fundamentado en cuatro pilares esenciales: la libertad, el pluralismo, la inclusi\u00f3n y la independencia. P\u00e1gina 10 hace referencia a Nari\u00f1o como el d\u00e9cimo departamento creado en Colombia, despu\u00e9s de un proceso pol\u00edtico liderado por actores y actrices regionales con el fin de obtener la independencia y autonom\u00eda de nuestros territorios. Con la creaci\u00f3n de P\u00e1gina 10 se pretende abrir un escenario para el dialogo, la reflexi\u00f3n y el debate que se extienda a otras geograf\u00edas de Am\u00e9rica Latina y del planeta, en una apuesta por transformar colectivamente los desaf\u00edos de un mundo contempor\u00e1neo, m\u00e1s all\u00e1 de las fronteras impuestas.\",\"url\":\"https:\/\/pagina10.com\/web\/author\/pdiezadmin\/\"}]}<\/script>\n<!-- \/ Yoast SEO plugin. -->","yoast_head_json":{"title":"Capturan a m\u00e9dico que recib\u00eda $45 millones por atender a disidentes de las Farc en Tumaco | P\u00e1gina10","robots":{"index":"index","follow":"follow","max-snippet":"max-snippet:-1","max-image-preview":"max-image-preview:large","max-video-preview":"max-video-preview:-1"},"canonical":"https:\/\/pagina10.com\/web\/capturan-a-medico-que-recibia-45-millones-por-atender-a-disidentes-de-las-farc-en-tumaco\/","og_locale":"es_ES","og_type":"article","og_title":"Capturan a m\u00e9dico que recib\u00eda $45 millones por atender a disidentes de las Farc en Tumaco | P\u00e1gina10","og_description":"Seg\u00fan la investigaci\u00f3n coordinada por la Fiscal\u00eda, el m\u00e9dico Carlos Alberto Rosero Angulo, alias Caliche, ser\u00eda el encargado de atender a integrantes de las estructuras Iv\u00e1n R\u00edos y Alfonso Cano de las disidencias de las Farc que resultaban heridos en enfrentamientos con la fuerza p\u00fablica o padec\u00edan enfermedades tropicales, virosis, entre otros padecimientos. El material [&hellip;]","og_url":"https:\/\/pagina10.com\/web\/capturan-a-medico-que-recibia-45-millones-por-atender-a-disidentes-de-las-farc-en-tumaco\/","og_site_name":"P\u00e1gina10","article_publisher":"https:\/\/www.facebook.com\/pag10com","article_published_time":"2022-07-25T19:10:51+00:00","og_image":[{"width":1280,"height":948,"url":"https:\/\/pagina10.com\/web\/wp-content\/uploads\/2022\/07\/WhatsApp-Image-2022-07-25-at-7.02.33-AM.jpeg","type":"image\/jpeg"}],"author":"P\u00e1gina 10","twitter_card":"summary_large_image","twitter_creator":"@Pag10com","twitter_site":"@Pag10com","twitter_misc":{"Escrito por":"P\u00e1gina 10","Tiempo de lectura":"1 minuto"},"schema":{"@context":"https:\/\/schema.org","@graph":[{"@type":"Article","@id":"https:\/\/pagina10.com\/web\/capturan-a-medico-que-recibia-45-millones-por-atender-a-disidentes-de-las-farc-en-tumaco\/#article","isPartOf":{"@id":"https:\/\/pagina10.com\/web\/capturan-a-medico-que-recibia-45-millones-por-atender-a-disidentes-de-las-farc-en-tumaco\/"},"author":{"name":"P\u00e1gina 10","@id":"https:\/\/pagina10.com\/web\/#\/schema\/person\/2efc4a090d25b667d3bc796798a3a81b"},"headline":"Capturan a m\u00e9dico que recib\u00eda $45 millones por atender a disidentes de las Farc en Tumaco","datePublished":"2022-07-25T19:10:51+00:00","mainEntityOfPage":{"@id":"https:\/\/pagina10.com\/web\/capturan-a-medico-que-recibia-45-millones-por-atender-a-disidentes-de-las-farc-en-tumaco\/"},"wordCount":194,"commentCount":0,"publisher":{"@id":"https:\/\/pagina10.com\/web\/#organization"},"image":{"@id":"https:\/\/pagina10.com\/web\/capturan-a-medico-que-recibia-45-millones-por-atender-a-disidentes-de-las-farc-en-tumaco\/#primaryimage"},"thumbnailUrl":"https:\/\/pagina10.com\/web\/wp-content\/uploads\/2022\/07\/WhatsApp-Image-2022-07-25-at-7.02.33-AM.jpeg","articleSection":["Judicial"],"inLanguage":"es","potentialAction":[{"@type":"CommentAction","name":"Comment","target":["https:\/\/pagina10.com\/web\/capturan-a-medico-que-recibia-45-millones-por-atender-a-disidentes-de-las-farc-en-tumaco\/#respond"]}]},{"@type":"WebPage","@id":"https:\/\/pagina10.com\/web\/capturan-a-medico-que-recibia-45-millones-por-atender-a-disidentes-de-las-farc-en-tumaco\/","url":"https:\/\/pagina10.com\/web\/capturan-a-medico-que-recibia-45-millones-por-atender-a-disidentes-de-las-farc-en-tumaco\/","name":"Capturan a m\u00e9dico que recib\u00eda $45 millones por atender a disidentes de las Farc en Tumaco | P\u00e1gina10","isPartOf":{"@id":"https:\/\/pagina10.com\/web\/#website"},"primaryImageOfPage":{"@id":"https:\/\/pagina10.com\/web\/capturan-a-medico-que-recibia-45-millones-por-atender-a-disidentes-de-las-farc-en-tumaco\/#primaryimage"},"image":{"@id":"https:\/\/pagina10.com\/web\/capturan-a-medico-que-recibia-45-millones-por-atender-a-disidentes-de-las-farc-en-tumaco\/#primaryimage"},"thumbnailUrl":"https:\/\/pagina10.com\/web\/wp-content\/uploads\/2022\/07\/WhatsApp-Image-2022-07-25-at-7.02.33-AM.jpeg","datePublished":"2022-07-25T19:10:51+00:00","breadcrumb":{"@id":"https:\/\/pagina10.com\/web\/capturan-a-medico-que-recibia-45-millones-por-atender-a-disidentes-de-las-farc-en-tumaco\/#breadcrumb"},"inLanguage":"es","potentialAction":[{"@type":"ReadAction","target":["https:\/\/pagina10.com\/web\/capturan-a-medico-que-recibia-45-millones-por-atender-a-disidentes-de-las-farc-en-tumaco\/"]}]},{"@type":"ImageObject","inLanguage":"es","@id":"https:\/\/pagina10.com\/web\/capturan-a-medico-que-recibia-45-millones-por-atender-a-disidentes-de-las-farc-en-tumaco\/#primaryimage","url":"https:\/\/pagina10.com\/web\/wp-content\/uploads\/2022\/07\/WhatsApp-Image-2022-07-25-at-7.02.33-AM.jpeg","contentUrl":"https:\/\/pagina10.com\/web\/wp-content\/uploads\/2022\/07\/WhatsApp-Image-2022-07-25-at-7.02.33-AM.jpeg","width":1280,"height":948},{"@type":"BreadcrumbList","@id":"https:\/\/pagina10.com\/web\/capturan-a-medico-que-recibia-45-millones-por-atender-a-disidentes-de-las-farc-en-tumaco\/#breadcrumb","itemListElement":[{"@type":"ListItem","position":1,"name":"Portada","item":"https:\/\/pagina10.com\/web\/"},{"@type":"ListItem","position":2,"name":"Capturan a m\u00e9dico que recib\u00eda $45 millones por atender a disidentes de las Farc en Tumaco"}]},{"@type":"WebSite","@id":"https:\/\/pagina10.com\/web\/#website","url":"https:\/\/pagina10.com\/web\/","name":"P\u00e1gina10","description":"Peri\u00f3dico Regional","publisher":{"@id":"https:\/\/pagina10.com\/web\/#organization"},"alternateName":"P\u00e1gina10 Peri\u00f3dico Regional","potentialAction":[{"@type":"SearchAction","target":{"@type":"EntryPoint","urlTemplate":"https:\/\/pagina10.com\/web\/?s={search_term_string}"},"query-input":{"@type":"PropertyValueSpecification","valueRequired":true,"valueName":"search_term_string"}}],"inLanguage":"es"},{"@type":"Organization","@id":"https:\/\/pagina10.com\/web\/#organization","name":"P\u00e1gina10","alternateName":"P\u00e1gina10 Peri\u00f3dico Regional","url":"https:\/\/pagina10.com\/web\/","logo":{"@type":"ImageObject","inLanguage":"es","@id":"https:\/\/pagina10.com\/web\/#\/schema\/logo\/image\/","url":"https:\/\/pagina10.com\/web\/wp-content\/uploads\/2024\/01\/40-pagina-10-periodico-regional-pasto.jpg","contentUrl":"https:\/\/pagina10.com\/web\/wp-content\/uploads\/2024\/01\/40-pagina-10-periodico-regional-pasto.jpg","width":1280,"height":720,"caption":"P\u00e1gina10"},"image":{"@id":"https:\/\/pagina10.com\/web\/#\/schema\/logo\/image\/"},"sameAs":["https:\/\/www.facebook.com\/pag10com","https:\/\/x.com\/Pag10com","https:\/\/www.instagram.com\/pagina10col\/","https:\/\/youtube.com\/channel\/pag10","https:\/\/www.tiktok.com\/@p10col"]},{"@type":"Person","@id":"https:\/\/pagina10.com\/web\/#\/schema\/person\/2efc4a090d25b667d3bc796798a3a81b","name":"P\u00e1gina 10","description":"P\u00e1gina 10 es un peri\u00f3dico regional que nace en Colombia, en el departamento de Nari\u00f1o, con un enfoque global, fundamentado en cuatro pilares esenciales: la libertad, el pluralismo, la inclusi\u00f3n y la independencia. P\u00e1gina 10 hace referencia a Nari\u00f1o como el d\u00e9cimo departamento creado en Colombia, despu\u00e9s de un proceso pol\u00edtico liderado por actores y actrices regionales con el fin de obtener la independencia y autonom\u00eda de nuestros territorios. Con la creaci\u00f3n de P\u00e1gina 10 se pretende abrir un escenario para el dialogo, la reflexi\u00f3n y el debate que se extienda a otras geograf\u00edas de Am\u00e9rica Latina y del planeta, en una apuesta por transformar colectivamente los desaf\u00edos de un mundo contempor\u00e1neo, m\u00e1s all\u00e1 de las fronteras impuestas.","url":"https:\/\/pagina10.com\/web\/author\/pdiezadmin\/"}]}},"_links":{"self":[{"href":"https:\/\/pagina10.com\/web\/wp-json\/wp\/v2\/posts\/60643","targetHints":{"allow":["GET"]}}],"collection":[{"href":"https:\/\/pagina10.com\/web\/wp-json\/wp\/v2\/posts"}],"about":[{"href":"https:\/\/pagina10.com\/web\/wp-json\/wp\/v2\/types\/post"}],"author":[{"embeddable":true,"href":"https:\/\/pagina10.com\/web\/wp-json\/wp\/v2\/users\/1"}],"replies":[{"embeddable":true,"href":"https:\/\/pagina10.com\/web\/wp-json\/wp\/v2\/comments?post=60643"}],"version-history":[{"count":1,"href":"https:\/\/pagina10.com\/web\/wp-json\/wp\/v2\/posts\/60643\/revisions"}],"predecessor-version":[{"id":60645,"href":"https:\/\/pagina10.com\/web\/wp-json\/wp\/v2\/posts\/60643\/revisions\/60645"}],"wp:featuredmedia":[{"embeddable":true,"href":"https:\/\/pagina10.com\/web\/wp-json\/wp\/v2\/media\/60644"}],"wp:attachment":[{"href":"https:\/\/pagina10.com\/web\/wp-json\/wp\/v2\/media?parent=60643"}],"wp:term":[{"taxonomy":"category","embeddable":true,"href":"https:\/\/pagina10.com\/web\/wp-json\/wp\/v2\/categories?post=60643"},{"taxonomy":"post_tag","embeddable":true,"href":"https:\/\/pagina10.com\/web\/wp-json\/wp\/v2\/tags?post=60643"}],"curies":[{"name":"wp","href":"https:\/\/api.w.org\/{rel}","templated":true}]}}