{"id":60655,"date":"2022-07-26T17:03:43","date_gmt":"2022-07-26T22:03:43","guid":{"rendered":"https:\/\/pagina10.com\/web\/?p=60655"},"modified":"2022-07-26T19:00:13","modified_gmt":"2022-07-27T00:00:13","slug":"capturan-a-tania-presunta-responsable-de-masacre-de-indigenas-awa","status":"publish","type":"post","link":"https:\/\/pagina10.com\/web\/capturan-a-tania-presunta-responsable-de-masacre-de-indigenas-awa\/","title":{"rendered":"Capturan a \u2018Tania\u2019 presunta responsable de masacre de indigenas Aw\u00e1"},"content":{"rendered":"<p>La captura de Leidy Vanesa Bola\u00f1os Anacona, alias Tania, presunta cabecilla de una estructura de la columna m\u00f3vil Ur\u00edas Rond\u00f3n de las disidencias de las Farc, se registr\u00f3 en la v\u00eda que comunica a Pasto con Mojarras. En el procedimiento fueron incautados un celular, siete memorias USB, cuatro simcards y tres micro tarjetas.<\/p>\n<p>Durante la investigaci\u00f3n adelantada por la Sijin de la Polic\u00eda y la Fiscal\u00eda, se obtuvieron elementos de prueba que vincular\u00edan a alias Tania en el asesinato del gobernador suplente del resguardo Inda Sabaleta Juan Orlando Moreano y de sus escoltas Jhon Faver Bisbicus, y Carlos Jos\u00e9 Garc\u00eda, ocurrido el pasado 3 de julio de 2022, en Tumaco.<\/p>\n<p>Adem\u00e1s, las autoridades la se\u00f1alaron como responsable del crimen del suboficial del Ej\u00e9rcito, Cristian Calder\u00f3n Jim\u00e9nez, ocurrido el 5 de septiembre de 2021, en el corregimiento San Antonio en Sevilla, Valle del Cauca. El oficial, profesional en ingenier\u00eda civil, fue interceptado por hombres armados, mientras acompa\u00f1aba a una comisi\u00f3n de la Alcald\u00eda de Sevilla que inspeccionaba varias obras realizadas en v\u00edas terciarias del municipio.<\/p>\n<p>Por estos hechos, la Fiscal\u00eda imput\u00f3 a Leidy Vanesa Bola\u00f1os Anacona los delitos de homicidio agravado, secuestro simple agravado y concierto para delinquir agravado. Los cargos no fueron aceptados.<\/p>\n","protected":false},"excerpt":{"rendered":"<p>La captura de Leidy Vanesa Bola\u00f1os Anacona, alias Tania, presunta cabecilla de una estructura de la columna m\u00f3vil Ur\u00edas Rond\u00f3n de las disidencias de las Farc, se registr\u00f3 en la v\u00eda que comunica a Pasto con Mojarras. En el procedimiento fueron incautados un celular, siete memorias USB, cuatro simcards y tres micro tarjetas. Durante la [&hellip;]<\/p>\n","protected":false},"author":1,"featured_media":60661,"comment_status":"open","ping_status":"open","sticky":false,"template":"","format":"standard","meta":{"footnotes":""},"categories":[61],"tags":[],"class_list":["post-60655","post","type-post","status-publish","format-standard","has-post-thumbnail","hentry","category-judicial"],"yoast_head":"<!-- This site is optimized with the Yoast SEO plugin v27.1.1 - https:\/\/yoast.com\/product\/yoast-seo-wordpress\/ -->\n<title>Capturan a \u2018Tania\u2019 presunta responsable de masacre de indigenas Aw\u00e1 | P\u00e1gina10<\/title>\n<meta name=\"robots\" content=\"index, follow, max-snippet:-1, max-image-preview:large, max-video-preview:-1\" \/>\n<link rel=\"canonical\" href=\"https:\/\/pagina10.com\/web\/capturan-a-tania-presunta-responsable-de-masacre-de-indigenas-awa\/\" \/>\n<meta property=\"og:locale\" content=\"es_ES\" \/>\n<meta property=\"og:type\" content=\"article\" \/>\n<meta property=\"og:title\" content=\"Capturan a \u2018Tania\u2019 presunta responsable de masacre de indigenas Aw\u00e1 | P\u00e1gina10\" \/>\n<meta property=\"og:description\" content=\"La captura de Leidy Vanesa Bola\u00f1os Anacona, alias Tania, presunta cabecilla de una estructura de la columna m\u00f3vil Ur\u00edas Rond\u00f3n de las disidencias de las Farc, se registr\u00f3 en la v\u00eda que comunica a Pasto con Mojarras. En el procedimiento fueron incautados un celular, siete memorias USB, cuatro simcards y tres micro tarjetas. Durante la [&hellip;]\" \/>\n<meta property=\"og:url\" content=\"https:\/\/pagina10.com\/web\/capturan-a-tania-presunta-responsable-de-masacre-de-indigenas-awa\/\" \/>\n<meta property=\"og:site_name\" content=\"P\u00e1gina10\" \/>\n<meta property=\"article:publisher\" content=\"https:\/\/www.facebook.com\/pag10com\" \/>\n<meta property=\"article:published_time\" content=\"2022-07-26T22:03:43+00:00\" \/>\n<meta property=\"article:modified_time\" content=\"2022-07-27T00:00:13+00:00\" \/>\n<meta property=\"og:image\" content=\"https:\/\/pagina10.com\/web\/wp-content\/uploads\/2022\/07\/alias-Tania.jpg\" \/>\n\t<meta property=\"og:image:width\" content=\"811\" \/>\n\t<meta property=\"og:image:height\" content=\"447\" \/>\n\t<meta property=\"og:image:type\" content=\"image\/jpeg\" \/>\n<meta name=\"author\" content=\"P\u00e1gina 10\" \/>\n<meta name=\"twitter:card\" content=\"summary_large_image\" \/>\n<meta name=\"twitter:creator\" content=\"@Pag10com\" \/>\n<meta name=\"twitter:site\" content=\"@Pag10com\" \/>\n<meta name=\"twitter:label1\" content=\"Escrito por\" \/>\n\t<meta name=\"twitter:data1\" content=\"P\u00e1gina 10\" \/>\n\t<meta name=\"twitter:label2\" content=\"Tiempo de lectura\" \/>\n\t<meta name=\"twitter:data2\" content=\"1 minuto\" \/>\n<script type=\"application\/ld+json\" class=\"yoast-schema-graph\">{\"@context\":\"https:\/\/schema.org\",\"@graph\":[{\"@type\":\"Article\",\"@id\":\"https:\/\/pagina10.com\/web\/capturan-a-tania-presunta-responsable-de-masacre-de-indigenas-awa\/#article\",\"isPartOf\":{\"@id\":\"https:\/\/pagina10.com\/web\/capturan-a-tania-presunta-responsable-de-masacre-de-indigenas-awa\/\"},\"author\":{\"name\":\"P\u00e1gina 10\",\"@id\":\"https:\/\/pagina10.com\/web\/#\/schema\/person\/2efc4a090d25b667d3bc796798a3a81b\"},\"headline\":\"Capturan a \u2018Tania\u2019 presunta responsable de masacre de indigenas Aw\u00e1\",\"datePublished\":\"2022-07-26T22:03:43+00:00\",\"dateModified\":\"2022-07-27T00:00:13+00:00\",\"mainEntityOfPage\":{\"@id\":\"https:\/\/pagina10.com\/web\/capturan-a-tania-presunta-responsable-de-masacre-de-indigenas-awa\/\"},\"wordCount\":231,\"commentCount\":0,\"publisher\":{\"@id\":\"https:\/\/pagina10.com\/web\/#organization\"},\"image\":{\"@id\":\"https:\/\/pagina10.com\/web\/capturan-a-tania-presunta-responsable-de-masacre-de-indigenas-awa\/#primaryimage\"},\"thumbnailUrl\":\"https:\/\/pagina10.com\/web\/wp-content\/uploads\/2022\/07\/alias-Tania.jpg\",\"articleSection\":[\"Judicial\"],\"inLanguage\":\"es\",\"potentialAction\":[{\"@type\":\"CommentAction\",\"name\":\"Comment\",\"target\":[\"https:\/\/pagina10.com\/web\/capturan-a-tania-presunta-responsable-de-masacre-de-indigenas-awa\/#respond\"]}]},{\"@type\":\"WebPage\",\"@id\":\"https:\/\/pagina10.com\/web\/capturan-a-tania-presunta-responsable-de-masacre-de-indigenas-awa\/\",\"url\":\"https:\/\/pagina10.com\/web\/capturan-a-tania-presunta-responsable-de-masacre-de-indigenas-awa\/\",\"name\":\"Capturan a \u2018Tania\u2019 presunta responsable de masacre de indigenas Aw\u00e1 | P\u00e1gina10\",\"isPartOf\":{\"@id\":\"https:\/\/pagina10.com\/web\/#website\"},\"primaryImageOfPage\":{\"@id\":\"https:\/\/pagina10.com\/web\/capturan-a-tania-presunta-responsable-de-masacre-de-indigenas-awa\/#primaryimage\"},\"image\":{\"@id\":\"https:\/\/pagina10.com\/web\/capturan-a-tania-presunta-responsable-de-masacre-de-indigenas-awa\/#primaryimage\"},\"thumbnailUrl\":\"https:\/\/pagina10.com\/web\/wp-content\/uploads\/2022\/07\/alias-Tania.jpg\",\"datePublished\":\"2022-07-26T22:03:43+00:00\",\"dateModified\":\"2022-07-27T00:00:13+00:00\",\"breadcrumb\":{\"@id\":\"https:\/\/pagina10.com\/web\/capturan-a-tania-presunta-responsable-de-masacre-de-indigenas-awa\/#breadcrumb\"},\"inLanguage\":\"es\",\"potentialAction\":[{\"@type\":\"ReadAction\",\"target\":[\"https:\/\/pagina10.com\/web\/capturan-a-tania-presunta-responsable-de-masacre-de-indigenas-awa\/\"]}]},{\"@type\":\"ImageObject\",\"inLanguage\":\"es\",\"@id\":\"https:\/\/pagina10.com\/web\/capturan-a-tania-presunta-responsable-de-masacre-de-indigenas-awa\/#primaryimage\",\"url\":\"https:\/\/pagina10.com\/web\/wp-content\/uploads\/2022\/07\/alias-Tania.jpg\",\"contentUrl\":\"https:\/\/pagina10.com\/web\/wp-content\/uploads\/2022\/07\/alias-Tania.jpg\",\"width\":811,\"height\":447},{\"@type\":\"BreadcrumbList\",\"@id\":\"https:\/\/pagina10.com\/web\/capturan-a-tania-presunta-responsable-de-masacre-de-indigenas-awa\/#breadcrumb\",\"itemListElement\":[{\"@type\":\"ListItem\",\"position\":1,\"name\":\"Portada\",\"item\":\"https:\/\/pagina10.com\/web\/\"},{\"@type\":\"ListItem\",\"position\":2,\"name\":\"Capturan a \u2018Tania\u2019 presunta responsable de masacre de indigenas Aw\u00e1\"}]},{\"@type\":\"WebSite\",\"@id\":\"https:\/\/pagina10.com\/web\/#website\",\"url\":\"https:\/\/pagina10.com\/web\/\",\"name\":\"P\u00e1gina10\",\"description\":\"Peri\u00f3dico Regional\",\"publisher\":{\"@id\":\"https:\/\/pagina10.com\/web\/#organization\"},\"alternateName\":\"P\u00e1gina10 Peri\u00f3dico Regional\",\"potentialAction\":[{\"@type\":\"SearchAction\",\"target\":{\"@type\":\"EntryPoint\",\"urlTemplate\":\"https:\/\/pagina10.com\/web\/?s={search_term_string}\"},\"query-input\":{\"@type\":\"PropertyValueSpecification\",\"valueRequired\":true,\"valueName\":\"search_term_string\"}}],\"inLanguage\":\"es\"},{\"@type\":\"Organization\",\"@id\":\"https:\/\/pagina10.com\/web\/#organization\",\"name\":\"P\u00e1gina10\",\"alternateName\":\"P\u00e1gina10 Peri\u00f3dico Regional\",\"url\":\"https:\/\/pagina10.com\/web\/\",\"logo\":{\"@type\":\"ImageObject\",\"inLanguage\":\"es\",\"@id\":\"https:\/\/pagina10.com\/web\/#\/schema\/logo\/image\/\",\"url\":\"https:\/\/pagina10.com\/web\/wp-content\/uploads\/2024\/01\/40-pagina-10-periodico-regional-pasto.jpg\",\"contentUrl\":\"https:\/\/pagina10.com\/web\/wp-content\/uploads\/2024\/01\/40-pagina-10-periodico-regional-pasto.jpg\",\"width\":1280,\"height\":720,\"caption\":\"P\u00e1gina10\"},\"image\":{\"@id\":\"https:\/\/pagina10.com\/web\/#\/schema\/logo\/image\/\"},\"sameAs\":[\"https:\/\/www.facebook.com\/pag10com\",\"https:\/\/x.com\/Pag10com\",\"https:\/\/www.instagram.com\/pagina10col\/\",\"https:\/\/youtube.com\/channel\/pag10\",\"https:\/\/www.tiktok.com\/@p10col\"]},{\"@type\":\"Person\",\"@id\":\"https:\/\/pagina10.com\/web\/#\/schema\/person\/2efc4a090d25b667d3bc796798a3a81b\",\"name\":\"P\u00e1gina 10\",\"description\":\"P\u00e1gina 10 es un peri\u00f3dico regional que nace en Colombia, en el departamento de Nari\u00f1o, con un enfoque global, fundamentado en cuatro pilares esenciales: la libertad, el pluralismo, la inclusi\u00f3n y la independencia. P\u00e1gina 10 hace referencia a Nari\u00f1o como el d\u00e9cimo departamento creado en Colombia, despu\u00e9s de un proceso pol\u00edtico liderado por actores y actrices regionales con el fin de obtener la independencia y autonom\u00eda de nuestros territorios. Con la creaci\u00f3n de P\u00e1gina 10 se pretende abrir un escenario para el dialogo, la reflexi\u00f3n y el debate que se extienda a otras geograf\u00edas de Am\u00e9rica Latina y del planeta, en una apuesta por transformar colectivamente los desaf\u00edos de un mundo contempor\u00e1neo, m\u00e1s all\u00e1 de las fronteras impuestas.\",\"url\":\"https:\/\/pagina10.com\/web\/author\/pdiezadmin\/\"}]}<\/script>\n<!-- \/ Yoast SEO plugin. -->","yoast_head_json":{"title":"Capturan a \u2018Tania\u2019 presunta responsable de masacre de indigenas Aw\u00e1 | P\u00e1gina10","robots":{"index":"index","follow":"follow","max-snippet":"max-snippet:-1","max-image-preview":"max-image-preview:large","max-video-preview":"max-video-preview:-1"},"canonical":"https:\/\/pagina10.com\/web\/capturan-a-tania-presunta-responsable-de-masacre-de-indigenas-awa\/","og_locale":"es_ES","og_type":"article","og_title":"Capturan a \u2018Tania\u2019 presunta responsable de masacre de indigenas Aw\u00e1 | P\u00e1gina10","og_description":"La captura de Leidy Vanesa Bola\u00f1os Anacona, alias Tania, presunta cabecilla de una estructura de la columna m\u00f3vil Ur\u00edas Rond\u00f3n de las disidencias de las Farc, se registr\u00f3 en la v\u00eda que comunica a Pasto con Mojarras. En el procedimiento fueron incautados un celular, siete memorias USB, cuatro simcards y tres micro tarjetas. Durante la [&hellip;]","og_url":"https:\/\/pagina10.com\/web\/capturan-a-tania-presunta-responsable-de-masacre-de-indigenas-awa\/","og_site_name":"P\u00e1gina10","article_publisher":"https:\/\/www.facebook.com\/pag10com","article_published_time":"2022-07-26T22:03:43+00:00","article_modified_time":"2022-07-27T00:00:13+00:00","og_image":[{"width":811,"height":447,"url":"https:\/\/pagina10.com\/web\/wp-content\/uploads\/2022\/07\/alias-Tania.jpg","type":"image\/jpeg"}],"author":"P\u00e1gina 10","twitter_card":"summary_large_image","twitter_creator":"@Pag10com","twitter_site":"@Pag10com","twitter_misc":{"Escrito por":"P\u00e1gina 10","Tiempo de lectura":"1 minuto"},"schema":{"@context":"https:\/\/schema.org","@graph":[{"@type":"Article","@id":"https:\/\/pagina10.com\/web\/capturan-a-tania-presunta-responsable-de-masacre-de-indigenas-awa\/#article","isPartOf":{"@id":"https:\/\/pagina10.com\/web\/capturan-a-tania-presunta-responsable-de-masacre-de-indigenas-awa\/"},"author":{"name":"P\u00e1gina 10","@id":"https:\/\/pagina10.com\/web\/#\/schema\/person\/2efc4a090d25b667d3bc796798a3a81b"},"headline":"Capturan a \u2018Tania\u2019 presunta responsable de masacre de indigenas Aw\u00e1","datePublished":"2022-07-26T22:03:43+00:00","dateModified":"2022-07-27T00:00:13+00:00","mainEntityOfPage":{"@id":"https:\/\/pagina10.com\/web\/capturan-a-tania-presunta-responsable-de-masacre-de-indigenas-awa\/"},"wordCount":231,"commentCount":0,"publisher":{"@id":"https:\/\/pagina10.com\/web\/#organization"},"image":{"@id":"https:\/\/pagina10.com\/web\/capturan-a-tania-presunta-responsable-de-masacre-de-indigenas-awa\/#primaryimage"},"thumbnailUrl":"https:\/\/pagina10.com\/web\/wp-content\/uploads\/2022\/07\/alias-Tania.jpg","articleSection":["Judicial"],"inLanguage":"es","potentialAction":[{"@type":"CommentAction","name":"Comment","target":["https:\/\/pagina10.com\/web\/capturan-a-tania-presunta-responsable-de-masacre-de-indigenas-awa\/#respond"]}]},{"@type":"WebPage","@id":"https:\/\/pagina10.com\/web\/capturan-a-tania-presunta-responsable-de-masacre-de-indigenas-awa\/","url":"https:\/\/pagina10.com\/web\/capturan-a-tania-presunta-responsable-de-masacre-de-indigenas-awa\/","name":"Capturan a \u2018Tania\u2019 presunta responsable de masacre de indigenas Aw\u00e1 | P\u00e1gina10","isPartOf":{"@id":"https:\/\/pagina10.com\/web\/#website"},"primaryImageOfPage":{"@id":"https:\/\/pagina10.com\/web\/capturan-a-tania-presunta-responsable-de-masacre-de-indigenas-awa\/#primaryimage"},"image":{"@id":"https:\/\/pagina10.com\/web\/capturan-a-tania-presunta-responsable-de-masacre-de-indigenas-awa\/#primaryimage"},"thumbnailUrl":"https:\/\/pagina10.com\/web\/wp-content\/uploads\/2022\/07\/alias-Tania.jpg","datePublished":"2022-07-26T22:03:43+00:00","dateModified":"2022-07-27T00:00:13+00:00","breadcrumb":{"@id":"https:\/\/pagina10.com\/web\/capturan-a-tania-presunta-responsable-de-masacre-de-indigenas-awa\/#breadcrumb"},"inLanguage":"es","potentialAction":[{"@type":"ReadAction","target":["https:\/\/pagina10.com\/web\/capturan-a-tania-presunta-responsable-de-masacre-de-indigenas-awa\/"]}]},{"@type":"ImageObject","inLanguage":"es","@id":"https:\/\/pagina10.com\/web\/capturan-a-tania-presunta-responsable-de-masacre-de-indigenas-awa\/#primaryimage","url":"https:\/\/pagina10.com\/web\/wp-content\/uploads\/2022\/07\/alias-Tania.jpg","contentUrl":"https:\/\/pagina10.com\/web\/wp-content\/uploads\/2022\/07\/alias-Tania.jpg","width":811,"height":447},{"@type":"BreadcrumbList","@id":"https:\/\/pagina10.com\/web\/capturan-a-tania-presunta-responsable-de-masacre-de-indigenas-awa\/#breadcrumb","itemListElement":[{"@type":"ListItem","position":1,"name":"Portada","item":"https:\/\/pagina10.com\/web\/"},{"@type":"ListItem","position":2,"name":"Capturan a \u2018Tania\u2019 presunta responsable de masacre de indigenas Aw\u00e1"}]},{"@type":"WebSite","@id":"https:\/\/pagina10.com\/web\/#website","url":"https:\/\/pagina10.com\/web\/","name":"P\u00e1gina10","description":"Peri\u00f3dico Regional","publisher":{"@id":"https:\/\/pagina10.com\/web\/#organization"},"alternateName":"P\u00e1gina10 Peri\u00f3dico Regional","potentialAction":[{"@type":"SearchAction","target":{"@type":"EntryPoint","urlTemplate":"https:\/\/pagina10.com\/web\/?s={search_term_string}"},"query-input":{"@type":"PropertyValueSpecification","valueRequired":true,"valueName":"search_term_string"}}],"inLanguage":"es"},{"@type":"Organization","@id":"https:\/\/pagina10.com\/web\/#organization","name":"P\u00e1gina10","alternateName":"P\u00e1gina10 Peri\u00f3dico Regional","url":"https:\/\/pagina10.com\/web\/","logo":{"@type":"ImageObject","inLanguage":"es","@id":"https:\/\/pagina10.com\/web\/#\/schema\/logo\/image\/","url":"https:\/\/pagina10.com\/web\/wp-content\/uploads\/2024\/01\/40-pagina-10-periodico-regional-pasto.jpg","contentUrl":"https:\/\/pagina10.com\/web\/wp-content\/uploads\/2024\/01\/40-pagina-10-periodico-regional-pasto.jpg","width":1280,"height":720,"caption":"P\u00e1gina10"},"image":{"@id":"https:\/\/pagina10.com\/web\/#\/schema\/logo\/image\/"},"sameAs":["https:\/\/www.facebook.com\/pag10com","https:\/\/x.com\/Pag10com","https:\/\/www.instagram.com\/pagina10col\/","https:\/\/youtube.com\/channel\/pag10","https:\/\/www.tiktok.com\/@p10col"]},{"@type":"Person","@id":"https:\/\/pagina10.com\/web\/#\/schema\/person\/2efc4a090d25b667d3bc796798a3a81b","name":"P\u00e1gina 10","description":"P\u00e1gina 10 es un peri\u00f3dico regional que nace en Colombia, en el departamento de Nari\u00f1o, con un enfoque global, fundamentado en cuatro pilares esenciales: la libertad, el pluralismo, la inclusi\u00f3n y la independencia. P\u00e1gina 10 hace referencia a Nari\u00f1o como el d\u00e9cimo departamento creado en Colombia, despu\u00e9s de un proceso pol\u00edtico liderado por actores y actrices regionales con el fin de obtener la independencia y autonom\u00eda de nuestros territorios. Con la creaci\u00f3n de P\u00e1gina 10 se pretende abrir un escenario para el dialogo, la reflexi\u00f3n y el debate que se extienda a otras geograf\u00edas de Am\u00e9rica Latina y del planeta, en una apuesta por transformar colectivamente los desaf\u00edos de un mundo contempor\u00e1neo, m\u00e1s all\u00e1 de las fronteras impuestas.","url":"https:\/\/pagina10.com\/web\/author\/pdiezadmin\/"}]}},"_links":{"self":[{"href":"https:\/\/pagina10.com\/web\/wp-json\/wp\/v2\/posts\/60655","targetHints":{"allow":["GET"]}}],"collection":[{"href":"https:\/\/pagina10.com\/web\/wp-json\/wp\/v2\/posts"}],"about":[{"href":"https:\/\/pagina10.com\/web\/wp-json\/wp\/v2\/types\/post"}],"author":[{"embeddable":true,"href":"https:\/\/pagina10.com\/web\/wp-json\/wp\/v2\/users\/1"}],"replies":[{"embeddable":true,"href":"https:\/\/pagina10.com\/web\/wp-json\/wp\/v2\/comments?post=60655"}],"version-history":[{"count":2,"href":"https:\/\/pagina10.com\/web\/wp-json\/wp\/v2\/posts\/60655\/revisions"}],"predecessor-version":[{"id":60663,"href":"https:\/\/pagina10.com\/web\/wp-json\/wp\/v2\/posts\/60655\/revisions\/60663"}],"wp:featuredmedia":[{"embeddable":true,"href":"https:\/\/pagina10.com\/web\/wp-json\/wp\/v2\/media\/60661"}],"wp:attachment":[{"href":"https:\/\/pagina10.com\/web\/wp-json\/wp\/v2\/media?parent=60655"}],"wp:term":[{"taxonomy":"category","embeddable":true,"href":"https:\/\/pagina10.com\/web\/wp-json\/wp\/v2\/categories?post=60655"},{"taxonomy":"post_tag","embeddable":true,"href":"https:\/\/pagina10.com\/web\/wp-json\/wp\/v2\/tags?post=60655"}],"curies":[{"name":"wp","href":"https:\/\/api.w.org\/{rel}","templated":true}]}}