{"id":60713,"date":"2022-07-29T10:05:41","date_gmt":"2022-07-29T15:05:41","guid":{"rendered":"https:\/\/pagina10.com\/web\/?p=60713"},"modified":"2022-07-29T10:05:41","modified_gmt":"2022-07-29T15:05:41","slug":"en-ipiales-lamentan-el-crimen-de-joven-futbolista-su-homicida-es-un-menor-de-edad","status":"publish","type":"post","link":"https:\/\/pagina10.com\/web\/en-ipiales-lamentan-el-crimen-de-joven-futbolista-su-homicida-es-un-menor-de-edad\/","title":{"rendered":"En Ipiales lamentan el crimen de joven futbolista, su homicida es un menor de edad"},"content":{"rendered":"<p style=\"text-align: justify;\">En el barrio Hierba Buena de la ciudad fronteriza de Ipiales, falleci\u00f3 David Sebasti\u00e1n Rivadeneira Salazar de 20 a\u00f1os, quien en medio de una ri\u00f1a recibi\u00f3 una mortal pu\u00f1alada. Las autoridades confirmaron en las \u00faltimas horas que el homicida, es un menor de edad que ya fue aprehendido.<\/p>\n<p style=\"text-align: justify;\">Familiares y amigos de la promesa del futbol lamentaron lo ocurrido y a la vez pidieron hacer justicia por el crimen de \u2018Sebas\u2019 como le dec\u00edan de cari\u00f1o. As\u00ed mismo, fueron m\u00faltiples los mensajes de condolencia a trav\u00e9s de los cuales lamentaron su deceso.<\/p>\n<p>Uno de ellos fue escrito por la directiva del Comit\u00e9 Municipal de F\u00fatbol de Ipiales. \u201cLamentamos profundamente la inesperada partida de David Sebasti\u00e1n Rivadeneira Salazar. A su corta edad demostr\u00f3 tener mucho futuro, con grandes cualidades \u2018un calidoso\u2019. Quedan grandes recuerdos de su paso por grandes clubes que lo formaron: Corporaci\u00f3n Deportiva Futuras Estrellas y Selecci\u00f3n Ipiales. Expresamos nuestras voces de solidaridad a sus padres, y dem\u00e1s familiares\u201d, se\u00f1al\u00f3 el comit\u00e9.<br \/>\nDe momento, se desconocen las causas por las cuales inici\u00f3 la ri\u00f1a. Sin embargo, las autoridades presumen que todo se deriv\u00f3 por el consumo de sustancias alucin\u00f3genas por parte del se\u00f1alado responsable y otro joven que lo acompa\u00f1aba. Esta versi\u00f3n es investigada por las entidades competentes que ya tienen en su poder al homicida.<\/p>\n","protected":false},"excerpt":{"rendered":"<p>En el barrio Hierba Buena de la ciudad fronteriza de Ipiales, falleci\u00f3 David Sebasti\u00e1n Rivadeneira Salazar de 20 a\u00f1os, quien en medio de una ri\u00f1a recibi\u00f3 una mortal pu\u00f1alada. Las autoridades confirmaron en las \u00faltimas horas que el homicida, es un menor de edad que ya fue aprehendido. Familiares y amigos de la promesa del [&hellip;]<\/p>\n","protected":false},"author":1,"featured_media":60714,"comment_status":"open","ping_status":"open","sticky":false,"template":"","format":"standard","meta":{"footnotes":""},"categories":[61],"tags":[],"class_list":["post-60713","post","type-post","status-publish","format-standard","has-post-thumbnail","hentry","category-judicial"],"yoast_head":"<!-- This site is optimized with the Yoast SEO plugin v27.1.1 - https:\/\/yoast.com\/product\/yoast-seo-wordpress\/ -->\n<title>En Ipiales lamentan el crimen de joven futbolista, su homicida es un menor de edad | P\u00e1gina10<\/title>\n<meta name=\"robots\" content=\"index, follow, max-snippet:-1, max-image-preview:large, max-video-preview:-1\" \/>\n<link rel=\"canonical\" href=\"https:\/\/pagina10.com\/web\/en-ipiales-lamentan-el-crimen-de-joven-futbolista-su-homicida-es-un-menor-de-edad\/\" \/>\n<meta property=\"og:locale\" content=\"es_ES\" \/>\n<meta property=\"og:type\" content=\"article\" \/>\n<meta property=\"og:title\" content=\"En Ipiales lamentan el crimen de joven futbolista, su homicida es un menor de edad | P\u00e1gina10\" \/>\n<meta property=\"og:description\" content=\"En el barrio Hierba Buena de la ciudad fronteriza de Ipiales, falleci\u00f3 David Sebasti\u00e1n Rivadeneira Salazar de 20 a\u00f1os, quien en medio de una ri\u00f1a recibi\u00f3 una mortal pu\u00f1alada. Las autoridades confirmaron en las \u00faltimas horas que el homicida, es un menor de edad que ya fue aprehendido. Familiares y amigos de la promesa del [&hellip;]\" \/>\n<meta property=\"og:url\" content=\"https:\/\/pagina10.com\/web\/en-ipiales-lamentan-el-crimen-de-joven-futbolista-su-homicida-es-un-menor-de-edad\/\" \/>\n<meta property=\"og:site_name\" content=\"P\u00e1gina10\" \/>\n<meta property=\"article:publisher\" content=\"https:\/\/www.facebook.com\/pag10com\" \/>\n<meta property=\"article:published_time\" content=\"2022-07-29T15:05:41+00:00\" \/>\n<meta property=\"og:image\" content=\"https:\/\/pagina10.com\/web\/wp-content\/uploads\/2022\/07\/Picsart_22-07-29_10-04-09-034.jpg\" \/>\n\t<meta property=\"og:image:width\" content=\"720\" \/>\n\t<meta property=\"og:image:height\" content=\"720\" \/>\n\t<meta property=\"og:image:type\" content=\"image\/jpeg\" \/>\n<meta name=\"author\" content=\"P\u00e1gina 10\" \/>\n<meta name=\"twitter:card\" content=\"summary_large_image\" \/>\n<meta name=\"twitter:creator\" content=\"@Pag10com\" \/>\n<meta name=\"twitter:site\" content=\"@Pag10com\" \/>\n<meta name=\"twitter:label1\" content=\"Escrito por\" \/>\n\t<meta name=\"twitter:data1\" content=\"P\u00e1gina 10\" \/>\n\t<meta name=\"twitter:label2\" content=\"Tiempo de lectura\" \/>\n\t<meta name=\"twitter:data2\" content=\"1 minuto\" \/>\n<script type=\"application\/ld+json\" class=\"yoast-schema-graph\">{\"@context\":\"https:\/\/schema.org\",\"@graph\":[{\"@type\":\"Article\",\"@id\":\"https:\/\/pagina10.com\/web\/en-ipiales-lamentan-el-crimen-de-joven-futbolista-su-homicida-es-un-menor-de-edad\/#article\",\"isPartOf\":{\"@id\":\"https:\/\/pagina10.com\/web\/en-ipiales-lamentan-el-crimen-de-joven-futbolista-su-homicida-es-un-menor-de-edad\/\"},\"author\":{\"name\":\"P\u00e1gina 10\",\"@id\":\"https:\/\/pagina10.com\/web\/#\/schema\/person\/2efc4a090d25b667d3bc796798a3a81b\"},\"headline\":\"En Ipiales lamentan el crimen de joven futbolista, su homicida es un menor de edad\",\"datePublished\":\"2022-07-29T15:05:41+00:00\",\"mainEntityOfPage\":{\"@id\":\"https:\/\/pagina10.com\/web\/en-ipiales-lamentan-el-crimen-de-joven-futbolista-su-homicida-es-un-menor-de-edad\/\"},\"wordCount\":250,\"commentCount\":0,\"publisher\":{\"@id\":\"https:\/\/pagina10.com\/web\/#organization\"},\"image\":{\"@id\":\"https:\/\/pagina10.com\/web\/en-ipiales-lamentan-el-crimen-de-joven-futbolista-su-homicida-es-un-menor-de-edad\/#primaryimage\"},\"thumbnailUrl\":\"https:\/\/pagina10.com\/web\/wp-content\/uploads\/2022\/07\/Picsart_22-07-29_10-04-09-034.jpg\",\"articleSection\":[\"Judicial\"],\"inLanguage\":\"es\",\"potentialAction\":[{\"@type\":\"CommentAction\",\"name\":\"Comment\",\"target\":[\"https:\/\/pagina10.com\/web\/en-ipiales-lamentan-el-crimen-de-joven-futbolista-su-homicida-es-un-menor-de-edad\/#respond\"]}]},{\"@type\":\"WebPage\",\"@id\":\"https:\/\/pagina10.com\/web\/en-ipiales-lamentan-el-crimen-de-joven-futbolista-su-homicida-es-un-menor-de-edad\/\",\"url\":\"https:\/\/pagina10.com\/web\/en-ipiales-lamentan-el-crimen-de-joven-futbolista-su-homicida-es-un-menor-de-edad\/\",\"name\":\"En Ipiales lamentan el crimen de joven futbolista, su homicida es un menor de edad | P\u00e1gina10\",\"isPartOf\":{\"@id\":\"https:\/\/pagina10.com\/web\/#website\"},\"primaryImageOfPage\":{\"@id\":\"https:\/\/pagina10.com\/web\/en-ipiales-lamentan-el-crimen-de-joven-futbolista-su-homicida-es-un-menor-de-edad\/#primaryimage\"},\"image\":{\"@id\":\"https:\/\/pagina10.com\/web\/en-ipiales-lamentan-el-crimen-de-joven-futbolista-su-homicida-es-un-menor-de-edad\/#primaryimage\"},\"thumbnailUrl\":\"https:\/\/pagina10.com\/web\/wp-content\/uploads\/2022\/07\/Picsart_22-07-29_10-04-09-034.jpg\",\"datePublished\":\"2022-07-29T15:05:41+00:00\",\"breadcrumb\":{\"@id\":\"https:\/\/pagina10.com\/web\/en-ipiales-lamentan-el-crimen-de-joven-futbolista-su-homicida-es-un-menor-de-edad\/#breadcrumb\"},\"inLanguage\":\"es\",\"potentialAction\":[{\"@type\":\"ReadAction\",\"target\":[\"https:\/\/pagina10.com\/web\/en-ipiales-lamentan-el-crimen-de-joven-futbolista-su-homicida-es-un-menor-de-edad\/\"]}]},{\"@type\":\"ImageObject\",\"inLanguage\":\"es\",\"@id\":\"https:\/\/pagina10.com\/web\/en-ipiales-lamentan-el-crimen-de-joven-futbolista-su-homicida-es-un-menor-de-edad\/#primaryimage\",\"url\":\"https:\/\/pagina10.com\/web\/wp-content\/uploads\/2022\/07\/Picsart_22-07-29_10-04-09-034.jpg\",\"contentUrl\":\"https:\/\/pagina10.com\/web\/wp-content\/uploads\/2022\/07\/Picsart_22-07-29_10-04-09-034.jpg\",\"width\":720,\"height\":720},{\"@type\":\"BreadcrumbList\",\"@id\":\"https:\/\/pagina10.com\/web\/en-ipiales-lamentan-el-crimen-de-joven-futbolista-su-homicida-es-un-menor-de-edad\/#breadcrumb\",\"itemListElement\":[{\"@type\":\"ListItem\",\"position\":1,\"name\":\"Portada\",\"item\":\"https:\/\/pagina10.com\/web\/\"},{\"@type\":\"ListItem\",\"position\":2,\"name\":\"En Ipiales lamentan el crimen de joven futbolista, su homicida es un menor de edad\"}]},{\"@type\":\"WebSite\",\"@id\":\"https:\/\/pagina10.com\/web\/#website\",\"url\":\"https:\/\/pagina10.com\/web\/\",\"name\":\"P\u00e1gina10\",\"description\":\"Peri\u00f3dico Regional\",\"publisher\":{\"@id\":\"https:\/\/pagina10.com\/web\/#organization\"},\"alternateName\":\"P\u00e1gina10 Peri\u00f3dico Regional\",\"potentialAction\":[{\"@type\":\"SearchAction\",\"target\":{\"@type\":\"EntryPoint\",\"urlTemplate\":\"https:\/\/pagina10.com\/web\/?s={search_term_string}\"},\"query-input\":{\"@type\":\"PropertyValueSpecification\",\"valueRequired\":true,\"valueName\":\"search_term_string\"}}],\"inLanguage\":\"es\"},{\"@type\":\"Organization\",\"@id\":\"https:\/\/pagina10.com\/web\/#organization\",\"name\":\"P\u00e1gina10\",\"alternateName\":\"P\u00e1gina10 Peri\u00f3dico Regional\",\"url\":\"https:\/\/pagina10.com\/web\/\",\"logo\":{\"@type\":\"ImageObject\",\"inLanguage\":\"es\",\"@id\":\"https:\/\/pagina10.com\/web\/#\/schema\/logo\/image\/\",\"url\":\"https:\/\/pagina10.com\/web\/wp-content\/uploads\/2024\/01\/40-pagina-10-periodico-regional-pasto.jpg\",\"contentUrl\":\"https:\/\/pagina10.com\/web\/wp-content\/uploads\/2024\/01\/40-pagina-10-periodico-regional-pasto.jpg\",\"width\":1280,\"height\":720,\"caption\":\"P\u00e1gina10\"},\"image\":{\"@id\":\"https:\/\/pagina10.com\/web\/#\/schema\/logo\/image\/\"},\"sameAs\":[\"https:\/\/www.facebook.com\/pag10com\",\"https:\/\/x.com\/Pag10com\",\"https:\/\/www.instagram.com\/pagina10col\/\",\"https:\/\/youtube.com\/channel\/pag10\",\"https:\/\/www.tiktok.com\/@p10col\"]},{\"@type\":\"Person\",\"@id\":\"https:\/\/pagina10.com\/web\/#\/schema\/person\/2efc4a090d25b667d3bc796798a3a81b\",\"name\":\"P\u00e1gina 10\",\"description\":\"P\u00e1gina 10 es un peri\u00f3dico regional que nace en Colombia, en el departamento de Nari\u00f1o, con un enfoque global, fundamentado en cuatro pilares esenciales: la libertad, el pluralismo, la inclusi\u00f3n y la independencia. P\u00e1gina 10 hace referencia a Nari\u00f1o como el d\u00e9cimo departamento creado en Colombia, despu\u00e9s de un proceso pol\u00edtico liderado por actores y actrices regionales con el fin de obtener la independencia y autonom\u00eda de nuestros territorios. Con la creaci\u00f3n de P\u00e1gina 10 se pretende abrir un escenario para el dialogo, la reflexi\u00f3n y el debate que se extienda a otras geograf\u00edas de Am\u00e9rica Latina y del planeta, en una apuesta por transformar colectivamente los desaf\u00edos de un mundo contempor\u00e1neo, m\u00e1s all\u00e1 de las fronteras impuestas.\",\"url\":\"https:\/\/pagina10.com\/web\/author\/pdiezadmin\/\"}]}<\/script>\n<!-- \/ Yoast SEO plugin. -->","yoast_head_json":{"title":"En Ipiales lamentan el crimen de joven futbolista, su homicida es un menor de edad | P\u00e1gina10","robots":{"index":"index","follow":"follow","max-snippet":"max-snippet:-1","max-image-preview":"max-image-preview:large","max-video-preview":"max-video-preview:-1"},"canonical":"https:\/\/pagina10.com\/web\/en-ipiales-lamentan-el-crimen-de-joven-futbolista-su-homicida-es-un-menor-de-edad\/","og_locale":"es_ES","og_type":"article","og_title":"En Ipiales lamentan el crimen de joven futbolista, su homicida es un menor de edad | P\u00e1gina10","og_description":"En el barrio Hierba Buena de la ciudad fronteriza de Ipiales, falleci\u00f3 David Sebasti\u00e1n Rivadeneira Salazar de 20 a\u00f1os, quien en medio de una ri\u00f1a recibi\u00f3 una mortal pu\u00f1alada. Las autoridades confirmaron en las \u00faltimas horas que el homicida, es un menor de edad que ya fue aprehendido. Familiares y amigos de la promesa del [&hellip;]","og_url":"https:\/\/pagina10.com\/web\/en-ipiales-lamentan-el-crimen-de-joven-futbolista-su-homicida-es-un-menor-de-edad\/","og_site_name":"P\u00e1gina10","article_publisher":"https:\/\/www.facebook.com\/pag10com","article_published_time":"2022-07-29T15:05:41+00:00","og_image":[{"width":720,"height":720,"url":"https:\/\/pagina10.com\/web\/wp-content\/uploads\/2022\/07\/Picsart_22-07-29_10-04-09-034.jpg","type":"image\/jpeg"}],"author":"P\u00e1gina 10","twitter_card":"summary_large_image","twitter_creator":"@Pag10com","twitter_site":"@Pag10com","twitter_misc":{"Escrito por":"P\u00e1gina 10","Tiempo de lectura":"1 minuto"},"schema":{"@context":"https:\/\/schema.org","@graph":[{"@type":"Article","@id":"https:\/\/pagina10.com\/web\/en-ipiales-lamentan-el-crimen-de-joven-futbolista-su-homicida-es-un-menor-de-edad\/#article","isPartOf":{"@id":"https:\/\/pagina10.com\/web\/en-ipiales-lamentan-el-crimen-de-joven-futbolista-su-homicida-es-un-menor-de-edad\/"},"author":{"name":"P\u00e1gina 10","@id":"https:\/\/pagina10.com\/web\/#\/schema\/person\/2efc4a090d25b667d3bc796798a3a81b"},"headline":"En Ipiales lamentan el crimen de joven futbolista, su homicida es un menor de edad","datePublished":"2022-07-29T15:05:41+00:00","mainEntityOfPage":{"@id":"https:\/\/pagina10.com\/web\/en-ipiales-lamentan-el-crimen-de-joven-futbolista-su-homicida-es-un-menor-de-edad\/"},"wordCount":250,"commentCount":0,"publisher":{"@id":"https:\/\/pagina10.com\/web\/#organization"},"image":{"@id":"https:\/\/pagina10.com\/web\/en-ipiales-lamentan-el-crimen-de-joven-futbolista-su-homicida-es-un-menor-de-edad\/#primaryimage"},"thumbnailUrl":"https:\/\/pagina10.com\/web\/wp-content\/uploads\/2022\/07\/Picsart_22-07-29_10-04-09-034.jpg","articleSection":["Judicial"],"inLanguage":"es","potentialAction":[{"@type":"CommentAction","name":"Comment","target":["https:\/\/pagina10.com\/web\/en-ipiales-lamentan-el-crimen-de-joven-futbolista-su-homicida-es-un-menor-de-edad\/#respond"]}]},{"@type":"WebPage","@id":"https:\/\/pagina10.com\/web\/en-ipiales-lamentan-el-crimen-de-joven-futbolista-su-homicida-es-un-menor-de-edad\/","url":"https:\/\/pagina10.com\/web\/en-ipiales-lamentan-el-crimen-de-joven-futbolista-su-homicida-es-un-menor-de-edad\/","name":"En Ipiales lamentan el crimen de joven futbolista, su homicida es un menor de edad | P\u00e1gina10","isPartOf":{"@id":"https:\/\/pagina10.com\/web\/#website"},"primaryImageOfPage":{"@id":"https:\/\/pagina10.com\/web\/en-ipiales-lamentan-el-crimen-de-joven-futbolista-su-homicida-es-un-menor-de-edad\/#primaryimage"},"image":{"@id":"https:\/\/pagina10.com\/web\/en-ipiales-lamentan-el-crimen-de-joven-futbolista-su-homicida-es-un-menor-de-edad\/#primaryimage"},"thumbnailUrl":"https:\/\/pagina10.com\/web\/wp-content\/uploads\/2022\/07\/Picsart_22-07-29_10-04-09-034.jpg","datePublished":"2022-07-29T15:05:41+00:00","breadcrumb":{"@id":"https:\/\/pagina10.com\/web\/en-ipiales-lamentan-el-crimen-de-joven-futbolista-su-homicida-es-un-menor-de-edad\/#breadcrumb"},"inLanguage":"es","potentialAction":[{"@type":"ReadAction","target":["https:\/\/pagina10.com\/web\/en-ipiales-lamentan-el-crimen-de-joven-futbolista-su-homicida-es-un-menor-de-edad\/"]}]},{"@type":"ImageObject","inLanguage":"es","@id":"https:\/\/pagina10.com\/web\/en-ipiales-lamentan-el-crimen-de-joven-futbolista-su-homicida-es-un-menor-de-edad\/#primaryimage","url":"https:\/\/pagina10.com\/web\/wp-content\/uploads\/2022\/07\/Picsart_22-07-29_10-04-09-034.jpg","contentUrl":"https:\/\/pagina10.com\/web\/wp-content\/uploads\/2022\/07\/Picsart_22-07-29_10-04-09-034.jpg","width":720,"height":720},{"@type":"BreadcrumbList","@id":"https:\/\/pagina10.com\/web\/en-ipiales-lamentan-el-crimen-de-joven-futbolista-su-homicida-es-un-menor-de-edad\/#breadcrumb","itemListElement":[{"@type":"ListItem","position":1,"name":"Portada","item":"https:\/\/pagina10.com\/web\/"},{"@type":"ListItem","position":2,"name":"En Ipiales lamentan el crimen de joven futbolista, su homicida es un menor de edad"}]},{"@type":"WebSite","@id":"https:\/\/pagina10.com\/web\/#website","url":"https:\/\/pagina10.com\/web\/","name":"P\u00e1gina10","description":"Peri\u00f3dico Regional","publisher":{"@id":"https:\/\/pagina10.com\/web\/#organization"},"alternateName":"P\u00e1gina10 Peri\u00f3dico Regional","potentialAction":[{"@type":"SearchAction","target":{"@type":"EntryPoint","urlTemplate":"https:\/\/pagina10.com\/web\/?s={search_term_string}"},"query-input":{"@type":"PropertyValueSpecification","valueRequired":true,"valueName":"search_term_string"}}],"inLanguage":"es"},{"@type":"Organization","@id":"https:\/\/pagina10.com\/web\/#organization","name":"P\u00e1gina10","alternateName":"P\u00e1gina10 Peri\u00f3dico Regional","url":"https:\/\/pagina10.com\/web\/","logo":{"@type":"ImageObject","inLanguage":"es","@id":"https:\/\/pagina10.com\/web\/#\/schema\/logo\/image\/","url":"https:\/\/pagina10.com\/web\/wp-content\/uploads\/2024\/01\/40-pagina-10-periodico-regional-pasto.jpg","contentUrl":"https:\/\/pagina10.com\/web\/wp-content\/uploads\/2024\/01\/40-pagina-10-periodico-regional-pasto.jpg","width":1280,"height":720,"caption":"P\u00e1gina10"},"image":{"@id":"https:\/\/pagina10.com\/web\/#\/schema\/logo\/image\/"},"sameAs":["https:\/\/www.facebook.com\/pag10com","https:\/\/x.com\/Pag10com","https:\/\/www.instagram.com\/pagina10col\/","https:\/\/youtube.com\/channel\/pag10","https:\/\/www.tiktok.com\/@p10col"]},{"@type":"Person","@id":"https:\/\/pagina10.com\/web\/#\/schema\/person\/2efc4a090d25b667d3bc796798a3a81b","name":"P\u00e1gina 10","description":"P\u00e1gina 10 es un peri\u00f3dico regional que nace en Colombia, en el departamento de Nari\u00f1o, con un enfoque global, fundamentado en cuatro pilares esenciales: la libertad, el pluralismo, la inclusi\u00f3n y la independencia. P\u00e1gina 10 hace referencia a Nari\u00f1o como el d\u00e9cimo departamento creado en Colombia, despu\u00e9s de un proceso pol\u00edtico liderado por actores y actrices regionales con el fin de obtener la independencia y autonom\u00eda de nuestros territorios. Con la creaci\u00f3n de P\u00e1gina 10 se pretende abrir un escenario para el dialogo, la reflexi\u00f3n y el debate que se extienda a otras geograf\u00edas de Am\u00e9rica Latina y del planeta, en una apuesta por transformar colectivamente los desaf\u00edos de un mundo contempor\u00e1neo, m\u00e1s all\u00e1 de las fronteras impuestas.","url":"https:\/\/pagina10.com\/web\/author\/pdiezadmin\/"}]}},"_links":{"self":[{"href":"https:\/\/pagina10.com\/web\/wp-json\/wp\/v2\/posts\/60713","targetHints":{"allow":["GET"]}}],"collection":[{"href":"https:\/\/pagina10.com\/web\/wp-json\/wp\/v2\/posts"}],"about":[{"href":"https:\/\/pagina10.com\/web\/wp-json\/wp\/v2\/types\/post"}],"author":[{"embeddable":true,"href":"https:\/\/pagina10.com\/web\/wp-json\/wp\/v2\/users\/1"}],"replies":[{"embeddable":true,"href":"https:\/\/pagina10.com\/web\/wp-json\/wp\/v2\/comments?post=60713"}],"version-history":[{"count":1,"href":"https:\/\/pagina10.com\/web\/wp-json\/wp\/v2\/posts\/60713\/revisions"}],"predecessor-version":[{"id":60715,"href":"https:\/\/pagina10.com\/web\/wp-json\/wp\/v2\/posts\/60713\/revisions\/60715"}],"wp:featuredmedia":[{"embeddable":true,"href":"https:\/\/pagina10.com\/web\/wp-json\/wp\/v2\/media\/60714"}],"wp:attachment":[{"href":"https:\/\/pagina10.com\/web\/wp-json\/wp\/v2\/media?parent=60713"}],"wp:term":[{"taxonomy":"category","embeddable":true,"href":"https:\/\/pagina10.com\/web\/wp-json\/wp\/v2\/categories?post=60713"},{"taxonomy":"post_tag","embeddable":true,"href":"https:\/\/pagina10.com\/web\/wp-json\/wp\/v2\/tags?post=60713"}],"curies":[{"name":"wp","href":"https:\/\/api.w.org\/{rel}","templated":true}]}}