{"id":60761,"date":"2022-08-01T00:08:57","date_gmt":"2022-08-01T05:08:57","guid":{"rendered":"https:\/\/pagina10.com\/web\/?p=60761"},"modified":"2022-08-01T00:15:33","modified_gmt":"2022-08-01T05:15:33","slug":"masacre-ocurrida-en-altaquer-barbacoas-seria-por-ajuste-de-cuentas-segun-la-policia","status":"publish","type":"post","link":"https:\/\/pagina10.com\/web\/masacre-ocurrida-en-altaquer-barbacoas-seria-por-ajuste-de-cuentas-segun-la-policia\/","title":{"rendered":"Masacre ocurrida en Altaquer, Barbacoas, ser\u00eda por ajuste de cuentas seg\u00fan la Polic\u00eda"},"content":{"rendered":"<p style=\"text-align: justify;\">En un comunicado emitido por el Departamento de Polic\u00eda Nari\u00f1o se especific\u00f3 que la masacre de cuatro personas ocurrida al interior de un billar en el corregimiento de Altaquer, municipio de Barbacoas, obedecer\u00eda a un presunto ajuste de cuentas.<\/p>\n<p style=\"text-align: justify;\">Seg\u00fan el informe policial, el hecho se registr\u00f3 en la ma\u00f1ana del pasado domingo cuando un grupo de cuatro hombres que viajaban en un camioneta portando uniformes de uso privativo de las fuerzas militares y armamento de largo alcance, dispararon en varias ocasiones contra las personas que se encontraban en el establecimiento.<\/p>\n<p style=\"text-align: justify;\">Personal de la de la Seccional de Investigaci\u00f3n Criminal e Interpol determin\u00f3 que una de las v\u00edctimas presentaba anotaciones por concierto para delinquir y terrorismo. En este sentido, la primera hip\u00f3tesis de la Polic\u00eda apunta a que se tratar\u00eda de un ajuste de cuentas, cabe resaltar que en la zona delinquen las compa\u00f1\u00edas Jos\u00e9 Luis Cabrera R\u00faales y Elder Santos del Eln.<\/p>\n<p style=\"text-align: justify;\">Unidades de la Polic\u00eda llegaron hasta el lugar para recolectar elementos materiales probatorios y evidencias f\u00edsicas con el fin de determinar las causas que rodearon este suceso criminal. Finalmente, las autoridades hicieron un llamado a la ciudadan\u00eda a suministrar informaci\u00f3n oportuna y veraz que permita el esclarecimiento del hecho y captura de los responsables.<\/p>\n","protected":false},"excerpt":{"rendered":"<p>En un comunicado emitido por el Departamento de Polic\u00eda Nari\u00f1o se especific\u00f3 que la masacre de cuatro personas ocurrida al interior de un billar en el corregimiento de Altaquer, municipio de Barbacoas, obedecer\u00eda a un presunto ajuste de cuentas. Seg\u00fan el informe policial, el hecho se registr\u00f3 en la ma\u00f1ana del pasado domingo cuando un [&hellip;]<\/p>\n","protected":false},"author":1,"featured_media":60762,"comment_status":"open","ping_status":"open","sticky":false,"template":"","format":"standard","meta":{"footnotes":""},"categories":[61],"tags":[],"class_list":["post-60761","post","type-post","status-publish","format-standard","has-post-thumbnail","hentry","category-judicial"],"yoast_head":"<!-- This site is optimized with the Yoast SEO plugin v27.1.1 - https:\/\/yoast.com\/product\/yoast-seo-wordpress\/ -->\n<title>Masacre ocurrida en Altaquer, Barbacoas, ser\u00eda por ajuste de cuentas seg\u00fan la Polic\u00eda | P\u00e1gina10<\/title>\n<meta name=\"robots\" content=\"index, follow, max-snippet:-1, max-image-preview:large, max-video-preview:-1\" \/>\n<link rel=\"canonical\" href=\"https:\/\/pagina10.com\/web\/masacre-ocurrida-en-altaquer-barbacoas-seria-por-ajuste-de-cuentas-segun-la-policia\/\" \/>\n<meta property=\"og:locale\" content=\"es_ES\" \/>\n<meta property=\"og:type\" content=\"article\" \/>\n<meta property=\"og:title\" content=\"Masacre ocurrida en Altaquer, Barbacoas, ser\u00eda por ajuste de cuentas seg\u00fan la Polic\u00eda | P\u00e1gina10\" \/>\n<meta property=\"og:description\" content=\"En un comunicado emitido por el Departamento de Polic\u00eda Nari\u00f1o se especific\u00f3 que la masacre de cuatro personas ocurrida al interior de un billar en el corregimiento de Altaquer, municipio de Barbacoas, obedecer\u00eda a un presunto ajuste de cuentas. Seg\u00fan el informe policial, el hecho se registr\u00f3 en la ma\u00f1ana del pasado domingo cuando un [&hellip;]\" \/>\n<meta property=\"og:url\" content=\"https:\/\/pagina10.com\/web\/masacre-ocurrida-en-altaquer-barbacoas-seria-por-ajuste-de-cuentas-segun-la-policia\/\" \/>\n<meta property=\"og:site_name\" content=\"P\u00e1gina10\" \/>\n<meta property=\"article:publisher\" content=\"https:\/\/www.facebook.com\/pag10com\" \/>\n<meta property=\"article:published_time\" content=\"2022-08-01T05:08:57+00:00\" \/>\n<meta property=\"article:modified_time\" content=\"2022-08-01T05:15:33+00:00\" \/>\n<meta property=\"og:image\" content=\"https:\/\/pagina10.com\/web\/wp-content\/uploads\/2022\/08\/7MAQ46YQOFEOVLNKVIXZG6MR6I.jpg\" \/>\n\t<meta property=\"og:image:width\" content=\"1000\" \/>\n\t<meta property=\"og:image:height\" content=\"530\" \/>\n\t<meta property=\"og:image:type\" content=\"image\/jpeg\" \/>\n<meta name=\"author\" content=\"P\u00e1gina 10\" \/>\n<meta name=\"twitter:card\" content=\"summary_large_image\" \/>\n<meta name=\"twitter:creator\" content=\"@Pag10com\" \/>\n<meta name=\"twitter:site\" content=\"@Pag10com\" \/>\n<meta name=\"twitter:label1\" content=\"Escrito por\" \/>\n\t<meta name=\"twitter:data1\" content=\"P\u00e1gina 10\" \/>\n\t<meta name=\"twitter:label2\" content=\"Tiempo de lectura\" \/>\n\t<meta name=\"twitter:data2\" content=\"1 minuto\" \/>\n<script type=\"application\/ld+json\" class=\"yoast-schema-graph\">{\"@context\":\"https:\/\/schema.org\",\"@graph\":[{\"@type\":\"Article\",\"@id\":\"https:\/\/pagina10.com\/web\/masacre-ocurrida-en-altaquer-barbacoas-seria-por-ajuste-de-cuentas-segun-la-policia\/#article\",\"isPartOf\":{\"@id\":\"https:\/\/pagina10.com\/web\/masacre-ocurrida-en-altaquer-barbacoas-seria-por-ajuste-de-cuentas-segun-la-policia\/\"},\"author\":{\"name\":\"P\u00e1gina 10\",\"@id\":\"https:\/\/pagina10.com\/web\/#\/schema\/person\/2efc4a090d25b667d3bc796798a3a81b\"},\"headline\":\"Masacre ocurrida en Altaquer, Barbacoas, ser\u00eda por ajuste de cuentas seg\u00fan la Polic\u00eda\",\"datePublished\":\"2022-08-01T05:08:57+00:00\",\"dateModified\":\"2022-08-01T05:15:33+00:00\",\"mainEntityOfPage\":{\"@id\":\"https:\/\/pagina10.com\/web\/masacre-ocurrida-en-altaquer-barbacoas-seria-por-ajuste-de-cuentas-segun-la-policia\/\"},\"wordCount\":239,\"commentCount\":0,\"publisher\":{\"@id\":\"https:\/\/pagina10.com\/web\/#organization\"},\"image\":{\"@id\":\"https:\/\/pagina10.com\/web\/masacre-ocurrida-en-altaquer-barbacoas-seria-por-ajuste-de-cuentas-segun-la-policia\/#primaryimage\"},\"thumbnailUrl\":\"https:\/\/pagina10.com\/web\/wp-content\/uploads\/2022\/08\/7MAQ46YQOFEOVLNKVIXZG6MR6I.jpg\",\"articleSection\":[\"Judicial\"],\"inLanguage\":\"es\",\"potentialAction\":[{\"@type\":\"CommentAction\",\"name\":\"Comment\",\"target\":[\"https:\/\/pagina10.com\/web\/masacre-ocurrida-en-altaquer-barbacoas-seria-por-ajuste-de-cuentas-segun-la-policia\/#respond\"]}]},{\"@type\":\"WebPage\",\"@id\":\"https:\/\/pagina10.com\/web\/masacre-ocurrida-en-altaquer-barbacoas-seria-por-ajuste-de-cuentas-segun-la-policia\/\",\"url\":\"https:\/\/pagina10.com\/web\/masacre-ocurrida-en-altaquer-barbacoas-seria-por-ajuste-de-cuentas-segun-la-policia\/\",\"name\":\"Masacre ocurrida en Altaquer, Barbacoas, ser\u00eda por ajuste de cuentas seg\u00fan la Polic\u00eda | P\u00e1gina10\",\"isPartOf\":{\"@id\":\"https:\/\/pagina10.com\/web\/#website\"},\"primaryImageOfPage\":{\"@id\":\"https:\/\/pagina10.com\/web\/masacre-ocurrida-en-altaquer-barbacoas-seria-por-ajuste-de-cuentas-segun-la-policia\/#primaryimage\"},\"image\":{\"@id\":\"https:\/\/pagina10.com\/web\/masacre-ocurrida-en-altaquer-barbacoas-seria-por-ajuste-de-cuentas-segun-la-policia\/#primaryimage\"},\"thumbnailUrl\":\"https:\/\/pagina10.com\/web\/wp-content\/uploads\/2022\/08\/7MAQ46YQOFEOVLNKVIXZG6MR6I.jpg\",\"datePublished\":\"2022-08-01T05:08:57+00:00\",\"dateModified\":\"2022-08-01T05:15:33+00:00\",\"breadcrumb\":{\"@id\":\"https:\/\/pagina10.com\/web\/masacre-ocurrida-en-altaquer-barbacoas-seria-por-ajuste-de-cuentas-segun-la-policia\/#breadcrumb\"},\"inLanguage\":\"es\",\"potentialAction\":[{\"@type\":\"ReadAction\",\"target\":[\"https:\/\/pagina10.com\/web\/masacre-ocurrida-en-altaquer-barbacoas-seria-por-ajuste-de-cuentas-segun-la-policia\/\"]}]},{\"@type\":\"ImageObject\",\"inLanguage\":\"es\",\"@id\":\"https:\/\/pagina10.com\/web\/masacre-ocurrida-en-altaquer-barbacoas-seria-por-ajuste-de-cuentas-segun-la-policia\/#primaryimage\",\"url\":\"https:\/\/pagina10.com\/web\/wp-content\/uploads\/2022\/08\/7MAQ46YQOFEOVLNKVIXZG6MR6I.jpg\",\"contentUrl\":\"https:\/\/pagina10.com\/web\/wp-content\/uploads\/2022\/08\/7MAQ46YQOFEOVLNKVIXZG6MR6I.jpg\",\"width\":1000,\"height\":530},{\"@type\":\"BreadcrumbList\",\"@id\":\"https:\/\/pagina10.com\/web\/masacre-ocurrida-en-altaquer-barbacoas-seria-por-ajuste-de-cuentas-segun-la-policia\/#breadcrumb\",\"itemListElement\":[{\"@type\":\"ListItem\",\"position\":1,\"name\":\"Portada\",\"item\":\"https:\/\/pagina10.com\/web\/\"},{\"@type\":\"ListItem\",\"position\":2,\"name\":\"Masacre ocurrida en Altaquer, Barbacoas, ser\u00eda por ajuste de cuentas seg\u00fan la Polic\u00eda\"}]},{\"@type\":\"WebSite\",\"@id\":\"https:\/\/pagina10.com\/web\/#website\",\"url\":\"https:\/\/pagina10.com\/web\/\",\"name\":\"P\u00e1gina10\",\"description\":\"Peri\u00f3dico Regional\",\"publisher\":{\"@id\":\"https:\/\/pagina10.com\/web\/#organization\"},\"alternateName\":\"P\u00e1gina10 Peri\u00f3dico Regional\",\"potentialAction\":[{\"@type\":\"SearchAction\",\"target\":{\"@type\":\"EntryPoint\",\"urlTemplate\":\"https:\/\/pagina10.com\/web\/?s={search_term_string}\"},\"query-input\":{\"@type\":\"PropertyValueSpecification\",\"valueRequired\":true,\"valueName\":\"search_term_string\"}}],\"inLanguage\":\"es\"},{\"@type\":\"Organization\",\"@id\":\"https:\/\/pagina10.com\/web\/#organization\",\"name\":\"P\u00e1gina10\",\"alternateName\":\"P\u00e1gina10 Peri\u00f3dico Regional\",\"url\":\"https:\/\/pagina10.com\/web\/\",\"logo\":{\"@type\":\"ImageObject\",\"inLanguage\":\"es\",\"@id\":\"https:\/\/pagina10.com\/web\/#\/schema\/logo\/image\/\",\"url\":\"https:\/\/pagina10.com\/web\/wp-content\/uploads\/2024\/01\/40-pagina-10-periodico-regional-pasto.jpg\",\"contentUrl\":\"https:\/\/pagina10.com\/web\/wp-content\/uploads\/2024\/01\/40-pagina-10-periodico-regional-pasto.jpg\",\"width\":1280,\"height\":720,\"caption\":\"P\u00e1gina10\"},\"image\":{\"@id\":\"https:\/\/pagina10.com\/web\/#\/schema\/logo\/image\/\"},\"sameAs\":[\"https:\/\/www.facebook.com\/pag10com\",\"https:\/\/x.com\/Pag10com\",\"https:\/\/www.instagram.com\/pagina10col\/\",\"https:\/\/youtube.com\/channel\/pag10\",\"https:\/\/www.tiktok.com\/@p10col\"]},{\"@type\":\"Person\",\"@id\":\"https:\/\/pagina10.com\/web\/#\/schema\/person\/2efc4a090d25b667d3bc796798a3a81b\",\"name\":\"P\u00e1gina 10\",\"description\":\"P\u00e1gina 10 es un peri\u00f3dico regional que nace en Colombia, en el departamento de Nari\u00f1o, con un enfoque global, fundamentado en cuatro pilares esenciales: la libertad, el pluralismo, la inclusi\u00f3n y la independencia. P\u00e1gina 10 hace referencia a Nari\u00f1o como el d\u00e9cimo departamento creado en Colombia, despu\u00e9s de un proceso pol\u00edtico liderado por actores y actrices regionales con el fin de obtener la independencia y autonom\u00eda de nuestros territorios. Con la creaci\u00f3n de P\u00e1gina 10 se pretende abrir un escenario para el dialogo, la reflexi\u00f3n y el debate que se extienda a otras geograf\u00edas de Am\u00e9rica Latina y del planeta, en una apuesta por transformar colectivamente los desaf\u00edos de un mundo contempor\u00e1neo, m\u00e1s all\u00e1 de las fronteras impuestas.\",\"url\":\"https:\/\/pagina10.com\/web\/author\/pdiezadmin\/\"}]}<\/script>\n<!-- \/ Yoast SEO plugin. -->","yoast_head_json":{"title":"Masacre ocurrida en Altaquer, Barbacoas, ser\u00eda por ajuste de cuentas seg\u00fan la Polic\u00eda | P\u00e1gina10","robots":{"index":"index","follow":"follow","max-snippet":"max-snippet:-1","max-image-preview":"max-image-preview:large","max-video-preview":"max-video-preview:-1"},"canonical":"https:\/\/pagina10.com\/web\/masacre-ocurrida-en-altaquer-barbacoas-seria-por-ajuste-de-cuentas-segun-la-policia\/","og_locale":"es_ES","og_type":"article","og_title":"Masacre ocurrida en Altaquer, Barbacoas, ser\u00eda por ajuste de cuentas seg\u00fan la Polic\u00eda | P\u00e1gina10","og_description":"En un comunicado emitido por el Departamento de Polic\u00eda Nari\u00f1o se especific\u00f3 que la masacre de cuatro personas ocurrida al interior de un billar en el corregimiento de Altaquer, municipio de Barbacoas, obedecer\u00eda a un presunto ajuste de cuentas. Seg\u00fan el informe policial, el hecho se registr\u00f3 en la ma\u00f1ana del pasado domingo cuando un [&hellip;]","og_url":"https:\/\/pagina10.com\/web\/masacre-ocurrida-en-altaquer-barbacoas-seria-por-ajuste-de-cuentas-segun-la-policia\/","og_site_name":"P\u00e1gina10","article_publisher":"https:\/\/www.facebook.com\/pag10com","article_published_time":"2022-08-01T05:08:57+00:00","article_modified_time":"2022-08-01T05:15:33+00:00","og_image":[{"width":1000,"height":530,"url":"https:\/\/pagina10.com\/web\/wp-content\/uploads\/2022\/08\/7MAQ46YQOFEOVLNKVIXZG6MR6I.jpg","type":"image\/jpeg"}],"author":"P\u00e1gina 10","twitter_card":"summary_large_image","twitter_creator":"@Pag10com","twitter_site":"@Pag10com","twitter_misc":{"Escrito por":"P\u00e1gina 10","Tiempo de lectura":"1 minuto"},"schema":{"@context":"https:\/\/schema.org","@graph":[{"@type":"Article","@id":"https:\/\/pagina10.com\/web\/masacre-ocurrida-en-altaquer-barbacoas-seria-por-ajuste-de-cuentas-segun-la-policia\/#article","isPartOf":{"@id":"https:\/\/pagina10.com\/web\/masacre-ocurrida-en-altaquer-barbacoas-seria-por-ajuste-de-cuentas-segun-la-policia\/"},"author":{"name":"P\u00e1gina 10","@id":"https:\/\/pagina10.com\/web\/#\/schema\/person\/2efc4a090d25b667d3bc796798a3a81b"},"headline":"Masacre ocurrida en Altaquer, Barbacoas, ser\u00eda por ajuste de cuentas seg\u00fan la Polic\u00eda","datePublished":"2022-08-01T05:08:57+00:00","dateModified":"2022-08-01T05:15:33+00:00","mainEntityOfPage":{"@id":"https:\/\/pagina10.com\/web\/masacre-ocurrida-en-altaquer-barbacoas-seria-por-ajuste-de-cuentas-segun-la-policia\/"},"wordCount":239,"commentCount":0,"publisher":{"@id":"https:\/\/pagina10.com\/web\/#organization"},"image":{"@id":"https:\/\/pagina10.com\/web\/masacre-ocurrida-en-altaquer-barbacoas-seria-por-ajuste-de-cuentas-segun-la-policia\/#primaryimage"},"thumbnailUrl":"https:\/\/pagina10.com\/web\/wp-content\/uploads\/2022\/08\/7MAQ46YQOFEOVLNKVIXZG6MR6I.jpg","articleSection":["Judicial"],"inLanguage":"es","potentialAction":[{"@type":"CommentAction","name":"Comment","target":["https:\/\/pagina10.com\/web\/masacre-ocurrida-en-altaquer-barbacoas-seria-por-ajuste-de-cuentas-segun-la-policia\/#respond"]}]},{"@type":"WebPage","@id":"https:\/\/pagina10.com\/web\/masacre-ocurrida-en-altaquer-barbacoas-seria-por-ajuste-de-cuentas-segun-la-policia\/","url":"https:\/\/pagina10.com\/web\/masacre-ocurrida-en-altaquer-barbacoas-seria-por-ajuste-de-cuentas-segun-la-policia\/","name":"Masacre ocurrida en Altaquer, Barbacoas, ser\u00eda por ajuste de cuentas seg\u00fan la Polic\u00eda | P\u00e1gina10","isPartOf":{"@id":"https:\/\/pagina10.com\/web\/#website"},"primaryImageOfPage":{"@id":"https:\/\/pagina10.com\/web\/masacre-ocurrida-en-altaquer-barbacoas-seria-por-ajuste-de-cuentas-segun-la-policia\/#primaryimage"},"image":{"@id":"https:\/\/pagina10.com\/web\/masacre-ocurrida-en-altaquer-barbacoas-seria-por-ajuste-de-cuentas-segun-la-policia\/#primaryimage"},"thumbnailUrl":"https:\/\/pagina10.com\/web\/wp-content\/uploads\/2022\/08\/7MAQ46YQOFEOVLNKVIXZG6MR6I.jpg","datePublished":"2022-08-01T05:08:57+00:00","dateModified":"2022-08-01T05:15:33+00:00","breadcrumb":{"@id":"https:\/\/pagina10.com\/web\/masacre-ocurrida-en-altaquer-barbacoas-seria-por-ajuste-de-cuentas-segun-la-policia\/#breadcrumb"},"inLanguage":"es","potentialAction":[{"@type":"ReadAction","target":["https:\/\/pagina10.com\/web\/masacre-ocurrida-en-altaquer-barbacoas-seria-por-ajuste-de-cuentas-segun-la-policia\/"]}]},{"@type":"ImageObject","inLanguage":"es","@id":"https:\/\/pagina10.com\/web\/masacre-ocurrida-en-altaquer-barbacoas-seria-por-ajuste-de-cuentas-segun-la-policia\/#primaryimage","url":"https:\/\/pagina10.com\/web\/wp-content\/uploads\/2022\/08\/7MAQ46YQOFEOVLNKVIXZG6MR6I.jpg","contentUrl":"https:\/\/pagina10.com\/web\/wp-content\/uploads\/2022\/08\/7MAQ46YQOFEOVLNKVIXZG6MR6I.jpg","width":1000,"height":530},{"@type":"BreadcrumbList","@id":"https:\/\/pagina10.com\/web\/masacre-ocurrida-en-altaquer-barbacoas-seria-por-ajuste-de-cuentas-segun-la-policia\/#breadcrumb","itemListElement":[{"@type":"ListItem","position":1,"name":"Portada","item":"https:\/\/pagina10.com\/web\/"},{"@type":"ListItem","position":2,"name":"Masacre ocurrida en Altaquer, Barbacoas, ser\u00eda por ajuste de cuentas seg\u00fan la Polic\u00eda"}]},{"@type":"WebSite","@id":"https:\/\/pagina10.com\/web\/#website","url":"https:\/\/pagina10.com\/web\/","name":"P\u00e1gina10","description":"Peri\u00f3dico Regional","publisher":{"@id":"https:\/\/pagina10.com\/web\/#organization"},"alternateName":"P\u00e1gina10 Peri\u00f3dico Regional","potentialAction":[{"@type":"SearchAction","target":{"@type":"EntryPoint","urlTemplate":"https:\/\/pagina10.com\/web\/?s={search_term_string}"},"query-input":{"@type":"PropertyValueSpecification","valueRequired":true,"valueName":"search_term_string"}}],"inLanguage":"es"},{"@type":"Organization","@id":"https:\/\/pagina10.com\/web\/#organization","name":"P\u00e1gina10","alternateName":"P\u00e1gina10 Peri\u00f3dico Regional","url":"https:\/\/pagina10.com\/web\/","logo":{"@type":"ImageObject","inLanguage":"es","@id":"https:\/\/pagina10.com\/web\/#\/schema\/logo\/image\/","url":"https:\/\/pagina10.com\/web\/wp-content\/uploads\/2024\/01\/40-pagina-10-periodico-regional-pasto.jpg","contentUrl":"https:\/\/pagina10.com\/web\/wp-content\/uploads\/2024\/01\/40-pagina-10-periodico-regional-pasto.jpg","width":1280,"height":720,"caption":"P\u00e1gina10"},"image":{"@id":"https:\/\/pagina10.com\/web\/#\/schema\/logo\/image\/"},"sameAs":["https:\/\/www.facebook.com\/pag10com","https:\/\/x.com\/Pag10com","https:\/\/www.instagram.com\/pagina10col\/","https:\/\/youtube.com\/channel\/pag10","https:\/\/www.tiktok.com\/@p10col"]},{"@type":"Person","@id":"https:\/\/pagina10.com\/web\/#\/schema\/person\/2efc4a090d25b667d3bc796798a3a81b","name":"P\u00e1gina 10","description":"P\u00e1gina 10 es un peri\u00f3dico regional que nace en Colombia, en el departamento de Nari\u00f1o, con un enfoque global, fundamentado en cuatro pilares esenciales: la libertad, el pluralismo, la inclusi\u00f3n y la independencia. P\u00e1gina 10 hace referencia a Nari\u00f1o como el d\u00e9cimo departamento creado en Colombia, despu\u00e9s de un proceso pol\u00edtico liderado por actores y actrices regionales con el fin de obtener la independencia y autonom\u00eda de nuestros territorios. Con la creaci\u00f3n de P\u00e1gina 10 se pretende abrir un escenario para el dialogo, la reflexi\u00f3n y el debate que se extienda a otras geograf\u00edas de Am\u00e9rica Latina y del planeta, en una apuesta por transformar colectivamente los desaf\u00edos de un mundo contempor\u00e1neo, m\u00e1s all\u00e1 de las fronteras impuestas.","url":"https:\/\/pagina10.com\/web\/author\/pdiezadmin\/"}]}},"_links":{"self":[{"href":"https:\/\/pagina10.com\/web\/wp-json\/wp\/v2\/posts\/60761","targetHints":{"allow":["GET"]}}],"collection":[{"href":"https:\/\/pagina10.com\/web\/wp-json\/wp\/v2\/posts"}],"about":[{"href":"https:\/\/pagina10.com\/web\/wp-json\/wp\/v2\/types\/post"}],"author":[{"embeddable":true,"href":"https:\/\/pagina10.com\/web\/wp-json\/wp\/v2\/users\/1"}],"replies":[{"embeddable":true,"href":"https:\/\/pagina10.com\/web\/wp-json\/wp\/v2\/comments?post=60761"}],"version-history":[{"count":2,"href":"https:\/\/pagina10.com\/web\/wp-json\/wp\/v2\/posts\/60761\/revisions"}],"predecessor-version":[{"id":60767,"href":"https:\/\/pagina10.com\/web\/wp-json\/wp\/v2\/posts\/60761\/revisions\/60767"}],"wp:featuredmedia":[{"embeddable":true,"href":"https:\/\/pagina10.com\/web\/wp-json\/wp\/v2\/media\/60762"}],"wp:attachment":[{"href":"https:\/\/pagina10.com\/web\/wp-json\/wp\/v2\/media?parent=60761"}],"wp:term":[{"taxonomy":"category","embeddable":true,"href":"https:\/\/pagina10.com\/web\/wp-json\/wp\/v2\/categories?post=60761"},{"taxonomy":"post_tag","embeddable":true,"href":"https:\/\/pagina10.com\/web\/wp-json\/wp\/v2\/tags?post=60761"}],"curies":[{"name":"wp","href":"https:\/\/api.w.org\/{rel}","templated":true}]}}