{"id":60764,"date":"2022-08-01T00:15:00","date_gmt":"2022-08-01T05:15:00","guid":{"rendered":"https:\/\/pagina10.com\/web\/?p=60764"},"modified":"2022-08-01T00:15:00","modified_gmt":"2022-08-01T05:15:00","slug":"joven-fallecio-tras-accidentarse-en-su-moto-en-la-salida-al-sur-de-pasto","status":"publish","type":"post","link":"https:\/\/pagina10.com\/web\/joven-fallecio-tras-accidentarse-en-su-moto-en-la-salida-al-sur-de-pasto\/","title":{"rendered":"Joven falleci\u00f3 tras accidentarse en su moto en la salida al sur de Pasto"},"content":{"rendered":"<p style=\"text-align: justify;\">La madrugada del domingo 31 de julio la v\u00edctima identificada como Edwin Alexander Pianda Botina de 22 a\u00f1os, se desplazaba en su motocicleta de placa QDE-40F con direcci\u00f3n a la ciudad de Pasto. Sin embargo, cuando se encontraba a la altura del cementerio Jardines Cristo Rey, habr\u00eda perdido el control del veh\u00edculo cayendo a un barranco de alrededor 20 metros de profundidad.<\/p>\n<p style=\"text-align: justify;\">El fuerte impacto que recibi\u00f3 en la cabeza le ceg\u00f3 la vida de inmediato. Unidades del Cuerpo de Bomberos Voluntarios fueron los encargados de rescatar el cuerpo sin vida de Pianda Botina. La escena fue entregada a agentes de tr\u00e1nsito que se encargaron de realizar la respectiva inspecci\u00f3n t\u00e9cnica del cad\u00e1ver.<\/p>\n<p style=\"text-align: justify;\">Las autoridades competentes iniciaron la respectiva investigaci\u00f3n para determinar las causas que provocaron el deceso del motociclista. Por otro lado, se conoci\u00f3 que Edwin Alexander resid\u00eda en el corregimiento de Genoy donde se desempe\u00f1aba en labores de construcci\u00f3n.<\/p>\n","protected":false},"excerpt":{"rendered":"<p>La madrugada del domingo 31 de julio la v\u00edctima identificada como Edwin Alexander Pianda Botina de 22 a\u00f1os, se desplazaba en su motocicleta de placa QDE-40F con direcci\u00f3n a la ciudad de Pasto. Sin embargo, cuando se encontraba a la altura del cementerio Jardines Cristo Rey, habr\u00eda perdido el control del veh\u00edculo cayendo a un [&hellip;]<\/p>\n","protected":false},"author":1,"featured_media":60765,"comment_status":"open","ping_status":"open","sticky":false,"template":"","format":"standard","meta":{"footnotes":""},"categories":[61],"tags":[],"class_list":["post-60764","post","type-post","status-publish","format-standard","has-post-thumbnail","hentry","category-judicial"],"yoast_head":"<!-- This site is optimized with the Yoast SEO plugin v27.1.1 - https:\/\/yoast.com\/product\/yoast-seo-wordpress\/ -->\n<title>Joven falleci\u00f3 tras accidentarse en su moto en la salida al sur de Pasto | P\u00e1gina10<\/title>\n<meta name=\"robots\" content=\"index, follow, max-snippet:-1, max-image-preview:large, max-video-preview:-1\" \/>\n<link rel=\"canonical\" href=\"https:\/\/pagina10.com\/web\/joven-fallecio-tras-accidentarse-en-su-moto-en-la-salida-al-sur-de-pasto\/\" \/>\n<meta property=\"og:locale\" content=\"es_ES\" \/>\n<meta property=\"og:type\" content=\"article\" \/>\n<meta property=\"og:title\" content=\"Joven falleci\u00f3 tras accidentarse en su moto en la salida al sur de Pasto | P\u00e1gina10\" \/>\n<meta property=\"og:description\" content=\"La madrugada del domingo 31 de julio la v\u00edctima identificada como Edwin Alexander Pianda Botina de 22 a\u00f1os, se desplazaba en su motocicleta de placa QDE-40F con direcci\u00f3n a la ciudad de Pasto. Sin embargo, cuando se encontraba a la altura del cementerio Jardines Cristo Rey, habr\u00eda perdido el control del veh\u00edculo cayendo a un [&hellip;]\" \/>\n<meta property=\"og:url\" content=\"https:\/\/pagina10.com\/web\/joven-fallecio-tras-accidentarse-en-su-moto-en-la-salida-al-sur-de-pasto\/\" \/>\n<meta property=\"og:site_name\" content=\"P\u00e1gina10\" \/>\n<meta property=\"article:publisher\" content=\"https:\/\/www.facebook.com\/pag10com\" \/>\n<meta property=\"article:published_time\" content=\"2022-08-01T05:15:00+00:00\" \/>\n<meta property=\"og:image\" content=\"https:\/\/pagina10.com\/web\/wp-content\/uploads\/2022\/08\/WhatsApp-Image-2022-07-31-at-9.40.43-AM.jpeg\" \/>\n\t<meta property=\"og:image:width\" content=\"960\" \/>\n\t<meta property=\"og:image:height\" content=\"1280\" \/>\n\t<meta property=\"og:image:type\" content=\"image\/jpeg\" \/>\n<meta name=\"author\" content=\"P\u00e1gina 10\" \/>\n<meta name=\"twitter:card\" content=\"summary_large_image\" \/>\n<meta name=\"twitter:creator\" content=\"@Pag10com\" \/>\n<meta name=\"twitter:site\" content=\"@Pag10com\" \/>\n<meta name=\"twitter:label1\" content=\"Escrito por\" \/>\n\t<meta name=\"twitter:data1\" content=\"P\u00e1gina 10\" \/>\n\t<meta name=\"twitter:label2\" content=\"Tiempo de lectura\" \/>\n\t<meta name=\"twitter:data2\" content=\"1 minuto\" \/>\n<script type=\"application\/ld+json\" class=\"yoast-schema-graph\">{\"@context\":\"https:\/\/schema.org\",\"@graph\":[{\"@type\":\"Article\",\"@id\":\"https:\/\/pagina10.com\/web\/joven-fallecio-tras-accidentarse-en-su-moto-en-la-salida-al-sur-de-pasto\/#article\",\"isPartOf\":{\"@id\":\"https:\/\/pagina10.com\/web\/joven-fallecio-tras-accidentarse-en-su-moto-en-la-salida-al-sur-de-pasto\/\"},\"author\":{\"name\":\"P\u00e1gina 10\",\"@id\":\"https:\/\/pagina10.com\/web\/#\/schema\/person\/2efc4a090d25b667d3bc796798a3a81b\"},\"headline\":\"Joven falleci\u00f3 tras accidentarse en su moto en la salida al sur de Pasto\",\"datePublished\":\"2022-08-01T05:15:00+00:00\",\"mainEntityOfPage\":{\"@id\":\"https:\/\/pagina10.com\/web\/joven-fallecio-tras-accidentarse-en-su-moto-en-la-salida-al-sur-de-pasto\/\"},\"wordCount\":176,\"commentCount\":0,\"publisher\":{\"@id\":\"https:\/\/pagina10.com\/web\/#organization\"},\"image\":{\"@id\":\"https:\/\/pagina10.com\/web\/joven-fallecio-tras-accidentarse-en-su-moto-en-la-salida-al-sur-de-pasto\/#primaryimage\"},\"thumbnailUrl\":\"https:\/\/pagina10.com\/web\/wp-content\/uploads\/2022\/08\/WhatsApp-Image-2022-07-31-at-9.40.43-AM.jpeg\",\"articleSection\":[\"Judicial\"],\"inLanguage\":\"es\",\"potentialAction\":[{\"@type\":\"CommentAction\",\"name\":\"Comment\",\"target\":[\"https:\/\/pagina10.com\/web\/joven-fallecio-tras-accidentarse-en-su-moto-en-la-salida-al-sur-de-pasto\/#respond\"]}]},{\"@type\":\"WebPage\",\"@id\":\"https:\/\/pagina10.com\/web\/joven-fallecio-tras-accidentarse-en-su-moto-en-la-salida-al-sur-de-pasto\/\",\"url\":\"https:\/\/pagina10.com\/web\/joven-fallecio-tras-accidentarse-en-su-moto-en-la-salida-al-sur-de-pasto\/\",\"name\":\"Joven falleci\u00f3 tras accidentarse en su moto en la salida al sur de Pasto | P\u00e1gina10\",\"isPartOf\":{\"@id\":\"https:\/\/pagina10.com\/web\/#website\"},\"primaryImageOfPage\":{\"@id\":\"https:\/\/pagina10.com\/web\/joven-fallecio-tras-accidentarse-en-su-moto-en-la-salida-al-sur-de-pasto\/#primaryimage\"},\"image\":{\"@id\":\"https:\/\/pagina10.com\/web\/joven-fallecio-tras-accidentarse-en-su-moto-en-la-salida-al-sur-de-pasto\/#primaryimage\"},\"thumbnailUrl\":\"https:\/\/pagina10.com\/web\/wp-content\/uploads\/2022\/08\/WhatsApp-Image-2022-07-31-at-9.40.43-AM.jpeg\",\"datePublished\":\"2022-08-01T05:15:00+00:00\",\"breadcrumb\":{\"@id\":\"https:\/\/pagina10.com\/web\/joven-fallecio-tras-accidentarse-en-su-moto-en-la-salida-al-sur-de-pasto\/#breadcrumb\"},\"inLanguage\":\"es\",\"potentialAction\":[{\"@type\":\"ReadAction\",\"target\":[\"https:\/\/pagina10.com\/web\/joven-fallecio-tras-accidentarse-en-su-moto-en-la-salida-al-sur-de-pasto\/\"]}]},{\"@type\":\"ImageObject\",\"inLanguage\":\"es\",\"@id\":\"https:\/\/pagina10.com\/web\/joven-fallecio-tras-accidentarse-en-su-moto-en-la-salida-al-sur-de-pasto\/#primaryimage\",\"url\":\"https:\/\/pagina10.com\/web\/wp-content\/uploads\/2022\/08\/WhatsApp-Image-2022-07-31-at-9.40.43-AM.jpeg\",\"contentUrl\":\"https:\/\/pagina10.com\/web\/wp-content\/uploads\/2022\/08\/WhatsApp-Image-2022-07-31-at-9.40.43-AM.jpeg\",\"width\":960,\"height\":1280},{\"@type\":\"BreadcrumbList\",\"@id\":\"https:\/\/pagina10.com\/web\/joven-fallecio-tras-accidentarse-en-su-moto-en-la-salida-al-sur-de-pasto\/#breadcrumb\",\"itemListElement\":[{\"@type\":\"ListItem\",\"position\":1,\"name\":\"Portada\",\"item\":\"https:\/\/pagina10.com\/web\/\"},{\"@type\":\"ListItem\",\"position\":2,\"name\":\"Joven falleci\u00f3 tras accidentarse en su moto en la salida al sur de Pasto\"}]},{\"@type\":\"WebSite\",\"@id\":\"https:\/\/pagina10.com\/web\/#website\",\"url\":\"https:\/\/pagina10.com\/web\/\",\"name\":\"P\u00e1gina10\",\"description\":\"Peri\u00f3dico Regional\",\"publisher\":{\"@id\":\"https:\/\/pagina10.com\/web\/#organization\"},\"alternateName\":\"P\u00e1gina10 Peri\u00f3dico Regional\",\"potentialAction\":[{\"@type\":\"SearchAction\",\"target\":{\"@type\":\"EntryPoint\",\"urlTemplate\":\"https:\/\/pagina10.com\/web\/?s={search_term_string}\"},\"query-input\":{\"@type\":\"PropertyValueSpecification\",\"valueRequired\":true,\"valueName\":\"search_term_string\"}}],\"inLanguage\":\"es\"},{\"@type\":\"Organization\",\"@id\":\"https:\/\/pagina10.com\/web\/#organization\",\"name\":\"P\u00e1gina10\",\"alternateName\":\"P\u00e1gina10 Peri\u00f3dico Regional\",\"url\":\"https:\/\/pagina10.com\/web\/\",\"logo\":{\"@type\":\"ImageObject\",\"inLanguage\":\"es\",\"@id\":\"https:\/\/pagina10.com\/web\/#\/schema\/logo\/image\/\",\"url\":\"https:\/\/pagina10.com\/web\/wp-content\/uploads\/2024\/01\/40-pagina-10-periodico-regional-pasto.jpg\",\"contentUrl\":\"https:\/\/pagina10.com\/web\/wp-content\/uploads\/2024\/01\/40-pagina-10-periodico-regional-pasto.jpg\",\"width\":1280,\"height\":720,\"caption\":\"P\u00e1gina10\"},\"image\":{\"@id\":\"https:\/\/pagina10.com\/web\/#\/schema\/logo\/image\/\"},\"sameAs\":[\"https:\/\/www.facebook.com\/pag10com\",\"https:\/\/x.com\/Pag10com\",\"https:\/\/www.instagram.com\/pagina10col\/\",\"https:\/\/youtube.com\/channel\/pag10\",\"https:\/\/www.tiktok.com\/@p10col\"]},{\"@type\":\"Person\",\"@id\":\"https:\/\/pagina10.com\/web\/#\/schema\/person\/2efc4a090d25b667d3bc796798a3a81b\",\"name\":\"P\u00e1gina 10\",\"description\":\"P\u00e1gina 10 es un peri\u00f3dico regional que nace en Colombia, en el departamento de Nari\u00f1o, con un enfoque global, fundamentado en cuatro pilares esenciales: la libertad, el pluralismo, la inclusi\u00f3n y la independencia. P\u00e1gina 10 hace referencia a Nari\u00f1o como el d\u00e9cimo departamento creado en Colombia, despu\u00e9s de un proceso pol\u00edtico liderado por actores y actrices regionales con el fin de obtener la independencia y autonom\u00eda de nuestros territorios. Con la creaci\u00f3n de P\u00e1gina 10 se pretende abrir un escenario para el dialogo, la reflexi\u00f3n y el debate que se extienda a otras geograf\u00edas de Am\u00e9rica Latina y del planeta, en una apuesta por transformar colectivamente los desaf\u00edos de un mundo contempor\u00e1neo, m\u00e1s all\u00e1 de las fronteras impuestas.\",\"url\":\"https:\/\/pagina10.com\/web\/author\/pdiezadmin\/\"}]}<\/script>\n<!-- \/ Yoast SEO plugin. -->","yoast_head_json":{"title":"Joven falleci\u00f3 tras accidentarse en su moto en la salida al sur de Pasto | P\u00e1gina10","robots":{"index":"index","follow":"follow","max-snippet":"max-snippet:-1","max-image-preview":"max-image-preview:large","max-video-preview":"max-video-preview:-1"},"canonical":"https:\/\/pagina10.com\/web\/joven-fallecio-tras-accidentarse-en-su-moto-en-la-salida-al-sur-de-pasto\/","og_locale":"es_ES","og_type":"article","og_title":"Joven falleci\u00f3 tras accidentarse en su moto en la salida al sur de Pasto | P\u00e1gina10","og_description":"La madrugada del domingo 31 de julio la v\u00edctima identificada como Edwin Alexander Pianda Botina de 22 a\u00f1os, se desplazaba en su motocicleta de placa QDE-40F con direcci\u00f3n a la ciudad de Pasto. Sin embargo, cuando se encontraba a la altura del cementerio Jardines Cristo Rey, habr\u00eda perdido el control del veh\u00edculo cayendo a un [&hellip;]","og_url":"https:\/\/pagina10.com\/web\/joven-fallecio-tras-accidentarse-en-su-moto-en-la-salida-al-sur-de-pasto\/","og_site_name":"P\u00e1gina10","article_publisher":"https:\/\/www.facebook.com\/pag10com","article_published_time":"2022-08-01T05:15:00+00:00","og_image":[{"width":960,"height":1280,"url":"https:\/\/pagina10.com\/web\/wp-content\/uploads\/2022\/08\/WhatsApp-Image-2022-07-31-at-9.40.43-AM.jpeg","type":"image\/jpeg"}],"author":"P\u00e1gina 10","twitter_card":"summary_large_image","twitter_creator":"@Pag10com","twitter_site":"@Pag10com","twitter_misc":{"Escrito por":"P\u00e1gina 10","Tiempo de lectura":"1 minuto"},"schema":{"@context":"https:\/\/schema.org","@graph":[{"@type":"Article","@id":"https:\/\/pagina10.com\/web\/joven-fallecio-tras-accidentarse-en-su-moto-en-la-salida-al-sur-de-pasto\/#article","isPartOf":{"@id":"https:\/\/pagina10.com\/web\/joven-fallecio-tras-accidentarse-en-su-moto-en-la-salida-al-sur-de-pasto\/"},"author":{"name":"P\u00e1gina 10","@id":"https:\/\/pagina10.com\/web\/#\/schema\/person\/2efc4a090d25b667d3bc796798a3a81b"},"headline":"Joven falleci\u00f3 tras accidentarse en su moto en la salida al sur de Pasto","datePublished":"2022-08-01T05:15:00+00:00","mainEntityOfPage":{"@id":"https:\/\/pagina10.com\/web\/joven-fallecio-tras-accidentarse-en-su-moto-en-la-salida-al-sur-de-pasto\/"},"wordCount":176,"commentCount":0,"publisher":{"@id":"https:\/\/pagina10.com\/web\/#organization"},"image":{"@id":"https:\/\/pagina10.com\/web\/joven-fallecio-tras-accidentarse-en-su-moto-en-la-salida-al-sur-de-pasto\/#primaryimage"},"thumbnailUrl":"https:\/\/pagina10.com\/web\/wp-content\/uploads\/2022\/08\/WhatsApp-Image-2022-07-31-at-9.40.43-AM.jpeg","articleSection":["Judicial"],"inLanguage":"es","potentialAction":[{"@type":"CommentAction","name":"Comment","target":["https:\/\/pagina10.com\/web\/joven-fallecio-tras-accidentarse-en-su-moto-en-la-salida-al-sur-de-pasto\/#respond"]}]},{"@type":"WebPage","@id":"https:\/\/pagina10.com\/web\/joven-fallecio-tras-accidentarse-en-su-moto-en-la-salida-al-sur-de-pasto\/","url":"https:\/\/pagina10.com\/web\/joven-fallecio-tras-accidentarse-en-su-moto-en-la-salida-al-sur-de-pasto\/","name":"Joven falleci\u00f3 tras accidentarse en su moto en la salida al sur de Pasto | P\u00e1gina10","isPartOf":{"@id":"https:\/\/pagina10.com\/web\/#website"},"primaryImageOfPage":{"@id":"https:\/\/pagina10.com\/web\/joven-fallecio-tras-accidentarse-en-su-moto-en-la-salida-al-sur-de-pasto\/#primaryimage"},"image":{"@id":"https:\/\/pagina10.com\/web\/joven-fallecio-tras-accidentarse-en-su-moto-en-la-salida-al-sur-de-pasto\/#primaryimage"},"thumbnailUrl":"https:\/\/pagina10.com\/web\/wp-content\/uploads\/2022\/08\/WhatsApp-Image-2022-07-31-at-9.40.43-AM.jpeg","datePublished":"2022-08-01T05:15:00+00:00","breadcrumb":{"@id":"https:\/\/pagina10.com\/web\/joven-fallecio-tras-accidentarse-en-su-moto-en-la-salida-al-sur-de-pasto\/#breadcrumb"},"inLanguage":"es","potentialAction":[{"@type":"ReadAction","target":["https:\/\/pagina10.com\/web\/joven-fallecio-tras-accidentarse-en-su-moto-en-la-salida-al-sur-de-pasto\/"]}]},{"@type":"ImageObject","inLanguage":"es","@id":"https:\/\/pagina10.com\/web\/joven-fallecio-tras-accidentarse-en-su-moto-en-la-salida-al-sur-de-pasto\/#primaryimage","url":"https:\/\/pagina10.com\/web\/wp-content\/uploads\/2022\/08\/WhatsApp-Image-2022-07-31-at-9.40.43-AM.jpeg","contentUrl":"https:\/\/pagina10.com\/web\/wp-content\/uploads\/2022\/08\/WhatsApp-Image-2022-07-31-at-9.40.43-AM.jpeg","width":960,"height":1280},{"@type":"BreadcrumbList","@id":"https:\/\/pagina10.com\/web\/joven-fallecio-tras-accidentarse-en-su-moto-en-la-salida-al-sur-de-pasto\/#breadcrumb","itemListElement":[{"@type":"ListItem","position":1,"name":"Portada","item":"https:\/\/pagina10.com\/web\/"},{"@type":"ListItem","position":2,"name":"Joven falleci\u00f3 tras accidentarse en su moto en la salida al sur de Pasto"}]},{"@type":"WebSite","@id":"https:\/\/pagina10.com\/web\/#website","url":"https:\/\/pagina10.com\/web\/","name":"P\u00e1gina10","description":"Peri\u00f3dico Regional","publisher":{"@id":"https:\/\/pagina10.com\/web\/#organization"},"alternateName":"P\u00e1gina10 Peri\u00f3dico Regional","potentialAction":[{"@type":"SearchAction","target":{"@type":"EntryPoint","urlTemplate":"https:\/\/pagina10.com\/web\/?s={search_term_string}"},"query-input":{"@type":"PropertyValueSpecification","valueRequired":true,"valueName":"search_term_string"}}],"inLanguage":"es"},{"@type":"Organization","@id":"https:\/\/pagina10.com\/web\/#organization","name":"P\u00e1gina10","alternateName":"P\u00e1gina10 Peri\u00f3dico Regional","url":"https:\/\/pagina10.com\/web\/","logo":{"@type":"ImageObject","inLanguage":"es","@id":"https:\/\/pagina10.com\/web\/#\/schema\/logo\/image\/","url":"https:\/\/pagina10.com\/web\/wp-content\/uploads\/2024\/01\/40-pagina-10-periodico-regional-pasto.jpg","contentUrl":"https:\/\/pagina10.com\/web\/wp-content\/uploads\/2024\/01\/40-pagina-10-periodico-regional-pasto.jpg","width":1280,"height":720,"caption":"P\u00e1gina10"},"image":{"@id":"https:\/\/pagina10.com\/web\/#\/schema\/logo\/image\/"},"sameAs":["https:\/\/www.facebook.com\/pag10com","https:\/\/x.com\/Pag10com","https:\/\/www.instagram.com\/pagina10col\/","https:\/\/youtube.com\/channel\/pag10","https:\/\/www.tiktok.com\/@p10col"]},{"@type":"Person","@id":"https:\/\/pagina10.com\/web\/#\/schema\/person\/2efc4a090d25b667d3bc796798a3a81b","name":"P\u00e1gina 10","description":"P\u00e1gina 10 es un peri\u00f3dico regional que nace en Colombia, en el departamento de Nari\u00f1o, con un enfoque global, fundamentado en cuatro pilares esenciales: la libertad, el pluralismo, la inclusi\u00f3n y la independencia. P\u00e1gina 10 hace referencia a Nari\u00f1o como el d\u00e9cimo departamento creado en Colombia, despu\u00e9s de un proceso pol\u00edtico liderado por actores y actrices regionales con el fin de obtener la independencia y autonom\u00eda de nuestros territorios. Con la creaci\u00f3n de P\u00e1gina 10 se pretende abrir un escenario para el dialogo, la reflexi\u00f3n y el debate que se extienda a otras geograf\u00edas de Am\u00e9rica Latina y del planeta, en una apuesta por transformar colectivamente los desaf\u00edos de un mundo contempor\u00e1neo, m\u00e1s all\u00e1 de las fronteras impuestas.","url":"https:\/\/pagina10.com\/web\/author\/pdiezadmin\/"}]}},"_links":{"self":[{"href":"https:\/\/pagina10.com\/web\/wp-json\/wp\/v2\/posts\/60764","targetHints":{"allow":["GET"]}}],"collection":[{"href":"https:\/\/pagina10.com\/web\/wp-json\/wp\/v2\/posts"}],"about":[{"href":"https:\/\/pagina10.com\/web\/wp-json\/wp\/v2\/types\/post"}],"author":[{"embeddable":true,"href":"https:\/\/pagina10.com\/web\/wp-json\/wp\/v2\/users\/1"}],"replies":[{"embeddable":true,"href":"https:\/\/pagina10.com\/web\/wp-json\/wp\/v2\/comments?post=60764"}],"version-history":[{"count":1,"href":"https:\/\/pagina10.com\/web\/wp-json\/wp\/v2\/posts\/60764\/revisions"}],"predecessor-version":[{"id":60766,"href":"https:\/\/pagina10.com\/web\/wp-json\/wp\/v2\/posts\/60764\/revisions\/60766"}],"wp:featuredmedia":[{"embeddable":true,"href":"https:\/\/pagina10.com\/web\/wp-json\/wp\/v2\/media\/60765"}],"wp:attachment":[{"href":"https:\/\/pagina10.com\/web\/wp-json\/wp\/v2\/media?parent=60764"}],"wp:term":[{"taxonomy":"category","embeddable":true,"href":"https:\/\/pagina10.com\/web\/wp-json\/wp\/v2\/categories?post=60764"},{"taxonomy":"post_tag","embeddable":true,"href":"https:\/\/pagina10.com\/web\/wp-json\/wp\/v2\/tags?post=60764"}],"curies":[{"name":"wp","href":"https:\/\/api.w.org\/{rel}","templated":true}]}}