{"id":60772,"date":"2022-08-01T13:24:02","date_gmt":"2022-08-01T18:24:02","guid":{"rendered":"https:\/\/pagina10.com\/web\/?p=60772"},"modified":"2022-08-01T13:24:02","modified_gmt":"2022-08-01T18:24:02","slug":"en-el-cauca-asesinaron-a-patrullero-pastuso","status":"publish","type":"post","link":"https:\/\/pagina10.com\/web\/en-el-cauca-asesinaron-a-patrullero-pastuso\/","title":{"rendered":"En el Cauca asesinaron a patrullero pastuso"},"content":{"rendered":"<p style=\"text-align: justify;\">Seg\u00fan el informe de las autoridades, el crimen del uniformado identificado como Mario Fernando Guerrero Basante de 29 a\u00f1os, ocurri\u00f3 la madrugada de este lunes 1 de agosto en la localidad de Villa Rica, Cauca. Al momento del ataque, se encontraba de civil departiendo en un establecimiento dedicado a la venta de licores y denominado TM Pac\u00edfico.<\/p>\n<p style=\"text-align: justify;\">Hasta ese lugar arribaron dos sujetos armados quienes le dispararon en repetidas ocasiones ceg\u00e1ndole la vida. Se conoci\u00f3 que el patrullero oriundo de Pasto, iniciaba su periodo de vacaciones el mismo d\u00eda del crimen y minutos antes de lo sucedido, se hab\u00eda dirigido a la estaci\u00f3n para hacer entrega de su equipo de dotaci\u00f3n.<\/p>\n<p style=\"text-align: justify;\">Mario Fernando Guerrero Basante llevaba 7 a\u00f1os en la instituci\u00f3n y 17 meses en la estaci\u00f3n de Polic\u00eda de la localidad ubicada en el norte del Cauca. Las autoridades competentes est\u00e1n tras la pista de los sicarios que le arrebataron su vida en medio de este presunto \u2018plan pistola\u2019 que ha cobrado la vida de m\u00e1s de 30 funcionarios de esa instituci\u00f3n.<\/p>\n","protected":false},"excerpt":{"rendered":"<p>Seg\u00fan el informe de las autoridades, el crimen del uniformado identificado como Mario Fernando Guerrero Basante de 29 a\u00f1os, ocurri\u00f3 la madrugada de este lunes 1 de agosto en la localidad de Villa Rica, Cauca. Al momento del ataque, se encontraba de civil departiendo en un establecimiento dedicado a la venta de licores y denominado [&hellip;]<\/p>\n","protected":false},"author":1,"featured_media":60773,"comment_status":"open","ping_status":"open","sticky":false,"template":"","format":"standard","meta":{"footnotes":""},"categories":[61],"tags":[],"class_list":["post-60772","post","type-post","status-publish","format-standard","has-post-thumbnail","hentry","category-judicial"],"yoast_head":"<!-- This site is optimized with the Yoast SEO plugin v27.1.1 - https:\/\/yoast.com\/product\/yoast-seo-wordpress\/ -->\n<title>En el Cauca asesinaron a patrullero pastuso | P\u00e1gina10<\/title>\n<meta name=\"robots\" content=\"index, follow, max-snippet:-1, max-image-preview:large, max-video-preview:-1\" \/>\n<link rel=\"canonical\" href=\"https:\/\/pagina10.com\/web\/en-el-cauca-asesinaron-a-patrullero-pastuso\/\" \/>\n<meta property=\"og:locale\" content=\"es_ES\" \/>\n<meta property=\"og:type\" content=\"article\" \/>\n<meta property=\"og:title\" content=\"En el Cauca asesinaron a patrullero pastuso | P\u00e1gina10\" \/>\n<meta property=\"og:description\" content=\"Seg\u00fan el informe de las autoridades, el crimen del uniformado identificado como Mario Fernando Guerrero Basante de 29 a\u00f1os, ocurri\u00f3 la madrugada de este lunes 1 de agosto en la localidad de Villa Rica, Cauca. Al momento del ataque, se encontraba de civil departiendo en un establecimiento dedicado a la venta de licores y denominado [&hellip;]\" \/>\n<meta property=\"og:url\" content=\"https:\/\/pagina10.com\/web\/en-el-cauca-asesinaron-a-patrullero-pastuso\/\" \/>\n<meta property=\"og:site_name\" content=\"P\u00e1gina10\" \/>\n<meta property=\"article:publisher\" content=\"https:\/\/www.facebook.com\/pag10com\" \/>\n<meta property=\"article:published_time\" content=\"2022-08-01T18:24:02+00:00\" \/>\n<meta property=\"og:image\" content=\"https:\/\/pagina10.com\/web\/wp-content\/uploads\/2022\/08\/Policia-asesinado-Cauca.jpg\" \/>\n\t<meta property=\"og:image:width\" content=\"980\" \/>\n\t<meta property=\"og:image:height\" content=\"600\" \/>\n\t<meta property=\"og:image:type\" content=\"image\/jpeg\" \/>\n<meta name=\"author\" content=\"P\u00e1gina 10\" \/>\n<meta name=\"twitter:card\" content=\"summary_large_image\" \/>\n<meta name=\"twitter:creator\" content=\"@Pag10com\" \/>\n<meta name=\"twitter:site\" content=\"@Pag10com\" \/>\n<meta name=\"twitter:label1\" content=\"Escrito por\" \/>\n\t<meta name=\"twitter:data1\" content=\"P\u00e1gina 10\" \/>\n\t<meta name=\"twitter:label2\" content=\"Tiempo de lectura\" \/>\n\t<meta name=\"twitter:data2\" content=\"1 minuto\" \/>\n<script type=\"application\/ld+json\" class=\"yoast-schema-graph\">{\"@context\":\"https:\/\/schema.org\",\"@graph\":[{\"@type\":\"Article\",\"@id\":\"https:\/\/pagina10.com\/web\/en-el-cauca-asesinaron-a-patrullero-pastuso\/#article\",\"isPartOf\":{\"@id\":\"https:\/\/pagina10.com\/web\/en-el-cauca-asesinaron-a-patrullero-pastuso\/\"},\"author\":{\"name\":\"P\u00e1gina 10\",\"@id\":\"https:\/\/pagina10.com\/web\/#\/schema\/person\/2efc4a090d25b667d3bc796798a3a81b\"},\"headline\":\"En el Cauca asesinaron a patrullero pastuso\",\"datePublished\":\"2022-08-01T18:24:02+00:00\",\"mainEntityOfPage\":{\"@id\":\"https:\/\/pagina10.com\/web\/en-el-cauca-asesinaron-a-patrullero-pastuso\/\"},\"wordCount\":190,\"commentCount\":0,\"publisher\":{\"@id\":\"https:\/\/pagina10.com\/web\/#organization\"},\"image\":{\"@id\":\"https:\/\/pagina10.com\/web\/en-el-cauca-asesinaron-a-patrullero-pastuso\/#primaryimage\"},\"thumbnailUrl\":\"https:\/\/pagina10.com\/web\/wp-content\/uploads\/2022\/08\/Policia-asesinado-Cauca.jpg\",\"articleSection\":[\"Judicial\"],\"inLanguage\":\"es\",\"potentialAction\":[{\"@type\":\"CommentAction\",\"name\":\"Comment\",\"target\":[\"https:\/\/pagina10.com\/web\/en-el-cauca-asesinaron-a-patrullero-pastuso\/#respond\"]}]},{\"@type\":\"WebPage\",\"@id\":\"https:\/\/pagina10.com\/web\/en-el-cauca-asesinaron-a-patrullero-pastuso\/\",\"url\":\"https:\/\/pagina10.com\/web\/en-el-cauca-asesinaron-a-patrullero-pastuso\/\",\"name\":\"En el Cauca asesinaron a patrullero pastuso | P\u00e1gina10\",\"isPartOf\":{\"@id\":\"https:\/\/pagina10.com\/web\/#website\"},\"primaryImageOfPage\":{\"@id\":\"https:\/\/pagina10.com\/web\/en-el-cauca-asesinaron-a-patrullero-pastuso\/#primaryimage\"},\"image\":{\"@id\":\"https:\/\/pagina10.com\/web\/en-el-cauca-asesinaron-a-patrullero-pastuso\/#primaryimage\"},\"thumbnailUrl\":\"https:\/\/pagina10.com\/web\/wp-content\/uploads\/2022\/08\/Policia-asesinado-Cauca.jpg\",\"datePublished\":\"2022-08-01T18:24:02+00:00\",\"breadcrumb\":{\"@id\":\"https:\/\/pagina10.com\/web\/en-el-cauca-asesinaron-a-patrullero-pastuso\/#breadcrumb\"},\"inLanguage\":\"es\",\"potentialAction\":[{\"@type\":\"ReadAction\",\"target\":[\"https:\/\/pagina10.com\/web\/en-el-cauca-asesinaron-a-patrullero-pastuso\/\"]}]},{\"@type\":\"ImageObject\",\"inLanguage\":\"es\",\"@id\":\"https:\/\/pagina10.com\/web\/en-el-cauca-asesinaron-a-patrullero-pastuso\/#primaryimage\",\"url\":\"https:\/\/pagina10.com\/web\/wp-content\/uploads\/2022\/08\/Policia-asesinado-Cauca.jpg\",\"contentUrl\":\"https:\/\/pagina10.com\/web\/wp-content\/uploads\/2022\/08\/Policia-asesinado-Cauca.jpg\",\"width\":980,\"height\":600},{\"@type\":\"BreadcrumbList\",\"@id\":\"https:\/\/pagina10.com\/web\/en-el-cauca-asesinaron-a-patrullero-pastuso\/#breadcrumb\",\"itemListElement\":[{\"@type\":\"ListItem\",\"position\":1,\"name\":\"Portada\",\"item\":\"https:\/\/pagina10.com\/web\/\"},{\"@type\":\"ListItem\",\"position\":2,\"name\":\"En el Cauca asesinaron a patrullero pastuso\"}]},{\"@type\":\"WebSite\",\"@id\":\"https:\/\/pagina10.com\/web\/#website\",\"url\":\"https:\/\/pagina10.com\/web\/\",\"name\":\"P\u00e1gina10\",\"description\":\"Peri\u00f3dico Regional\",\"publisher\":{\"@id\":\"https:\/\/pagina10.com\/web\/#organization\"},\"alternateName\":\"P\u00e1gina10 Peri\u00f3dico Regional\",\"potentialAction\":[{\"@type\":\"SearchAction\",\"target\":{\"@type\":\"EntryPoint\",\"urlTemplate\":\"https:\/\/pagina10.com\/web\/?s={search_term_string}\"},\"query-input\":{\"@type\":\"PropertyValueSpecification\",\"valueRequired\":true,\"valueName\":\"search_term_string\"}}],\"inLanguage\":\"es\"},{\"@type\":\"Organization\",\"@id\":\"https:\/\/pagina10.com\/web\/#organization\",\"name\":\"P\u00e1gina10\",\"alternateName\":\"P\u00e1gina10 Peri\u00f3dico Regional\",\"url\":\"https:\/\/pagina10.com\/web\/\",\"logo\":{\"@type\":\"ImageObject\",\"inLanguage\":\"es\",\"@id\":\"https:\/\/pagina10.com\/web\/#\/schema\/logo\/image\/\",\"url\":\"https:\/\/pagina10.com\/web\/wp-content\/uploads\/2024\/01\/40-pagina-10-periodico-regional-pasto.jpg\",\"contentUrl\":\"https:\/\/pagina10.com\/web\/wp-content\/uploads\/2024\/01\/40-pagina-10-periodico-regional-pasto.jpg\",\"width\":1280,\"height\":720,\"caption\":\"P\u00e1gina10\"},\"image\":{\"@id\":\"https:\/\/pagina10.com\/web\/#\/schema\/logo\/image\/\"},\"sameAs\":[\"https:\/\/www.facebook.com\/pag10com\",\"https:\/\/x.com\/Pag10com\",\"https:\/\/www.instagram.com\/pagina10col\/\",\"https:\/\/youtube.com\/channel\/pag10\",\"https:\/\/www.tiktok.com\/@p10col\"]},{\"@type\":\"Person\",\"@id\":\"https:\/\/pagina10.com\/web\/#\/schema\/person\/2efc4a090d25b667d3bc796798a3a81b\",\"name\":\"P\u00e1gina 10\",\"description\":\"P\u00e1gina 10 es un peri\u00f3dico regional que nace en Colombia, en el departamento de Nari\u00f1o, con un enfoque global, fundamentado en cuatro pilares esenciales: la libertad, el pluralismo, la inclusi\u00f3n y la independencia. P\u00e1gina 10 hace referencia a Nari\u00f1o como el d\u00e9cimo departamento creado en Colombia, despu\u00e9s de un proceso pol\u00edtico liderado por actores y actrices regionales con el fin de obtener la independencia y autonom\u00eda de nuestros territorios. Con la creaci\u00f3n de P\u00e1gina 10 se pretende abrir un escenario para el dialogo, la reflexi\u00f3n y el debate que se extienda a otras geograf\u00edas de Am\u00e9rica Latina y del planeta, en una apuesta por transformar colectivamente los desaf\u00edos de un mundo contempor\u00e1neo, m\u00e1s all\u00e1 de las fronteras impuestas.\",\"url\":\"https:\/\/pagina10.com\/web\/author\/pdiezadmin\/\"}]}<\/script>\n<!-- \/ Yoast SEO plugin. -->","yoast_head_json":{"title":"En el Cauca asesinaron a patrullero pastuso | P\u00e1gina10","robots":{"index":"index","follow":"follow","max-snippet":"max-snippet:-1","max-image-preview":"max-image-preview:large","max-video-preview":"max-video-preview:-1"},"canonical":"https:\/\/pagina10.com\/web\/en-el-cauca-asesinaron-a-patrullero-pastuso\/","og_locale":"es_ES","og_type":"article","og_title":"En el Cauca asesinaron a patrullero pastuso | P\u00e1gina10","og_description":"Seg\u00fan el informe de las autoridades, el crimen del uniformado identificado como Mario Fernando Guerrero Basante de 29 a\u00f1os, ocurri\u00f3 la madrugada de este lunes 1 de agosto en la localidad de Villa Rica, Cauca. Al momento del ataque, se encontraba de civil departiendo en un establecimiento dedicado a la venta de licores y denominado [&hellip;]","og_url":"https:\/\/pagina10.com\/web\/en-el-cauca-asesinaron-a-patrullero-pastuso\/","og_site_name":"P\u00e1gina10","article_publisher":"https:\/\/www.facebook.com\/pag10com","article_published_time":"2022-08-01T18:24:02+00:00","og_image":[{"width":980,"height":600,"url":"https:\/\/pagina10.com\/web\/wp-content\/uploads\/2022\/08\/Policia-asesinado-Cauca.jpg","type":"image\/jpeg"}],"author":"P\u00e1gina 10","twitter_card":"summary_large_image","twitter_creator":"@Pag10com","twitter_site":"@Pag10com","twitter_misc":{"Escrito por":"P\u00e1gina 10","Tiempo de lectura":"1 minuto"},"schema":{"@context":"https:\/\/schema.org","@graph":[{"@type":"Article","@id":"https:\/\/pagina10.com\/web\/en-el-cauca-asesinaron-a-patrullero-pastuso\/#article","isPartOf":{"@id":"https:\/\/pagina10.com\/web\/en-el-cauca-asesinaron-a-patrullero-pastuso\/"},"author":{"name":"P\u00e1gina 10","@id":"https:\/\/pagina10.com\/web\/#\/schema\/person\/2efc4a090d25b667d3bc796798a3a81b"},"headline":"En el Cauca asesinaron a patrullero pastuso","datePublished":"2022-08-01T18:24:02+00:00","mainEntityOfPage":{"@id":"https:\/\/pagina10.com\/web\/en-el-cauca-asesinaron-a-patrullero-pastuso\/"},"wordCount":190,"commentCount":0,"publisher":{"@id":"https:\/\/pagina10.com\/web\/#organization"},"image":{"@id":"https:\/\/pagina10.com\/web\/en-el-cauca-asesinaron-a-patrullero-pastuso\/#primaryimage"},"thumbnailUrl":"https:\/\/pagina10.com\/web\/wp-content\/uploads\/2022\/08\/Policia-asesinado-Cauca.jpg","articleSection":["Judicial"],"inLanguage":"es","potentialAction":[{"@type":"CommentAction","name":"Comment","target":["https:\/\/pagina10.com\/web\/en-el-cauca-asesinaron-a-patrullero-pastuso\/#respond"]}]},{"@type":"WebPage","@id":"https:\/\/pagina10.com\/web\/en-el-cauca-asesinaron-a-patrullero-pastuso\/","url":"https:\/\/pagina10.com\/web\/en-el-cauca-asesinaron-a-patrullero-pastuso\/","name":"En el Cauca asesinaron a patrullero pastuso | P\u00e1gina10","isPartOf":{"@id":"https:\/\/pagina10.com\/web\/#website"},"primaryImageOfPage":{"@id":"https:\/\/pagina10.com\/web\/en-el-cauca-asesinaron-a-patrullero-pastuso\/#primaryimage"},"image":{"@id":"https:\/\/pagina10.com\/web\/en-el-cauca-asesinaron-a-patrullero-pastuso\/#primaryimage"},"thumbnailUrl":"https:\/\/pagina10.com\/web\/wp-content\/uploads\/2022\/08\/Policia-asesinado-Cauca.jpg","datePublished":"2022-08-01T18:24:02+00:00","breadcrumb":{"@id":"https:\/\/pagina10.com\/web\/en-el-cauca-asesinaron-a-patrullero-pastuso\/#breadcrumb"},"inLanguage":"es","potentialAction":[{"@type":"ReadAction","target":["https:\/\/pagina10.com\/web\/en-el-cauca-asesinaron-a-patrullero-pastuso\/"]}]},{"@type":"ImageObject","inLanguage":"es","@id":"https:\/\/pagina10.com\/web\/en-el-cauca-asesinaron-a-patrullero-pastuso\/#primaryimage","url":"https:\/\/pagina10.com\/web\/wp-content\/uploads\/2022\/08\/Policia-asesinado-Cauca.jpg","contentUrl":"https:\/\/pagina10.com\/web\/wp-content\/uploads\/2022\/08\/Policia-asesinado-Cauca.jpg","width":980,"height":600},{"@type":"BreadcrumbList","@id":"https:\/\/pagina10.com\/web\/en-el-cauca-asesinaron-a-patrullero-pastuso\/#breadcrumb","itemListElement":[{"@type":"ListItem","position":1,"name":"Portada","item":"https:\/\/pagina10.com\/web\/"},{"@type":"ListItem","position":2,"name":"En el Cauca asesinaron a patrullero pastuso"}]},{"@type":"WebSite","@id":"https:\/\/pagina10.com\/web\/#website","url":"https:\/\/pagina10.com\/web\/","name":"P\u00e1gina10","description":"Peri\u00f3dico Regional","publisher":{"@id":"https:\/\/pagina10.com\/web\/#organization"},"alternateName":"P\u00e1gina10 Peri\u00f3dico Regional","potentialAction":[{"@type":"SearchAction","target":{"@type":"EntryPoint","urlTemplate":"https:\/\/pagina10.com\/web\/?s={search_term_string}"},"query-input":{"@type":"PropertyValueSpecification","valueRequired":true,"valueName":"search_term_string"}}],"inLanguage":"es"},{"@type":"Organization","@id":"https:\/\/pagina10.com\/web\/#organization","name":"P\u00e1gina10","alternateName":"P\u00e1gina10 Peri\u00f3dico Regional","url":"https:\/\/pagina10.com\/web\/","logo":{"@type":"ImageObject","inLanguage":"es","@id":"https:\/\/pagina10.com\/web\/#\/schema\/logo\/image\/","url":"https:\/\/pagina10.com\/web\/wp-content\/uploads\/2024\/01\/40-pagina-10-periodico-regional-pasto.jpg","contentUrl":"https:\/\/pagina10.com\/web\/wp-content\/uploads\/2024\/01\/40-pagina-10-periodico-regional-pasto.jpg","width":1280,"height":720,"caption":"P\u00e1gina10"},"image":{"@id":"https:\/\/pagina10.com\/web\/#\/schema\/logo\/image\/"},"sameAs":["https:\/\/www.facebook.com\/pag10com","https:\/\/x.com\/Pag10com","https:\/\/www.instagram.com\/pagina10col\/","https:\/\/youtube.com\/channel\/pag10","https:\/\/www.tiktok.com\/@p10col"]},{"@type":"Person","@id":"https:\/\/pagina10.com\/web\/#\/schema\/person\/2efc4a090d25b667d3bc796798a3a81b","name":"P\u00e1gina 10","description":"P\u00e1gina 10 es un peri\u00f3dico regional que nace en Colombia, en el departamento de Nari\u00f1o, con un enfoque global, fundamentado en cuatro pilares esenciales: la libertad, el pluralismo, la inclusi\u00f3n y la independencia. P\u00e1gina 10 hace referencia a Nari\u00f1o como el d\u00e9cimo departamento creado en Colombia, despu\u00e9s de un proceso pol\u00edtico liderado por actores y actrices regionales con el fin de obtener la independencia y autonom\u00eda de nuestros territorios. Con la creaci\u00f3n de P\u00e1gina 10 se pretende abrir un escenario para el dialogo, la reflexi\u00f3n y el debate que se extienda a otras geograf\u00edas de Am\u00e9rica Latina y del planeta, en una apuesta por transformar colectivamente los desaf\u00edos de un mundo contempor\u00e1neo, m\u00e1s all\u00e1 de las fronteras impuestas.","url":"https:\/\/pagina10.com\/web\/author\/pdiezadmin\/"}]}},"_links":{"self":[{"href":"https:\/\/pagina10.com\/web\/wp-json\/wp\/v2\/posts\/60772","targetHints":{"allow":["GET"]}}],"collection":[{"href":"https:\/\/pagina10.com\/web\/wp-json\/wp\/v2\/posts"}],"about":[{"href":"https:\/\/pagina10.com\/web\/wp-json\/wp\/v2\/types\/post"}],"author":[{"embeddable":true,"href":"https:\/\/pagina10.com\/web\/wp-json\/wp\/v2\/users\/1"}],"replies":[{"embeddable":true,"href":"https:\/\/pagina10.com\/web\/wp-json\/wp\/v2\/comments?post=60772"}],"version-history":[{"count":1,"href":"https:\/\/pagina10.com\/web\/wp-json\/wp\/v2\/posts\/60772\/revisions"}],"predecessor-version":[{"id":60774,"href":"https:\/\/pagina10.com\/web\/wp-json\/wp\/v2\/posts\/60772\/revisions\/60774"}],"wp:featuredmedia":[{"embeddable":true,"href":"https:\/\/pagina10.com\/web\/wp-json\/wp\/v2\/media\/60773"}],"wp:attachment":[{"href":"https:\/\/pagina10.com\/web\/wp-json\/wp\/v2\/media?parent=60772"}],"wp:term":[{"taxonomy":"category","embeddable":true,"href":"https:\/\/pagina10.com\/web\/wp-json\/wp\/v2\/categories?post=60772"},{"taxonomy":"post_tag","embeddable":true,"href":"https:\/\/pagina10.com\/web\/wp-json\/wp\/v2\/tags?post=60772"}],"curies":[{"name":"wp","href":"https:\/\/api.w.org\/{rel}","templated":true}]}}