{"id":60788,"date":"2022-08-02T17:32:16","date_gmt":"2022-08-02T22:32:16","guid":{"rendered":"https:\/\/pagina10.com\/web\/?p=60788"},"modified":"2022-08-02T17:32:16","modified_gmt":"2022-08-02T22:32:16","slug":"presidente-de-la-ani-le-volvio-a-incumplir-a-narino-gobernador-jhon-rojas","status":"publish","type":"post","link":"https:\/\/pagina10.com\/web\/presidente-de-la-ani-le-volvio-a-incumplir-a-narino-gobernador-jhon-rojas\/","title":{"rendered":"\u201cPresidente de la ANI le volvi\u00f3 a incumplir a Nari\u00f1o\u201d: gobernador Jhon Rojas"},"content":{"rendered":"<p style=\"text-align: justify;\">Seg\u00fan el gobernador de Nari\u00f1o Jhon Rojas, el presidente de la Agencia Nacional de Infraestructura Manuel Felipe Guti\u00e9rrez, entregar\u00eda el lunes 1 de agosto los estudios t\u00e9cnicos y dise\u00f1os del proyecto de la doble calzada entre Pasto y Popay\u00e1n, adem\u00e1s de la revisi\u00f3n de otros proyectos vigentes en el suroccidente del pa\u00eds.<\/p>\n<p style=\"text-align: justify;\">Sin embargo, esto no ocurri\u00f3 por lo que el mandatario regional escribi\u00f3 el siguiente mensaje a trav\u00e9s de sus redes sociales: \u201cVolvi\u00f3 a incumplirle a Nari\u00f1o el presidente de la<\/p>\n<p style=\"text-align: justify;\">ANI Manuel Felipe Guti\u00e9rrez, quien asegur\u00f3 que estudios y dise\u00f1os de Doble Calzada ser\u00edan entregados el 1 de agosto. Esperamos que nuevo gobierno de Gustavo Petro haga realidad este sue\u00f1o para Nari\u00f1o\u201d.<\/p>\n<p style=\"text-align: justify;\">As\u00ed mismo, durante la instalaci\u00f3n de una mesa de concertaci\u00f3n con las comunidades afectadas por la construcci\u00f3n de la obra, Rojas se\u00f1al\u00f3 que \u201cLa ANI le incumpli\u00f3 las comunidades de los municipios del sur de Nari\u00f1o que se ven afectadas por la construcci\u00f3n de un nuevo peaje en las inmediaciones del municipio de El Contadero y por la no terminaci\u00f3n de la v\u00eda Rumichaca-Pasto\u201d.<\/p>\n<p style=\"text-align: justify;\">Ante estos se\u00f1alamientos, no se conoce pronunciamiento oficial por parte del presidente de la ANI Manuel Felipe Guti\u00e9rrez.<\/p>\n","protected":false},"excerpt":{"rendered":"<p>Seg\u00fan el gobernador de Nari\u00f1o Jhon Rojas, el presidente de la Agencia Nacional de Infraestructura Manuel Felipe Guti\u00e9rrez, entregar\u00eda el lunes 1 de agosto los estudios t\u00e9cnicos y dise\u00f1os del proyecto de la doble calzada entre Pasto y Popay\u00e1n, adem\u00e1s de la revisi\u00f3n de otros proyectos vigentes en el suroccidente del pa\u00eds. Sin embargo, esto [&hellip;]<\/p>\n","protected":false},"author":1,"featured_media":60789,"comment_status":"open","ping_status":"open","sticky":false,"template":"","format":"standard","meta":{"footnotes":""},"categories":[53,1528],"tags":[],"class_list":["post-60788","post","type-post","status-publish","format-standard","has-post-thumbnail","hentry","category-regiones","category-titulares"],"yoast_head":"<!-- This site is optimized with the Yoast SEO plugin v27.1.1 - https:\/\/yoast.com\/product\/yoast-seo-wordpress\/ -->\n<title>\u201cPresidente de la ANI le volvi\u00f3 a incumplir a Nari\u00f1o\u201d: gobernador Jhon Rojas | P\u00e1gina10<\/title>\n<meta name=\"robots\" content=\"index, follow, max-snippet:-1, max-image-preview:large, max-video-preview:-1\" \/>\n<link rel=\"canonical\" href=\"https:\/\/pagina10.com\/web\/presidente-de-la-ani-le-volvio-a-incumplir-a-narino-gobernador-jhon-rojas\/\" \/>\n<meta property=\"og:locale\" content=\"es_ES\" \/>\n<meta property=\"og:type\" content=\"article\" \/>\n<meta property=\"og:title\" content=\"\u201cPresidente de la ANI le volvi\u00f3 a incumplir a Nari\u00f1o\u201d: gobernador Jhon Rojas | P\u00e1gina10\" \/>\n<meta property=\"og:description\" content=\"Seg\u00fan el gobernador de Nari\u00f1o Jhon Rojas, el presidente de la Agencia Nacional de Infraestructura Manuel Felipe Guti\u00e9rrez, entregar\u00eda el lunes 1 de agosto los estudios t\u00e9cnicos y dise\u00f1os del proyecto de la doble calzada entre Pasto y Popay\u00e1n, adem\u00e1s de la revisi\u00f3n de otros proyectos vigentes en el suroccidente del pa\u00eds. Sin embargo, esto [&hellip;]\" \/>\n<meta property=\"og:url\" content=\"https:\/\/pagina10.com\/web\/presidente-de-la-ani-le-volvio-a-incumplir-a-narino-gobernador-jhon-rojas\/\" \/>\n<meta property=\"og:site_name\" content=\"P\u00e1gina10\" \/>\n<meta property=\"article:publisher\" content=\"https:\/\/www.facebook.com\/pag10com\" \/>\n<meta property=\"article:published_time\" content=\"2022-08-02T22:32:16+00:00\" \/>\n<meta property=\"og:image\" content=\"https:\/\/pagina10.com\/web\/wp-content\/uploads\/2022\/08\/narino-jhon-rojas-2-800x387-1.jpg\" \/>\n\t<meta property=\"og:image:width\" content=\"743\" \/>\n\t<meta property=\"og:image:height\" content=\"386\" \/>\n\t<meta property=\"og:image:type\" content=\"image\/jpeg\" \/>\n<meta name=\"author\" content=\"P\u00e1gina 10\" \/>\n<meta name=\"twitter:card\" content=\"summary_large_image\" \/>\n<meta name=\"twitter:creator\" content=\"@Pag10com\" \/>\n<meta name=\"twitter:site\" content=\"@Pag10com\" \/>\n<meta name=\"twitter:label1\" content=\"Escrito por\" \/>\n\t<meta name=\"twitter:data1\" content=\"P\u00e1gina 10\" \/>\n\t<meta name=\"twitter:label2\" content=\"Tiempo de lectura\" \/>\n\t<meta name=\"twitter:data2\" content=\"1 minuto\" \/>\n<script type=\"application\/ld+json\" class=\"yoast-schema-graph\">{\"@context\":\"https:\/\/schema.org\",\"@graph\":[{\"@type\":\"Article\",\"@id\":\"https:\/\/pagina10.com\/web\/presidente-de-la-ani-le-volvio-a-incumplir-a-narino-gobernador-jhon-rojas\/#article\",\"isPartOf\":{\"@id\":\"https:\/\/pagina10.com\/web\/presidente-de-la-ani-le-volvio-a-incumplir-a-narino-gobernador-jhon-rojas\/\"},\"author\":{\"name\":\"P\u00e1gina 10\",\"@id\":\"https:\/\/pagina10.com\/web\/#\/schema\/person\/2efc4a090d25b667d3bc796798a3a81b\"},\"headline\":\"\u201cPresidente de la ANI le volvi\u00f3 a incumplir a Nari\u00f1o\u201d: gobernador Jhon Rojas\",\"datePublished\":\"2022-08-02T22:32:16+00:00\",\"mainEntityOfPage\":{\"@id\":\"https:\/\/pagina10.com\/web\/presidente-de-la-ani-le-volvio-a-incumplir-a-narino-gobernador-jhon-rojas\/\"},\"wordCount\":235,\"commentCount\":0,\"publisher\":{\"@id\":\"https:\/\/pagina10.com\/web\/#organization\"},\"image\":{\"@id\":\"https:\/\/pagina10.com\/web\/presidente-de-la-ani-le-volvio-a-incumplir-a-narino-gobernador-jhon-rojas\/#primaryimage\"},\"thumbnailUrl\":\"https:\/\/pagina10.com\/web\/wp-content\/uploads\/2022\/08\/narino-jhon-rojas-2-800x387-1.jpg\",\"articleSection\":[\"Regiones\",\"Titulares\"],\"inLanguage\":\"es\",\"potentialAction\":[{\"@type\":\"CommentAction\",\"name\":\"Comment\",\"target\":[\"https:\/\/pagina10.com\/web\/presidente-de-la-ani-le-volvio-a-incumplir-a-narino-gobernador-jhon-rojas\/#respond\"]}]},{\"@type\":\"WebPage\",\"@id\":\"https:\/\/pagina10.com\/web\/presidente-de-la-ani-le-volvio-a-incumplir-a-narino-gobernador-jhon-rojas\/\",\"url\":\"https:\/\/pagina10.com\/web\/presidente-de-la-ani-le-volvio-a-incumplir-a-narino-gobernador-jhon-rojas\/\",\"name\":\"\u201cPresidente de la ANI le volvi\u00f3 a incumplir a Nari\u00f1o\u201d: gobernador Jhon Rojas | P\u00e1gina10\",\"isPartOf\":{\"@id\":\"https:\/\/pagina10.com\/web\/#website\"},\"primaryImageOfPage\":{\"@id\":\"https:\/\/pagina10.com\/web\/presidente-de-la-ani-le-volvio-a-incumplir-a-narino-gobernador-jhon-rojas\/#primaryimage\"},\"image\":{\"@id\":\"https:\/\/pagina10.com\/web\/presidente-de-la-ani-le-volvio-a-incumplir-a-narino-gobernador-jhon-rojas\/#primaryimage\"},\"thumbnailUrl\":\"https:\/\/pagina10.com\/web\/wp-content\/uploads\/2022\/08\/narino-jhon-rojas-2-800x387-1.jpg\",\"datePublished\":\"2022-08-02T22:32:16+00:00\",\"breadcrumb\":{\"@id\":\"https:\/\/pagina10.com\/web\/presidente-de-la-ani-le-volvio-a-incumplir-a-narino-gobernador-jhon-rojas\/#breadcrumb\"},\"inLanguage\":\"es\",\"potentialAction\":[{\"@type\":\"ReadAction\",\"target\":[\"https:\/\/pagina10.com\/web\/presidente-de-la-ani-le-volvio-a-incumplir-a-narino-gobernador-jhon-rojas\/\"]}]},{\"@type\":\"ImageObject\",\"inLanguage\":\"es\",\"@id\":\"https:\/\/pagina10.com\/web\/presidente-de-la-ani-le-volvio-a-incumplir-a-narino-gobernador-jhon-rojas\/#primaryimage\",\"url\":\"https:\/\/pagina10.com\/web\/wp-content\/uploads\/2022\/08\/narino-jhon-rojas-2-800x387-1.jpg\",\"contentUrl\":\"https:\/\/pagina10.com\/web\/wp-content\/uploads\/2022\/08\/narino-jhon-rojas-2-800x387-1.jpg\",\"width\":743,\"height\":386},{\"@type\":\"BreadcrumbList\",\"@id\":\"https:\/\/pagina10.com\/web\/presidente-de-la-ani-le-volvio-a-incumplir-a-narino-gobernador-jhon-rojas\/#breadcrumb\",\"itemListElement\":[{\"@type\":\"ListItem\",\"position\":1,\"name\":\"Portada\",\"item\":\"https:\/\/pagina10.com\/web\/\"},{\"@type\":\"ListItem\",\"position\":2,\"name\":\"\u201cPresidente de la ANI le volvi\u00f3 a incumplir a Nari\u00f1o\u201d: gobernador Jhon Rojas\"}]},{\"@type\":\"WebSite\",\"@id\":\"https:\/\/pagina10.com\/web\/#website\",\"url\":\"https:\/\/pagina10.com\/web\/\",\"name\":\"P\u00e1gina10\",\"description\":\"Peri\u00f3dico Regional\",\"publisher\":{\"@id\":\"https:\/\/pagina10.com\/web\/#organization\"},\"alternateName\":\"P\u00e1gina10 Peri\u00f3dico Regional\",\"potentialAction\":[{\"@type\":\"SearchAction\",\"target\":{\"@type\":\"EntryPoint\",\"urlTemplate\":\"https:\/\/pagina10.com\/web\/?s={search_term_string}\"},\"query-input\":{\"@type\":\"PropertyValueSpecification\",\"valueRequired\":true,\"valueName\":\"search_term_string\"}}],\"inLanguage\":\"es\"},{\"@type\":\"Organization\",\"@id\":\"https:\/\/pagina10.com\/web\/#organization\",\"name\":\"P\u00e1gina10\",\"alternateName\":\"P\u00e1gina10 Peri\u00f3dico Regional\",\"url\":\"https:\/\/pagina10.com\/web\/\",\"logo\":{\"@type\":\"ImageObject\",\"inLanguage\":\"es\",\"@id\":\"https:\/\/pagina10.com\/web\/#\/schema\/logo\/image\/\",\"url\":\"https:\/\/pagina10.com\/web\/wp-content\/uploads\/2024\/01\/40-pagina-10-periodico-regional-pasto.jpg\",\"contentUrl\":\"https:\/\/pagina10.com\/web\/wp-content\/uploads\/2024\/01\/40-pagina-10-periodico-regional-pasto.jpg\",\"width\":1280,\"height\":720,\"caption\":\"P\u00e1gina10\"},\"image\":{\"@id\":\"https:\/\/pagina10.com\/web\/#\/schema\/logo\/image\/\"},\"sameAs\":[\"https:\/\/www.facebook.com\/pag10com\",\"https:\/\/x.com\/Pag10com\",\"https:\/\/www.instagram.com\/pagina10col\/\",\"https:\/\/youtube.com\/channel\/pag10\",\"https:\/\/www.tiktok.com\/@p10col\"]},{\"@type\":\"Person\",\"@id\":\"https:\/\/pagina10.com\/web\/#\/schema\/person\/2efc4a090d25b667d3bc796798a3a81b\",\"name\":\"P\u00e1gina 10\",\"description\":\"P\u00e1gina 10 es un peri\u00f3dico regional que nace en Colombia, en el departamento de Nari\u00f1o, con un enfoque global, fundamentado en cuatro pilares esenciales: la libertad, el pluralismo, la inclusi\u00f3n y la independencia. P\u00e1gina 10 hace referencia a Nari\u00f1o como el d\u00e9cimo departamento creado en Colombia, despu\u00e9s de un proceso pol\u00edtico liderado por actores y actrices regionales con el fin de obtener la independencia y autonom\u00eda de nuestros territorios. Con la creaci\u00f3n de P\u00e1gina 10 se pretende abrir un escenario para el dialogo, la reflexi\u00f3n y el debate que se extienda a otras geograf\u00edas de Am\u00e9rica Latina y del planeta, en una apuesta por transformar colectivamente los desaf\u00edos de un mundo contempor\u00e1neo, m\u00e1s all\u00e1 de las fronteras impuestas.\",\"url\":\"https:\/\/pagina10.com\/web\/author\/pdiezadmin\/\"}]}<\/script>\n<!-- \/ Yoast SEO plugin. -->","yoast_head_json":{"title":"\u201cPresidente de la ANI le volvi\u00f3 a incumplir a Nari\u00f1o\u201d: gobernador Jhon Rojas | P\u00e1gina10","robots":{"index":"index","follow":"follow","max-snippet":"max-snippet:-1","max-image-preview":"max-image-preview:large","max-video-preview":"max-video-preview:-1"},"canonical":"https:\/\/pagina10.com\/web\/presidente-de-la-ani-le-volvio-a-incumplir-a-narino-gobernador-jhon-rojas\/","og_locale":"es_ES","og_type":"article","og_title":"\u201cPresidente de la ANI le volvi\u00f3 a incumplir a Nari\u00f1o\u201d: gobernador Jhon Rojas | P\u00e1gina10","og_description":"Seg\u00fan el gobernador de Nari\u00f1o Jhon Rojas, el presidente de la Agencia Nacional de Infraestructura Manuel Felipe Guti\u00e9rrez, entregar\u00eda el lunes 1 de agosto los estudios t\u00e9cnicos y dise\u00f1os del proyecto de la doble calzada entre Pasto y Popay\u00e1n, adem\u00e1s de la revisi\u00f3n de otros proyectos vigentes en el suroccidente del pa\u00eds. Sin embargo, esto [&hellip;]","og_url":"https:\/\/pagina10.com\/web\/presidente-de-la-ani-le-volvio-a-incumplir-a-narino-gobernador-jhon-rojas\/","og_site_name":"P\u00e1gina10","article_publisher":"https:\/\/www.facebook.com\/pag10com","article_published_time":"2022-08-02T22:32:16+00:00","og_image":[{"width":743,"height":386,"url":"https:\/\/pagina10.com\/web\/wp-content\/uploads\/2022\/08\/narino-jhon-rojas-2-800x387-1.jpg","type":"image\/jpeg"}],"author":"P\u00e1gina 10","twitter_card":"summary_large_image","twitter_creator":"@Pag10com","twitter_site":"@Pag10com","twitter_misc":{"Escrito por":"P\u00e1gina 10","Tiempo de lectura":"1 minuto"},"schema":{"@context":"https:\/\/schema.org","@graph":[{"@type":"Article","@id":"https:\/\/pagina10.com\/web\/presidente-de-la-ani-le-volvio-a-incumplir-a-narino-gobernador-jhon-rojas\/#article","isPartOf":{"@id":"https:\/\/pagina10.com\/web\/presidente-de-la-ani-le-volvio-a-incumplir-a-narino-gobernador-jhon-rojas\/"},"author":{"name":"P\u00e1gina 10","@id":"https:\/\/pagina10.com\/web\/#\/schema\/person\/2efc4a090d25b667d3bc796798a3a81b"},"headline":"\u201cPresidente de la ANI le volvi\u00f3 a incumplir a Nari\u00f1o\u201d: gobernador Jhon Rojas","datePublished":"2022-08-02T22:32:16+00:00","mainEntityOfPage":{"@id":"https:\/\/pagina10.com\/web\/presidente-de-la-ani-le-volvio-a-incumplir-a-narino-gobernador-jhon-rojas\/"},"wordCount":235,"commentCount":0,"publisher":{"@id":"https:\/\/pagina10.com\/web\/#organization"},"image":{"@id":"https:\/\/pagina10.com\/web\/presidente-de-la-ani-le-volvio-a-incumplir-a-narino-gobernador-jhon-rojas\/#primaryimage"},"thumbnailUrl":"https:\/\/pagina10.com\/web\/wp-content\/uploads\/2022\/08\/narino-jhon-rojas-2-800x387-1.jpg","articleSection":["Regiones","Titulares"],"inLanguage":"es","potentialAction":[{"@type":"CommentAction","name":"Comment","target":["https:\/\/pagina10.com\/web\/presidente-de-la-ani-le-volvio-a-incumplir-a-narino-gobernador-jhon-rojas\/#respond"]}]},{"@type":"WebPage","@id":"https:\/\/pagina10.com\/web\/presidente-de-la-ani-le-volvio-a-incumplir-a-narino-gobernador-jhon-rojas\/","url":"https:\/\/pagina10.com\/web\/presidente-de-la-ani-le-volvio-a-incumplir-a-narino-gobernador-jhon-rojas\/","name":"\u201cPresidente de la ANI le volvi\u00f3 a incumplir a Nari\u00f1o\u201d: gobernador Jhon Rojas | P\u00e1gina10","isPartOf":{"@id":"https:\/\/pagina10.com\/web\/#website"},"primaryImageOfPage":{"@id":"https:\/\/pagina10.com\/web\/presidente-de-la-ani-le-volvio-a-incumplir-a-narino-gobernador-jhon-rojas\/#primaryimage"},"image":{"@id":"https:\/\/pagina10.com\/web\/presidente-de-la-ani-le-volvio-a-incumplir-a-narino-gobernador-jhon-rojas\/#primaryimage"},"thumbnailUrl":"https:\/\/pagina10.com\/web\/wp-content\/uploads\/2022\/08\/narino-jhon-rojas-2-800x387-1.jpg","datePublished":"2022-08-02T22:32:16+00:00","breadcrumb":{"@id":"https:\/\/pagina10.com\/web\/presidente-de-la-ani-le-volvio-a-incumplir-a-narino-gobernador-jhon-rojas\/#breadcrumb"},"inLanguage":"es","potentialAction":[{"@type":"ReadAction","target":["https:\/\/pagina10.com\/web\/presidente-de-la-ani-le-volvio-a-incumplir-a-narino-gobernador-jhon-rojas\/"]}]},{"@type":"ImageObject","inLanguage":"es","@id":"https:\/\/pagina10.com\/web\/presidente-de-la-ani-le-volvio-a-incumplir-a-narino-gobernador-jhon-rojas\/#primaryimage","url":"https:\/\/pagina10.com\/web\/wp-content\/uploads\/2022\/08\/narino-jhon-rojas-2-800x387-1.jpg","contentUrl":"https:\/\/pagina10.com\/web\/wp-content\/uploads\/2022\/08\/narino-jhon-rojas-2-800x387-1.jpg","width":743,"height":386},{"@type":"BreadcrumbList","@id":"https:\/\/pagina10.com\/web\/presidente-de-la-ani-le-volvio-a-incumplir-a-narino-gobernador-jhon-rojas\/#breadcrumb","itemListElement":[{"@type":"ListItem","position":1,"name":"Portada","item":"https:\/\/pagina10.com\/web\/"},{"@type":"ListItem","position":2,"name":"\u201cPresidente de la ANI le volvi\u00f3 a incumplir a Nari\u00f1o\u201d: gobernador Jhon Rojas"}]},{"@type":"WebSite","@id":"https:\/\/pagina10.com\/web\/#website","url":"https:\/\/pagina10.com\/web\/","name":"P\u00e1gina10","description":"Peri\u00f3dico Regional","publisher":{"@id":"https:\/\/pagina10.com\/web\/#organization"},"alternateName":"P\u00e1gina10 Peri\u00f3dico Regional","potentialAction":[{"@type":"SearchAction","target":{"@type":"EntryPoint","urlTemplate":"https:\/\/pagina10.com\/web\/?s={search_term_string}"},"query-input":{"@type":"PropertyValueSpecification","valueRequired":true,"valueName":"search_term_string"}}],"inLanguage":"es"},{"@type":"Organization","@id":"https:\/\/pagina10.com\/web\/#organization","name":"P\u00e1gina10","alternateName":"P\u00e1gina10 Peri\u00f3dico Regional","url":"https:\/\/pagina10.com\/web\/","logo":{"@type":"ImageObject","inLanguage":"es","@id":"https:\/\/pagina10.com\/web\/#\/schema\/logo\/image\/","url":"https:\/\/pagina10.com\/web\/wp-content\/uploads\/2024\/01\/40-pagina-10-periodico-regional-pasto.jpg","contentUrl":"https:\/\/pagina10.com\/web\/wp-content\/uploads\/2024\/01\/40-pagina-10-periodico-regional-pasto.jpg","width":1280,"height":720,"caption":"P\u00e1gina10"},"image":{"@id":"https:\/\/pagina10.com\/web\/#\/schema\/logo\/image\/"},"sameAs":["https:\/\/www.facebook.com\/pag10com","https:\/\/x.com\/Pag10com","https:\/\/www.instagram.com\/pagina10col\/","https:\/\/youtube.com\/channel\/pag10","https:\/\/www.tiktok.com\/@p10col"]},{"@type":"Person","@id":"https:\/\/pagina10.com\/web\/#\/schema\/person\/2efc4a090d25b667d3bc796798a3a81b","name":"P\u00e1gina 10","description":"P\u00e1gina 10 es un peri\u00f3dico regional que nace en Colombia, en el departamento de Nari\u00f1o, con un enfoque global, fundamentado en cuatro pilares esenciales: la libertad, el pluralismo, la inclusi\u00f3n y la independencia. P\u00e1gina 10 hace referencia a Nari\u00f1o como el d\u00e9cimo departamento creado en Colombia, despu\u00e9s de un proceso pol\u00edtico liderado por actores y actrices regionales con el fin de obtener la independencia y autonom\u00eda de nuestros territorios. Con la creaci\u00f3n de P\u00e1gina 10 se pretende abrir un escenario para el dialogo, la reflexi\u00f3n y el debate que se extienda a otras geograf\u00edas de Am\u00e9rica Latina y del planeta, en una apuesta por transformar colectivamente los desaf\u00edos de un mundo contempor\u00e1neo, m\u00e1s all\u00e1 de las fronteras impuestas.","url":"https:\/\/pagina10.com\/web\/author\/pdiezadmin\/"}]}},"_links":{"self":[{"href":"https:\/\/pagina10.com\/web\/wp-json\/wp\/v2\/posts\/60788","targetHints":{"allow":["GET"]}}],"collection":[{"href":"https:\/\/pagina10.com\/web\/wp-json\/wp\/v2\/posts"}],"about":[{"href":"https:\/\/pagina10.com\/web\/wp-json\/wp\/v2\/types\/post"}],"author":[{"embeddable":true,"href":"https:\/\/pagina10.com\/web\/wp-json\/wp\/v2\/users\/1"}],"replies":[{"embeddable":true,"href":"https:\/\/pagina10.com\/web\/wp-json\/wp\/v2\/comments?post=60788"}],"version-history":[{"count":1,"href":"https:\/\/pagina10.com\/web\/wp-json\/wp\/v2\/posts\/60788\/revisions"}],"predecessor-version":[{"id":60790,"href":"https:\/\/pagina10.com\/web\/wp-json\/wp\/v2\/posts\/60788\/revisions\/60790"}],"wp:featuredmedia":[{"embeddable":true,"href":"https:\/\/pagina10.com\/web\/wp-json\/wp\/v2\/media\/60789"}],"wp:attachment":[{"href":"https:\/\/pagina10.com\/web\/wp-json\/wp\/v2\/media?parent=60788"}],"wp:term":[{"taxonomy":"category","embeddable":true,"href":"https:\/\/pagina10.com\/web\/wp-json\/wp\/v2\/categories?post=60788"},{"taxonomy":"post_tag","embeddable":true,"href":"https:\/\/pagina10.com\/web\/wp-json\/wp\/v2\/tags?post=60788"}],"curies":[{"name":"wp","href":"https:\/\/api.w.org\/{rel}","templated":true}]}}