{"id":60797,"date":"2022-08-02T19:59:31","date_gmt":"2022-08-03T00:59:31","guid":{"rendered":"https:\/\/pagina10.com\/web\/?p=60797"},"modified":"2022-08-02T19:59:31","modified_gmt":"2022-08-03T00:59:31","slug":"feminicidio-consterna-a-narino-hombre-le-prendio-fuego-a-su-novia","status":"publish","type":"post","link":"https:\/\/pagina10.com\/web\/feminicidio-consterna-a-narino-hombre-le-prendio-fuego-a-su-novia\/","title":{"rendered":"Feminicidio consterna a Nari\u00f1o, hombre le prendi\u00f3 fuego a su novia"},"content":{"rendered":"<p style=\"text-align: justify;\">El hecho que tiene consternados a todo el departamento de Nari\u00f1o ocurri\u00f3 la noche del domingo 31 de julio en el municipio de Olaya Herrera, en la costa pac\u00edfica. En esa localidad la pareja sentimental de la v\u00edctima identificada como Yuliana Estacio Cortez de 22 a\u00f1os, le roci\u00f3 gasolina y le prendi\u00f3 fuego.<\/p>\n<p style=\"text-align: justify;\">Producto del ataque la joven sufri\u00f3 graves quemaduras en todo su cuerpo por lo que tuvo que ser trasladada al Hospital Departamental de Pasto. All\u00ed permaneci\u00f3 recibiendo asistencia medica hasta que hoy se confirm\u00f3 su deceso producto de las lesiones.<\/p>\n<p style=\"text-align: justify;\">El hecho caus\u00f3 todo tipo de rechazo en la poblaci\u00f3n nari\u00f1ense. Precisamente, la Alcald\u00eda de Tumaco emiti\u00f3 un comunicado pidiendo a las autoridades competentes individualizar y capturar a los responsables de este feminicidio. \u201cLamentamos este hecho y deploramos toda acci\u00f3n violenta contra las mujeres y ciudadan\u00eda en nuestro territorio\u201d, expresaron.<\/p>\n","protected":false},"excerpt":{"rendered":"<p>El hecho que tiene consternados a todo el departamento de Nari\u00f1o ocurri\u00f3 la noche del domingo 31 de julio en el municipio de Olaya Herrera, en la costa pac\u00edfica. En esa localidad la pareja sentimental de la v\u00edctima identificada como Yuliana Estacio Cortez de 22 a\u00f1os, le roci\u00f3 gasolina y le prendi\u00f3 fuego. Producto del [&hellip;]<\/p>\n","protected":false},"author":1,"featured_media":60798,"comment_status":"open","ping_status":"open","sticky":false,"template":"","format":"standard","meta":{"footnotes":""},"categories":[61],"tags":[],"class_list":["post-60797","post","type-post","status-publish","format-standard","has-post-thumbnail","hentry","category-judicial"],"yoast_head":"<!-- This site is optimized with the Yoast SEO plugin v27.1.1 - https:\/\/yoast.com\/product\/yoast-seo-wordpress\/ -->\n<title>Feminicidio consterna a Nari\u00f1o, hombre le prendi\u00f3 fuego a su novia | P\u00e1gina10<\/title>\n<meta name=\"robots\" content=\"index, follow, max-snippet:-1, max-image-preview:large, max-video-preview:-1\" \/>\n<link rel=\"canonical\" href=\"https:\/\/pagina10.com\/web\/feminicidio-consterna-a-narino-hombre-le-prendio-fuego-a-su-novia\/\" \/>\n<meta property=\"og:locale\" content=\"es_ES\" \/>\n<meta property=\"og:type\" content=\"article\" \/>\n<meta property=\"og:title\" content=\"Feminicidio consterna a Nari\u00f1o, hombre le prendi\u00f3 fuego a su novia | P\u00e1gina10\" \/>\n<meta property=\"og:description\" content=\"El hecho que tiene consternados a todo el departamento de Nari\u00f1o ocurri\u00f3 la noche del domingo 31 de julio en el municipio de Olaya Herrera, en la costa pac\u00edfica. En esa localidad la pareja sentimental de la v\u00edctima identificada como Yuliana Estacio Cortez de 22 a\u00f1os, le roci\u00f3 gasolina y le prendi\u00f3 fuego. Producto del [&hellip;]\" \/>\n<meta property=\"og:url\" content=\"https:\/\/pagina10.com\/web\/feminicidio-consterna-a-narino-hombre-le-prendio-fuego-a-su-novia\/\" \/>\n<meta property=\"og:site_name\" content=\"P\u00e1gina10\" \/>\n<meta property=\"article:publisher\" content=\"https:\/\/www.facebook.com\/pag10com\" \/>\n<meta property=\"article:published_time\" content=\"2022-08-03T00:59:31+00:00\" \/>\n<meta property=\"og:image\" content=\"https:\/\/pagina10.com\/web\/wp-content\/uploads\/2022\/08\/296388657_476725244458988_5266097615005869649_n-e1659488360715.jpg\" \/>\n\t<meta property=\"og:image:width\" content=\"499\" \/>\n\t<meta property=\"og:image:height\" content=\"271\" \/>\n\t<meta property=\"og:image:type\" content=\"image\/jpeg\" \/>\n<meta name=\"author\" content=\"P\u00e1gina 10\" \/>\n<meta name=\"twitter:card\" content=\"summary_large_image\" \/>\n<meta name=\"twitter:creator\" content=\"@Pag10com\" \/>\n<meta name=\"twitter:site\" content=\"@Pag10com\" \/>\n<meta name=\"twitter:label1\" content=\"Escrito por\" \/>\n\t<meta name=\"twitter:data1\" content=\"P\u00e1gina 10\" \/>\n\t<meta name=\"twitter:label2\" content=\"Tiempo de lectura\" \/>\n\t<meta name=\"twitter:data2\" content=\"1 minuto\" \/>\n<script type=\"application\/ld+json\" class=\"yoast-schema-graph\">{\"@context\":\"https:\/\/schema.org\",\"@graph\":[{\"@type\":\"Article\",\"@id\":\"https:\/\/pagina10.com\/web\/feminicidio-consterna-a-narino-hombre-le-prendio-fuego-a-su-novia\/#article\",\"isPartOf\":{\"@id\":\"https:\/\/pagina10.com\/web\/feminicidio-consterna-a-narino-hombre-le-prendio-fuego-a-su-novia\/\"},\"author\":{\"name\":\"P\u00e1gina 10\",\"@id\":\"https:\/\/pagina10.com\/web\/#\/schema\/person\/2efc4a090d25b667d3bc796798a3a81b\"},\"headline\":\"Feminicidio consterna a Nari\u00f1o, hombre le prendi\u00f3 fuego a su novia\",\"datePublished\":\"2022-08-03T00:59:31+00:00\",\"mainEntityOfPage\":{\"@id\":\"https:\/\/pagina10.com\/web\/feminicidio-consterna-a-narino-hombre-le-prendio-fuego-a-su-novia\/\"},\"wordCount\":162,\"commentCount\":0,\"publisher\":{\"@id\":\"https:\/\/pagina10.com\/web\/#organization\"},\"image\":{\"@id\":\"https:\/\/pagina10.com\/web\/feminicidio-consterna-a-narino-hombre-le-prendio-fuego-a-su-novia\/#primaryimage\"},\"thumbnailUrl\":\"https:\/\/pagina10.com\/web\/wp-content\/uploads\/2022\/08\/296388657_476725244458988_5266097615005869649_n-e1659488360715.jpg\",\"articleSection\":[\"Judicial\"],\"inLanguage\":\"es\",\"potentialAction\":[{\"@type\":\"CommentAction\",\"name\":\"Comment\",\"target\":[\"https:\/\/pagina10.com\/web\/feminicidio-consterna-a-narino-hombre-le-prendio-fuego-a-su-novia\/#respond\"]}]},{\"@type\":\"WebPage\",\"@id\":\"https:\/\/pagina10.com\/web\/feminicidio-consterna-a-narino-hombre-le-prendio-fuego-a-su-novia\/\",\"url\":\"https:\/\/pagina10.com\/web\/feminicidio-consterna-a-narino-hombre-le-prendio-fuego-a-su-novia\/\",\"name\":\"Feminicidio consterna a Nari\u00f1o, hombre le prendi\u00f3 fuego a su novia | P\u00e1gina10\",\"isPartOf\":{\"@id\":\"https:\/\/pagina10.com\/web\/#website\"},\"primaryImageOfPage\":{\"@id\":\"https:\/\/pagina10.com\/web\/feminicidio-consterna-a-narino-hombre-le-prendio-fuego-a-su-novia\/#primaryimage\"},\"image\":{\"@id\":\"https:\/\/pagina10.com\/web\/feminicidio-consterna-a-narino-hombre-le-prendio-fuego-a-su-novia\/#primaryimage\"},\"thumbnailUrl\":\"https:\/\/pagina10.com\/web\/wp-content\/uploads\/2022\/08\/296388657_476725244458988_5266097615005869649_n-e1659488360715.jpg\",\"datePublished\":\"2022-08-03T00:59:31+00:00\",\"breadcrumb\":{\"@id\":\"https:\/\/pagina10.com\/web\/feminicidio-consterna-a-narino-hombre-le-prendio-fuego-a-su-novia\/#breadcrumb\"},\"inLanguage\":\"es\",\"potentialAction\":[{\"@type\":\"ReadAction\",\"target\":[\"https:\/\/pagina10.com\/web\/feminicidio-consterna-a-narino-hombre-le-prendio-fuego-a-su-novia\/\"]}]},{\"@type\":\"ImageObject\",\"inLanguage\":\"es\",\"@id\":\"https:\/\/pagina10.com\/web\/feminicidio-consterna-a-narino-hombre-le-prendio-fuego-a-su-novia\/#primaryimage\",\"url\":\"https:\/\/pagina10.com\/web\/wp-content\/uploads\/2022\/08\/296388657_476725244458988_5266097615005869649_n-e1659488360715.jpg\",\"contentUrl\":\"https:\/\/pagina10.com\/web\/wp-content\/uploads\/2022\/08\/296388657_476725244458988_5266097615005869649_n-e1659488360715.jpg\",\"width\":499,\"height\":271},{\"@type\":\"BreadcrumbList\",\"@id\":\"https:\/\/pagina10.com\/web\/feminicidio-consterna-a-narino-hombre-le-prendio-fuego-a-su-novia\/#breadcrumb\",\"itemListElement\":[{\"@type\":\"ListItem\",\"position\":1,\"name\":\"Portada\",\"item\":\"https:\/\/pagina10.com\/web\/\"},{\"@type\":\"ListItem\",\"position\":2,\"name\":\"Feminicidio consterna a Nari\u00f1o, hombre le prendi\u00f3 fuego a su novia\"}]},{\"@type\":\"WebSite\",\"@id\":\"https:\/\/pagina10.com\/web\/#website\",\"url\":\"https:\/\/pagina10.com\/web\/\",\"name\":\"P\u00e1gina10\",\"description\":\"Peri\u00f3dico Regional\",\"publisher\":{\"@id\":\"https:\/\/pagina10.com\/web\/#organization\"},\"alternateName\":\"P\u00e1gina10 Peri\u00f3dico Regional\",\"potentialAction\":[{\"@type\":\"SearchAction\",\"target\":{\"@type\":\"EntryPoint\",\"urlTemplate\":\"https:\/\/pagina10.com\/web\/?s={search_term_string}\"},\"query-input\":{\"@type\":\"PropertyValueSpecification\",\"valueRequired\":true,\"valueName\":\"search_term_string\"}}],\"inLanguage\":\"es\"},{\"@type\":\"Organization\",\"@id\":\"https:\/\/pagina10.com\/web\/#organization\",\"name\":\"P\u00e1gina10\",\"alternateName\":\"P\u00e1gina10 Peri\u00f3dico Regional\",\"url\":\"https:\/\/pagina10.com\/web\/\",\"logo\":{\"@type\":\"ImageObject\",\"inLanguage\":\"es\",\"@id\":\"https:\/\/pagina10.com\/web\/#\/schema\/logo\/image\/\",\"url\":\"https:\/\/pagina10.com\/web\/wp-content\/uploads\/2024\/01\/40-pagina-10-periodico-regional-pasto.jpg\",\"contentUrl\":\"https:\/\/pagina10.com\/web\/wp-content\/uploads\/2024\/01\/40-pagina-10-periodico-regional-pasto.jpg\",\"width\":1280,\"height\":720,\"caption\":\"P\u00e1gina10\"},\"image\":{\"@id\":\"https:\/\/pagina10.com\/web\/#\/schema\/logo\/image\/\"},\"sameAs\":[\"https:\/\/www.facebook.com\/pag10com\",\"https:\/\/x.com\/Pag10com\",\"https:\/\/www.instagram.com\/pagina10col\/\",\"https:\/\/youtube.com\/channel\/pag10\",\"https:\/\/www.tiktok.com\/@p10col\"]},{\"@type\":\"Person\",\"@id\":\"https:\/\/pagina10.com\/web\/#\/schema\/person\/2efc4a090d25b667d3bc796798a3a81b\",\"name\":\"P\u00e1gina 10\",\"description\":\"P\u00e1gina 10 es un peri\u00f3dico regional que nace en Colombia, en el departamento de Nari\u00f1o, con un enfoque global, fundamentado en cuatro pilares esenciales: la libertad, el pluralismo, la inclusi\u00f3n y la independencia. P\u00e1gina 10 hace referencia a Nari\u00f1o como el d\u00e9cimo departamento creado en Colombia, despu\u00e9s de un proceso pol\u00edtico liderado por actores y actrices regionales con el fin de obtener la independencia y autonom\u00eda de nuestros territorios. Con la creaci\u00f3n de P\u00e1gina 10 se pretende abrir un escenario para el dialogo, la reflexi\u00f3n y el debate que se extienda a otras geograf\u00edas de Am\u00e9rica Latina y del planeta, en una apuesta por transformar colectivamente los desaf\u00edos de un mundo contempor\u00e1neo, m\u00e1s all\u00e1 de las fronteras impuestas.\",\"url\":\"https:\/\/pagina10.com\/web\/author\/pdiezadmin\/\"}]}<\/script>\n<!-- \/ Yoast SEO plugin. -->","yoast_head_json":{"title":"Feminicidio consterna a Nari\u00f1o, hombre le prendi\u00f3 fuego a su novia | P\u00e1gina10","robots":{"index":"index","follow":"follow","max-snippet":"max-snippet:-1","max-image-preview":"max-image-preview:large","max-video-preview":"max-video-preview:-1"},"canonical":"https:\/\/pagina10.com\/web\/feminicidio-consterna-a-narino-hombre-le-prendio-fuego-a-su-novia\/","og_locale":"es_ES","og_type":"article","og_title":"Feminicidio consterna a Nari\u00f1o, hombre le prendi\u00f3 fuego a su novia | P\u00e1gina10","og_description":"El hecho que tiene consternados a todo el departamento de Nari\u00f1o ocurri\u00f3 la noche del domingo 31 de julio en el municipio de Olaya Herrera, en la costa pac\u00edfica. En esa localidad la pareja sentimental de la v\u00edctima identificada como Yuliana Estacio Cortez de 22 a\u00f1os, le roci\u00f3 gasolina y le prendi\u00f3 fuego. Producto del [&hellip;]","og_url":"https:\/\/pagina10.com\/web\/feminicidio-consterna-a-narino-hombre-le-prendio-fuego-a-su-novia\/","og_site_name":"P\u00e1gina10","article_publisher":"https:\/\/www.facebook.com\/pag10com","article_published_time":"2022-08-03T00:59:31+00:00","og_image":[{"width":499,"height":271,"url":"https:\/\/pagina10.com\/web\/wp-content\/uploads\/2022\/08\/296388657_476725244458988_5266097615005869649_n-e1659488360715.jpg","type":"image\/jpeg"}],"author":"P\u00e1gina 10","twitter_card":"summary_large_image","twitter_creator":"@Pag10com","twitter_site":"@Pag10com","twitter_misc":{"Escrito por":"P\u00e1gina 10","Tiempo de lectura":"1 minuto"},"schema":{"@context":"https:\/\/schema.org","@graph":[{"@type":"Article","@id":"https:\/\/pagina10.com\/web\/feminicidio-consterna-a-narino-hombre-le-prendio-fuego-a-su-novia\/#article","isPartOf":{"@id":"https:\/\/pagina10.com\/web\/feminicidio-consterna-a-narino-hombre-le-prendio-fuego-a-su-novia\/"},"author":{"name":"P\u00e1gina 10","@id":"https:\/\/pagina10.com\/web\/#\/schema\/person\/2efc4a090d25b667d3bc796798a3a81b"},"headline":"Feminicidio consterna a Nari\u00f1o, hombre le prendi\u00f3 fuego a su novia","datePublished":"2022-08-03T00:59:31+00:00","mainEntityOfPage":{"@id":"https:\/\/pagina10.com\/web\/feminicidio-consterna-a-narino-hombre-le-prendio-fuego-a-su-novia\/"},"wordCount":162,"commentCount":0,"publisher":{"@id":"https:\/\/pagina10.com\/web\/#organization"},"image":{"@id":"https:\/\/pagina10.com\/web\/feminicidio-consterna-a-narino-hombre-le-prendio-fuego-a-su-novia\/#primaryimage"},"thumbnailUrl":"https:\/\/pagina10.com\/web\/wp-content\/uploads\/2022\/08\/296388657_476725244458988_5266097615005869649_n-e1659488360715.jpg","articleSection":["Judicial"],"inLanguage":"es","potentialAction":[{"@type":"CommentAction","name":"Comment","target":["https:\/\/pagina10.com\/web\/feminicidio-consterna-a-narino-hombre-le-prendio-fuego-a-su-novia\/#respond"]}]},{"@type":"WebPage","@id":"https:\/\/pagina10.com\/web\/feminicidio-consterna-a-narino-hombre-le-prendio-fuego-a-su-novia\/","url":"https:\/\/pagina10.com\/web\/feminicidio-consterna-a-narino-hombre-le-prendio-fuego-a-su-novia\/","name":"Feminicidio consterna a Nari\u00f1o, hombre le prendi\u00f3 fuego a su novia | P\u00e1gina10","isPartOf":{"@id":"https:\/\/pagina10.com\/web\/#website"},"primaryImageOfPage":{"@id":"https:\/\/pagina10.com\/web\/feminicidio-consterna-a-narino-hombre-le-prendio-fuego-a-su-novia\/#primaryimage"},"image":{"@id":"https:\/\/pagina10.com\/web\/feminicidio-consterna-a-narino-hombre-le-prendio-fuego-a-su-novia\/#primaryimage"},"thumbnailUrl":"https:\/\/pagina10.com\/web\/wp-content\/uploads\/2022\/08\/296388657_476725244458988_5266097615005869649_n-e1659488360715.jpg","datePublished":"2022-08-03T00:59:31+00:00","breadcrumb":{"@id":"https:\/\/pagina10.com\/web\/feminicidio-consterna-a-narino-hombre-le-prendio-fuego-a-su-novia\/#breadcrumb"},"inLanguage":"es","potentialAction":[{"@type":"ReadAction","target":["https:\/\/pagina10.com\/web\/feminicidio-consterna-a-narino-hombre-le-prendio-fuego-a-su-novia\/"]}]},{"@type":"ImageObject","inLanguage":"es","@id":"https:\/\/pagina10.com\/web\/feminicidio-consterna-a-narino-hombre-le-prendio-fuego-a-su-novia\/#primaryimage","url":"https:\/\/pagina10.com\/web\/wp-content\/uploads\/2022\/08\/296388657_476725244458988_5266097615005869649_n-e1659488360715.jpg","contentUrl":"https:\/\/pagina10.com\/web\/wp-content\/uploads\/2022\/08\/296388657_476725244458988_5266097615005869649_n-e1659488360715.jpg","width":499,"height":271},{"@type":"BreadcrumbList","@id":"https:\/\/pagina10.com\/web\/feminicidio-consterna-a-narino-hombre-le-prendio-fuego-a-su-novia\/#breadcrumb","itemListElement":[{"@type":"ListItem","position":1,"name":"Portada","item":"https:\/\/pagina10.com\/web\/"},{"@type":"ListItem","position":2,"name":"Feminicidio consterna a Nari\u00f1o, hombre le prendi\u00f3 fuego a su novia"}]},{"@type":"WebSite","@id":"https:\/\/pagina10.com\/web\/#website","url":"https:\/\/pagina10.com\/web\/","name":"P\u00e1gina10","description":"Peri\u00f3dico Regional","publisher":{"@id":"https:\/\/pagina10.com\/web\/#organization"},"alternateName":"P\u00e1gina10 Peri\u00f3dico Regional","potentialAction":[{"@type":"SearchAction","target":{"@type":"EntryPoint","urlTemplate":"https:\/\/pagina10.com\/web\/?s={search_term_string}"},"query-input":{"@type":"PropertyValueSpecification","valueRequired":true,"valueName":"search_term_string"}}],"inLanguage":"es"},{"@type":"Organization","@id":"https:\/\/pagina10.com\/web\/#organization","name":"P\u00e1gina10","alternateName":"P\u00e1gina10 Peri\u00f3dico Regional","url":"https:\/\/pagina10.com\/web\/","logo":{"@type":"ImageObject","inLanguage":"es","@id":"https:\/\/pagina10.com\/web\/#\/schema\/logo\/image\/","url":"https:\/\/pagina10.com\/web\/wp-content\/uploads\/2024\/01\/40-pagina-10-periodico-regional-pasto.jpg","contentUrl":"https:\/\/pagina10.com\/web\/wp-content\/uploads\/2024\/01\/40-pagina-10-periodico-regional-pasto.jpg","width":1280,"height":720,"caption":"P\u00e1gina10"},"image":{"@id":"https:\/\/pagina10.com\/web\/#\/schema\/logo\/image\/"},"sameAs":["https:\/\/www.facebook.com\/pag10com","https:\/\/x.com\/Pag10com","https:\/\/www.instagram.com\/pagina10col\/","https:\/\/youtube.com\/channel\/pag10","https:\/\/www.tiktok.com\/@p10col"]},{"@type":"Person","@id":"https:\/\/pagina10.com\/web\/#\/schema\/person\/2efc4a090d25b667d3bc796798a3a81b","name":"P\u00e1gina 10","description":"P\u00e1gina 10 es un peri\u00f3dico regional que nace en Colombia, en el departamento de Nari\u00f1o, con un enfoque global, fundamentado en cuatro pilares esenciales: la libertad, el pluralismo, la inclusi\u00f3n y la independencia. P\u00e1gina 10 hace referencia a Nari\u00f1o como el d\u00e9cimo departamento creado en Colombia, despu\u00e9s de un proceso pol\u00edtico liderado por actores y actrices regionales con el fin de obtener la independencia y autonom\u00eda de nuestros territorios. Con la creaci\u00f3n de P\u00e1gina 10 se pretende abrir un escenario para el dialogo, la reflexi\u00f3n y el debate que se extienda a otras geograf\u00edas de Am\u00e9rica Latina y del planeta, en una apuesta por transformar colectivamente los desaf\u00edos de un mundo contempor\u00e1neo, m\u00e1s all\u00e1 de las fronteras impuestas.","url":"https:\/\/pagina10.com\/web\/author\/pdiezadmin\/"}]}},"_links":{"self":[{"href":"https:\/\/pagina10.com\/web\/wp-json\/wp\/v2\/posts\/60797","targetHints":{"allow":["GET"]}}],"collection":[{"href":"https:\/\/pagina10.com\/web\/wp-json\/wp\/v2\/posts"}],"about":[{"href":"https:\/\/pagina10.com\/web\/wp-json\/wp\/v2\/types\/post"}],"author":[{"embeddable":true,"href":"https:\/\/pagina10.com\/web\/wp-json\/wp\/v2\/users\/1"}],"replies":[{"embeddable":true,"href":"https:\/\/pagina10.com\/web\/wp-json\/wp\/v2\/comments?post=60797"}],"version-history":[{"count":1,"href":"https:\/\/pagina10.com\/web\/wp-json\/wp\/v2\/posts\/60797\/revisions"}],"predecessor-version":[{"id":60799,"href":"https:\/\/pagina10.com\/web\/wp-json\/wp\/v2\/posts\/60797\/revisions\/60799"}],"wp:featuredmedia":[{"embeddable":true,"href":"https:\/\/pagina10.com\/web\/wp-json\/wp\/v2\/media\/60798"}],"wp:attachment":[{"href":"https:\/\/pagina10.com\/web\/wp-json\/wp\/v2\/media?parent=60797"}],"wp:term":[{"taxonomy":"category","embeddable":true,"href":"https:\/\/pagina10.com\/web\/wp-json\/wp\/v2\/categories?post=60797"},{"taxonomy":"post_tag","embeddable":true,"href":"https:\/\/pagina10.com\/web\/wp-json\/wp\/v2\/tags?post=60797"}],"curies":[{"name":"wp","href":"https:\/\/api.w.org\/{rel}","templated":true}]}}